{"id":3471,"date":"2023-12-06T21:00:20","date_gmt":"2023-12-07T01:00:20","guid":{"rendered":"https:\/\/www.manaus.am.gov.br\/implurb\/prefeito-alerta-para-prejuizos-com-danos-e-roubos-em-estrutura-natalina-na-ponta-negra\/"},"modified":"2024-01-16T10:54:12","modified_gmt":"2024-01-16T14:54:12","slug":"prefeito-alerta-para-prejuizos-com-danos-e-roubos-em-estrutura-natalina-na-ponta-negra","status":"publish","type":"post","link":"https:\/\/www.manaus.am.gov.br\/implurb\/prefeito-alerta-para-prejuizos-com-danos-e-roubos-em-estrutura-natalina-na-ponta-negra\/","title":{"rendered":"Prefeito alerta para preju\u00edzos com danos e roubos em estrutura natalina na Ponta Negra"},"content":{"rendered":"\n<p>A Prefeitura de Manaus, por meio do Fundo Manaus Solid\u00e1ria (FMS), informa que a partir desta quarta-feira, 6\/12, o t\u00fanel, de 80 metros, com mil fitas de LED, que equivalem a tr\u00eas mil canais de luzes e 60 mil pixels, situado no complexo tur\u00edstico da Ponta Negra, zona Oeste, ter\u00e1 que passar por uma reestrutura\u00e7\u00e3o, ap\u00f3s sofrer ataques de vandalismo e furto de cabos de energia el\u00e9trica e das lumin\u00e1rias de LED. O trabalho dever\u00e1 se estender pelos pr\u00f3ximos dias.<\/p>\n\n\n\n<p>Presente no local para verificar as instala\u00e7\u00f5es, o prefeito David Almeida fez um alerta sobre o preju\u00edzo com vandalismo e roubo dos cabos, e destacou que os servi\u00e7os de reestrutura\u00e7\u00e3o ocorrer\u00e3o de forma c\u00e9lere.<\/p>\n\n\n\n<p>\u201cInfelizmente o primeiro t\u00fanel da entrada aqui da Ponta Negra sofreu v\u00e1rios ataques de vandalismo, pessoas cortaram os cabos e os levaram, danificaram as luzes, os leds e n\u00f3s vamos ter que refazer todo o t\u00fanel. Eu acredito que hoje e amanh\u00e3 n\u00f3s n\u00e3o teremos o t\u00fanel aceso, mas na sexta-feira a gente j\u00e1 retorna com essa atra\u00e7\u00e3o\u201d, disse o prefeito.<\/p>\n\n\n\n<p>Depois dos reparos e reposi\u00e7\u00e3o dos cabos, a&nbsp;energia do t\u00fanel ser\u00e1 religada. A estrutura faz parte da ornamenta\u00e7\u00e3o natalina do programa \u201cNatal das \u00c1guas \u2013 Esperan\u00e7a que se renova\u201d, que est\u00e1 por todo o complexo tur\u00edstico da Ponta Negra. O chefe do executivo municipal tamb\u00e9m fez um apelo \u00e0 popula\u00e7\u00e3o para que n\u00e3o danifique as estruturas.<\/p>\n\n\n\n<p>\u201cPe\u00e7o \u00e0s pessoas que quando vierem visitar, que se atenham a somente tirar fotos, contemplar, sem pegar nas fitas porque podem danificar. Infelizmente tamb\u00e9m tivemos furtos de cabos, que ocasionou um curto-circuito e perdemos todo o t\u00fanel e agora teremos que refazer. At\u00e9 sexta-feira devolveremos a estrutura para a popula\u00e7\u00e3o\u201d, afirmou.<\/p>\n\n\n\n<h2 class=\"wp-block-heading\">Alerta<\/h2>\n\n\n\n<p>A popula\u00e7\u00e3o pode ajudar, denunciando sobre a movimenta\u00e7\u00e3o de pessoas suspeitas, \u00e0 Guarda Municipal, no 153, e ainda \u00e0 Pol\u00edcia Militar, para a 19\u00aa Companhia Interativa Comunit\u00e1ria (Cicom), que atende a \u00e1rea. A Ciclopatrulha tamb\u00e9m funciona no parque para o combate a atos de vandalismo e crimes. O contato \u00e9 o 98842-2586.&nbsp;<\/p>\n\n\n\n<p>O C\u00f3digo Penal Brasileiro (CPB) prev\u00ea pris\u00e3o de 1 a 4 anos e multa em caso de condena\u00e7\u00e3o por furto ou por recepta\u00e7\u00e3o de material roubado.<\/p>\n\n\n\n<p>&#8212; &#8212; &#8212;<\/p>\n\n\n\n<p><strong>Texto<\/strong> &#8211; Beathriz Torres \/ Semcom, Divulga\u00e7\u00e3o\/ FMS e Cl\u00e1udia do Valle\/ Implurb<\/p>\n\n\n\n<p><strong>Fotos<\/strong> \u2013 Ruan Souza \/ Semcom<\/p>\n","protected":false},"excerpt":{"rendered":"","protected":false},"author":57,"featured_media":3472,"comment_status":"closed","ping_status":"closed","sticky":false,"template":"","format":"standard","meta":{"footnotes":""},"categories":[985],"tags":[31,986,987,988,989,990],"acf":[],"yoast_head":"<!-- This site is optimized with the Yoast SEO plugin v23.0 - https:\/\/yoast.com\/wordpress\/plugins\/seo\/ -->\n<title>Prefeito alerta para danos e roubos em estrutura na Ponta Negra<\/title>\n<meta name=\"description\" content=\"Uma das principais estruturas natalinas da Ponta Negra ter\u00e1 que passar por reparos por causa de atos de vandalismo.\" \/>\n<meta name=\"robots\" content=\"noindex, follow\" \/>\n<meta property=\"og:locale\" content=\"pt_BR\" \/>\n<meta property=\"og:type\" content=\"article\" \/>\n<meta property=\"og:title\" content=\"Prefeito alerta para danos e roubos em estrutura na Ponta Negra\" \/>\n<meta property=\"og:description\" content=\"Uma das principais estruturas natalinas da Ponta Negra ter\u00e1 que passar por reparos por causa de atos de vandalismo.\" \/>\n<meta property=\"og:url\" content=\"https:\/\/www.manaus.am.gov.br\/implurb\/prefeito-alerta-para-prejuizos-com-danos-e-roubos-em-estrutura-natalina-na-ponta-negra\/\" \/>\n<meta property=\"og:site_name\" content=\"IMPLURB\" \/>\n<meta property=\"article:published_time\" content=\"2023-12-07T01:00:20+00:00\" \/>\n<meta property=\"article:modified_time\" content=\"2024-01-16T14:54:12+00:00\" \/>\n<meta property=\"og:image\" content=\"https:\/\/www.manaus.am.gov.br\/implurb\/wp-content\/uploads\/sites\/13\/2024\/01\/Tunel-da-Ponta-Negra.jpeg\" \/>\n\t<meta property=\"og:image:width\" content=\"1600\" \/>\n\t<meta property=\"og:image:height\" content=\"1066\" \/>\n\t<meta property=\"og:image:type\" content=\"image\/jpeg\" \/>\n<meta name=\"author\" content=\"Thiago Fernando\" \/>\n<meta name=\"twitter:card\" content=\"summary_large_image\" \/>\n<meta name=\"twitter:label1\" content=\"Written by\" \/>\n\t<meta name=\"twitter:data1\" content=\"Thiago Fernando\" \/>\n\t<meta name=\"twitter:label2\" content=\"Est. reading time\" \/>\n\t<meta name=\"twitter:data2\" content=\"3 minutos\" \/>\n<script type=\"application\/ld+json\" class=\"yoast-schema-graph\">{\"@context\":\"https:\/\/schema.org\",\"@graph\":[{\"@type\":\"WebPage\",\"@id\":\"https:\/\/www.manaus.am.gov.br\/implurb\/prefeito-alerta-para-prejuizos-com-danos-e-roubos-em-estrutura-natalina-na-ponta-negra\/\",\"url\":\"https:\/\/www.manaus.am.gov.br\/implurb\/prefeito-alerta-para-prejuizos-com-danos-e-roubos-em-estrutura-natalina-na-ponta-negra\/\",\"name\":\"Prefeito alerta para danos e roubos em estrutura na Ponta Negra\",\"isPartOf\":{\"@id\":\"https:\/\/www.manaus.am.gov.br\/implurb\/#website\"},\"primaryImageOfPage\":{\"@id\":\"https:\/\/www.manaus.am.gov.br\/implurb\/prefeito-alerta-para-prejuizos-com-danos-e-roubos-em-estrutura-natalina-na-ponta-negra\/#primaryimage\"},\"image\":{\"@id\":\"https:\/\/www.manaus.am.gov.br\/implurb\/prefeito-alerta-para-prejuizos-com-danos-e-roubos-em-estrutura-natalina-na-ponta-negra\/#primaryimage\"},\"thumbnailUrl\":\"https:\/\/www.manaus.am.gov.br\/implurb\/wp-content\/uploads\/sites\/13\/2024\/01\/Tunel-da-Ponta-Negra.jpeg\",\"datePublished\":\"2023-12-07T01:00:20+00:00\",\"dateModified\":\"2024-01-16T14:54:12+00:00\",\"author\":{\"@id\":\"https:\/\/www.manaus.am.gov.br\/implurb\/#\/schema\/person\/a5ee5376db6e21af026374b369f30882\"},\"description\":\"Uma das principais estruturas natalinas da Ponta Negra ter\u00e1 que passar por reparos por causa de atos de vandalismo.\",\"breadcrumb\":{\"@id\":\"https:\/\/www.manaus.am.gov.br\/implurb\/prefeito-alerta-para-prejuizos-com-danos-e-roubos-em-estrutura-natalina-na-ponta-negra\/#breadcrumb\"},\"inLanguage\":\"pt-BR\",\"potentialAction\":[{\"@type\":\"ReadAction\",\"target\":[\"https:\/\/www.manaus.am.gov.br\/implurb\/prefeito-alerta-para-prejuizos-com-danos-e-roubos-em-estrutura-natalina-na-ponta-negra\/\"]}]},{\"@type\":\"ImageObject\",\"inLanguage\":\"pt-BR\",\"@id\":\"https:\/\/www.manaus.am.gov.br\/implurb\/prefeito-alerta-para-prejuizos-com-danos-e-roubos-em-estrutura-natalina-na-ponta-negra\/#primaryimage\",\"url\":\"https:\/\/www.manaus.am.gov.br\/implurb\/wp-content\/uploads\/sites\/13\/2024\/01\/Tunel-da-Ponta-Negra.jpeg\",\"contentUrl\":\"https:\/\/www.manaus.am.gov.br\/implurb\/wp-content\/uploads\/sites\/13\/2024\/01\/Tunel-da-Ponta-Negra.jpeg\",\"width\":1600,\"height\":1066,\"caption\":\"#paratodosverem - estrutura natalina na Ponta Negra sendo recuperada\"},{\"@type\":\"BreadcrumbList\",\"@id\":\"https:\/\/www.manaus.am.gov.br\/implurb\/prefeito-alerta-para-prejuizos-com-danos-e-roubos-em-estrutura-natalina-na-ponta-negra\/#breadcrumb\",\"itemListElement\":[{\"@type\":\"ListItem\",\"position\":1,\"name\":\"Home\",\"item\":\"https:\/\/www.manaus.am.gov.br\/implurb\/\"},{\"@type\":\"ListItem\",\"position\":2,\"name\":\"Prefeito alerta para preju\u00edzos com danos e roubos em estrutura natalina na Ponta Negra\"}]},{\"@type\":\"WebSite\",\"@id\":\"https:\/\/www.manaus.am.gov.br\/implurb\/#website\",\"url\":\"https:\/\/www.manaus.am.gov.br\/implurb\/\",\"name\":\"IMPLURB\",\"description\":\"Prefeitura de Manaus\",\"potentialAction\":[{\"@type\":\"SearchAction\",\"target\":{\"@type\":\"EntryPoint\",\"urlTemplate\":\"https:\/\/www.manaus.am.gov.br\/implurb\/?s={search_term_string}\"},\"query-input\":\"required name=search_term_string\"}],\"inLanguage\":\"pt-BR\"},{\"@type\":\"Person\",\"@id\":\"https:\/\/www.manaus.am.gov.br\/implurb\/#\/schema\/person\/a5ee5376db6e21af026374b369f30882\",\"name\":\"Thiago Fernando\",\"image\":{\"@type\":\"ImageObject\",\"inLanguage\":\"pt-BR\",\"@id\":\"https:\/\/www.manaus.am.gov.br\/implurb\/#\/schema\/person\/image\/\",\"url\":\"https:\/\/secure.gravatar.com\/avatar\/f5aab8722444041451501c077052ac07?s=96&d=mm&r=g\",\"contentUrl\":\"https:\/\/secure.gravatar.com\/avatar\/f5aab8722444041451501c077052ac07?s=96&d=mm&r=g\",\"caption\":\"Thiago Fernando\"}}]}<\/script>\n<!-- \/ Yoast SEO plugin. -->","yoast_head_json":{"title":"Prefeito alerta para danos e roubos em estrutura na Ponta Negra","description":"Uma das principais estruturas natalinas da Ponta Negra ter\u00e1 que passar por reparos por causa de atos de vandalismo.","robots":{"index":"noindex","follow":"follow"},"og_locale":"pt_BR","og_type":"article","og_title":"Prefeito alerta para danos e roubos em estrutura na Ponta Negra","og_description":"Uma das principais estruturas natalinas da Ponta Negra ter\u00e1 que passar por reparos por causa de atos de vandalismo.","og_url":"https:\/\/www.manaus.am.gov.br\/implurb\/prefeito-alerta-para-prejuizos-com-danos-e-roubos-em-estrutura-natalina-na-ponta-negra\/","og_site_name":"IMPLURB","article_published_time":"2023-12-07T01:00:20+00:00","article_modified_time":"2024-01-16T14:54:12+00:00","og_image":[{"width":1600,"height":1066,"url":"https:\/\/www.manaus.am.gov.br\/implurb\/wp-content\/uploads\/sites\/13\/2024\/01\/Tunel-da-Ponta-Negra.jpeg","type":"image\/jpeg"}],"author":"Thiago Fernando","twitter_card":"summary_large_image","twitter_misc":{"Written by":"Thiago Fernando","Est. reading time":"3 minutos"},"schema":{"@context":"https:\/\/schema.org","@graph":[{"@type":"WebPage","@id":"https:\/\/www.manaus.am.gov.br\/implurb\/prefeito-alerta-para-prejuizos-com-danos-e-roubos-em-estrutura-natalina-na-ponta-negra\/","url":"https:\/\/www.manaus.am.gov.br\/implurb\/prefeito-alerta-para-prejuizos-com-danos-e-roubos-em-estrutura-natalina-na-ponta-negra\/","name":"Prefeito alerta para danos e roubos em estrutura na Ponta Negra","isPartOf":{"@id":"https:\/\/www.manaus.am.gov.br\/implurb\/#website"},"primaryImageOfPage":{"@id":"https:\/\/www.manaus.am.gov.br\/implurb\/prefeito-alerta-para-prejuizos-com-danos-e-roubos-em-estrutura-natalina-na-ponta-negra\/#primaryimage"},"image":{"@id":"https:\/\/www.manaus.am.gov.br\/implurb\/prefeito-alerta-para-prejuizos-com-danos-e-roubos-em-estrutura-natalina-na-ponta-negra\/#primaryimage"},"thumbnailUrl":"https:\/\/www.manaus.am.gov.br\/implurb\/wp-content\/uploads\/sites\/13\/2024\/01\/Tunel-da-Ponta-Negra.jpeg","datePublished":"2023-12-07T01:00:20+00:00","dateModified":"2024-01-16T14:54:12+00:00","author":{"@id":"https:\/\/www.manaus.am.gov.br\/implurb\/#\/schema\/person\/a5ee5376db6e21af026374b369f30882"},"description":"Uma das principais estruturas natalinas da Ponta Negra ter\u00e1 que passar por reparos por causa de atos de vandalismo.","breadcrumb":{"@id":"https:\/\/www.manaus.am.gov.br\/implurb\/prefeito-alerta-para-prejuizos-com-danos-e-roubos-em-estrutura-natalina-na-ponta-negra\/#breadcrumb"},"inLanguage":"pt-BR","potentialAction":[{"@type":"ReadAction","target":["https:\/\/www.manaus.am.gov.br\/implurb\/prefeito-alerta-para-prejuizos-com-danos-e-roubos-em-estrutura-natalina-na-ponta-negra\/"]}]},{"@type":"ImageObject","inLanguage":"pt-BR","@id":"https:\/\/www.manaus.am.gov.br\/implurb\/prefeito-alerta-para-prejuizos-com-danos-e-roubos-em-estrutura-natalina-na-ponta-negra\/#primaryimage","url":"https:\/\/www.manaus.am.gov.br\/implurb\/wp-content\/uploads\/sites\/13\/2024\/01\/Tunel-da-Ponta-Negra.jpeg","contentUrl":"https:\/\/www.manaus.am.gov.br\/implurb\/wp-content\/uploads\/sites\/13\/2024\/01\/Tunel-da-Ponta-Negra.jpeg","width":1600,"height":1066,"caption":"#paratodosverem - estrutura natalina na Ponta Negra sendo recuperada"},{"@type":"BreadcrumbList","@id":"https:\/\/www.manaus.am.gov.br\/implurb\/prefeito-alerta-para-prejuizos-com-danos-e-roubos-em-estrutura-natalina-na-ponta-negra\/#breadcrumb","itemListElement":[{"@type":"ListItem","position":1,"name":"Home","item":"https:\/\/www.manaus.am.gov.br\/implurb\/"},{"@type":"ListItem","position":2,"name":"Prefeito alerta para preju\u00edzos com danos e roubos em estrutura natalina na Ponta Negra"}]},{"@type":"WebSite","@id":"https:\/\/www.manaus.am.gov.br\/implurb\/#website","url":"https:\/\/www.manaus.am.gov.br\/implurb\/","name":"IMPLURB","description":"Prefeitura de Manaus","potentialAction":[{"@type":"SearchAction","target":{"@type":"EntryPoint","urlTemplate":"https:\/\/www.manaus.am.gov.br\/implurb\/?s={search_term_string}"},"query-input":"required name=search_term_string"}],"inLanguage":"pt-BR"},{"@type":"Person","@id":"https:\/\/www.manaus.am.gov.br\/implurb\/#\/schema\/person\/a5ee5376db6e21af026374b369f30882","name":"Thiago Fernando","image":{"@type":"ImageObject","inLanguage":"pt-BR","@id":"https:\/\/www.manaus.am.gov.br\/implurb\/#\/schema\/person\/image\/","url":"https:\/\/secure.gravatar.com\/avatar\/f5aab8722444041451501c077052ac07?s=96&d=mm&r=g","contentUrl":"https:\/\/secure.gravatar.com\/avatar\/f5aab8722444041451501c077052ac07?s=96&d=mm&r=g","caption":"Thiago Fernando"}}]}},"_links":{"self":[{"href":"https:\/\/www.manaus.am.gov.br\/implurb\/wp-json\/wp\/v2\/posts\/3471"}],"collection":[{"href":"https:\/\/www.manaus.am.gov.br\/implurb\/wp-json\/wp\/v2\/posts"}],"about":[{"href":"https:\/\/www.manaus.am.gov.br\/implurb\/wp-json\/wp\/v2\/types\/post"}],"author":[{"embeddable":true,"href":"https:\/\/www.manaus.am.gov.br\/implurb\/wp-json\/wp\/v2\/users\/57"}],"replies":[{"embeddable":true,"href":"https:\/\/www.manaus.am.gov.br\/implurb\/wp-json\/wp\/v2\/comments?post=3471"}],"version-history":[{"count":0,"href":"https:\/\/www.manaus.am.gov.br\/implurb\/wp-json\/wp\/v2\/posts\/3471\/revisions"}],"wp:featuredmedia":[{"embeddable":true,"href":"https:\/\/www.manaus.am.gov.br\/implurb\/wp-json\/wp\/v2\/media\/3472"}],"wp:attachment":[{"href":"https:\/\/www.manaus.am.gov.br\/implurb\/wp-json\/wp\/v2\/media?parent=3471"}],"wp:term":[{"taxonomy":"category","embeddable":true,"href":"https:\/\/www.manaus.am.gov.br\/implurb\/wp-json\/wp\/v2\/categories?post=3471"},{"taxonomy":"post_tag","embeddable":true,"href":"https:\/\/www.manaus.am.gov.br\/implurb\/wp-json\/wp\/v2\/tags?post=3471"}],"curies":[{"name":"wp","href":"https:\/\/api.w.org\/{rel}","templated":true}]}}