{"id":3230,"date":"2023-12-11T13:01:14","date_gmt":"2023-12-11T17:01:14","guid":{"rendered":"https:\/\/www.manaus.am.gov.br\/implurb\/prefeito-vistoria-servicos-de-instalacao-e-montagens-executadas-em-obras-do-nosso-centro\/"},"modified":"2023-12-11T13:01:16","modified_gmt":"2023-12-11T17:01:16","slug":"prefeito-vistoria-servicos-de-instalacao-e-montagens-executadas-em-obras-do-nosso-centro","status":"publish","type":"post","link":"https:\/\/www.manaus.am.gov.br\/implurb\/prefeito-vistoria-servicos-de-instalacao-e-montagens-executadas-em-obras-do-nosso-centro\/","title":{"rendered":"Prefeito vistoria servi\u00e7os de instala\u00e7\u00e3o e montagens executadas em obras do \u2018Nosso Centro\u2019"},"content":{"rendered":"\n<p>O prefeito de Manaus, David Almeida, realizou, na manh\u00e3 desta segunda-feira, 11\/12, uma vistoria t\u00e9cnica no andamento das obras do mirante L\u00facia Almeida, localizado no centro da cidade, onde est\u00e3o sendo executadas as instala\u00e7\u00f5es de piso, esquadrias e montagens. A interven\u00e7\u00e3o, que com as obras do casar\u00e3o Thiago de Mello e largo de S\u00e3o Vicente, integra o programa \u201cNosso Centro\u201d, tem o projeto arquitet\u00f4nico do Instituto Municipal de Planejamento Urbano (Implurb).<\/p>\n\n\n\n<p>No local, o prefeito explicou que a entrega que estava prevista para o m\u00eas de dezembro, foi adiada para o pr\u00f3ximo ano devido a estiagem.<\/p>\n\n\n\n<p>\u201cA nossa previs\u00e3o seria entregar agora em dezembro, por\u00e9m a estiagem nos prejudicou. Os materiais deixaram de chegar, atrasaram a entrega, e n\u00f3s vamos, infelizmente, refazer esse processo. Mas, aqui os trabalhos avan\u00e7am para que possamos realizar essas inaugura\u00e7\u00f5es no m\u00eas de fevereiro do pr\u00f3ximo ano\u201d, disse Almeida.<\/p>\n\n\n\n<p>O mirante, que conta com uma \u00e1rea de mais de cinco mil metros quadrados, recebe cobertura do telhado, assentamento de porcelanato no terceiro e segundo pavimentos, instala\u00e7\u00f5es de lou\u00e7as e metais, de brises e de esquadrias met\u00e1licas, al\u00e9m das pinturas de teto e parede do primeiro e segundo pavimentos e montagem do elevador.<\/p>\n\n\n\n<p>Ainda no centro da cidade, o casar\u00e3o Thiago de Mello, que soma mais de 352 metros quadrados, tem coloca\u00e7\u00e3o de esquadrias de madeira, pintura externa e instala\u00e7\u00e3o de lumin\u00e1rias.<\/p>\n\n\n\n<p>Segundo o chefe do Executivo municipal, as obras criam um novo territ\u00f3rio p\u00fablico e reabilitado no centro de Manaus.<\/p>\n\n\n\n<p>\u201cS\u00e3o quatro obras no total, o largo da Ilha de S\u00e3o Vicente, o casar\u00e3o Thiago de Mello, o mirante L\u00facia Almeida e o p\u00eder tur\u00edstico da cidade. \u00c9 uma concep\u00e7\u00e3o para que a gente possa mudar a cara do Centro, por exemplo, os navios de cruzeiro que chegarem a Manaus poder\u00e3o desembarcar os passageiros direto no nosso p\u00eder tur\u00edstico. Assim, eles v\u00e3o conhecer esse espa\u00e7o maravilhoso, com toda a opera\u00e7\u00e3o de restaurante, de gastronomia, de entretenimento, de lazer tamb\u00e9m, tudo aqui agregado a esse espa\u00e7o. Ent\u00e3o, a gente d\u00e1 uma nova conota\u00e7\u00e3o, uma cara tur\u00edstica diferente para a cidade de Manaus\u201d, completou o prefeito.<\/p>\n\n\n\n<p>No largo de S\u00e3o Vicente, criado a partir das obras do \u201cNosso Centro\u201d, tamb\u00e9m poss\u00edvel gra\u00e7as \u00e0 desapropria\u00e7\u00e3o de um total de seis im\u00f3veis na \u00e1rea, os oper\u00e1rios trabalham no assentamento da pedra S\u00e3o Tom\u00e9,&nbsp;cal\u00e7adas e meios-fios, al\u00e9m de postes e batedores met\u00e1licos. Essa \u00e1rea do largo&nbsp;est\u00e1 sendo criada no territ\u00f3rio central, com mais de dois mil metros quadrados.<\/p>\n\n\n\n<p>&#8212; &#8212; &#8212;<\/p>\n\n\n\n<p><strong>Texto <\/strong>\u2013&nbsp;Beathriz Torres \/ Semcom e Claudia do Valle \/ Implurb<\/p>\n\n\n\n<p><strong>Fotos \u2013 <\/strong>Ruan Souza \/ Semcom<\/p>\n\n\n\n<p><strong>Dispon\u00edveis em &#8211; <\/strong><a href=\"https:\/\/flic.kr\/s\/aHBqjB6zqT\">https:\/\/flic.kr\/s\/aHBqjB6zqT<\/a><\/p>\n","protected":false},"excerpt":{"rendered":"","protected":false},"author":39,"featured_media":3231,"comment_status":"closed","ping_status":"closed","sticky":false,"template":"","format":"standard","meta":{"footnotes":""},"categories":[45],"tags":[31,11,59,15,514,905,906],"acf":[],"yoast_head":"<!-- This site is optimized with the Yoast SEO plugin v23.0 - https:\/\/yoast.com\/wordpress\/plugins\/seo\/ -->\n<title>Prefeito realiza vistoria t\u00e9cnica em obras do \u2018Nosso Centro\u2019<\/title>\n<meta name=\"description\" content=\"Prefeito David Almeida, realizou, na manh\u00e3 desta segunda-feira, 11\/12, uma vistoria t\u00e9cnica no andamento das obras do mirante L\u00facia Almeida.\" \/>\n<meta name=\"robots\" content=\"noindex, follow\" \/>\n<meta property=\"og:locale\" content=\"pt_BR\" \/>\n<meta property=\"og:type\" content=\"article\" \/>\n<meta property=\"og:title\" content=\"Prefeito realiza vistoria t\u00e9cnica em obras do \u2018Nosso Centro\u2019\" \/>\n<meta property=\"og:description\" content=\"Prefeito David Almeida, realizou, na manh\u00e3 desta segunda-feira, 11\/12, uma vistoria t\u00e9cnica no andamento das obras do mirante L\u00facia Almeida.\" \/>\n<meta property=\"og:url\" content=\"https:\/\/www.manaus.am.gov.br\/implurb\/prefeito-vistoria-servicos-de-instalacao-e-montagens-executadas-em-obras-do-nosso-centro\/\" \/>\n<meta property=\"og:site_name\" content=\"IMPLURB\" \/>\n<meta property=\"article:published_time\" content=\"2023-12-11T17:01:14+00:00\" \/>\n<meta property=\"article:modified_time\" content=\"2023-12-11T17:01:16+00:00\" \/>\n<meta property=\"og:image\" content=\"https:\/\/www.manaus.am.gov.br\/implurb\/wp-content\/uploads\/sites\/13\/2023\/12\/53391302100_9baa9461e2_k.jpg\" \/>\n\t<meta property=\"og:image:width\" content=\"2047\" \/>\n\t<meta property=\"og:image:height\" content=\"1365\" \/>\n\t<meta property=\"og:image:type\" content=\"image\/jpeg\" \/>\n<meta name=\"author\" content=\"Bruna Greco\" \/>\n<meta name=\"twitter:card\" content=\"summary_large_image\" \/>\n<meta name=\"twitter:label1\" content=\"Written by\" \/>\n\t<meta name=\"twitter:data1\" content=\"Bruna Greco\" \/>\n\t<meta name=\"twitter:label2\" content=\"Est. reading time\" \/>\n\t<meta name=\"twitter:data2\" content=\"3 minutos\" \/>\n<script type=\"application\/ld+json\" class=\"yoast-schema-graph\">{\"@context\":\"https:\/\/schema.org\",\"@graph\":[{\"@type\":\"WebPage\",\"@id\":\"https:\/\/www.manaus.am.gov.br\/implurb\/prefeito-vistoria-servicos-de-instalacao-e-montagens-executadas-em-obras-do-nosso-centro\/\",\"url\":\"https:\/\/www.manaus.am.gov.br\/implurb\/prefeito-vistoria-servicos-de-instalacao-e-montagens-executadas-em-obras-do-nosso-centro\/\",\"name\":\"Prefeito realiza vistoria t\u00e9cnica em obras do \u2018Nosso Centro\u2019\",\"isPartOf\":{\"@id\":\"https:\/\/www.manaus.am.gov.br\/implurb\/#website\"},\"primaryImageOfPage\":{\"@id\":\"https:\/\/www.manaus.am.gov.br\/implurb\/prefeito-vistoria-servicos-de-instalacao-e-montagens-executadas-em-obras-do-nosso-centro\/#primaryimage\"},\"image\":{\"@id\":\"https:\/\/www.manaus.am.gov.br\/implurb\/prefeito-vistoria-servicos-de-instalacao-e-montagens-executadas-em-obras-do-nosso-centro\/#primaryimage\"},\"thumbnailUrl\":\"https:\/\/www.manaus.am.gov.br\/implurb\/wp-content\/uploads\/sites\/13\/2023\/12\/53391302100_9baa9461e2_k.jpg\",\"datePublished\":\"2023-12-11T17:01:14+00:00\",\"dateModified\":\"2023-12-11T17:01:16+00:00\",\"author\":{\"@id\":\"https:\/\/www.manaus.am.gov.br\/implurb\/#\/schema\/person\/05d223aea2bf115f9883a6ff3683d81b\"},\"description\":\"Prefeito David Almeida, realizou, na manh\u00e3 desta segunda-feira, 11\/12, uma vistoria t\u00e9cnica no andamento das obras do mirante L\u00facia Almeida.\",\"breadcrumb\":{\"@id\":\"https:\/\/www.manaus.am.gov.br\/implurb\/prefeito-vistoria-servicos-de-instalacao-e-montagens-executadas-em-obras-do-nosso-centro\/#breadcrumb\"},\"inLanguage\":\"pt-BR\",\"potentialAction\":[{\"@type\":\"ReadAction\",\"target\":[\"https:\/\/www.manaus.am.gov.br\/implurb\/prefeito-vistoria-servicos-de-instalacao-e-montagens-executadas-em-obras-do-nosso-centro\/\"]}]},{\"@type\":\"ImageObject\",\"inLanguage\":\"pt-BR\",\"@id\":\"https:\/\/www.manaus.am.gov.br\/implurb\/prefeito-vistoria-servicos-de-instalacao-e-montagens-executadas-em-obras-do-nosso-centro\/#primaryimage\",\"url\":\"https:\/\/www.manaus.am.gov.br\/implurb\/wp-content\/uploads\/sites\/13\/2023\/12\/53391302100_9baa9461e2_k.jpg\",\"contentUrl\":\"https:\/\/www.manaus.am.gov.br\/implurb\/wp-content\/uploads\/sites\/13\/2023\/12\/53391302100_9baa9461e2_k.jpg\",\"width\":2047,\"height\":1365,\"caption\":\"#paratodosverem - Prefeito de Manaus visitando as obras do programa \\\"Nosso Centro\\\"\"},{\"@type\":\"BreadcrumbList\",\"@id\":\"https:\/\/www.manaus.am.gov.br\/implurb\/prefeito-vistoria-servicos-de-instalacao-e-montagens-executadas-em-obras-do-nosso-centro\/#breadcrumb\",\"itemListElement\":[{\"@type\":\"ListItem\",\"position\":1,\"name\":\"Home\",\"item\":\"https:\/\/www.manaus.am.gov.br\/implurb\/\"},{\"@type\":\"ListItem\",\"position\":2,\"name\":\"Prefeito vistoria servi\u00e7os de instala\u00e7\u00e3o e montagens executadas em obras do \u2018Nosso Centro\u2019\"}]},{\"@type\":\"WebSite\",\"@id\":\"https:\/\/www.manaus.am.gov.br\/implurb\/#website\",\"url\":\"https:\/\/www.manaus.am.gov.br\/implurb\/\",\"name\":\"IMPLURB\",\"description\":\"Prefeitura de Manaus\",\"potentialAction\":[{\"@type\":\"SearchAction\",\"target\":{\"@type\":\"EntryPoint\",\"urlTemplate\":\"https:\/\/www.manaus.am.gov.br\/implurb\/?s={search_term_string}\"},\"query-input\":\"required name=search_term_string\"}],\"inLanguage\":\"pt-BR\"},{\"@type\":\"Person\",\"@id\":\"https:\/\/www.manaus.am.gov.br\/implurb\/#\/schema\/person\/05d223aea2bf115f9883a6ff3683d81b\",\"name\":\"Bruna Greco\",\"image\":{\"@type\":\"ImageObject\",\"inLanguage\":\"pt-BR\",\"@id\":\"https:\/\/www.manaus.am.gov.br\/implurb\/#\/schema\/person\/image\/\",\"url\":\"https:\/\/secure.gravatar.com\/avatar\/9c877d1a6adc2a055330e5c09a8653ce?s=96&d=mm&r=g\",\"contentUrl\":\"https:\/\/secure.gravatar.com\/avatar\/9c877d1a6adc2a055330e5c09a8653ce?s=96&d=mm&r=g\",\"caption\":\"Bruna Greco\"}}]}<\/script>\n<!-- \/ Yoast SEO plugin. -->","yoast_head_json":{"title":"Prefeito realiza vistoria t\u00e9cnica em obras do \u2018Nosso Centro\u2019","description":"Prefeito David Almeida, realizou, na manh\u00e3 desta segunda-feira, 11\/12, uma vistoria t\u00e9cnica no andamento das obras do mirante L\u00facia Almeida.","robots":{"index":"noindex","follow":"follow"},"og_locale":"pt_BR","og_type":"article","og_title":"Prefeito realiza vistoria t\u00e9cnica em obras do \u2018Nosso Centro\u2019","og_description":"Prefeito David Almeida, realizou, na manh\u00e3 desta segunda-feira, 11\/12, uma vistoria t\u00e9cnica no andamento das obras do mirante L\u00facia Almeida.","og_url":"https:\/\/www.manaus.am.gov.br\/implurb\/prefeito-vistoria-servicos-de-instalacao-e-montagens-executadas-em-obras-do-nosso-centro\/","og_site_name":"IMPLURB","article_published_time":"2023-12-11T17:01:14+00:00","article_modified_time":"2023-12-11T17:01:16+00:00","og_image":[{"width":2047,"height":1365,"url":"https:\/\/www.manaus.am.gov.br\/implurb\/wp-content\/uploads\/sites\/13\/2023\/12\/53391302100_9baa9461e2_k.jpg","type":"image\/jpeg"}],"author":"Bruna Greco","twitter_card":"summary_large_image","twitter_misc":{"Written by":"Bruna Greco","Est. reading time":"3 minutos"},"schema":{"@context":"https:\/\/schema.org","@graph":[{"@type":"WebPage","@id":"https:\/\/www.manaus.am.gov.br\/implurb\/prefeito-vistoria-servicos-de-instalacao-e-montagens-executadas-em-obras-do-nosso-centro\/","url":"https:\/\/www.manaus.am.gov.br\/implurb\/prefeito-vistoria-servicos-de-instalacao-e-montagens-executadas-em-obras-do-nosso-centro\/","name":"Prefeito realiza vistoria t\u00e9cnica em obras do \u2018Nosso Centro\u2019","isPartOf":{"@id":"https:\/\/www.manaus.am.gov.br\/implurb\/#website"},"primaryImageOfPage":{"@id":"https:\/\/www.manaus.am.gov.br\/implurb\/prefeito-vistoria-servicos-de-instalacao-e-montagens-executadas-em-obras-do-nosso-centro\/#primaryimage"},"image":{"@id":"https:\/\/www.manaus.am.gov.br\/implurb\/prefeito-vistoria-servicos-de-instalacao-e-montagens-executadas-em-obras-do-nosso-centro\/#primaryimage"},"thumbnailUrl":"https:\/\/www.manaus.am.gov.br\/implurb\/wp-content\/uploads\/sites\/13\/2023\/12\/53391302100_9baa9461e2_k.jpg","datePublished":"2023-12-11T17:01:14+00:00","dateModified":"2023-12-11T17:01:16+00:00","author":{"@id":"https:\/\/www.manaus.am.gov.br\/implurb\/#\/schema\/person\/05d223aea2bf115f9883a6ff3683d81b"},"description":"Prefeito David Almeida, realizou, na manh\u00e3 desta segunda-feira, 11\/12, uma vistoria t\u00e9cnica no andamento das obras do mirante L\u00facia Almeida.","breadcrumb":{"@id":"https:\/\/www.manaus.am.gov.br\/implurb\/prefeito-vistoria-servicos-de-instalacao-e-montagens-executadas-em-obras-do-nosso-centro\/#breadcrumb"},"inLanguage":"pt-BR","potentialAction":[{"@type":"ReadAction","target":["https:\/\/www.manaus.am.gov.br\/implurb\/prefeito-vistoria-servicos-de-instalacao-e-montagens-executadas-em-obras-do-nosso-centro\/"]}]},{"@type":"ImageObject","inLanguage":"pt-BR","@id":"https:\/\/www.manaus.am.gov.br\/implurb\/prefeito-vistoria-servicos-de-instalacao-e-montagens-executadas-em-obras-do-nosso-centro\/#primaryimage","url":"https:\/\/www.manaus.am.gov.br\/implurb\/wp-content\/uploads\/sites\/13\/2023\/12\/53391302100_9baa9461e2_k.jpg","contentUrl":"https:\/\/www.manaus.am.gov.br\/implurb\/wp-content\/uploads\/sites\/13\/2023\/12\/53391302100_9baa9461e2_k.jpg","width":2047,"height":1365,"caption":"#paratodosverem - Prefeito de Manaus visitando as obras do programa \"Nosso Centro\""},{"@type":"BreadcrumbList","@id":"https:\/\/www.manaus.am.gov.br\/implurb\/prefeito-vistoria-servicos-de-instalacao-e-montagens-executadas-em-obras-do-nosso-centro\/#breadcrumb","itemListElement":[{"@type":"ListItem","position":1,"name":"Home","item":"https:\/\/www.manaus.am.gov.br\/implurb\/"},{"@type":"ListItem","position":2,"name":"Prefeito vistoria servi\u00e7os de instala\u00e7\u00e3o e montagens executadas em obras do \u2018Nosso Centro\u2019"}]},{"@type":"WebSite","@id":"https:\/\/www.manaus.am.gov.br\/implurb\/#website","url":"https:\/\/www.manaus.am.gov.br\/implurb\/","name":"IMPLURB","description":"Prefeitura de Manaus","potentialAction":[{"@type":"SearchAction","target":{"@type":"EntryPoint","urlTemplate":"https:\/\/www.manaus.am.gov.br\/implurb\/?s={search_term_string}"},"query-input":"required name=search_term_string"}],"inLanguage":"pt-BR"},{"@type":"Person","@id":"https:\/\/www.manaus.am.gov.br\/implurb\/#\/schema\/person\/05d223aea2bf115f9883a6ff3683d81b","name":"Bruna Greco","image":{"@type":"ImageObject","inLanguage":"pt-BR","@id":"https:\/\/www.manaus.am.gov.br\/implurb\/#\/schema\/person\/image\/","url":"https:\/\/secure.gravatar.com\/avatar\/9c877d1a6adc2a055330e5c09a8653ce?s=96&d=mm&r=g","contentUrl":"https:\/\/secure.gravatar.com\/avatar\/9c877d1a6adc2a055330e5c09a8653ce?s=96&d=mm&r=g","caption":"Bruna Greco"}}]}},"_links":{"self":[{"href":"https:\/\/www.manaus.am.gov.br\/implurb\/wp-json\/wp\/v2\/posts\/3230"}],"collection":[{"href":"https:\/\/www.manaus.am.gov.br\/implurb\/wp-json\/wp\/v2\/posts"}],"about":[{"href":"https:\/\/www.manaus.am.gov.br\/implurb\/wp-json\/wp\/v2\/types\/post"}],"author":[{"embeddable":true,"href":"https:\/\/www.manaus.am.gov.br\/implurb\/wp-json\/wp\/v2\/users\/39"}],"replies":[{"embeddable":true,"href":"https:\/\/www.manaus.am.gov.br\/implurb\/wp-json\/wp\/v2\/comments?post=3230"}],"version-history":[{"count":0,"href":"https:\/\/www.manaus.am.gov.br\/implurb\/wp-json\/wp\/v2\/posts\/3230\/revisions"}],"wp:featuredmedia":[{"embeddable":true,"href":"https:\/\/www.manaus.am.gov.br\/implurb\/wp-json\/wp\/v2\/media\/3231"}],"wp:attachment":[{"href":"https:\/\/www.manaus.am.gov.br\/implurb\/wp-json\/wp\/v2\/media?parent=3230"}],"wp:term":[{"taxonomy":"category","embeddable":true,"href":"https:\/\/www.manaus.am.gov.br\/implurb\/wp-json\/wp\/v2\/categories?post=3230"},{"taxonomy":"post_tag","embeddable":true,"href":"https:\/\/www.manaus.am.gov.br\/implurb\/wp-json\/wp\/v2\/tags?post=3230"}],"curies":[{"name":"wp","href":"https:\/\/api.w.org\/{rel}","templated":true}]}}