{"id":323,"date":"2023-06-12T13:50:00","date_gmt":"2023-06-12T17:50:00","guid":{"rendered":"https:\/\/www.manaus.am.gov.br\/implurb\/prefeitura-de-manaus-desenvolve-projeto-de-educacao-patrimonial-para-funcionar-no-nosso-centro\/"},"modified":"2023-06-21T11:26:09","modified_gmt":"2023-06-21T15:26:09","slug":"prefeitura-de-manaus-desenvolve-projeto-de-educacao-patrimonial-para-funcionar-no-nosso-centro","status":"publish","type":"post","link":"https:\/\/www.manaus.am.gov.br\/implurb\/prefeitura-de-manaus-desenvolve-projeto-de-educacao-patrimonial-para-funcionar-no-nosso-centro\/","title":{"rendered":"Prefeitura de Manaus desenvolve projeto de educa\u00e7\u00e3o patrimonial para funcionar no \u2018Nosso Centro\u2019"},"content":{"rendered":"\n<p>Nas cidades brasileiras, desde a d\u00e9cada de 1980, se percebe amplas e diversas estrat\u00e9gias de revitaliza\u00e7\u00e3o, requalifica\u00e7\u00e3o e reabilita\u00e7\u00e3o de centros hist\u00f3ricos e bairros antigos realizadas pelos poderes p\u00fablicos. E uma delas est\u00e1 em curso pela Prefeitura de Manaus, no programa \u201cNosso Centro\u201d, que busca a regenera\u00e7\u00e3o do tecido urbano, bem no in\u00edcio da avenida 7 de Setembro, zona Sul.<\/p>\n\n\n\n<p>E para ampliar o pertencimento da popula\u00e7\u00e3o com as interven\u00e7\u00f5es, o Instituto Municipal de Planejamento Urbano (Implurb), via Ger\u00eancia de Patrim\u00f4nio Hist\u00f3rico (GPH), est\u00e1 desenvolvendo uma s\u00e9rie de a\u00e7\u00f5es de educa\u00e7\u00e3o urbana patrimonial no centro hist\u00f3rico e antigo da capital, para levar grupos de pessoas para um passeio cultural, patrimonial e educativo nos espa\u00e7os, aos s\u00e1bados pela manh\u00e3, no segundo semestre de 2023.<\/p>\n\n\n\n<p>As datas dos encontros coletivos ainda est\u00e3o sendo agendadas, conforme cronograma das obras realizadas no complexo de S\u00e3o Vicente \u2013 mirante L\u00facia Almeida, largo de S\u00e3o Vicente e casar\u00e3o Thiago de Mello.<\/p>\n\n\n\n<p>A ideia \u00e9 realizar o projeto de educa\u00e7\u00e3o urbana patrimonial para grupos da sociedade civil e acad\u00eamicos, com no m\u00e1ximo 25 pessoas e uma atividade com dura\u00e7\u00e3o de at\u00e9 4 horas, tendo acompanhamento de t\u00e9cnicos e profissionais do Implurb, com suporte da&nbsp;Comiss\u00e3o&nbsp;T\u00e9cnica para Implementa\u00e7\u00e3o e Revitaliza\u00e7\u00e3o do Centro Hist\u00f3rico de Manaus. Ao final dos trabalhos haver\u00e1 emiss\u00e3o de certificado como atividade extracurricular complementar.<\/p>\n\n\n\n<p>Para a gerente de Patrim\u00f4nio Hist\u00f3rico, arquiteta e urbanista Melissa Toledo, a atividade em campo vai ajudar a celebrar o patrim\u00f4nio local, sendo ainda um convite ao conhecimento do passado e presente, com perspectiva ao futuro, contando a hist\u00f3ria do povo amazonense e da sua rela\u00e7\u00e3o com o ambiente.<\/p>\n\n\n\n<p>\u201cNos espa\u00e7os p\u00fablicos, a conserva\u00e7\u00e3o, valoriza\u00e7\u00e3o e preserva\u00e7\u00e3o do patrim\u00f4nio urbano existente \u00e9 essencial. O nosso conjunto arquitet\u00f4nico \u00e9 um marco atrativo e oferece fun\u00e7\u00f5es de transitar, entreter, comercializar, morar e ter essa vida em um local de mem\u00f3ria da cidade, tornando-o parte do cen\u00e1rio cotidiano. E \u00e9 sobre isso que vamos visualizar e conquistar com a valoriza\u00e7\u00e3o da cultura que se faz presente nas ruas da cidade\u201d, comentou a arquiteta.<\/p>\n\n\n\n<p>Com o trabalho de educa\u00e7\u00e3o patrimonial, o objetivo \u00e9&nbsp;contribuir para o desenvolvimento de pensamento cr\u00edtico acerca da ideia e das pr\u00e1ticas patrimoniais.<\/p>\n\n\n\n<p>A educa\u00e7\u00e3o patrimonial \u00e9 um processo sistem\u00e1tico como fonte prim\u00e1ria de conhecimento e enriquecimento individual e coletivo, que busca levar \u00e0 sociedade em geral, crian\u00e7as, adolescentes e adultos, a um processo ativo de conhecimento, apropria\u00e7\u00e3o e valoriza\u00e7\u00e3o de sua heran\u00e7a. Esse processo conduz ao refor\u00e7o da autoestima dos indiv\u00edduos e comunidades e \u00e0 valoriza\u00e7\u00e3o da cultura, compreendida como m\u00faltipla e plural.<\/p>\n\n\n\n<p><strong>Territ\u00f3rio<\/strong><\/p>\n\n\n\n<p>A revitaliza\u00e7\u00e3o, requalifica\u00e7\u00e3o e regenera\u00e7\u00e3o do Centro Hist\u00f3rico de Manaus tem como foco o melhor aproveitamento da regi\u00e3o central, local que guarda valorosa riqueza cultural e patrimonial. O \u201cNosso Centro\u201d visa o resgate econ\u00f4mico da \u00e1rea, envolvendo a\u00e7\u00f5es de economia, turismo, hist\u00f3ria, empreendedorismo, cultura, arte e habita\u00e7\u00e3o.<\/p>\n\n\n\n<p>&#8212; &#8212; &#8212;<\/p>\n\n\n\n<p><strong>Texto<\/strong>&nbsp;\u2013 Claudia do Valle \/ Implurb<\/p>\n\n\n\n<p><strong>Fotos<\/strong>&nbsp;\u2013 Divulga\u00e7\u00e3o \/Arquivo Semcom<\/p>\n","protected":false},"excerpt":{"rendered":"","protected":false},"author":24,"featured_media":324,"comment_status":"closed","ping_status":"closed","sticky":false,"template":"","format":"standard","meta":{"footnotes":""},"categories":[141],"tags":[10,142,143,144,13,14,15],"acf":[],"yoast_head":"<!-- This site is optimized with the Yoast SEO plugin v23.0 - https:\/\/yoast.com\/wordpress\/plugins\/seo\/ -->\n<title>Prefeitura de Manaus desenvolve projeto de educa\u00e7\u00e3o patrimonial para funcionar no \u2018Nosso Centro\u2019 - IMPLURB<\/title>\n<meta name=\"description\" content=\"Nas cidades brasileiras, desde a d\u00e9cada de 1980, se percebe amplas e diversas estrat\u00e9gias de revitaliza\u00e7\u00e3o, requalifica\u00e7\u00e3o e reabilita\u00e7\u00e3o de centros hist\u00f3ricos e bairros antigos realizadas pelos poderes p\u00fablicos.\" \/>\n<meta name=\"robots\" content=\"noindex, follow\" \/>\n<meta property=\"og:locale\" content=\"pt_BR\" \/>\n<meta property=\"og:type\" content=\"article\" \/>\n<meta property=\"og:title\" content=\"Prefeitura de Manaus desenvolve projeto de educa\u00e7\u00e3o patrimonial para funcionar no \u2018Nosso Centro\u2019 - IMPLURB\" \/>\n<meta property=\"og:description\" content=\"Nas cidades brasileiras, desde a d\u00e9cada de 1980, se percebe amplas e diversas estrat\u00e9gias de revitaliza\u00e7\u00e3o, requalifica\u00e7\u00e3o e reabilita\u00e7\u00e3o de centros hist\u00f3ricos e bairros antigos realizadas pelos poderes p\u00fablicos.\" \/>\n<meta property=\"og:url\" content=\"https:\/\/www.manaus.am.gov.br\/implurb\/prefeitura-de-manaus-desenvolve-projeto-de-educacao-patrimonial-para-funcionar-no-nosso-centro\/\" \/>\n<meta property=\"og:site_name\" content=\"IMPLURB\" \/>\n<meta property=\"article:published_time\" content=\"2023-06-12T17:50:00+00:00\" \/>\n<meta property=\"article:modified_time\" content=\"2023-06-21T15:26:09+00:00\" \/>\n<meta property=\"og:image\" content=\"https:\/\/www.manaus.am.gov.br\/implurb\/wp-content\/uploads\/sites\/13\/2023\/06\/casaraonovas2.jpg\" \/>\n\t<meta property=\"og:image:width\" content=\"1600\" \/>\n\t<meta property=\"og:image:height\" content=\"1066\" \/>\n\t<meta property=\"og:image:type\" content=\"image\/jpeg\" \/>\n<meta name=\"author\" content=\"Cl\u00e1udia Barbosa\" \/>\n<meta name=\"twitter:card\" content=\"summary_large_image\" \/>\n<meta name=\"twitter:label1\" content=\"Written by\" \/>\n\t<meta name=\"twitter:data1\" content=\"Cl\u00e1udia Barbosa\" \/>\n\t<meta name=\"twitter:label2\" content=\"Est. reading time\" \/>\n\t<meta name=\"twitter:data2\" content=\"3 minutos\" \/>\n<script type=\"application\/ld+json\" class=\"yoast-schema-graph\">{\"@context\":\"https:\/\/schema.org\",\"@graph\":[{\"@type\":\"WebPage\",\"@id\":\"https:\/\/www.manaus.am.gov.br\/implurb\/prefeitura-de-manaus-desenvolve-projeto-de-educacao-patrimonial-para-funcionar-no-nosso-centro\/\",\"url\":\"https:\/\/www.manaus.am.gov.br\/implurb\/prefeitura-de-manaus-desenvolve-projeto-de-educacao-patrimonial-para-funcionar-no-nosso-centro\/\",\"name\":\"Prefeitura de Manaus desenvolve projeto de educa\u00e7\u00e3o patrimonial para funcionar no \u2018Nosso Centro\u2019 - IMPLURB\",\"isPartOf\":{\"@id\":\"https:\/\/www.manaus.am.gov.br\/implurb\/#website\"},\"primaryImageOfPage\":{\"@id\":\"https:\/\/www.manaus.am.gov.br\/implurb\/prefeitura-de-manaus-desenvolve-projeto-de-educacao-patrimonial-para-funcionar-no-nosso-centro\/#primaryimage\"},\"image\":{\"@id\":\"https:\/\/www.manaus.am.gov.br\/implurb\/prefeitura-de-manaus-desenvolve-projeto-de-educacao-patrimonial-para-funcionar-no-nosso-centro\/#primaryimage\"},\"thumbnailUrl\":\"https:\/\/www.manaus.am.gov.br\/implurb\/wp-content\/uploads\/sites\/13\/2023\/06\/casaraonovas2.jpg\",\"datePublished\":\"2023-06-12T17:50:00+00:00\",\"dateModified\":\"2023-06-21T15:26:09+00:00\",\"author\":{\"@id\":\"https:\/\/www.manaus.am.gov.br\/implurb\/#\/schema\/person\/d0a166b5031154c33c77794ddc9a827e\"},\"description\":\"Nas cidades brasileiras, desde a d\u00e9cada de 1980, se percebe amplas e diversas estrat\u00e9gias de revitaliza\u00e7\u00e3o, requalifica\u00e7\u00e3o e reabilita\u00e7\u00e3o de centros hist\u00f3ricos e bairros antigos realizadas pelos poderes p\u00fablicos.\",\"breadcrumb\":{\"@id\":\"https:\/\/www.manaus.am.gov.br\/implurb\/prefeitura-de-manaus-desenvolve-projeto-de-educacao-patrimonial-para-funcionar-no-nosso-centro\/#breadcrumb\"},\"inLanguage\":\"pt-BR\",\"potentialAction\":[{\"@type\":\"ReadAction\",\"target\":[\"https:\/\/www.manaus.am.gov.br\/implurb\/prefeitura-de-manaus-desenvolve-projeto-de-educacao-patrimonial-para-funcionar-no-nosso-centro\/\"]}]},{\"@type\":\"ImageObject\",\"inLanguage\":\"pt-BR\",\"@id\":\"https:\/\/www.manaus.am.gov.br\/implurb\/prefeitura-de-manaus-desenvolve-projeto-de-educacao-patrimonial-para-funcionar-no-nosso-centro\/#primaryimage\",\"url\":\"https:\/\/www.manaus.am.gov.br\/implurb\/wp-content\/uploads\/sites\/13\/2023\/06\/casaraonovas2.jpg\",\"contentUrl\":\"https:\/\/www.manaus.am.gov.br\/implurb\/wp-content\/uploads\/sites\/13\/2023\/06\/casaraonovas2.jpg\",\"width\":1600,\"height\":1066},{\"@type\":\"BreadcrumbList\",\"@id\":\"https:\/\/www.manaus.am.gov.br\/implurb\/prefeitura-de-manaus-desenvolve-projeto-de-educacao-patrimonial-para-funcionar-no-nosso-centro\/#breadcrumb\",\"itemListElement\":[{\"@type\":\"ListItem\",\"position\":1,\"name\":\"Home\",\"item\":\"https:\/\/www.manaus.am.gov.br\/implurb\/\"},{\"@type\":\"ListItem\",\"position\":2,\"name\":\"Prefeitura de Manaus desenvolve projeto de educa\u00e7\u00e3o patrimonial para funcionar no \u2018Nosso Centro\u2019\"}]},{\"@type\":\"WebSite\",\"@id\":\"https:\/\/www.manaus.am.gov.br\/implurb\/#website\",\"url\":\"https:\/\/www.manaus.am.gov.br\/implurb\/\",\"name\":\"IMPLURB\",\"description\":\"Prefeitura de Manaus\",\"potentialAction\":[{\"@type\":\"SearchAction\",\"target\":{\"@type\":\"EntryPoint\",\"urlTemplate\":\"https:\/\/www.manaus.am.gov.br\/implurb\/?s={search_term_string}\"},\"query-input\":\"required name=search_term_string\"}],\"inLanguage\":\"pt-BR\"},{\"@type\":\"Person\",\"@id\":\"https:\/\/www.manaus.am.gov.br\/implurb\/#\/schema\/person\/d0a166b5031154c33c77794ddc9a827e\",\"name\":\"Cl\u00e1udia Barbosa\",\"image\":{\"@type\":\"ImageObject\",\"inLanguage\":\"pt-BR\",\"@id\":\"https:\/\/www.manaus.am.gov.br\/implurb\/#\/schema\/person\/image\/\",\"url\":\"https:\/\/secure.gravatar.com\/avatar\/42958a1cf007f1a00534009218c72590?s=96&d=mm&r=g\",\"contentUrl\":\"https:\/\/secure.gravatar.com\/avatar\/42958a1cf007f1a00534009218c72590?s=96&d=mm&r=g\",\"caption\":\"Cl\u00e1udia Barbosa\"}}]}<\/script>\n<!-- \/ Yoast SEO plugin. -->","yoast_head_json":{"title":"Prefeitura de Manaus desenvolve projeto de educa\u00e7\u00e3o patrimonial para funcionar no \u2018Nosso Centro\u2019 - IMPLURB","description":"Nas cidades brasileiras, desde a d\u00e9cada de 1980, se percebe amplas e diversas estrat\u00e9gias de revitaliza\u00e7\u00e3o, requalifica\u00e7\u00e3o e reabilita\u00e7\u00e3o de centros hist\u00f3ricos e bairros antigos realizadas pelos poderes p\u00fablicos.","robots":{"index":"noindex","follow":"follow"},"og_locale":"pt_BR","og_type":"article","og_title":"Prefeitura de Manaus desenvolve projeto de educa\u00e7\u00e3o patrimonial para funcionar no \u2018Nosso Centro\u2019 - IMPLURB","og_description":"Nas cidades brasileiras, desde a d\u00e9cada de 1980, se percebe amplas e diversas estrat\u00e9gias de revitaliza\u00e7\u00e3o, requalifica\u00e7\u00e3o e reabilita\u00e7\u00e3o de centros hist\u00f3ricos e bairros antigos realizadas pelos poderes p\u00fablicos.","og_url":"https:\/\/www.manaus.am.gov.br\/implurb\/prefeitura-de-manaus-desenvolve-projeto-de-educacao-patrimonial-para-funcionar-no-nosso-centro\/","og_site_name":"IMPLURB","article_published_time":"2023-06-12T17:50:00+00:00","article_modified_time":"2023-06-21T15:26:09+00:00","og_image":[{"width":1600,"height":1066,"url":"https:\/\/www.manaus.am.gov.br\/implurb\/wp-content\/uploads\/sites\/13\/2023\/06\/casaraonovas2.jpg","type":"image\/jpeg"}],"author":"Cl\u00e1udia Barbosa","twitter_card":"summary_large_image","twitter_misc":{"Written by":"Cl\u00e1udia Barbosa","Est. reading time":"3 minutos"},"schema":{"@context":"https:\/\/schema.org","@graph":[{"@type":"WebPage","@id":"https:\/\/www.manaus.am.gov.br\/implurb\/prefeitura-de-manaus-desenvolve-projeto-de-educacao-patrimonial-para-funcionar-no-nosso-centro\/","url":"https:\/\/www.manaus.am.gov.br\/implurb\/prefeitura-de-manaus-desenvolve-projeto-de-educacao-patrimonial-para-funcionar-no-nosso-centro\/","name":"Prefeitura de Manaus desenvolve projeto de educa\u00e7\u00e3o patrimonial para funcionar no \u2018Nosso Centro\u2019 - IMPLURB","isPartOf":{"@id":"https:\/\/www.manaus.am.gov.br\/implurb\/#website"},"primaryImageOfPage":{"@id":"https:\/\/www.manaus.am.gov.br\/implurb\/prefeitura-de-manaus-desenvolve-projeto-de-educacao-patrimonial-para-funcionar-no-nosso-centro\/#primaryimage"},"image":{"@id":"https:\/\/www.manaus.am.gov.br\/implurb\/prefeitura-de-manaus-desenvolve-projeto-de-educacao-patrimonial-para-funcionar-no-nosso-centro\/#primaryimage"},"thumbnailUrl":"https:\/\/www.manaus.am.gov.br\/implurb\/wp-content\/uploads\/sites\/13\/2023\/06\/casaraonovas2.jpg","datePublished":"2023-06-12T17:50:00+00:00","dateModified":"2023-06-21T15:26:09+00:00","author":{"@id":"https:\/\/www.manaus.am.gov.br\/implurb\/#\/schema\/person\/d0a166b5031154c33c77794ddc9a827e"},"description":"Nas cidades brasileiras, desde a d\u00e9cada de 1980, se percebe amplas e diversas estrat\u00e9gias de revitaliza\u00e7\u00e3o, requalifica\u00e7\u00e3o e reabilita\u00e7\u00e3o de centros hist\u00f3ricos e bairros antigos realizadas pelos poderes p\u00fablicos.","breadcrumb":{"@id":"https:\/\/www.manaus.am.gov.br\/implurb\/prefeitura-de-manaus-desenvolve-projeto-de-educacao-patrimonial-para-funcionar-no-nosso-centro\/#breadcrumb"},"inLanguage":"pt-BR","potentialAction":[{"@type":"ReadAction","target":["https:\/\/www.manaus.am.gov.br\/implurb\/prefeitura-de-manaus-desenvolve-projeto-de-educacao-patrimonial-para-funcionar-no-nosso-centro\/"]}]},{"@type":"ImageObject","inLanguage":"pt-BR","@id":"https:\/\/www.manaus.am.gov.br\/implurb\/prefeitura-de-manaus-desenvolve-projeto-de-educacao-patrimonial-para-funcionar-no-nosso-centro\/#primaryimage","url":"https:\/\/www.manaus.am.gov.br\/implurb\/wp-content\/uploads\/sites\/13\/2023\/06\/casaraonovas2.jpg","contentUrl":"https:\/\/www.manaus.am.gov.br\/implurb\/wp-content\/uploads\/sites\/13\/2023\/06\/casaraonovas2.jpg","width":1600,"height":1066},{"@type":"BreadcrumbList","@id":"https:\/\/www.manaus.am.gov.br\/implurb\/prefeitura-de-manaus-desenvolve-projeto-de-educacao-patrimonial-para-funcionar-no-nosso-centro\/#breadcrumb","itemListElement":[{"@type":"ListItem","position":1,"name":"Home","item":"https:\/\/www.manaus.am.gov.br\/implurb\/"},{"@type":"ListItem","position":2,"name":"Prefeitura de Manaus desenvolve projeto de educa\u00e7\u00e3o patrimonial para funcionar no \u2018Nosso Centro\u2019"}]},{"@type":"WebSite","@id":"https:\/\/www.manaus.am.gov.br\/implurb\/#website","url":"https:\/\/www.manaus.am.gov.br\/implurb\/","name":"IMPLURB","description":"Prefeitura de Manaus","potentialAction":[{"@type":"SearchAction","target":{"@type":"EntryPoint","urlTemplate":"https:\/\/www.manaus.am.gov.br\/implurb\/?s={search_term_string}"},"query-input":"required name=search_term_string"}],"inLanguage":"pt-BR"},{"@type":"Person","@id":"https:\/\/www.manaus.am.gov.br\/implurb\/#\/schema\/person\/d0a166b5031154c33c77794ddc9a827e","name":"Cl\u00e1udia Barbosa","image":{"@type":"ImageObject","inLanguage":"pt-BR","@id":"https:\/\/www.manaus.am.gov.br\/implurb\/#\/schema\/person\/image\/","url":"https:\/\/secure.gravatar.com\/avatar\/42958a1cf007f1a00534009218c72590?s=96&d=mm&r=g","contentUrl":"https:\/\/secure.gravatar.com\/avatar\/42958a1cf007f1a00534009218c72590?s=96&d=mm&r=g","caption":"Cl\u00e1udia Barbosa"}}]}},"_links":{"self":[{"href":"https:\/\/www.manaus.am.gov.br\/implurb\/wp-json\/wp\/v2\/posts\/323"}],"collection":[{"href":"https:\/\/www.manaus.am.gov.br\/implurb\/wp-json\/wp\/v2\/posts"}],"about":[{"href":"https:\/\/www.manaus.am.gov.br\/implurb\/wp-json\/wp\/v2\/types\/post"}],"author":[{"embeddable":true,"href":"https:\/\/www.manaus.am.gov.br\/implurb\/wp-json\/wp\/v2\/users\/24"}],"replies":[{"embeddable":true,"href":"https:\/\/www.manaus.am.gov.br\/implurb\/wp-json\/wp\/v2\/comments?post=323"}],"version-history":[{"count":1,"href":"https:\/\/www.manaus.am.gov.br\/implurb\/wp-json\/wp\/v2\/posts\/323\/revisions"}],"predecessor-version":[{"id":759,"href":"https:\/\/www.manaus.am.gov.br\/implurb\/wp-json\/wp\/v2\/posts\/323\/revisions\/759"}],"wp:featuredmedia":[{"embeddable":true,"href":"https:\/\/www.manaus.am.gov.br\/implurb\/wp-json\/wp\/v2\/media\/324"}],"wp:attachment":[{"href":"https:\/\/www.manaus.am.gov.br\/implurb\/wp-json\/wp\/v2\/media?parent=323"}],"wp:term":[{"taxonomy":"category","embeddable":true,"href":"https:\/\/www.manaus.am.gov.br\/implurb\/wp-json\/wp\/v2\/categories?post=323"},{"taxonomy":"post_tag","embeddable":true,"href":"https:\/\/www.manaus.am.gov.br\/implurb\/wp-json\/wp\/v2\/tags?post=323"}],"curies":[{"name":"wp","href":"https:\/\/api.w.org\/{rel}","templated":true}]}}