{"id":3164,"date":"2017-01-03T17:00:04","date_gmt":"2017-01-03T21:00:04","guid":{"rendered":"https:\/\/www.manaus.am.gov.br\/implurb\/implurb-finaliza-serie-de-demolicoes-em-avancos-de-garagens-no-conjunto-ayapua\/"},"modified":"2023-12-05T11:25:36","modified_gmt":"2023-12-05T15:25:36","slug":"implurb-finaliza-serie-de-demolicoes-em-avancos-de-garagens-no-conjunto-ayapua","status":"publish","type":"post","link":"https:\/\/www.manaus.am.gov.br\/implurb\/implurb-finaliza-serie-de-demolicoes-em-avancos-de-garagens-no-conjunto-ayapua\/","title":{"rendered":"Implurb finaliza s\u00e9rie de demoli\u00e7\u00f5es em avan\u00e7os de garagens no conjunto Ayapu\u00e1"},"content":{"rendered":"\n<p>Nesta ter\u00e7a-feira, 3 de janeiro, o Instituto Municipal de Planejamento Urbano (Implurb) finalizou mais uma etapa de reordenamento no conjunto Ayapu\u00e1, zona Oeste de Manaus. Foram realizadas mais cinco demoli\u00e7\u00f5es de avan\u00e7os de garagens em \u00e1reas comuns e passeios p\u00fablicos, totalizando 18 demoli\u00e7\u00f5es administrativas e seis demoli\u00e7\u00f5es volunt\u00e1rias, que foram realizadas desde 13 de dezembro do ano passado.<\/p>\n\n\n\n<p>A opera\u00e7\u00e3o d\u00e1 continuidade a uma decis\u00e3o judicial da Vara da Fazenda P\u00fablica, com anu\u00eancia do Minist\u00e9rio P\u00fablico, para corrigir distor\u00e7\u00f5es urbanas e restabelecer a ordem p\u00fablica no conjunto, incluindo a\u00e7\u00f5es fiscais e demoli\u00e7\u00f5es administrativas de acr\u00e9scimos irregulares e n\u00e3o aprovados ou pass\u00edveis de regulariza\u00e7\u00e3o.<\/p>\n\n\n\n<p>Os propriet\u00e1rios foram notificados no final do ano passado para que fizessem a demoli\u00e7\u00e3o volunt\u00e1ria, mas muitos n\u00e3o atenderam a notifica\u00e7\u00e3o e, nesta ter\u00e7a-feira, foram alvos de nova opera\u00e7\u00e3o coordenada pelo Implurb e Grupo de Gest\u00e3o Integrada do Munic\u00edpio (GGIM), com apoio do Manaustrans, Secretaria de Infraestrutura (Seminf), Manaus Ambiental, Casa Militar, Grupo de Opera\u00e7\u00f5es Especiais (GOE) e Guarda Municipal.<\/p>\n\n\n\n<p><strong>O caso<\/strong><\/p>\n\n\n\n<p>Em dezembro de 2013, mais de 70 moradores foram notificados por terem realizado mudan\u00e7as nas garagens, avan\u00e7ando com constru\u00e7\u00f5es de alvenaria e de gradil, coberturas, ou transformaram as mesmas em quitinetes e com\u00e9rcios, e at\u00e9 mesmo fizeram varandas em cima das mesmas. A demoli\u00e7\u00e3o espont\u00e2nea \u00e9 o melhor para as situa\u00e7\u00f5es encontradas no conjunto Ayapu\u00e1, porque os custos da demoli\u00e7\u00e3o administrativa, mas a multa por descumprimento da notifica\u00e7\u00e3o, s\u00e3o cobrados ao dono do im\u00f3vel.<\/p>\n\n\n\n<p>Al\u00e9m das irregularidades grav\u00edssimas que exigem demoli\u00e7\u00e3o, outras notifica\u00e7\u00f5es t\u00eam ocorrido no conjunto por outras irregularidades como a apropria\u00e7\u00e3o irregular de \u00e1reas verdes e comuns, como garagem e \u00e1rea de lazer, e a constru\u00e7\u00e3o de com\u00e9rcios, bares e lanchonetes sem licen\u00e7a. As situa\u00e7\u00f5es pass\u00edveis de adequa\u00e7\u00e3o ser\u00e3o encaminhadas.<\/p>\n\n\n\n<p>Assessoria de Comunica\u00e7\u00e3o do Instituto Municipal de Planejamento Urbano (Implurb): 92 3625-6287<\/p>\n","protected":false},"excerpt":{"rendered":"","protected":false},"author":8,"featured_media":0,"comment_status":"closed","ping_status":"closed","sticky":false,"template":"","format":"standard","meta":{"footnotes":""},"categories":[33],"tags":[],"acf":[],"yoast_head":"<!-- This site is optimized with the Yoast SEO plugin v23.0 - https:\/\/yoast.com\/wordpress\/plugins\/seo\/ -->\n<title>Implurb finaliza s\u00e9rie de demoli\u00e7\u00f5es em avan\u00e7os de garagens no conjunto Ayapu\u00e1 - IMPLURB<\/title>\n<meta name=\"robots\" content=\"noindex, follow\" \/>\n<meta property=\"og:locale\" content=\"pt_BR\" \/>\n<meta property=\"og:type\" content=\"article\" \/>\n<meta property=\"og:title\" content=\"Implurb finaliza s\u00e9rie de demoli\u00e7\u00f5es em avan\u00e7os de garagens no conjunto Ayapu\u00e1 - IMPLURB\" \/>\n<meta property=\"og:url\" content=\"https:\/\/www.manaus.am.gov.br\/implurb\/implurb-finaliza-serie-de-demolicoes-em-avancos-de-garagens-no-conjunto-ayapua\/\" \/>\n<meta property=\"og:site_name\" content=\"IMPLURB\" \/>\n<meta property=\"article:published_time\" content=\"2017-01-03T21:00:04+00:00\" \/>\n<meta property=\"article:modified_time\" content=\"2023-12-05T15:25:36+00:00\" \/>\n<meta name=\"author\" content=\"Glauber Farias\" \/>\n<meta name=\"twitter:card\" content=\"summary_large_image\" \/>\n<meta name=\"twitter:label1\" content=\"Written by\" \/>\n\t<meta name=\"twitter:data1\" content=\"Glauber Farias\" \/>\n\t<meta name=\"twitter:label2\" content=\"Est. reading time\" \/>\n\t<meta name=\"twitter:data2\" content=\"2 minutos\" \/>\n<script type=\"application\/ld+json\" class=\"yoast-schema-graph\">{\"@context\":\"https:\/\/schema.org\",\"@graph\":[{\"@type\":\"WebPage\",\"@id\":\"https:\/\/www.manaus.am.gov.br\/implurb\/implurb-finaliza-serie-de-demolicoes-em-avancos-de-garagens-no-conjunto-ayapua\/\",\"url\":\"https:\/\/www.manaus.am.gov.br\/implurb\/implurb-finaliza-serie-de-demolicoes-em-avancos-de-garagens-no-conjunto-ayapua\/\",\"name\":\"Implurb finaliza s\u00e9rie de demoli\u00e7\u00f5es em avan\u00e7os de garagens no conjunto Ayapu\u00e1 - IMPLURB\",\"isPartOf\":{\"@id\":\"https:\/\/www.manaus.am.gov.br\/implurb\/#website\"},\"datePublished\":\"2017-01-03T21:00:04+00:00\",\"dateModified\":\"2023-12-05T15:25:36+00:00\",\"author\":{\"@id\":\"https:\/\/www.manaus.am.gov.br\/implurb\/#\/schema\/person\/fe69d2249d78e7a3112d42bc34c44a58\"},\"breadcrumb\":{\"@id\":\"https:\/\/www.manaus.am.gov.br\/implurb\/implurb-finaliza-serie-de-demolicoes-em-avancos-de-garagens-no-conjunto-ayapua\/#breadcrumb\"},\"inLanguage\":\"pt-BR\",\"potentialAction\":[{\"@type\":\"ReadAction\",\"target\":[\"https:\/\/www.manaus.am.gov.br\/implurb\/implurb-finaliza-serie-de-demolicoes-em-avancos-de-garagens-no-conjunto-ayapua\/\"]}]},{\"@type\":\"BreadcrumbList\",\"@id\":\"https:\/\/www.manaus.am.gov.br\/implurb\/implurb-finaliza-serie-de-demolicoes-em-avancos-de-garagens-no-conjunto-ayapua\/#breadcrumb\",\"itemListElement\":[{\"@type\":\"ListItem\",\"position\":1,\"name\":\"Home\",\"item\":\"https:\/\/www.manaus.am.gov.br\/implurb\/\"},{\"@type\":\"ListItem\",\"position\":2,\"name\":\"Implurb finaliza s\u00e9rie de demoli\u00e7\u00f5es em avan\u00e7os de garagens no conjunto Ayapu\u00e1\"}]},{\"@type\":\"WebSite\",\"@id\":\"https:\/\/www.manaus.am.gov.br\/implurb\/#website\",\"url\":\"https:\/\/www.manaus.am.gov.br\/implurb\/\",\"name\":\"IMPLURB\",\"description\":\"Prefeitura de Manaus\",\"potentialAction\":[{\"@type\":\"SearchAction\",\"target\":{\"@type\":\"EntryPoint\",\"urlTemplate\":\"https:\/\/www.manaus.am.gov.br\/implurb\/?s={search_term_string}\"},\"query-input\":\"required name=search_term_string\"}],\"inLanguage\":\"pt-BR\"},{\"@type\":\"Person\",\"@id\":\"https:\/\/www.manaus.am.gov.br\/implurb\/#\/schema\/person\/fe69d2249d78e7a3112d42bc34c44a58\",\"name\":\"Glauber Farias\",\"image\":{\"@type\":\"ImageObject\",\"inLanguage\":\"pt-BR\",\"@id\":\"https:\/\/www.manaus.am.gov.br\/implurb\/#\/schema\/person\/image\/\",\"url\":\"https:\/\/secure.gravatar.com\/avatar\/eb33200ffd19538372f635b2165531c0?s=96&d=mm&r=g\",\"contentUrl\":\"https:\/\/secure.gravatar.com\/avatar\/eb33200ffd19538372f635b2165531c0?s=96&d=mm&r=g\",\"caption\":\"Glauber Farias\"}}]}<\/script>\n<!-- \/ Yoast SEO plugin. -->","yoast_head_json":{"title":"Implurb finaliza s\u00e9rie de demoli\u00e7\u00f5es em avan\u00e7os de garagens no conjunto Ayapu\u00e1 - IMPLURB","robots":{"index":"noindex","follow":"follow"},"og_locale":"pt_BR","og_type":"article","og_title":"Implurb finaliza s\u00e9rie de demoli\u00e7\u00f5es em avan\u00e7os de garagens no conjunto Ayapu\u00e1 - IMPLURB","og_url":"https:\/\/www.manaus.am.gov.br\/implurb\/implurb-finaliza-serie-de-demolicoes-em-avancos-de-garagens-no-conjunto-ayapua\/","og_site_name":"IMPLURB","article_published_time":"2017-01-03T21:00:04+00:00","article_modified_time":"2023-12-05T15:25:36+00:00","author":"Glauber Farias","twitter_card":"summary_large_image","twitter_misc":{"Written by":"Glauber Farias","Est. reading time":"2 minutos"},"schema":{"@context":"https:\/\/schema.org","@graph":[{"@type":"WebPage","@id":"https:\/\/www.manaus.am.gov.br\/implurb\/implurb-finaliza-serie-de-demolicoes-em-avancos-de-garagens-no-conjunto-ayapua\/","url":"https:\/\/www.manaus.am.gov.br\/implurb\/implurb-finaliza-serie-de-demolicoes-em-avancos-de-garagens-no-conjunto-ayapua\/","name":"Implurb finaliza s\u00e9rie de demoli\u00e7\u00f5es em avan\u00e7os de garagens no conjunto Ayapu\u00e1 - IMPLURB","isPartOf":{"@id":"https:\/\/www.manaus.am.gov.br\/implurb\/#website"},"datePublished":"2017-01-03T21:00:04+00:00","dateModified":"2023-12-05T15:25:36+00:00","author":{"@id":"https:\/\/www.manaus.am.gov.br\/implurb\/#\/schema\/person\/fe69d2249d78e7a3112d42bc34c44a58"},"breadcrumb":{"@id":"https:\/\/www.manaus.am.gov.br\/implurb\/implurb-finaliza-serie-de-demolicoes-em-avancos-de-garagens-no-conjunto-ayapua\/#breadcrumb"},"inLanguage":"pt-BR","potentialAction":[{"@type":"ReadAction","target":["https:\/\/www.manaus.am.gov.br\/implurb\/implurb-finaliza-serie-de-demolicoes-em-avancos-de-garagens-no-conjunto-ayapua\/"]}]},{"@type":"BreadcrumbList","@id":"https:\/\/www.manaus.am.gov.br\/implurb\/implurb-finaliza-serie-de-demolicoes-em-avancos-de-garagens-no-conjunto-ayapua\/#breadcrumb","itemListElement":[{"@type":"ListItem","position":1,"name":"Home","item":"https:\/\/www.manaus.am.gov.br\/implurb\/"},{"@type":"ListItem","position":2,"name":"Implurb finaliza s\u00e9rie de demoli\u00e7\u00f5es em avan\u00e7os de garagens no conjunto Ayapu\u00e1"}]},{"@type":"WebSite","@id":"https:\/\/www.manaus.am.gov.br\/implurb\/#website","url":"https:\/\/www.manaus.am.gov.br\/implurb\/","name":"IMPLURB","description":"Prefeitura de Manaus","potentialAction":[{"@type":"SearchAction","target":{"@type":"EntryPoint","urlTemplate":"https:\/\/www.manaus.am.gov.br\/implurb\/?s={search_term_string}"},"query-input":"required name=search_term_string"}],"inLanguage":"pt-BR"},{"@type":"Person","@id":"https:\/\/www.manaus.am.gov.br\/implurb\/#\/schema\/person\/fe69d2249d78e7a3112d42bc34c44a58","name":"Glauber Farias","image":{"@type":"ImageObject","inLanguage":"pt-BR","@id":"https:\/\/www.manaus.am.gov.br\/implurb\/#\/schema\/person\/image\/","url":"https:\/\/secure.gravatar.com\/avatar\/eb33200ffd19538372f635b2165531c0?s=96&d=mm&r=g","contentUrl":"https:\/\/secure.gravatar.com\/avatar\/eb33200ffd19538372f635b2165531c0?s=96&d=mm&r=g","caption":"Glauber Farias"}}]}},"_links":{"self":[{"href":"https:\/\/www.manaus.am.gov.br\/implurb\/wp-json\/wp\/v2\/posts\/3164"}],"collection":[{"href":"https:\/\/www.manaus.am.gov.br\/implurb\/wp-json\/wp\/v2\/posts"}],"about":[{"href":"https:\/\/www.manaus.am.gov.br\/implurb\/wp-json\/wp\/v2\/types\/post"}],"author":[{"embeddable":true,"href":"https:\/\/www.manaus.am.gov.br\/implurb\/wp-json\/wp\/v2\/users\/8"}],"replies":[{"embeddable":true,"href":"https:\/\/www.manaus.am.gov.br\/implurb\/wp-json\/wp\/v2\/comments?post=3164"}],"version-history":[{"count":0,"href":"https:\/\/www.manaus.am.gov.br\/implurb\/wp-json\/wp\/v2\/posts\/3164\/revisions"}],"wp:attachment":[{"href":"https:\/\/www.manaus.am.gov.br\/implurb\/wp-json\/wp\/v2\/media?parent=3164"}],"wp:term":[{"taxonomy":"category","embeddable":true,"href":"https:\/\/www.manaus.am.gov.br\/implurb\/wp-json\/wp\/v2\/categories?post=3164"},{"taxonomy":"post_tag","embeddable":true,"href":"https:\/\/www.manaus.am.gov.br\/implurb\/wp-json\/wp\/v2\/tags?post=3164"}],"curies":[{"name":"wp","href":"https:\/\/api.w.org\/{rel}","templated":true}]}}