{"id":3163,"date":"2017-01-20T15:32:15","date_gmt":"2017-01-20T19:32:15","guid":{"rendered":"https:\/\/www.manaus.am.gov.br\/implurb\/equipe-do-implurb-avalia-andamento-de-projetos-de-revitalizacao\/"},"modified":"2023-12-05T11:25:27","modified_gmt":"2023-12-05T15:25:27","slug":"equipe-do-implurb-avalia-andamento-de-projetos-de-revitalizacao","status":"publish","type":"post","link":"https:\/\/www.manaus.am.gov.br\/implurb\/equipe-do-implurb-avalia-andamento-de-projetos-de-revitalizacao\/","title":{"rendered":"Equipe do Implurb avalia andamento de projetos de revitaliza\u00e7\u00e3o"},"content":{"rendered":"\n<p>Prospectando outros projetos urbanos para Manaus, o diretor-presidente do Instituto Municipal de Planejamento Urbano (Implurb), Claudio Guenka, visitou nesta sexta-feira, 20, as obras de revitaliza\u00e7\u00e3o no centro da cidade, acompanhado da equipe t\u00e9cnica e diretores do instituto. A visita incluiu pontos no Porto de Manaus e nas obras do entorno da avenida Eduardo Ribeiro.<\/p>\n\n\n\n<p>\u201cPercebo um grande resgate hist\u00f3rico da nossa cidade quando vemos o entorno do Centro, que tem a obra da Pra\u00e7a da Matriz em plena execu\u00e7\u00e3o e as pra\u00e7as Tenreiro Aranha e Adalberto Vale\u201d, diz Guenka. Os tr\u00eas espa\u00e7os de requalifica\u00e7\u00e3o fazem parte do PAC Cidades Hist\u00f3ricas, do Governo Federal.<\/p>\n\n\n\n<p>Para o presidente do Implurb, tamb\u00e9m \u00e9 v\u00e1lido ressaltar o novo conceito de resgate do porto central, devolvendo \u00e0 popula\u00e7\u00e3o boa parte da hist\u00f3ria e arquitetura do espa\u00e7o no s\u00e9culo 19. \u201cEsta \u00e9 uma prioridade da Prefeitura, como \u00e9 prioridade para a popula\u00e7\u00e3o tratar da cidade e sua hist\u00f3ria dignamente\u201d, destacou.<\/p>\n\n\n\n<p>A Pra\u00e7a da Matriz \u00e9 a maior obra em andamento na \u00e1rea, realizada pela Prefeitura, com projeto do Implurb, e aprova\u00e7\u00e3o do Instituto do Patrim\u00f4nio Hist\u00f3rico e Art\u00edstico Nacional (Iphan). Com a obra conclu\u00edda, a cidade ganhar\u00e1 um bonito e arborizado Largo da Matriz, onde ser\u00e3o destaques, al\u00e9m do pr\u00f3prio espa\u00e7o, o Rel\u00f3gio Municipal e o Obelisco, com a abertura de novos passeios p\u00fablicos.<\/p>\n\n\n\n<p>O projeto da Pra\u00e7a Tenreiro Aranha urbanisticamente visa resgatar o tra\u00e7ado do espa\u00e7o como na d\u00e9cada de 1920, com a recria\u00e7\u00e3o de parte dos jardins, abertura da via central e a transposi\u00e7\u00e3o do Pavilh\u00e3o Universal para a Pra\u00e7a Adalberto Valle, que passar\u00e1 por licita\u00e7\u00e3o. Composto de dois canteiros triangulares, o espa\u00e7o, mais arborizado, contar\u00e1 com o plantio de esp\u00e9cies tropicais, enquanto o outro lado ter\u00e1 o desenho dos antigos jardins resgatados na pagina\u00e7\u00e3o de pedras portuguesas brancas e pretas, com \u00e1rvores no per\u00edmetro.<\/p>\n\n\n\n<p>As ruas laterais ser\u00e3o resgatadas com paralelep\u00edpedos e a pavimenta\u00e7\u00e3o ser\u00e1 do tipo <em>paver &#8211; <\/em>pe\u00e7as pr\u00e9-moldadas de concreto. As vias ser\u00e3o para pedestres, recebendo balizadores.<\/p>\n\n\n\n<p>Conectada \u00e0 Pra\u00e7a Tenreiro Aranha, a Pra\u00e7a Adalberto Valle est\u00e1 num ponto de grande visibilidade, inclusive para o rio Negro, e ganhar\u00e1 o Pavilh\u00e3o restaurado no futuro, com entorno contendo jardins baixos e bancos. Na via lateral ser\u00e1 feito o resgate de pavimenta\u00e7\u00e3o e paralelep\u00edpedos. Uma nova via ser\u00e1 criada do lado Oeste da pra\u00e7a para o resgate do fluxo de tr\u00e2nsito como nos anos 20.<\/p>\n\n\n\n<p>Todas estas pra\u00e7as contempladas no programa est\u00e3o sendo adequadas quanto \u00e0s normas de acessibilidade, instala\u00e7\u00f5es de novos sistemas de ilumina\u00e7\u00e3o p\u00fablica, sinaliza\u00e7\u00e3o, mobili\u00e1rio urbano e paisagismo.<\/p>\n\n\n\n<p><strong>Foto: <\/strong>Divulga\u00e7\u00e3o<\/p>\n\n\n\n<p>Assessoria de Comunica\u00e7\u00e3o do Instituto Municipal de Planejamento Urbano (Implurb): 92 3625-6287<\/p>\n","protected":false},"excerpt":{"rendered":"","protected":false},"author":8,"featured_media":0,"comment_status":"closed","ping_status":"closed","sticky":false,"template":"","format":"standard","meta":{"footnotes":""},"categories":[33],"tags":[79,125,165],"acf":[],"yoast_head":"<!-- This site is optimized with the Yoast SEO plugin v23.0 - https:\/\/yoast.com\/wordpress\/plugins\/seo\/ -->\n<title>Equipe do Implurb avalia andamento de projetos de revitaliza\u00e7\u00e3o - IMPLURB<\/title>\n<meta name=\"robots\" content=\"noindex, follow\" \/>\n<meta property=\"og:locale\" content=\"pt_BR\" \/>\n<meta property=\"og:type\" content=\"article\" \/>\n<meta property=\"og:title\" content=\"Equipe do Implurb avalia andamento de projetos de revitaliza\u00e7\u00e3o - IMPLURB\" \/>\n<meta property=\"og:url\" content=\"https:\/\/www.manaus.am.gov.br\/implurb\/equipe-do-implurb-avalia-andamento-de-projetos-de-revitalizacao\/\" \/>\n<meta property=\"og:site_name\" content=\"IMPLURB\" \/>\n<meta property=\"article:published_time\" content=\"2017-01-20T19:32:15+00:00\" \/>\n<meta property=\"article:modified_time\" content=\"2023-12-05T15:25:27+00:00\" \/>\n<meta name=\"author\" content=\"Glauber Farias\" \/>\n<meta name=\"twitter:card\" content=\"summary_large_image\" \/>\n<meta name=\"twitter:label1\" content=\"Written by\" \/>\n\t<meta name=\"twitter:data1\" content=\"Glauber Farias\" \/>\n\t<meta name=\"twitter:label2\" content=\"Est. reading time\" \/>\n\t<meta name=\"twitter:data2\" content=\"3 minutos\" \/>\n<script type=\"application\/ld+json\" class=\"yoast-schema-graph\">{\"@context\":\"https:\/\/schema.org\",\"@graph\":[{\"@type\":\"WebPage\",\"@id\":\"https:\/\/www.manaus.am.gov.br\/implurb\/equipe-do-implurb-avalia-andamento-de-projetos-de-revitalizacao\/\",\"url\":\"https:\/\/www.manaus.am.gov.br\/implurb\/equipe-do-implurb-avalia-andamento-de-projetos-de-revitalizacao\/\",\"name\":\"Equipe do Implurb avalia andamento de projetos de revitaliza\u00e7\u00e3o - IMPLURB\",\"isPartOf\":{\"@id\":\"https:\/\/www.manaus.am.gov.br\/implurb\/#website\"},\"datePublished\":\"2017-01-20T19:32:15+00:00\",\"dateModified\":\"2023-12-05T15:25:27+00:00\",\"author\":{\"@id\":\"https:\/\/www.manaus.am.gov.br\/implurb\/#\/schema\/person\/fe69d2249d78e7a3112d42bc34c44a58\"},\"breadcrumb\":{\"@id\":\"https:\/\/www.manaus.am.gov.br\/implurb\/equipe-do-implurb-avalia-andamento-de-projetos-de-revitalizacao\/#breadcrumb\"},\"inLanguage\":\"pt-BR\",\"potentialAction\":[{\"@type\":\"ReadAction\",\"target\":[\"https:\/\/www.manaus.am.gov.br\/implurb\/equipe-do-implurb-avalia-andamento-de-projetos-de-revitalizacao\/\"]}]},{\"@type\":\"BreadcrumbList\",\"@id\":\"https:\/\/www.manaus.am.gov.br\/implurb\/equipe-do-implurb-avalia-andamento-de-projetos-de-revitalizacao\/#breadcrumb\",\"itemListElement\":[{\"@type\":\"ListItem\",\"position\":1,\"name\":\"Home\",\"item\":\"https:\/\/www.manaus.am.gov.br\/implurb\/\"},{\"@type\":\"ListItem\",\"position\":2,\"name\":\"Equipe do Implurb avalia andamento de projetos de revitaliza\u00e7\u00e3o\"}]},{\"@type\":\"WebSite\",\"@id\":\"https:\/\/www.manaus.am.gov.br\/implurb\/#website\",\"url\":\"https:\/\/www.manaus.am.gov.br\/implurb\/\",\"name\":\"IMPLURB\",\"description\":\"Prefeitura de Manaus\",\"potentialAction\":[{\"@type\":\"SearchAction\",\"target\":{\"@type\":\"EntryPoint\",\"urlTemplate\":\"https:\/\/www.manaus.am.gov.br\/implurb\/?s={search_term_string}\"},\"query-input\":\"required name=search_term_string\"}],\"inLanguage\":\"pt-BR\"},{\"@type\":\"Person\",\"@id\":\"https:\/\/www.manaus.am.gov.br\/implurb\/#\/schema\/person\/fe69d2249d78e7a3112d42bc34c44a58\",\"name\":\"Glauber Farias\",\"image\":{\"@type\":\"ImageObject\",\"inLanguage\":\"pt-BR\",\"@id\":\"https:\/\/www.manaus.am.gov.br\/implurb\/#\/schema\/person\/image\/\",\"url\":\"https:\/\/secure.gravatar.com\/avatar\/eb33200ffd19538372f635b2165531c0?s=96&d=mm&r=g\",\"contentUrl\":\"https:\/\/secure.gravatar.com\/avatar\/eb33200ffd19538372f635b2165531c0?s=96&d=mm&r=g\",\"caption\":\"Glauber Farias\"}}]}<\/script>\n<!-- \/ Yoast SEO plugin. -->","yoast_head_json":{"title":"Equipe do Implurb avalia andamento de projetos de revitaliza\u00e7\u00e3o - IMPLURB","robots":{"index":"noindex","follow":"follow"},"og_locale":"pt_BR","og_type":"article","og_title":"Equipe do Implurb avalia andamento de projetos de revitaliza\u00e7\u00e3o - IMPLURB","og_url":"https:\/\/www.manaus.am.gov.br\/implurb\/equipe-do-implurb-avalia-andamento-de-projetos-de-revitalizacao\/","og_site_name":"IMPLURB","article_published_time":"2017-01-20T19:32:15+00:00","article_modified_time":"2023-12-05T15:25:27+00:00","author":"Glauber Farias","twitter_card":"summary_large_image","twitter_misc":{"Written by":"Glauber Farias","Est. reading time":"3 minutos"},"schema":{"@context":"https:\/\/schema.org","@graph":[{"@type":"WebPage","@id":"https:\/\/www.manaus.am.gov.br\/implurb\/equipe-do-implurb-avalia-andamento-de-projetos-de-revitalizacao\/","url":"https:\/\/www.manaus.am.gov.br\/implurb\/equipe-do-implurb-avalia-andamento-de-projetos-de-revitalizacao\/","name":"Equipe do Implurb avalia andamento de projetos de revitaliza\u00e7\u00e3o - IMPLURB","isPartOf":{"@id":"https:\/\/www.manaus.am.gov.br\/implurb\/#website"},"datePublished":"2017-01-20T19:32:15+00:00","dateModified":"2023-12-05T15:25:27+00:00","author":{"@id":"https:\/\/www.manaus.am.gov.br\/implurb\/#\/schema\/person\/fe69d2249d78e7a3112d42bc34c44a58"},"breadcrumb":{"@id":"https:\/\/www.manaus.am.gov.br\/implurb\/equipe-do-implurb-avalia-andamento-de-projetos-de-revitalizacao\/#breadcrumb"},"inLanguage":"pt-BR","potentialAction":[{"@type":"ReadAction","target":["https:\/\/www.manaus.am.gov.br\/implurb\/equipe-do-implurb-avalia-andamento-de-projetos-de-revitalizacao\/"]}]},{"@type":"BreadcrumbList","@id":"https:\/\/www.manaus.am.gov.br\/implurb\/equipe-do-implurb-avalia-andamento-de-projetos-de-revitalizacao\/#breadcrumb","itemListElement":[{"@type":"ListItem","position":1,"name":"Home","item":"https:\/\/www.manaus.am.gov.br\/implurb\/"},{"@type":"ListItem","position":2,"name":"Equipe do Implurb avalia andamento de projetos de revitaliza\u00e7\u00e3o"}]},{"@type":"WebSite","@id":"https:\/\/www.manaus.am.gov.br\/implurb\/#website","url":"https:\/\/www.manaus.am.gov.br\/implurb\/","name":"IMPLURB","description":"Prefeitura de Manaus","potentialAction":[{"@type":"SearchAction","target":{"@type":"EntryPoint","urlTemplate":"https:\/\/www.manaus.am.gov.br\/implurb\/?s={search_term_string}"},"query-input":"required name=search_term_string"}],"inLanguage":"pt-BR"},{"@type":"Person","@id":"https:\/\/www.manaus.am.gov.br\/implurb\/#\/schema\/person\/fe69d2249d78e7a3112d42bc34c44a58","name":"Glauber Farias","image":{"@type":"ImageObject","inLanguage":"pt-BR","@id":"https:\/\/www.manaus.am.gov.br\/implurb\/#\/schema\/person\/image\/","url":"https:\/\/secure.gravatar.com\/avatar\/eb33200ffd19538372f635b2165531c0?s=96&d=mm&r=g","contentUrl":"https:\/\/secure.gravatar.com\/avatar\/eb33200ffd19538372f635b2165531c0?s=96&d=mm&r=g","caption":"Glauber Farias"}}]}},"_links":{"self":[{"href":"https:\/\/www.manaus.am.gov.br\/implurb\/wp-json\/wp\/v2\/posts\/3163"}],"collection":[{"href":"https:\/\/www.manaus.am.gov.br\/implurb\/wp-json\/wp\/v2\/posts"}],"about":[{"href":"https:\/\/www.manaus.am.gov.br\/implurb\/wp-json\/wp\/v2\/types\/post"}],"author":[{"embeddable":true,"href":"https:\/\/www.manaus.am.gov.br\/implurb\/wp-json\/wp\/v2\/users\/8"}],"replies":[{"embeddable":true,"href":"https:\/\/www.manaus.am.gov.br\/implurb\/wp-json\/wp\/v2\/comments?post=3163"}],"version-history":[{"count":0,"href":"https:\/\/www.manaus.am.gov.br\/implurb\/wp-json\/wp\/v2\/posts\/3163\/revisions"}],"wp:attachment":[{"href":"https:\/\/www.manaus.am.gov.br\/implurb\/wp-json\/wp\/v2\/media?parent=3163"}],"wp:term":[{"taxonomy":"category","embeddable":true,"href":"https:\/\/www.manaus.am.gov.br\/implurb\/wp-json\/wp\/v2\/categories?post=3163"},{"taxonomy":"post_tag","embeddable":true,"href":"https:\/\/www.manaus.am.gov.br\/implurb\/wp-json\/wp\/v2\/tags?post=3163"}],"curies":[{"name":"wp","href":"https:\/\/api.w.org\/{rel}","templated":true}]}}