{"id":3162,"date":"2017-02-14T14:12:08","date_gmt":"2017-02-14T18:12:08","guid":{"rendered":"https:\/\/www.manaus.am.gov.br\/implurb\/implurb-da-inicio-a-reordenamento-de-passagens-e-areas-ocupadas-irregularmente-no-manoa\/"},"modified":"2023-12-05T11:25:15","modified_gmt":"2023-12-05T15:25:15","slug":"implurb-da-inicio-a-reordenamento-de-passagens-e-areas-ocupadas-irregularmente-no-manoa","status":"publish","type":"post","link":"https:\/\/www.manaus.am.gov.br\/implurb\/implurb-da-inicio-a-reordenamento-de-passagens-e-areas-ocupadas-irregularmente-no-manoa\/","title":{"rendered":"Implurb d\u00e1 in\u00edcio a reordenamento de passagens e \u00e1reas ocupadas irregularmente no Manoa"},"content":{"rendered":"\n<p>Constru\u00e7\u00f5es e avan\u00e7os irregulares em \u00e1reas p\u00fablicas e de servid\u00e3o de passagens (\u00e1rea destinada \u00e0 passagem p\u00fablica de pedestres entre lotes) no conjunto Manoa, Cidade Nova, zona Norte, come\u00e7aram a ser demolidos nesta ter\u00e7a-feira, 14, em a\u00e7\u00e3o integrada coordenada pelo Gabinete de Gest\u00e3o Integrada do Munic\u00edpio (GGIM), solicitada pelo Instituto Municipal de Planejamento Urbano (Implurb).<\/p>\n\n\n\n<p>Neste primeiro dia de a\u00e7\u00e3o, foram realizadas as demoli\u00e7\u00f5es de dois muros que obstru\u00edam a passagem de pedestres e a livre circula\u00e7\u00e3o. Tamb\u00e9m foram retiradas estruturas met\u00e1licas e toldos encontrados nas passagens de pedestres.<\/p>\n\n\n\n<p>\u201cEstamos realizando uma a\u00e7\u00e3o administrativa para retirar os obst\u00e1culos constru\u00eddos nas passagens de servid\u00e3o, que impedem o livre direito de ir e vir. Nossa recomenda\u00e7\u00e3o \u00e9 que o propriet\u00e1rio sempre procure os \u00f3rg\u00e3os da prefeitura para verificar qual o destino da \u00e1rea. \u00c1reas p\u00fablicas n\u00e3o s\u00e3o pass\u00edveis de regulariza\u00e7\u00e3o e sua ocupa\u00e7\u00e3o acarreta em preju\u00edzo a todos, ficando os respons\u00e1veis sujeitos a penalidades previstas em lei, como o Plano Diretor de Manaus\u201d, explica a chefe da Divis\u00e3o de Controle (Dicon), Maria Aparecida Froz.<\/p>\n\n\n\n<p>Foram localizadas ilegalidades em obras como constru\u00e7\u00f5es de muros, em sua maioria, com avan\u00e7os em 14 vias s\u00f3 do Manoa, que v\u00e3o passar por reordenamento urbano. Durante a a\u00e7\u00e3o, os propriet\u00e1rios foram notificados a fazer os devidos recuos e as demoli\u00e7\u00f5es volunt\u00e1rias. Caso n\u00e3o fa\u00e7am, ser\u00e1 realizada a\u00e7\u00e3o de demoli\u00e7\u00e3o administrativa. O pedido atende ainda uma a\u00e7\u00e3o civil p\u00fablica que tramita na 62\u00aa Promotoria de Justi\u00e7a Especializada de Prote\u00e7\u00e3o e Defesa da Ordem Urban\u00edstica.<\/p>\n\n\n\n<p>Participam da opera\u00e7\u00e3o, que continuar\u00e1 todas as ter\u00e7as e quintas-feiras, al\u00e9m do Implurb, as secretarias municipais de Infraestrutura (Seminf) e Limpeza Urbana (Semulsp), Casa Militar, Guarda Municipal, Pol\u00edcia Militar, e Instituto Municipal de Engenharia e Fiscaliza\u00e7\u00e3o do Tr\u00e2nsito (Manaustrans).<\/p>\n\n\n\n<p><strong>Fotos: <\/strong>Karla Vieira \/ Semcom<\/p>\n\n\n\n<p><strong>Dispon\u00edveis em<\/strong>: <a href=\"https:\/\/flic.kr\/s\/aHskUtrY5X\">https:\/\/flic.kr\/s\/aHskUtrY5X<\/a><\/p>\n\n\n\n<p>Assessoria de Comunica\u00e7\u00e3o do Instituto Municipal de Planejamento Urbano (Implurb): 92 3625-6287<\/p>\n","protected":false},"excerpt":{"rendered":"","protected":false},"author":8,"featured_media":0,"comment_status":"closed","ping_status":"closed","sticky":false,"template":"","format":"standard","meta":{"footnotes":""},"categories":[194],"tags":[346,884,347,885],"acf":[],"yoast_head":"<!-- This site is optimized with the Yoast SEO plugin v23.0 - https:\/\/yoast.com\/wordpress\/plugins\/seo\/ -->\n<title>Implurb d\u00e1 in\u00edcio a reordenamento de passagens e \u00e1reas ocupadas irregularmente no Manoa - IMPLURB<\/title>\n<meta name=\"robots\" content=\"noindex, follow\" \/>\n<meta property=\"og:locale\" content=\"pt_BR\" \/>\n<meta property=\"og:type\" content=\"article\" \/>\n<meta property=\"og:title\" content=\"Implurb d\u00e1 in\u00edcio a reordenamento de passagens e \u00e1reas ocupadas irregularmente no Manoa - IMPLURB\" \/>\n<meta property=\"og:url\" content=\"https:\/\/www.manaus.am.gov.br\/implurb\/implurb-da-inicio-a-reordenamento-de-passagens-e-areas-ocupadas-irregularmente-no-manoa\/\" \/>\n<meta property=\"og:site_name\" content=\"IMPLURB\" \/>\n<meta property=\"article:published_time\" content=\"2017-02-14T18:12:08+00:00\" \/>\n<meta property=\"article:modified_time\" content=\"2023-12-05T15:25:15+00:00\" \/>\n<meta name=\"author\" content=\"Glauber Farias\" \/>\n<meta name=\"twitter:card\" content=\"summary_large_image\" \/>\n<meta name=\"twitter:label1\" content=\"Written by\" \/>\n\t<meta name=\"twitter:data1\" content=\"Glauber Farias\" \/>\n\t<meta name=\"twitter:label2\" content=\"Est. reading time\" \/>\n\t<meta name=\"twitter:data2\" content=\"2 minutos\" \/>\n<script type=\"application\/ld+json\" class=\"yoast-schema-graph\">{\"@context\":\"https:\/\/schema.org\",\"@graph\":[{\"@type\":\"WebPage\",\"@id\":\"https:\/\/www.manaus.am.gov.br\/implurb\/implurb-da-inicio-a-reordenamento-de-passagens-e-areas-ocupadas-irregularmente-no-manoa\/\",\"url\":\"https:\/\/www.manaus.am.gov.br\/implurb\/implurb-da-inicio-a-reordenamento-de-passagens-e-areas-ocupadas-irregularmente-no-manoa\/\",\"name\":\"Implurb d\u00e1 in\u00edcio a reordenamento de passagens e \u00e1reas ocupadas irregularmente no Manoa - IMPLURB\",\"isPartOf\":{\"@id\":\"https:\/\/www.manaus.am.gov.br\/implurb\/#website\"},\"datePublished\":\"2017-02-14T18:12:08+00:00\",\"dateModified\":\"2023-12-05T15:25:15+00:00\",\"author\":{\"@id\":\"https:\/\/www.manaus.am.gov.br\/implurb\/#\/schema\/person\/fe69d2249d78e7a3112d42bc34c44a58\"},\"breadcrumb\":{\"@id\":\"https:\/\/www.manaus.am.gov.br\/implurb\/implurb-da-inicio-a-reordenamento-de-passagens-e-areas-ocupadas-irregularmente-no-manoa\/#breadcrumb\"},\"inLanguage\":\"pt-BR\",\"potentialAction\":[{\"@type\":\"ReadAction\",\"target\":[\"https:\/\/www.manaus.am.gov.br\/implurb\/implurb-da-inicio-a-reordenamento-de-passagens-e-areas-ocupadas-irregularmente-no-manoa\/\"]}]},{\"@type\":\"BreadcrumbList\",\"@id\":\"https:\/\/www.manaus.am.gov.br\/implurb\/implurb-da-inicio-a-reordenamento-de-passagens-e-areas-ocupadas-irregularmente-no-manoa\/#breadcrumb\",\"itemListElement\":[{\"@type\":\"ListItem\",\"position\":1,\"name\":\"Home\",\"item\":\"https:\/\/www.manaus.am.gov.br\/implurb\/\"},{\"@type\":\"ListItem\",\"position\":2,\"name\":\"Implurb d\u00e1 in\u00edcio a reordenamento de passagens e \u00e1reas ocupadas irregularmente no Manoa\"}]},{\"@type\":\"WebSite\",\"@id\":\"https:\/\/www.manaus.am.gov.br\/implurb\/#website\",\"url\":\"https:\/\/www.manaus.am.gov.br\/implurb\/\",\"name\":\"IMPLURB\",\"description\":\"Prefeitura de Manaus\",\"potentialAction\":[{\"@type\":\"SearchAction\",\"target\":{\"@type\":\"EntryPoint\",\"urlTemplate\":\"https:\/\/www.manaus.am.gov.br\/implurb\/?s={search_term_string}\"},\"query-input\":\"required name=search_term_string\"}],\"inLanguage\":\"pt-BR\"},{\"@type\":\"Person\",\"@id\":\"https:\/\/www.manaus.am.gov.br\/implurb\/#\/schema\/person\/fe69d2249d78e7a3112d42bc34c44a58\",\"name\":\"Glauber Farias\",\"image\":{\"@type\":\"ImageObject\",\"inLanguage\":\"pt-BR\",\"@id\":\"https:\/\/www.manaus.am.gov.br\/implurb\/#\/schema\/person\/image\/\",\"url\":\"https:\/\/secure.gravatar.com\/avatar\/eb33200ffd19538372f635b2165531c0?s=96&d=mm&r=g\",\"contentUrl\":\"https:\/\/secure.gravatar.com\/avatar\/eb33200ffd19538372f635b2165531c0?s=96&d=mm&r=g\",\"caption\":\"Glauber Farias\"}}]}<\/script>\n<!-- \/ Yoast SEO plugin. -->","yoast_head_json":{"title":"Implurb d\u00e1 in\u00edcio a reordenamento de passagens e \u00e1reas ocupadas irregularmente no Manoa - IMPLURB","robots":{"index":"noindex","follow":"follow"},"og_locale":"pt_BR","og_type":"article","og_title":"Implurb d\u00e1 in\u00edcio a reordenamento de passagens e \u00e1reas ocupadas irregularmente no Manoa - IMPLURB","og_url":"https:\/\/www.manaus.am.gov.br\/implurb\/implurb-da-inicio-a-reordenamento-de-passagens-e-areas-ocupadas-irregularmente-no-manoa\/","og_site_name":"IMPLURB","article_published_time":"2017-02-14T18:12:08+00:00","article_modified_time":"2023-12-05T15:25:15+00:00","author":"Glauber Farias","twitter_card":"summary_large_image","twitter_misc":{"Written by":"Glauber Farias","Est. reading time":"2 minutos"},"schema":{"@context":"https:\/\/schema.org","@graph":[{"@type":"WebPage","@id":"https:\/\/www.manaus.am.gov.br\/implurb\/implurb-da-inicio-a-reordenamento-de-passagens-e-areas-ocupadas-irregularmente-no-manoa\/","url":"https:\/\/www.manaus.am.gov.br\/implurb\/implurb-da-inicio-a-reordenamento-de-passagens-e-areas-ocupadas-irregularmente-no-manoa\/","name":"Implurb d\u00e1 in\u00edcio a reordenamento de passagens e \u00e1reas ocupadas irregularmente no Manoa - IMPLURB","isPartOf":{"@id":"https:\/\/www.manaus.am.gov.br\/implurb\/#website"},"datePublished":"2017-02-14T18:12:08+00:00","dateModified":"2023-12-05T15:25:15+00:00","author":{"@id":"https:\/\/www.manaus.am.gov.br\/implurb\/#\/schema\/person\/fe69d2249d78e7a3112d42bc34c44a58"},"breadcrumb":{"@id":"https:\/\/www.manaus.am.gov.br\/implurb\/implurb-da-inicio-a-reordenamento-de-passagens-e-areas-ocupadas-irregularmente-no-manoa\/#breadcrumb"},"inLanguage":"pt-BR","potentialAction":[{"@type":"ReadAction","target":["https:\/\/www.manaus.am.gov.br\/implurb\/implurb-da-inicio-a-reordenamento-de-passagens-e-areas-ocupadas-irregularmente-no-manoa\/"]}]},{"@type":"BreadcrumbList","@id":"https:\/\/www.manaus.am.gov.br\/implurb\/implurb-da-inicio-a-reordenamento-de-passagens-e-areas-ocupadas-irregularmente-no-manoa\/#breadcrumb","itemListElement":[{"@type":"ListItem","position":1,"name":"Home","item":"https:\/\/www.manaus.am.gov.br\/implurb\/"},{"@type":"ListItem","position":2,"name":"Implurb d\u00e1 in\u00edcio a reordenamento de passagens e \u00e1reas ocupadas irregularmente no Manoa"}]},{"@type":"WebSite","@id":"https:\/\/www.manaus.am.gov.br\/implurb\/#website","url":"https:\/\/www.manaus.am.gov.br\/implurb\/","name":"IMPLURB","description":"Prefeitura de Manaus","potentialAction":[{"@type":"SearchAction","target":{"@type":"EntryPoint","urlTemplate":"https:\/\/www.manaus.am.gov.br\/implurb\/?s={search_term_string}"},"query-input":"required name=search_term_string"}],"inLanguage":"pt-BR"},{"@type":"Person","@id":"https:\/\/www.manaus.am.gov.br\/implurb\/#\/schema\/person\/fe69d2249d78e7a3112d42bc34c44a58","name":"Glauber Farias","image":{"@type":"ImageObject","inLanguage":"pt-BR","@id":"https:\/\/www.manaus.am.gov.br\/implurb\/#\/schema\/person\/image\/","url":"https:\/\/secure.gravatar.com\/avatar\/eb33200ffd19538372f635b2165531c0?s=96&d=mm&r=g","contentUrl":"https:\/\/secure.gravatar.com\/avatar\/eb33200ffd19538372f635b2165531c0?s=96&d=mm&r=g","caption":"Glauber Farias"}}]}},"_links":{"self":[{"href":"https:\/\/www.manaus.am.gov.br\/implurb\/wp-json\/wp\/v2\/posts\/3162"}],"collection":[{"href":"https:\/\/www.manaus.am.gov.br\/implurb\/wp-json\/wp\/v2\/posts"}],"about":[{"href":"https:\/\/www.manaus.am.gov.br\/implurb\/wp-json\/wp\/v2\/types\/post"}],"author":[{"embeddable":true,"href":"https:\/\/www.manaus.am.gov.br\/implurb\/wp-json\/wp\/v2\/users\/8"}],"replies":[{"embeddable":true,"href":"https:\/\/www.manaus.am.gov.br\/implurb\/wp-json\/wp\/v2\/comments?post=3162"}],"version-history":[{"count":0,"href":"https:\/\/www.manaus.am.gov.br\/implurb\/wp-json\/wp\/v2\/posts\/3162\/revisions"}],"wp:attachment":[{"href":"https:\/\/www.manaus.am.gov.br\/implurb\/wp-json\/wp\/v2\/media?parent=3162"}],"wp:term":[{"taxonomy":"category","embeddable":true,"href":"https:\/\/www.manaus.am.gov.br\/implurb\/wp-json\/wp\/v2\/categories?post=3162"},{"taxonomy":"post_tag","embeddable":true,"href":"https:\/\/www.manaus.am.gov.br\/implurb\/wp-json\/wp\/v2\/tags?post=3162"}],"curies":[{"name":"wp","href":"https:\/\/api.w.org\/{rel}","templated":true}]}}