{"id":3160,"date":"2017-05-18T15:11:49","date_gmt":"2017-05-18T19:11:49","guid":{"rendered":"https:\/\/www.manaus.am.gov.br\/implurb\/implurb-da-inicio-a-demolicao-e-retirada-de-tres-quiosques-na-ponta-negra\/"},"modified":"2023-12-05T11:24:54","modified_gmt":"2023-12-05T15:24:54","slug":"implurb-da-inicio-a-demolicao-e-retirada-de-tres-quiosques-na-ponta-negra","status":"publish","type":"post","link":"https:\/\/www.manaus.am.gov.br\/implurb\/implurb-da-inicio-a-demolicao-e-retirada-de-tres-quiosques-na-ponta-negra\/","title":{"rendered":"Implurb d\u00e1 in\u00edcio \u00e0 demoli\u00e7\u00e3o e retirada de tr\u00eas quiosques na Ponta Negra"},"content":{"rendered":"\n<p>Tr\u00eas quiosques constru\u00eddos na primeira etapa do Complexo Tur\u00edstico Ponta Negra come\u00e7aram a ser demolidos e retirados nesta quinta-feira, 18\/5, ap\u00f3s os permission\u00e1rios terem os contratos rescindidos a pedido das pr\u00f3prias partes com o Instituto Municipal de Planejamento Urbano (Implurb).<\/p>\n\n\n\n<p>O primeiro quiosque demolido hoje foi o da temaqueria, cujo propriet\u00e1rio assinou no \u00faltimo m\u00eas de mar\u00e7o termo de rescis\u00e3o amig\u00e1vel da permiss\u00e3o, solicitando ainda a demoli\u00e7\u00e3o administrativa. A rescis\u00e3o de acordo entre as partes foi publicada no Di\u00e1rio Oficial do Munic\u00edpio de 18 de abril, seguindo toda a tramita\u00e7\u00e3o jur\u00eddica e administrativa.<\/p>\n\n\n\n<p>O quiosque da choperia solicitou rescis\u00e3o amig\u00e1vel da permiss\u00e3o de uso firmada em 2015, de \u00e1rea p\u00fablica do munic\u00edpio, em 30 de janeiro deste ano, e a publica\u00e7\u00e3o no DOM, ap\u00f3s todos os procedimentos serem realizados, ocorreu no dia 3 de maio.<\/p>\n\n\n\n<p>O terceiro quiosque que teve contrato rescindido a pedido do propriet\u00e1rio, ap\u00f3s atender toda a tramita\u00e7\u00e3o legal, foi o de comida regional, cuja permiss\u00e3o datava tamb\u00e9m de 2015. A rescis\u00e3o consta no DOM do dia 25 de abril de 2017.<\/p>\n\n\n\n<p>&#8220;Os quiosques foram devolvidos pelos permission\u00e1rios e para evitar o mau uso e abandono dos mesmos, realizamos os tr\u00e2mites cab\u00edveis que culminaram com a a\u00e7\u00e3o de demoli\u00e7\u00e3o administrativa. Com isso, garantimos tamb\u00e9m um melhor funcionamento do complexo e maior seguran\u00e7a aos seus frequentadores&#8221;, afirma o diretor-presidente do Implurb, engenheiro Cl\u00e1udio Guenka.<\/p>\n\n\n\n<p>Para Guenka, a a\u00e7\u00e3o vai permitir ainda retomar as tratativas com o Tribunal de Contas do Estado (TCE), que em 2016 suspendeu a licita\u00e7\u00e3o de cinco novos quiosques. &#8220;J\u00e1 apresentamos nossa defesa no processo e esperamos, agora, ap\u00f3s an\u00e1lise do TCE, retomar as obras de constru\u00e7\u00e3o dos quiosques no novo padr\u00e3o&#8221;.<\/p>\n\n\n\n<p>No local dos tr\u00eas mobili\u00e1rios em demoli\u00e7\u00e3o ser\u00e1 feita uma recomposi\u00e7\u00e3o de piso, paisagismo e requalifica\u00e7\u00e3o urbana, n\u00e3o havendo projeto para constru\u00e7\u00e3o de novos quiosques nos locais. A demoli\u00e7\u00e3o completa deve ser conclu\u00edda na tarde desta sexta-feira, 19.<\/p>\n\n\n\n<p>Todo mobili\u00e1rio que visa \u00e0 atividade econ\u00f4mica no complexo \u00e9 licitado, atendendo ao princ\u00edpio da igualdade e pautado pelos princ\u00edpios mais caros \u00e0 Administra\u00e7\u00e3o P\u00fablica, como Legalidade, Publicidade, Isonomia e Moralidade.<\/p>\n\n\n\n<p><strong>Contrato<\/strong><\/p>\n\n\n\n<p>Segundo o termo de permiss\u00e3o de uso assinado pelos permission\u00e1rios, na Cl\u00e1usula D\u00e9cima \u2013 Rescis\u00e3o de Pleno Direito e da Caducidade, o Implurb poder\u00e1 rescindir, administrativamente, a permiss\u00e3o de uso, reconhecidos os seus direitos na Lei Federal 8.666, de 1993, e na Lei 8.883, de 1994.<\/p>\n\n\n\n<p><strong>Fotos: <\/strong>Altemar Alc\u00e2ntara \/ Semcom<\/p>\n\n\n\n<p><strong>Dispon\u00edveis em:<\/strong> <a href=\"https:\/\/flic.kr\/s\/aHskX54QPs\">https:\/\/flic.kr\/s\/aHskX54QPs<\/a><\/p>\n\n\n\n<p>Assessoria de Comunica\u00e7\u00e3o do Instituto Municipal de Planejamento Urbano (Implurb): (92) 3625-6287<\/p>\n","protected":false},"excerpt":{"rendered":"","protected":false},"author":8,"featured_media":0,"comment_status":"closed","ping_status":"closed","sticky":false,"template":"","format":"standard","meta":{"footnotes":""},"categories":[173],"tags":[],"acf":[],"yoast_head":"<!-- This site is optimized with the Yoast SEO plugin v23.0 - https:\/\/yoast.com\/wordpress\/plugins\/seo\/ -->\n<title>Implurb d\u00e1 in\u00edcio \u00e0 demoli\u00e7\u00e3o e retirada de tr\u00eas quiosques na Ponta Negra - IMPLURB<\/title>\n<meta name=\"robots\" content=\"noindex, follow\" \/>\n<meta property=\"og:locale\" content=\"pt_BR\" \/>\n<meta property=\"og:type\" content=\"article\" \/>\n<meta property=\"og:title\" content=\"Implurb d\u00e1 in\u00edcio \u00e0 demoli\u00e7\u00e3o e retirada de tr\u00eas quiosques na Ponta Negra - IMPLURB\" \/>\n<meta property=\"og:url\" content=\"https:\/\/www.manaus.am.gov.br\/implurb\/implurb-da-inicio-a-demolicao-e-retirada-de-tres-quiosques-na-ponta-negra\/\" \/>\n<meta property=\"og:site_name\" content=\"IMPLURB\" \/>\n<meta property=\"article:published_time\" content=\"2017-05-18T19:11:49+00:00\" \/>\n<meta property=\"article:modified_time\" content=\"2023-12-05T15:24:54+00:00\" \/>\n<meta name=\"author\" content=\"Glauber Farias\" \/>\n<meta name=\"twitter:card\" content=\"summary_large_image\" \/>\n<meta name=\"twitter:label1\" content=\"Written by\" \/>\n\t<meta name=\"twitter:data1\" content=\"Glauber Farias\" \/>\n\t<meta name=\"twitter:label2\" content=\"Est. reading time\" \/>\n\t<meta name=\"twitter:data2\" content=\"3 minutos\" \/>\n<script type=\"application\/ld+json\" class=\"yoast-schema-graph\">{\"@context\":\"https:\/\/schema.org\",\"@graph\":[{\"@type\":\"WebPage\",\"@id\":\"https:\/\/www.manaus.am.gov.br\/implurb\/implurb-da-inicio-a-demolicao-e-retirada-de-tres-quiosques-na-ponta-negra\/\",\"url\":\"https:\/\/www.manaus.am.gov.br\/implurb\/implurb-da-inicio-a-demolicao-e-retirada-de-tres-quiosques-na-ponta-negra\/\",\"name\":\"Implurb d\u00e1 in\u00edcio \u00e0 demoli\u00e7\u00e3o e retirada de tr\u00eas quiosques na Ponta Negra - IMPLURB\",\"isPartOf\":{\"@id\":\"https:\/\/www.manaus.am.gov.br\/implurb\/#website\"},\"datePublished\":\"2017-05-18T19:11:49+00:00\",\"dateModified\":\"2023-12-05T15:24:54+00:00\",\"author\":{\"@id\":\"https:\/\/www.manaus.am.gov.br\/implurb\/#\/schema\/person\/fe69d2249d78e7a3112d42bc34c44a58\"},\"breadcrumb\":{\"@id\":\"https:\/\/www.manaus.am.gov.br\/implurb\/implurb-da-inicio-a-demolicao-e-retirada-de-tres-quiosques-na-ponta-negra\/#breadcrumb\"},\"inLanguage\":\"pt-BR\",\"potentialAction\":[{\"@type\":\"ReadAction\",\"target\":[\"https:\/\/www.manaus.am.gov.br\/implurb\/implurb-da-inicio-a-demolicao-e-retirada-de-tres-quiosques-na-ponta-negra\/\"]}]},{\"@type\":\"BreadcrumbList\",\"@id\":\"https:\/\/www.manaus.am.gov.br\/implurb\/implurb-da-inicio-a-demolicao-e-retirada-de-tres-quiosques-na-ponta-negra\/#breadcrumb\",\"itemListElement\":[{\"@type\":\"ListItem\",\"position\":1,\"name\":\"Home\",\"item\":\"https:\/\/www.manaus.am.gov.br\/implurb\/\"},{\"@type\":\"ListItem\",\"position\":2,\"name\":\"Implurb d\u00e1 in\u00edcio \u00e0 demoli\u00e7\u00e3o e retirada de tr\u00eas quiosques na Ponta Negra\"}]},{\"@type\":\"WebSite\",\"@id\":\"https:\/\/www.manaus.am.gov.br\/implurb\/#website\",\"url\":\"https:\/\/www.manaus.am.gov.br\/implurb\/\",\"name\":\"IMPLURB\",\"description\":\"Prefeitura de Manaus\",\"potentialAction\":[{\"@type\":\"SearchAction\",\"target\":{\"@type\":\"EntryPoint\",\"urlTemplate\":\"https:\/\/www.manaus.am.gov.br\/implurb\/?s={search_term_string}\"},\"query-input\":\"required name=search_term_string\"}],\"inLanguage\":\"pt-BR\"},{\"@type\":\"Person\",\"@id\":\"https:\/\/www.manaus.am.gov.br\/implurb\/#\/schema\/person\/fe69d2249d78e7a3112d42bc34c44a58\",\"name\":\"Glauber Farias\",\"image\":{\"@type\":\"ImageObject\",\"inLanguage\":\"pt-BR\",\"@id\":\"https:\/\/www.manaus.am.gov.br\/implurb\/#\/schema\/person\/image\/\",\"url\":\"https:\/\/secure.gravatar.com\/avatar\/eb33200ffd19538372f635b2165531c0?s=96&d=mm&r=g\",\"contentUrl\":\"https:\/\/secure.gravatar.com\/avatar\/eb33200ffd19538372f635b2165531c0?s=96&d=mm&r=g\",\"caption\":\"Glauber Farias\"}}]}<\/script>\n<!-- \/ Yoast SEO plugin. -->","yoast_head_json":{"title":"Implurb d\u00e1 in\u00edcio \u00e0 demoli\u00e7\u00e3o e retirada de tr\u00eas quiosques na Ponta Negra - IMPLURB","robots":{"index":"noindex","follow":"follow"},"og_locale":"pt_BR","og_type":"article","og_title":"Implurb d\u00e1 in\u00edcio \u00e0 demoli\u00e7\u00e3o e retirada de tr\u00eas quiosques na Ponta Negra - IMPLURB","og_url":"https:\/\/www.manaus.am.gov.br\/implurb\/implurb-da-inicio-a-demolicao-e-retirada-de-tres-quiosques-na-ponta-negra\/","og_site_name":"IMPLURB","article_published_time":"2017-05-18T19:11:49+00:00","article_modified_time":"2023-12-05T15:24:54+00:00","author":"Glauber Farias","twitter_card":"summary_large_image","twitter_misc":{"Written by":"Glauber Farias","Est. reading time":"3 minutos"},"schema":{"@context":"https:\/\/schema.org","@graph":[{"@type":"WebPage","@id":"https:\/\/www.manaus.am.gov.br\/implurb\/implurb-da-inicio-a-demolicao-e-retirada-de-tres-quiosques-na-ponta-negra\/","url":"https:\/\/www.manaus.am.gov.br\/implurb\/implurb-da-inicio-a-demolicao-e-retirada-de-tres-quiosques-na-ponta-negra\/","name":"Implurb d\u00e1 in\u00edcio \u00e0 demoli\u00e7\u00e3o e retirada de tr\u00eas quiosques na Ponta Negra - IMPLURB","isPartOf":{"@id":"https:\/\/www.manaus.am.gov.br\/implurb\/#website"},"datePublished":"2017-05-18T19:11:49+00:00","dateModified":"2023-12-05T15:24:54+00:00","author":{"@id":"https:\/\/www.manaus.am.gov.br\/implurb\/#\/schema\/person\/fe69d2249d78e7a3112d42bc34c44a58"},"breadcrumb":{"@id":"https:\/\/www.manaus.am.gov.br\/implurb\/implurb-da-inicio-a-demolicao-e-retirada-de-tres-quiosques-na-ponta-negra\/#breadcrumb"},"inLanguage":"pt-BR","potentialAction":[{"@type":"ReadAction","target":["https:\/\/www.manaus.am.gov.br\/implurb\/implurb-da-inicio-a-demolicao-e-retirada-de-tres-quiosques-na-ponta-negra\/"]}]},{"@type":"BreadcrumbList","@id":"https:\/\/www.manaus.am.gov.br\/implurb\/implurb-da-inicio-a-demolicao-e-retirada-de-tres-quiosques-na-ponta-negra\/#breadcrumb","itemListElement":[{"@type":"ListItem","position":1,"name":"Home","item":"https:\/\/www.manaus.am.gov.br\/implurb\/"},{"@type":"ListItem","position":2,"name":"Implurb d\u00e1 in\u00edcio \u00e0 demoli\u00e7\u00e3o e retirada de tr\u00eas quiosques na Ponta Negra"}]},{"@type":"WebSite","@id":"https:\/\/www.manaus.am.gov.br\/implurb\/#website","url":"https:\/\/www.manaus.am.gov.br\/implurb\/","name":"IMPLURB","description":"Prefeitura de Manaus","potentialAction":[{"@type":"SearchAction","target":{"@type":"EntryPoint","urlTemplate":"https:\/\/www.manaus.am.gov.br\/implurb\/?s={search_term_string}"},"query-input":"required name=search_term_string"}],"inLanguage":"pt-BR"},{"@type":"Person","@id":"https:\/\/www.manaus.am.gov.br\/implurb\/#\/schema\/person\/fe69d2249d78e7a3112d42bc34c44a58","name":"Glauber Farias","image":{"@type":"ImageObject","inLanguage":"pt-BR","@id":"https:\/\/www.manaus.am.gov.br\/implurb\/#\/schema\/person\/image\/","url":"https:\/\/secure.gravatar.com\/avatar\/eb33200ffd19538372f635b2165531c0?s=96&d=mm&r=g","contentUrl":"https:\/\/secure.gravatar.com\/avatar\/eb33200ffd19538372f635b2165531c0?s=96&d=mm&r=g","caption":"Glauber Farias"}}]}},"_links":{"self":[{"href":"https:\/\/www.manaus.am.gov.br\/implurb\/wp-json\/wp\/v2\/posts\/3160"}],"collection":[{"href":"https:\/\/www.manaus.am.gov.br\/implurb\/wp-json\/wp\/v2\/posts"}],"about":[{"href":"https:\/\/www.manaus.am.gov.br\/implurb\/wp-json\/wp\/v2\/types\/post"}],"author":[{"embeddable":true,"href":"https:\/\/www.manaus.am.gov.br\/implurb\/wp-json\/wp\/v2\/users\/8"}],"replies":[{"embeddable":true,"href":"https:\/\/www.manaus.am.gov.br\/implurb\/wp-json\/wp\/v2\/comments?post=3160"}],"version-history":[{"count":0,"href":"https:\/\/www.manaus.am.gov.br\/implurb\/wp-json\/wp\/v2\/posts\/3160\/revisions"}],"wp:attachment":[{"href":"https:\/\/www.manaus.am.gov.br\/implurb\/wp-json\/wp\/v2\/media?parent=3160"}],"wp:term":[{"taxonomy":"category","embeddable":true,"href":"https:\/\/www.manaus.am.gov.br\/implurb\/wp-json\/wp\/v2\/categories?post=3160"},{"taxonomy":"post_tag","embeddable":true,"href":"https:\/\/www.manaus.am.gov.br\/implurb\/wp-json\/wp\/v2\/tags?post=3160"}],"curies":[{"name":"wp","href":"https:\/\/api.w.org\/{rel}","templated":true}]}}