{"id":3146,"date":"2017-07-21T17:28:53","date_gmt":"2017-07-21T21:28:53","guid":{"rendered":"https:\/\/www.manaus.am.gov.br\/implurb\/implurb-interdita-obra-com-container-em-logradouro-publico-no-conjunto-castelo-branco\/"},"modified":"2023-12-05T08:27:51","modified_gmt":"2023-12-05T12:27:51","slug":"implurb-interdita-obra-com-container-em-logradouro-publico-no-conjunto-castelo-branco","status":"publish","type":"post","link":"https:\/\/www.manaus.am.gov.br\/implurb\/implurb-interdita-obra-com-container-em-logradouro-publico-no-conjunto-castelo-branco\/","title":{"rendered":"Implurb interdita obra com container em logradouro p\u00fablico no conjunto Castelo Branco"},"content":{"rendered":"\n<p>Atuando de forma preventiva e para evitar ocupa\u00e7\u00f5es irregulares em \u00e1rea p\u00fablica, fiscais do Instituto Municipal de Planejamento Urbano (Implurb), realizaram a interdi\u00e7\u00e3o de uma obra em container instalado na rua 40, esquina com a 39, s\/n, no conjunto Castelo Branco, Parque Dez, zona Centro-Sul de Manaus. A estrutura foi montada na \u00e1rea conhecida como \u201cburac\u00e3o\u201d, perto de uma rede de drenagem, em logradouro p\u00fablico, sem nenhuma licen\u00e7a.<\/p>\n\n\n\n<p>Como n\u00e3o \u00e9 pass\u00edvel de regulariza\u00e7\u00e3o, o propriet\u00e1rio foi notificado a fazer a retirada do container. Desde 2014, com a publica\u00e7\u00e3o da portaria 034, est\u00e3o suspensas as concess\u00f5es para novas permiss\u00f5es e autoriza\u00e7\u00f5es para instala\u00e7\u00f5es de mobili\u00e1rios urbanos de compet\u00eancia do Implurb. Uma das raz\u00f5es da portaria \u00e9 a adequa\u00e7\u00e3o ao Termo de Ajustamento de Conduta (TAC) firmado com o Minist\u00e9rio P\u00fablico do Estado, com vistas a regularizar a ocupa\u00e7\u00e3o e explora\u00e7\u00e3o dos espa\u00e7os p\u00fablicos por atividades econ\u00f4micas.<\/p>\n\n\n\n<p><strong>Ordem urbana<\/strong><\/p>\n\n\n\n<p>Al\u00e9m da quest\u00e3o de ordenamento urbano, bem nas redondezas do container irregular foi inaugurado, na \u00faltima quarta-feira, 19\/7, o Parque da Juventude Titio Barbosa, na divisa com o bairro da Uni\u00e3o. O local, que passou por requalifica\u00e7\u00e3o e revitaliza\u00e7\u00e3o com obra da Prefeitura de Manaus,&nbsp;agora possui pista de caminhada, playground, quadra de futebol, academia ao ar livre, al\u00e9m do refor\u00e7o na arboriza\u00e7\u00e3o e paisagismo, com o plantio de 621 mudas de esp\u00e9cies arb\u00f3reas (florestais e frut\u00edferas) e de 4.018 ornamentais.<\/p>\n\n\n\n<p>O parque tem 9.916m\u00b2 e \u00e9 a quarta \u00e1rea verde revitalizada pela Prefeitura, recuperando espa\u00e7os protegidos, antes degradados, a partir de medidas compensat\u00f3rias. Neste caso, a obra foi viabilizada por meio de medida compensat\u00f3ria firmada entre a Secretaria Municipal de Meio Ambiente e Sustentabilidade (Semmas) e as construtoras Colmeia e RD Engenharia, no valor de R$ 860 mil. O parque fica entre as ruas 39 e 42 do conjunto.<\/p>\n\n\n\n<p><strong>Fotos:<\/strong> Divulga\u00e7\u00e3o Implurb<\/p>\n\n\n\n<p>Assessoria de Comunica\u00e7\u00e3o do Instituto Municipal de Planejamento Urbano (Implurb): (92) 3625-6287<\/p>\n","protected":false},"excerpt":{"rendered":"","protected":false},"author":8,"featured_media":0,"comment_status":"closed","ping_status":"closed","sticky":false,"template":"","format":"standard","meta":{"footnotes":""},"categories":[173],"tags":[867,868,607,869,46,870],"acf":[],"yoast_head":"<!-- This site is optimized with the Yoast SEO plugin v23.0 - https:\/\/yoast.com\/wordpress\/plugins\/seo\/ -->\n<title>Implurb interdita obra com container em logradouro p\u00fablico no conjunto Castelo Branco - IMPLURB<\/title>\n<meta name=\"robots\" content=\"noindex, follow\" \/>\n<meta property=\"og:locale\" content=\"pt_BR\" \/>\n<meta property=\"og:type\" content=\"article\" \/>\n<meta property=\"og:title\" content=\"Implurb interdita obra com container em logradouro p\u00fablico no conjunto Castelo Branco - IMPLURB\" \/>\n<meta property=\"og:url\" content=\"https:\/\/www.manaus.am.gov.br\/implurb\/implurb-interdita-obra-com-container-em-logradouro-publico-no-conjunto-castelo-branco\/\" \/>\n<meta property=\"og:site_name\" content=\"IMPLURB\" \/>\n<meta property=\"article:published_time\" content=\"2017-07-21T21:28:53+00:00\" \/>\n<meta property=\"article:modified_time\" content=\"2023-12-05T12:27:51+00:00\" \/>\n<meta name=\"author\" content=\"Glauber Farias\" \/>\n<meta name=\"twitter:card\" content=\"summary_large_image\" \/>\n<meta name=\"twitter:label1\" content=\"Written by\" \/>\n\t<meta name=\"twitter:data1\" content=\"Glauber Farias\" \/>\n\t<meta name=\"twitter:label2\" content=\"Est. reading time\" \/>\n\t<meta name=\"twitter:data2\" content=\"2 minutos\" \/>\n<script type=\"application\/ld+json\" class=\"yoast-schema-graph\">{\"@context\":\"https:\/\/schema.org\",\"@graph\":[{\"@type\":\"WebPage\",\"@id\":\"https:\/\/www.manaus.am.gov.br\/implurb\/implurb-interdita-obra-com-container-em-logradouro-publico-no-conjunto-castelo-branco\/\",\"url\":\"https:\/\/www.manaus.am.gov.br\/implurb\/implurb-interdita-obra-com-container-em-logradouro-publico-no-conjunto-castelo-branco\/\",\"name\":\"Implurb interdita obra com container em logradouro p\u00fablico no conjunto Castelo Branco - IMPLURB\",\"isPartOf\":{\"@id\":\"https:\/\/www.manaus.am.gov.br\/implurb\/#website\"},\"datePublished\":\"2017-07-21T21:28:53+00:00\",\"dateModified\":\"2023-12-05T12:27:51+00:00\",\"author\":{\"@id\":\"https:\/\/www.manaus.am.gov.br\/implurb\/#\/schema\/person\/fe69d2249d78e7a3112d42bc34c44a58\"},\"breadcrumb\":{\"@id\":\"https:\/\/www.manaus.am.gov.br\/implurb\/implurb-interdita-obra-com-container-em-logradouro-publico-no-conjunto-castelo-branco\/#breadcrumb\"},\"inLanguage\":\"pt-BR\",\"potentialAction\":[{\"@type\":\"ReadAction\",\"target\":[\"https:\/\/www.manaus.am.gov.br\/implurb\/implurb-interdita-obra-com-container-em-logradouro-publico-no-conjunto-castelo-branco\/\"]}]},{\"@type\":\"BreadcrumbList\",\"@id\":\"https:\/\/www.manaus.am.gov.br\/implurb\/implurb-interdita-obra-com-container-em-logradouro-publico-no-conjunto-castelo-branco\/#breadcrumb\",\"itemListElement\":[{\"@type\":\"ListItem\",\"position\":1,\"name\":\"Home\",\"item\":\"https:\/\/www.manaus.am.gov.br\/implurb\/\"},{\"@type\":\"ListItem\",\"position\":2,\"name\":\"Implurb interdita obra com container em logradouro p\u00fablico no conjunto Castelo Branco\"}]},{\"@type\":\"WebSite\",\"@id\":\"https:\/\/www.manaus.am.gov.br\/implurb\/#website\",\"url\":\"https:\/\/www.manaus.am.gov.br\/implurb\/\",\"name\":\"IMPLURB\",\"description\":\"Prefeitura de Manaus\",\"potentialAction\":[{\"@type\":\"SearchAction\",\"target\":{\"@type\":\"EntryPoint\",\"urlTemplate\":\"https:\/\/www.manaus.am.gov.br\/implurb\/?s={search_term_string}\"},\"query-input\":\"required name=search_term_string\"}],\"inLanguage\":\"pt-BR\"},{\"@type\":\"Person\",\"@id\":\"https:\/\/www.manaus.am.gov.br\/implurb\/#\/schema\/person\/fe69d2249d78e7a3112d42bc34c44a58\",\"name\":\"Glauber Farias\",\"image\":{\"@type\":\"ImageObject\",\"inLanguage\":\"pt-BR\",\"@id\":\"https:\/\/www.manaus.am.gov.br\/implurb\/#\/schema\/person\/image\/\",\"url\":\"https:\/\/secure.gravatar.com\/avatar\/eb33200ffd19538372f635b2165531c0?s=96&d=mm&r=g\",\"contentUrl\":\"https:\/\/secure.gravatar.com\/avatar\/eb33200ffd19538372f635b2165531c0?s=96&d=mm&r=g\",\"caption\":\"Glauber Farias\"}}]}<\/script>\n<!-- \/ Yoast SEO plugin. -->","yoast_head_json":{"title":"Implurb interdita obra com container em logradouro p\u00fablico no conjunto Castelo Branco - IMPLURB","robots":{"index":"noindex","follow":"follow"},"og_locale":"pt_BR","og_type":"article","og_title":"Implurb interdita obra com container em logradouro p\u00fablico no conjunto Castelo Branco - IMPLURB","og_url":"https:\/\/www.manaus.am.gov.br\/implurb\/implurb-interdita-obra-com-container-em-logradouro-publico-no-conjunto-castelo-branco\/","og_site_name":"IMPLURB","article_published_time":"2017-07-21T21:28:53+00:00","article_modified_time":"2023-12-05T12:27:51+00:00","author":"Glauber Farias","twitter_card":"summary_large_image","twitter_misc":{"Written by":"Glauber Farias","Est. reading time":"2 minutos"},"schema":{"@context":"https:\/\/schema.org","@graph":[{"@type":"WebPage","@id":"https:\/\/www.manaus.am.gov.br\/implurb\/implurb-interdita-obra-com-container-em-logradouro-publico-no-conjunto-castelo-branco\/","url":"https:\/\/www.manaus.am.gov.br\/implurb\/implurb-interdita-obra-com-container-em-logradouro-publico-no-conjunto-castelo-branco\/","name":"Implurb interdita obra com container em logradouro p\u00fablico no conjunto Castelo Branco - IMPLURB","isPartOf":{"@id":"https:\/\/www.manaus.am.gov.br\/implurb\/#website"},"datePublished":"2017-07-21T21:28:53+00:00","dateModified":"2023-12-05T12:27:51+00:00","author":{"@id":"https:\/\/www.manaus.am.gov.br\/implurb\/#\/schema\/person\/fe69d2249d78e7a3112d42bc34c44a58"},"breadcrumb":{"@id":"https:\/\/www.manaus.am.gov.br\/implurb\/implurb-interdita-obra-com-container-em-logradouro-publico-no-conjunto-castelo-branco\/#breadcrumb"},"inLanguage":"pt-BR","potentialAction":[{"@type":"ReadAction","target":["https:\/\/www.manaus.am.gov.br\/implurb\/implurb-interdita-obra-com-container-em-logradouro-publico-no-conjunto-castelo-branco\/"]}]},{"@type":"BreadcrumbList","@id":"https:\/\/www.manaus.am.gov.br\/implurb\/implurb-interdita-obra-com-container-em-logradouro-publico-no-conjunto-castelo-branco\/#breadcrumb","itemListElement":[{"@type":"ListItem","position":1,"name":"Home","item":"https:\/\/www.manaus.am.gov.br\/implurb\/"},{"@type":"ListItem","position":2,"name":"Implurb interdita obra com container em logradouro p\u00fablico no conjunto Castelo Branco"}]},{"@type":"WebSite","@id":"https:\/\/www.manaus.am.gov.br\/implurb\/#website","url":"https:\/\/www.manaus.am.gov.br\/implurb\/","name":"IMPLURB","description":"Prefeitura de Manaus","potentialAction":[{"@type":"SearchAction","target":{"@type":"EntryPoint","urlTemplate":"https:\/\/www.manaus.am.gov.br\/implurb\/?s={search_term_string}"},"query-input":"required name=search_term_string"}],"inLanguage":"pt-BR"},{"@type":"Person","@id":"https:\/\/www.manaus.am.gov.br\/implurb\/#\/schema\/person\/fe69d2249d78e7a3112d42bc34c44a58","name":"Glauber Farias","image":{"@type":"ImageObject","inLanguage":"pt-BR","@id":"https:\/\/www.manaus.am.gov.br\/implurb\/#\/schema\/person\/image\/","url":"https:\/\/secure.gravatar.com\/avatar\/eb33200ffd19538372f635b2165531c0?s=96&d=mm&r=g","contentUrl":"https:\/\/secure.gravatar.com\/avatar\/eb33200ffd19538372f635b2165531c0?s=96&d=mm&r=g","caption":"Glauber Farias"}}]}},"_links":{"self":[{"href":"https:\/\/www.manaus.am.gov.br\/implurb\/wp-json\/wp\/v2\/posts\/3146"}],"collection":[{"href":"https:\/\/www.manaus.am.gov.br\/implurb\/wp-json\/wp\/v2\/posts"}],"about":[{"href":"https:\/\/www.manaus.am.gov.br\/implurb\/wp-json\/wp\/v2\/types\/post"}],"author":[{"embeddable":true,"href":"https:\/\/www.manaus.am.gov.br\/implurb\/wp-json\/wp\/v2\/users\/8"}],"replies":[{"embeddable":true,"href":"https:\/\/www.manaus.am.gov.br\/implurb\/wp-json\/wp\/v2\/comments?post=3146"}],"version-history":[{"count":0,"href":"https:\/\/www.manaus.am.gov.br\/implurb\/wp-json\/wp\/v2\/posts\/3146\/revisions"}],"wp:attachment":[{"href":"https:\/\/www.manaus.am.gov.br\/implurb\/wp-json\/wp\/v2\/media?parent=3146"}],"wp:term":[{"taxonomy":"category","embeddable":true,"href":"https:\/\/www.manaus.am.gov.br\/implurb\/wp-json\/wp\/v2\/categories?post=3146"},{"taxonomy":"post_tag","embeddable":true,"href":"https:\/\/www.manaus.am.gov.br\/implurb\/wp-json\/wp\/v2\/tags?post=3146"}],"curies":[{"name":"wp","href":"https:\/\/api.w.org\/{rel}","templated":true}]}}