{"id":3143,"date":"2017-07-25T15:01:35","date_gmt":"2017-07-25T19:01:35","guid":{"rendered":"https:\/\/www.manaus.am.gov.br\/implurb\/implurb-tem-aumento-de-77-no-numero-de-demolicoes\/"},"modified":"2017-07-25T15:01:35","modified_gmt":"2017-07-25T19:01:35","slug":"implurb-tem-aumento-de-77-no-numero-de-demolicoes","status":"publish","type":"post","link":"https:\/\/www.manaus.am.gov.br\/implurb\/implurb-tem-aumento-de-77-no-numero-de-demolicoes\/","title":{"rendered":"Implurb tem aumento de 77% no n\u00famero de demoli\u00e7\u00f5es"},"content":{"rendered":"\n<p>Obras irregulares e obstru\u00e7\u00f5es de logradouros p\u00fablicos s\u00e3o as notifica\u00e7\u00f5es mais presentes no primeiro semestre de 2017, de acordo com o Instituto Municipal de Planejamento Urbano (Implurb). De janeiro a junho deste ano, o \u00f3rg\u00e3o registrou 434 notifica\u00e7\u00f5es de constru\u00e7\u00f5es sem licen\u00e7a e 396 de cal\u00e7adas obstru\u00eddas.<\/p>\n\n\n\n<p>O Implurb registra hoje o aumento de 77,7% no n\u00famero de demoli\u00e7\u00f5es gerais, sendo 32 este ano e 18 executadas em 2016. As infra\u00e7\u00f5es tiveram alta de 2,4% (744 multas aplicadas ano passado e 765 neste ano).<\/p>\n\n\n\n<p>Entre os dez bairros\/localidades com maior volume de a\u00e7\u00f5es fiscais e de ordenamento urbano no semestre aparecem o Centro (214 notifica\u00e7\u00f5es), Parque Dez (80), Cidade Nova (72), S\u00e3o Jos\u00e9 (71), Compensa (55), Alvorada (52), Santa Etelvina (39), Nossa Senhora das Gra\u00e7as (36), Cachoeirinha (33) e Flores (33).<\/p>\n\n\n\n<figure class=\"wp-block-audio\"><audio controls src=\"https:\/\/www.manaus.am.gov.br\/implurb\/wp-content\/uploads\/sites\/13\/2023\/12\/26-07-2017-Cl\u00e1udio-Guenka-Dir.-Pres.-Implurb-Implurb-tem-aumento-de-77-no-n\u00famero-de-demoli\u00e7\u00f5es.mp3\"><\/audio><\/figure>\n\n\n\n<p>\u201cO aumento se deve a intensifica\u00e7\u00e3o de a\u00e7\u00f5es de ordenamento urbano em conjuntos residenciais e ao trabalho de orienta\u00e7\u00e3o ao cidad\u00e3o de como manter as cal\u00e7adas p\u00fablicas acess\u00edveis, assim como a import\u00e2ncia de se regularizar obras, visando \u00e0 seguran\u00e7a das pessoas. O Implurb est\u00e1 diariamente nas ruas, atuando na fiscaliza\u00e7\u00e3o e na informa\u00e7\u00e3o ao cidad\u00e3o do que \u00e9 permitido e do que \u00e9 irregular\u201d, explica o diretor-presidente Claudio Guenka.<\/p>\n\n\n\n<p>O Implurb registra ainda alta de 63,1% nas multas aplicadas em rela\u00e7\u00e3o \u00e0s cal\u00e7adas obstru\u00eddas de modo geral, saindo de 76 infra\u00e7\u00f5es aplicadas no ano passado para 124 este ano. As demoli\u00e7\u00f5es tamb\u00e9m tiveram aumento da ordem de 55,5%, saindo de nove no primeiro semestre de 2016 para 23 neste semestre. O Disk Ordem do Implurb, que funciona para receber den\u00fancias. atende no 161 ou no (92) 3625-5340, em hor\u00e1rio comercial.<\/p>\n\n\n\n<p><strong>O que diz a lei<\/strong><\/p>\n\n\n\n<p>As cal\u00e7adas, passeios e logradouros p\u00fablicos, pelo Plano Diretor, devem ser mantidos em bom estado pelo propriet\u00e1rio do lote, de forma a permitir, com acessibilidade, o tr\u00e2nsito de pedestres e cadeirantes. O art. 36 do C\u00f3digo de Postura, par\u00e1grafo \u00fanico, informa que \u201ccabe ao propriet\u00e1rio realizar as obras necess\u00e1rias ao cal\u00e7amento e conserva\u00e7\u00e3o do passeio\u201d correspondente ao im\u00f3vel.<\/p>\n\n\n\n<p><strong>C\u00f3digo de Posturas<\/strong><\/p>\n\n\n\n<p>Segundo o C\u00f3digo de Posturas de Manaus, nenhuma via pode ser obstru\u00edda por nenhum modo sem autoriza\u00e7\u00e3o pr\u00e9via da Prefeitura e apenas quando a legisla\u00e7\u00e3o permite. Em caso de irregularidade detectada, o propriet\u00e1rio \u00e9 notificado e no caso de descumprimento, o respons\u00e1vel estar\u00e1 sujeito a outras san\u00e7\u00f5es previstas em lei, como aplica\u00e7\u00e3o de multas, apreens\u00f5es e at\u00e9 mesmo demoli\u00e7\u00e3o. As demoli\u00e7\u00f5es mais comuns s\u00e3o de muretas, muros, degraus e obst\u00e1culos constru\u00eddos no passeio, que impedem o tr\u00e2nsito livre de pessoas.<\/p>\n\n\n\n<p>O art.38 do C\u00f3digo de Posturas estabelece que os \u201clogradouros p\u00fablicos dever\u00e3o atender \u00e0s normas gerais e crit\u00e9rios b\u00e1sicos para a promo\u00e7\u00e3o de acessibilidade das pessoas com defici\u00eancia ou com mobilidade reduzida\u201d.<\/p>\n\n\n\n<p>Os passeios devem ser livres de qualquer entrave, ou obst\u00e1culo, fixo ou remov\u00edvel, que limite ou impe\u00e7a o acesso, a liberdade de movimento e a circula\u00e7\u00e3o com seguran\u00e7a das pessoas, disponibilizando uma faixa livre com largura m\u00ednima de 1,50 metro. Tamb\u00e9m \u00e9 proibido o uso do logradouro para a opera\u00e7\u00e3o de carga e descarga.<\/p>\n\n\n\n<p><strong>Texto: <\/strong>Cl\u00e1udia do Valle\/Implurb<\/p>\n\n\n\n<p>Assessoria de Comunica\u00e7\u00e3o do Instituto Municipal de Planejamento Urbano (Implurb): (92) 3625-6287<\/p>\n","protected":false},"excerpt":{"rendered":"","protected":false},"author":8,"featured_media":0,"comment_status":"closed","ping_status":"closed","sticky":false,"template":"","format":"standard","meta":{"footnotes":""},"categories":[862],"tags":[863,864,46,865,866],"acf":[],"yoast_head":"<!-- This site is optimized with the Yoast SEO plugin v23.0 - https:\/\/yoast.com\/wordpress\/plugins\/seo\/ -->\n<title>Implurb tem aumento de 77% no n\u00famero de demoli\u00e7\u00f5es - IMPLURB<\/title>\n<meta name=\"robots\" content=\"noindex, follow\" \/>\n<meta property=\"og:locale\" content=\"pt_BR\" \/>\n<meta property=\"og:type\" content=\"article\" \/>\n<meta property=\"og:title\" content=\"Implurb tem aumento de 77% no n\u00famero de demoli\u00e7\u00f5es - IMPLURB\" \/>\n<meta property=\"og:url\" content=\"https:\/\/www.manaus.am.gov.br\/implurb\/implurb-tem-aumento-de-77-no-numero-de-demolicoes\/\" \/>\n<meta property=\"og:site_name\" content=\"IMPLURB\" \/>\n<meta property=\"article:published_time\" content=\"2017-07-25T19:01:35+00:00\" \/>\n<meta name=\"author\" content=\"Glauber Farias\" \/>\n<meta name=\"twitter:card\" content=\"summary_large_image\" \/>\n<meta name=\"twitter:label1\" content=\"Written by\" \/>\n\t<meta name=\"twitter:data1\" content=\"Glauber Farias\" \/>\n\t<meta name=\"twitter:label2\" content=\"Est. reading time\" \/>\n\t<meta name=\"twitter:data2\" content=\"3 minutos\" \/>\n<script type=\"application\/ld+json\" class=\"yoast-schema-graph\">{\"@context\":\"https:\/\/schema.org\",\"@graph\":[{\"@type\":\"WebPage\",\"@id\":\"https:\/\/www.manaus.am.gov.br\/implurb\/implurb-tem-aumento-de-77-no-numero-de-demolicoes\/\",\"url\":\"https:\/\/www.manaus.am.gov.br\/implurb\/implurb-tem-aumento-de-77-no-numero-de-demolicoes\/\",\"name\":\"Implurb tem aumento de 77% no n\u00famero de demoli\u00e7\u00f5es - IMPLURB\",\"isPartOf\":{\"@id\":\"https:\/\/www.manaus.am.gov.br\/implurb\/#website\"},\"datePublished\":\"2017-07-25T19:01:35+00:00\",\"dateModified\":\"2017-07-25T19:01:35+00:00\",\"author\":{\"@id\":\"https:\/\/www.manaus.am.gov.br\/implurb\/#\/schema\/person\/fe69d2249d78e7a3112d42bc34c44a58\"},\"breadcrumb\":{\"@id\":\"https:\/\/www.manaus.am.gov.br\/implurb\/implurb-tem-aumento-de-77-no-numero-de-demolicoes\/#breadcrumb\"},\"inLanguage\":\"pt-BR\",\"potentialAction\":[{\"@type\":\"ReadAction\",\"target\":[\"https:\/\/www.manaus.am.gov.br\/implurb\/implurb-tem-aumento-de-77-no-numero-de-demolicoes\/\"]}]},{\"@type\":\"BreadcrumbList\",\"@id\":\"https:\/\/www.manaus.am.gov.br\/implurb\/implurb-tem-aumento-de-77-no-numero-de-demolicoes\/#breadcrumb\",\"itemListElement\":[{\"@type\":\"ListItem\",\"position\":1,\"name\":\"Home\",\"item\":\"https:\/\/www.manaus.am.gov.br\/implurb\/\"},{\"@type\":\"ListItem\",\"position\":2,\"name\":\"Implurb tem aumento de 77% no n\u00famero de demoli\u00e7\u00f5es\"}]},{\"@type\":\"WebSite\",\"@id\":\"https:\/\/www.manaus.am.gov.br\/implurb\/#website\",\"url\":\"https:\/\/www.manaus.am.gov.br\/implurb\/\",\"name\":\"IMPLURB\",\"description\":\"Prefeitura de Manaus\",\"potentialAction\":[{\"@type\":\"SearchAction\",\"target\":{\"@type\":\"EntryPoint\",\"urlTemplate\":\"https:\/\/www.manaus.am.gov.br\/implurb\/?s={search_term_string}\"},\"query-input\":\"required name=search_term_string\"}],\"inLanguage\":\"pt-BR\"},{\"@type\":\"Person\",\"@id\":\"https:\/\/www.manaus.am.gov.br\/implurb\/#\/schema\/person\/fe69d2249d78e7a3112d42bc34c44a58\",\"name\":\"Glauber Farias\",\"image\":{\"@type\":\"ImageObject\",\"inLanguage\":\"pt-BR\",\"@id\":\"https:\/\/www.manaus.am.gov.br\/implurb\/#\/schema\/person\/image\/\",\"url\":\"https:\/\/secure.gravatar.com\/avatar\/eb33200ffd19538372f635b2165531c0?s=96&d=mm&r=g\",\"contentUrl\":\"https:\/\/secure.gravatar.com\/avatar\/eb33200ffd19538372f635b2165531c0?s=96&d=mm&r=g\",\"caption\":\"Glauber Farias\"}}]}<\/script>\n<!-- \/ Yoast SEO plugin. -->","yoast_head_json":{"title":"Implurb tem aumento de 77% no n\u00famero de demoli\u00e7\u00f5es - IMPLURB","robots":{"index":"noindex","follow":"follow"},"og_locale":"pt_BR","og_type":"article","og_title":"Implurb tem aumento de 77% no n\u00famero de demoli\u00e7\u00f5es - IMPLURB","og_url":"https:\/\/www.manaus.am.gov.br\/implurb\/implurb-tem-aumento-de-77-no-numero-de-demolicoes\/","og_site_name":"IMPLURB","article_published_time":"2017-07-25T19:01:35+00:00","author":"Glauber Farias","twitter_card":"summary_large_image","twitter_misc":{"Written by":"Glauber Farias","Est. reading time":"3 minutos"},"schema":{"@context":"https:\/\/schema.org","@graph":[{"@type":"WebPage","@id":"https:\/\/www.manaus.am.gov.br\/implurb\/implurb-tem-aumento-de-77-no-numero-de-demolicoes\/","url":"https:\/\/www.manaus.am.gov.br\/implurb\/implurb-tem-aumento-de-77-no-numero-de-demolicoes\/","name":"Implurb tem aumento de 77% no n\u00famero de demoli\u00e7\u00f5es - IMPLURB","isPartOf":{"@id":"https:\/\/www.manaus.am.gov.br\/implurb\/#website"},"datePublished":"2017-07-25T19:01:35+00:00","dateModified":"2017-07-25T19:01:35+00:00","author":{"@id":"https:\/\/www.manaus.am.gov.br\/implurb\/#\/schema\/person\/fe69d2249d78e7a3112d42bc34c44a58"},"breadcrumb":{"@id":"https:\/\/www.manaus.am.gov.br\/implurb\/implurb-tem-aumento-de-77-no-numero-de-demolicoes\/#breadcrumb"},"inLanguage":"pt-BR","potentialAction":[{"@type":"ReadAction","target":["https:\/\/www.manaus.am.gov.br\/implurb\/implurb-tem-aumento-de-77-no-numero-de-demolicoes\/"]}]},{"@type":"BreadcrumbList","@id":"https:\/\/www.manaus.am.gov.br\/implurb\/implurb-tem-aumento-de-77-no-numero-de-demolicoes\/#breadcrumb","itemListElement":[{"@type":"ListItem","position":1,"name":"Home","item":"https:\/\/www.manaus.am.gov.br\/implurb\/"},{"@type":"ListItem","position":2,"name":"Implurb tem aumento de 77% no n\u00famero de demoli\u00e7\u00f5es"}]},{"@type":"WebSite","@id":"https:\/\/www.manaus.am.gov.br\/implurb\/#website","url":"https:\/\/www.manaus.am.gov.br\/implurb\/","name":"IMPLURB","description":"Prefeitura de Manaus","potentialAction":[{"@type":"SearchAction","target":{"@type":"EntryPoint","urlTemplate":"https:\/\/www.manaus.am.gov.br\/implurb\/?s={search_term_string}"},"query-input":"required name=search_term_string"}],"inLanguage":"pt-BR"},{"@type":"Person","@id":"https:\/\/www.manaus.am.gov.br\/implurb\/#\/schema\/person\/fe69d2249d78e7a3112d42bc34c44a58","name":"Glauber Farias","image":{"@type":"ImageObject","inLanguage":"pt-BR","@id":"https:\/\/www.manaus.am.gov.br\/implurb\/#\/schema\/person\/image\/","url":"https:\/\/secure.gravatar.com\/avatar\/eb33200ffd19538372f635b2165531c0?s=96&d=mm&r=g","contentUrl":"https:\/\/secure.gravatar.com\/avatar\/eb33200ffd19538372f635b2165531c0?s=96&d=mm&r=g","caption":"Glauber Farias"}}]}},"_links":{"self":[{"href":"https:\/\/www.manaus.am.gov.br\/implurb\/wp-json\/wp\/v2\/posts\/3143"}],"collection":[{"href":"https:\/\/www.manaus.am.gov.br\/implurb\/wp-json\/wp\/v2\/posts"}],"about":[{"href":"https:\/\/www.manaus.am.gov.br\/implurb\/wp-json\/wp\/v2\/types\/post"}],"author":[{"embeddable":true,"href":"https:\/\/www.manaus.am.gov.br\/implurb\/wp-json\/wp\/v2\/users\/8"}],"replies":[{"embeddable":true,"href":"https:\/\/www.manaus.am.gov.br\/implurb\/wp-json\/wp\/v2\/comments?post=3143"}],"version-history":[{"count":1,"href":"https:\/\/www.manaus.am.gov.br\/implurb\/wp-json\/wp\/v2\/posts\/3143\/revisions"}],"predecessor-version":[{"id":3145,"href":"https:\/\/www.manaus.am.gov.br\/implurb\/wp-json\/wp\/v2\/posts\/3143\/revisions\/3145"}],"wp:attachment":[{"href":"https:\/\/www.manaus.am.gov.br\/implurb\/wp-json\/wp\/v2\/media?parent=3143"}],"wp:term":[{"taxonomy":"category","embeddable":true,"href":"https:\/\/www.manaus.am.gov.br\/implurb\/wp-json\/wp\/v2\/categories?post=3143"},{"taxonomy":"post_tag","embeddable":true,"href":"https:\/\/www.manaus.am.gov.br\/implurb\/wp-json\/wp\/v2\/tags?post=3143"}],"curies":[{"name":"wp","href":"https:\/\/api.w.org\/{rel}","templated":true}]}}