{"id":312,"date":"2023-05-11T13:28:19","date_gmt":"2023-05-11T17:28:19","guid":{"rendered":"https:\/\/www.manaus.am.gov.br\/implurb\/prefeitura-faz-estudos-e-sondagem-de-solo-para-instalacao-da-escultura-do-premio-nobel-verde\/"},"modified":"2023-05-11T13:28:19","modified_gmt":"2023-05-11T17:28:19","slug":"prefeitura-faz-estudos-e-sondagem-de-solo-para-instalacao-da-escultura-do-premio-nobel-verde","status":"publish","type":"post","link":"https:\/\/www.manaus.am.gov.br\/implurb\/prefeitura-faz-estudos-e-sondagem-de-solo-para-instalacao-da-escultura-do-premio-nobel-verde\/","title":{"rendered":"Prefeitura faz estudos e sondagem de solo para instala\u00e7\u00e3o da escultura do pr\u00eamio Marcus Nobel Verde"},"content":{"rendered":"\n<p>A primeira e \u00fanica escultura do internacional pr\u00eamio \u201cMarcus Nobel Verde\u201d ser\u00e1 instalada na capital amazonense, no complexo tur\u00edstico Ponta Negra, zona Oeste, e a Prefeitura de Manaus trabalha no projeto e sondagens para implanta\u00e7\u00e3o da obra de arte. A estimativa \u00e9 de instala\u00e7\u00e3o da pe\u00e7a no segundo semestre de 2023.<\/p>\n\n\n\n<p>Nesta quinta-feira, 11\/5, o diretor-presidente do Instituto Municipal de Planejamento Urbano (Implurb), engenheiro Carlos Valente, realizou visita t\u00e9cnica a poss\u00edveis pontos para instala\u00e7\u00e3o da escultura, acompanhado de arquitetos do munic\u00edpio e consultores da United Earth Amaz\u00f4nia e LCTM Brandbuilders, ligados \u00e0 premia\u00e7\u00e3o mundial.<\/p>\n\n\n\n<p>\u201cForam feitas prospec\u00e7\u00f5es de engenharia e a sondagem em um local escolhido inicialmente, pela visibilidade para o rio, n\u00e3o se mostrou adequada e mais segura para receber a escultura, que ter\u00e1 5 metros de di\u00e2metro e que vai pesar, aproximadamente, 10 toneladas. Estamos analisando outros pontos com as equipes e vamos realizar novas sondagens no solo para ter uma escolha segura e que perenize essa obra, que \u00e9 muito importante e far\u00e1 o registro definitivo de Manaus como a capital comprometida com o verde, a floresta amaz\u00f4nica e a sustentabilidade. \u00c9 mais um trabalho do prefeito David Almeida\u201d, destacou Valente.<\/p>\n\n\n\n<figure class=\"wp-block-image size-large\"><img loading=\"lazy\" decoding=\"async\" width=\"1024\" height=\"551\" src=\"https:\/\/www.manaus.am.gov.br\/implurb\/wp-content\/uploads\/sites\/13\/2023\/05\/premionobelverde-1024x551.jpg\" alt=\"\" class=\"wp-image-313\" srcset=\"https:\/\/www.manaus.am.gov.br\/implurb\/wp-content\/uploads\/sites\/13\/2023\/05\/premionobelverde-1024x551.jpg 1024w, https:\/\/www.manaus.am.gov.br\/implurb\/wp-content\/uploads\/sites\/13\/2023\/05\/premionobelverde-300x161.jpg 300w, https:\/\/www.manaus.am.gov.br\/implurb\/wp-content\/uploads\/sites\/13\/2023\/05\/premionobelverde-768x413.jpg 768w, https:\/\/www.manaus.am.gov.br\/implurb\/wp-content\/uploads\/sites\/13\/2023\/05\/premionobelverde-1536x826.jpg 1536w, https:\/\/www.manaus.am.gov.br\/implurb\/wp-content\/uploads\/sites\/13\/2023\/05\/premionobelverde.jpg 2048w\" sizes=\"(max-width: 1024px) 100vw, 1024px\" \/><\/figure>\n\n\n\n<p>Para o Diretor Institucional e de Neg\u00f3cios da LCTM Brandbuilders, que representa a United Earth Foundation de Marcus Nobel, Rubenson Chaves, a avalia\u00e7\u00e3o do solo \u00e9 uma das etapas da implanta\u00e7\u00e3o para a instala\u00e7\u00e3o da escultura, assinada pelo artista Darlan Rosa, e que leva a marca da fam\u00edlia do Pr\u00eamio Nobel. \u201cEla ser\u00e1 \u00fanica no mundo e ser\u00e1 instalada na cidade. E como ela representa todos os valores de sustentabilidade e preocupa\u00e7\u00f5es do planeta, tamb\u00e9m observamos v\u00e1rias possibilidades no parque da Ponta Negra, como uso de energia solar para as demandas do pr\u00f3prio complexo e carregamento de ve\u00edculos el\u00e9tricos, lembrando que a capital ter\u00e1 \u00f4nibus el\u00e9tricos muito em breve. E se come\u00e7a a casar a eletrifica\u00e7\u00e3o da cidade com as demandas do mundo\u201d, disse o consultor.<\/p>\n\n\n\n<p>Para Chaves, Manaus est\u00e1 dando um bom exemplo, sendo a primeira capital a receber o Pr\u00eamio \u201cMarcus Nobel Verde\u201d e a realizar estudos para execu\u00e7\u00e3o de projetos sustent\u00e1veis.<\/p>\n\n\n\n<p><strong>Premia\u00e7\u00e3o<\/strong><\/p>\n\n\n\n<p>Em fevereiro deste ano, o prefeito de Manaus, David Almeida, acompanhado pelo presidente e diretor-executivo da organiza\u00e7\u00e3o internacional United Earth, Marcus Nobel, fez o lan\u00e7amento do Pr\u00eamio Marcus Nobel Verde e da escultura, que ser\u00e1 um s\u00edmbolo de sustentabilidade em n\u00edvel mundial.<\/p>\n\n\n\n<p>A proposta \u00e9 que a&nbsp;escultura&nbsp;seja iluminada internamente, por meio de pain\u00e9is solares, e o Implurb ser\u00e1 o respons\u00e1vel pela implanta\u00e7\u00e3o da obra. Sua cria\u00e7\u00e3o foi baseada nos seis pilares da United Earth Amaz\u00f4nia \u2013 fauna, flora, ar, \u00e1gua, recursos naturais e humanidade \u2013, todos integrados e com os valores \u00e9ticos da fam\u00edlia Nobel, com a miss\u00e3o de unir os povos e as na\u00e7\u00f5es em torno de um futuro mais sustent\u00e1vel.<\/p>\n\n\n\n<p>Cada face \u00e9 um desenho estilizado que mostra o homem de bra\u00e7os estendidos como se estivesse acolhendo todos os elementos da natureza e suas for\u00e7as, que se unem e se encaixam montando uma esfera que representa a Terra. De autoria do artista premiado mundialmente Darlan Rosa, a obra ser\u00e1 esculpida em a\u00e7o inoxid\u00e1vel, material resistente \u00e0s intemp\u00e9ries e que n\u00e3o necessita de manuten\u00e7\u00e3o, al\u00e9m de ser um produto dos mais recicl\u00e1veis dispon\u00edveis no mercado.<\/p>\n\n\n\n<p>A curadoria da obra \u00e9 de Silvana Borges, coordenadora de projetos globais e conceituais de arte e design da LCTM Brandbuilders, que trabalhou na cria\u00e7\u00e3o do conceito do pr\u00eamio, que precisava referendar projetos com foco em salvar e proteger a natureza e o planeta.<\/p>\n\n\n\n<p>&#8212; &#8212; &#8212;&nbsp;&nbsp;&nbsp;&nbsp;&nbsp;&nbsp;<\/p>\n\n\n\n<p><strong>Texto<\/strong>&nbsp;\u2013 Claudia do Valle\/Implurb<\/p>\n\n\n\n<p><strong>Fotos<\/strong>&nbsp;\u2013 Divulga\u00e7\u00e3o\/Implurb<\/p>\n","protected":false},"excerpt":{"rendered":"","protected":false},"author":23,"featured_media":314,"comment_status":"closed","ping_status":"closed","sticky":false,"template":"","format":"standard","meta":{"footnotes":""},"categories":[17],"tags":[133,11,134,112,15,135,16],"acf":[],"yoast_head":"<!-- This site is optimized with the Yoast SEO plugin v23.0 - https:\/\/yoast.com\/wordpress\/plugins\/seo\/ -->\n<title>Prefeitura faz estudos e sondagem de solo para instala\u00e7\u00e3o da escultura do Pr\u00eamio Nobel Verde<\/title>\n<meta name=\"description\" content=\"A primeira e \u00fanica escultura do internacional pr\u00eamio \u201cNobel Verde\u201d ser\u00e1 instalada na capital amazonense, no complexo tur\u00edstico Ponta Negra, zona Oeste, e a Prefeitura de Manaus trabalha no projeto e sondagens para implanta\u00e7\u00e3o da obra de arte.\" \/>\n<meta name=\"robots\" content=\"noindex, follow\" \/>\n<meta property=\"og:locale\" content=\"pt_BR\" \/>\n<meta property=\"og:type\" content=\"article\" \/>\n<meta property=\"og:title\" content=\"Prefeitura faz estudos e sondagem de solo para instala\u00e7\u00e3o da escultura do Pr\u00eamio Nobel Verde\" \/>\n<meta property=\"og:description\" content=\"A primeira e \u00fanica escultura do internacional pr\u00eamio \u201cNobel Verde\u201d ser\u00e1 instalada na capital amazonense, no complexo tur\u00edstico Ponta Negra, zona Oeste, e a Prefeitura de Manaus trabalha no projeto e sondagens para implanta\u00e7\u00e3o da obra de arte.\" \/>\n<meta property=\"og:url\" content=\"https:\/\/www.manaus.am.gov.br\/implurb\/prefeitura-faz-estudos-e-sondagem-de-solo-para-instalacao-da-escultura-do-premio-nobel-verde\/\" \/>\n<meta property=\"og:site_name\" content=\"IMPLURB\" \/>\n<meta property=\"article:published_time\" content=\"2023-05-11T17:28:19+00:00\" \/>\n<meta property=\"og:image\" content=\"https:\/\/www.manaus.am.gov.br\/implurb\/wp-content\/uploads\/sites\/13\/2023\/05\/visitapremionobel3.jpg\" \/>\n\t<meta property=\"og:image:width\" content=\"1600\" \/>\n\t<meta property=\"og:image:height\" content=\"1200\" \/>\n\t<meta property=\"og:image:type\" content=\"image\/jpeg\" \/>\n<meta name=\"author\" content=\"Adriana Costa\" \/>\n<meta name=\"twitter:card\" content=\"summary_large_image\" \/>\n<meta name=\"twitter:label1\" content=\"Written by\" \/>\n\t<meta name=\"twitter:data1\" content=\"Adriana Costa\" \/>\n\t<meta name=\"twitter:label2\" content=\"Est. reading time\" \/>\n\t<meta name=\"twitter:data2\" content=\"4 minutos\" \/>\n<script type=\"application\/ld+json\" class=\"yoast-schema-graph\">{\"@context\":\"https:\/\/schema.org\",\"@graph\":[{\"@type\":\"WebPage\",\"@id\":\"https:\/\/www.manaus.am.gov.br\/implurb\/prefeitura-faz-estudos-e-sondagem-de-solo-para-instalacao-da-escultura-do-premio-nobel-verde\/\",\"url\":\"https:\/\/www.manaus.am.gov.br\/implurb\/prefeitura-faz-estudos-e-sondagem-de-solo-para-instalacao-da-escultura-do-premio-nobel-verde\/\",\"name\":\"Prefeitura faz estudos e sondagem de solo para instala\u00e7\u00e3o da escultura do Pr\u00eamio Nobel Verde\",\"isPartOf\":{\"@id\":\"https:\/\/www.manaus.am.gov.br\/implurb\/#website\"},\"primaryImageOfPage\":{\"@id\":\"https:\/\/www.manaus.am.gov.br\/implurb\/prefeitura-faz-estudos-e-sondagem-de-solo-para-instalacao-da-escultura-do-premio-nobel-verde\/#primaryimage\"},\"image\":{\"@id\":\"https:\/\/www.manaus.am.gov.br\/implurb\/prefeitura-faz-estudos-e-sondagem-de-solo-para-instalacao-da-escultura-do-premio-nobel-verde\/#primaryimage\"},\"thumbnailUrl\":\"https:\/\/www.manaus.am.gov.br\/implurb\/wp-content\/uploads\/sites\/13\/2023\/05\/visitapremionobel3.jpg\",\"datePublished\":\"2023-05-11T17:28:19+00:00\",\"dateModified\":\"2023-05-11T17:28:19+00:00\",\"author\":{\"@id\":\"https:\/\/www.manaus.am.gov.br\/implurb\/#\/schema\/person\/4e49f4e267757a06ca072ec61b2b9968\"},\"description\":\"A primeira e \u00fanica escultura do internacional pr\u00eamio \u201cNobel Verde\u201d ser\u00e1 instalada na capital amazonense, no complexo tur\u00edstico Ponta Negra, zona Oeste, e a Prefeitura de Manaus trabalha no projeto e sondagens para implanta\u00e7\u00e3o da obra de arte.\",\"breadcrumb\":{\"@id\":\"https:\/\/www.manaus.am.gov.br\/implurb\/prefeitura-faz-estudos-e-sondagem-de-solo-para-instalacao-da-escultura-do-premio-nobel-verde\/#breadcrumb\"},\"inLanguage\":\"pt-BR\",\"potentialAction\":[{\"@type\":\"ReadAction\",\"target\":[\"https:\/\/www.manaus.am.gov.br\/implurb\/prefeitura-faz-estudos-e-sondagem-de-solo-para-instalacao-da-escultura-do-premio-nobel-verde\/\"]}]},{\"@type\":\"ImageObject\",\"inLanguage\":\"pt-BR\",\"@id\":\"https:\/\/www.manaus.am.gov.br\/implurb\/prefeitura-faz-estudos-e-sondagem-de-solo-para-instalacao-da-escultura-do-premio-nobel-verde\/#primaryimage\",\"url\":\"https:\/\/www.manaus.am.gov.br\/implurb\/wp-content\/uploads\/sites\/13\/2023\/05\/visitapremionobel3.jpg\",\"contentUrl\":\"https:\/\/www.manaus.am.gov.br\/implurb\/wp-content\/uploads\/sites\/13\/2023\/05\/visitapremionobel3.jpg\",\"width\":1600,\"height\":1200},{\"@type\":\"BreadcrumbList\",\"@id\":\"https:\/\/www.manaus.am.gov.br\/implurb\/prefeitura-faz-estudos-e-sondagem-de-solo-para-instalacao-da-escultura-do-premio-nobel-verde\/#breadcrumb\",\"itemListElement\":[{\"@type\":\"ListItem\",\"position\":1,\"name\":\"Home\",\"item\":\"https:\/\/www.manaus.am.gov.br\/implurb\/\"},{\"@type\":\"ListItem\",\"position\":2,\"name\":\"Prefeitura faz estudos e sondagem de solo para instala\u00e7\u00e3o da escultura do pr\u00eamio Marcus Nobel Verde\"}]},{\"@type\":\"WebSite\",\"@id\":\"https:\/\/www.manaus.am.gov.br\/implurb\/#website\",\"url\":\"https:\/\/www.manaus.am.gov.br\/implurb\/\",\"name\":\"IMPLURB\",\"description\":\"Prefeitura de Manaus\",\"potentialAction\":[{\"@type\":\"SearchAction\",\"target\":{\"@type\":\"EntryPoint\",\"urlTemplate\":\"https:\/\/www.manaus.am.gov.br\/implurb\/?s={search_term_string}\"},\"query-input\":\"required name=search_term_string\"}],\"inLanguage\":\"pt-BR\"},{\"@type\":\"Person\",\"@id\":\"https:\/\/www.manaus.am.gov.br\/implurb\/#\/schema\/person\/4e49f4e267757a06ca072ec61b2b9968\",\"name\":\"Adriana Costa\",\"image\":{\"@type\":\"ImageObject\",\"inLanguage\":\"pt-BR\",\"@id\":\"https:\/\/www.manaus.am.gov.br\/implurb\/#\/schema\/person\/image\/\",\"url\":\"https:\/\/secure.gravatar.com\/avatar\/576258617ef7194f718179e766d57bd4?s=96&d=mm&r=g\",\"contentUrl\":\"https:\/\/secure.gravatar.com\/avatar\/576258617ef7194f718179e766d57bd4?s=96&d=mm&r=g\",\"caption\":\"Adriana Costa\"}}]}<\/script>\n<!-- \/ Yoast SEO plugin. -->","yoast_head_json":{"title":"Prefeitura faz estudos e sondagem de solo para instala\u00e7\u00e3o da escultura do Pr\u00eamio Nobel Verde","description":"A primeira e \u00fanica escultura do internacional pr\u00eamio \u201cNobel Verde\u201d ser\u00e1 instalada na capital amazonense, no complexo tur\u00edstico Ponta Negra, zona Oeste, e a Prefeitura de Manaus trabalha no projeto e sondagens para implanta\u00e7\u00e3o da obra de arte.","robots":{"index":"noindex","follow":"follow"},"og_locale":"pt_BR","og_type":"article","og_title":"Prefeitura faz estudos e sondagem de solo para instala\u00e7\u00e3o da escultura do Pr\u00eamio Nobel Verde","og_description":"A primeira e \u00fanica escultura do internacional pr\u00eamio \u201cNobel Verde\u201d ser\u00e1 instalada na capital amazonense, no complexo tur\u00edstico Ponta Negra, zona Oeste, e a Prefeitura de Manaus trabalha no projeto e sondagens para implanta\u00e7\u00e3o da obra de arte.","og_url":"https:\/\/www.manaus.am.gov.br\/implurb\/prefeitura-faz-estudos-e-sondagem-de-solo-para-instalacao-da-escultura-do-premio-nobel-verde\/","og_site_name":"IMPLURB","article_published_time":"2023-05-11T17:28:19+00:00","og_image":[{"width":1600,"height":1200,"url":"https:\/\/www.manaus.am.gov.br\/implurb\/wp-content\/uploads\/sites\/13\/2023\/05\/visitapremionobel3.jpg","type":"image\/jpeg"}],"author":"Adriana Costa","twitter_card":"summary_large_image","twitter_misc":{"Written by":"Adriana Costa","Est. reading time":"4 minutos"},"schema":{"@context":"https:\/\/schema.org","@graph":[{"@type":"WebPage","@id":"https:\/\/www.manaus.am.gov.br\/implurb\/prefeitura-faz-estudos-e-sondagem-de-solo-para-instalacao-da-escultura-do-premio-nobel-verde\/","url":"https:\/\/www.manaus.am.gov.br\/implurb\/prefeitura-faz-estudos-e-sondagem-de-solo-para-instalacao-da-escultura-do-premio-nobel-verde\/","name":"Prefeitura faz estudos e sondagem de solo para instala\u00e7\u00e3o da escultura do Pr\u00eamio Nobel Verde","isPartOf":{"@id":"https:\/\/www.manaus.am.gov.br\/implurb\/#website"},"primaryImageOfPage":{"@id":"https:\/\/www.manaus.am.gov.br\/implurb\/prefeitura-faz-estudos-e-sondagem-de-solo-para-instalacao-da-escultura-do-premio-nobel-verde\/#primaryimage"},"image":{"@id":"https:\/\/www.manaus.am.gov.br\/implurb\/prefeitura-faz-estudos-e-sondagem-de-solo-para-instalacao-da-escultura-do-premio-nobel-verde\/#primaryimage"},"thumbnailUrl":"https:\/\/www.manaus.am.gov.br\/implurb\/wp-content\/uploads\/sites\/13\/2023\/05\/visitapremionobel3.jpg","datePublished":"2023-05-11T17:28:19+00:00","dateModified":"2023-05-11T17:28:19+00:00","author":{"@id":"https:\/\/www.manaus.am.gov.br\/implurb\/#\/schema\/person\/4e49f4e267757a06ca072ec61b2b9968"},"description":"A primeira e \u00fanica escultura do internacional pr\u00eamio \u201cNobel Verde\u201d ser\u00e1 instalada na capital amazonense, no complexo tur\u00edstico Ponta Negra, zona Oeste, e a Prefeitura de Manaus trabalha no projeto e sondagens para implanta\u00e7\u00e3o da obra de arte.","breadcrumb":{"@id":"https:\/\/www.manaus.am.gov.br\/implurb\/prefeitura-faz-estudos-e-sondagem-de-solo-para-instalacao-da-escultura-do-premio-nobel-verde\/#breadcrumb"},"inLanguage":"pt-BR","potentialAction":[{"@type":"ReadAction","target":["https:\/\/www.manaus.am.gov.br\/implurb\/prefeitura-faz-estudos-e-sondagem-de-solo-para-instalacao-da-escultura-do-premio-nobel-verde\/"]}]},{"@type":"ImageObject","inLanguage":"pt-BR","@id":"https:\/\/www.manaus.am.gov.br\/implurb\/prefeitura-faz-estudos-e-sondagem-de-solo-para-instalacao-da-escultura-do-premio-nobel-verde\/#primaryimage","url":"https:\/\/www.manaus.am.gov.br\/implurb\/wp-content\/uploads\/sites\/13\/2023\/05\/visitapremionobel3.jpg","contentUrl":"https:\/\/www.manaus.am.gov.br\/implurb\/wp-content\/uploads\/sites\/13\/2023\/05\/visitapremionobel3.jpg","width":1600,"height":1200},{"@type":"BreadcrumbList","@id":"https:\/\/www.manaus.am.gov.br\/implurb\/prefeitura-faz-estudos-e-sondagem-de-solo-para-instalacao-da-escultura-do-premio-nobel-verde\/#breadcrumb","itemListElement":[{"@type":"ListItem","position":1,"name":"Home","item":"https:\/\/www.manaus.am.gov.br\/implurb\/"},{"@type":"ListItem","position":2,"name":"Prefeitura faz estudos e sondagem de solo para instala\u00e7\u00e3o da escultura do pr\u00eamio Marcus Nobel Verde"}]},{"@type":"WebSite","@id":"https:\/\/www.manaus.am.gov.br\/implurb\/#website","url":"https:\/\/www.manaus.am.gov.br\/implurb\/","name":"IMPLURB","description":"Prefeitura de Manaus","potentialAction":[{"@type":"SearchAction","target":{"@type":"EntryPoint","urlTemplate":"https:\/\/www.manaus.am.gov.br\/implurb\/?s={search_term_string}"},"query-input":"required name=search_term_string"}],"inLanguage":"pt-BR"},{"@type":"Person","@id":"https:\/\/www.manaus.am.gov.br\/implurb\/#\/schema\/person\/4e49f4e267757a06ca072ec61b2b9968","name":"Adriana Costa","image":{"@type":"ImageObject","inLanguage":"pt-BR","@id":"https:\/\/www.manaus.am.gov.br\/implurb\/#\/schema\/person\/image\/","url":"https:\/\/secure.gravatar.com\/avatar\/576258617ef7194f718179e766d57bd4?s=96&d=mm&r=g","contentUrl":"https:\/\/secure.gravatar.com\/avatar\/576258617ef7194f718179e766d57bd4?s=96&d=mm&r=g","caption":"Adriana Costa"}}]}},"_links":{"self":[{"href":"https:\/\/www.manaus.am.gov.br\/implurb\/wp-json\/wp\/v2\/posts\/312"}],"collection":[{"href":"https:\/\/www.manaus.am.gov.br\/implurb\/wp-json\/wp\/v2\/posts"}],"about":[{"href":"https:\/\/www.manaus.am.gov.br\/implurb\/wp-json\/wp\/v2\/types\/post"}],"author":[{"embeddable":true,"href":"https:\/\/www.manaus.am.gov.br\/implurb\/wp-json\/wp\/v2\/users\/23"}],"replies":[{"embeddable":true,"href":"https:\/\/www.manaus.am.gov.br\/implurb\/wp-json\/wp\/v2\/comments?post=312"}],"version-history":[{"count":1,"href":"https:\/\/www.manaus.am.gov.br\/implurb\/wp-json\/wp\/v2\/posts\/312\/revisions"}],"predecessor-version":[{"id":315,"href":"https:\/\/www.manaus.am.gov.br\/implurb\/wp-json\/wp\/v2\/posts\/312\/revisions\/315"}],"wp:featuredmedia":[{"embeddable":true,"href":"https:\/\/www.manaus.am.gov.br\/implurb\/wp-json\/wp\/v2\/media\/314"}],"wp:attachment":[{"href":"https:\/\/www.manaus.am.gov.br\/implurb\/wp-json\/wp\/v2\/media?parent=312"}],"wp:term":[{"taxonomy":"category","embeddable":true,"href":"https:\/\/www.manaus.am.gov.br\/implurb\/wp-json\/wp\/v2\/categories?post=312"},{"taxonomy":"post_tag","embeddable":true,"href":"https:\/\/www.manaus.am.gov.br\/implurb\/wp-json\/wp\/v2\/tags?post=312"}],"curies":[{"name":"wp","href":"https:\/\/api.w.org\/{rel}","templated":true}]}}