{"id":308,"date":"2023-05-30T17:52:50","date_gmt":"2023-05-30T21:52:50","guid":{"rendered":"https:\/\/www.manaus.am.gov.br\/implurb\/prefeitura-orienta-banhistas-para-cuidados-com-cheia-e-estreitamento-da-faixa-de-areia\/"},"modified":"2023-06-21T14:06:01","modified_gmt":"2023-06-21T18:06:01","slug":"prefeitura-orienta-banhistas-para-cuidados-com-cheia-e-estreitamento-da-faixa-de-areia","status":"publish","type":"post","link":"https:\/\/www.manaus.am.gov.br\/implurb\/prefeitura-orienta-banhistas-para-cuidados-com-cheia-e-estreitamento-da-faixa-de-areia\/","title":{"rendered":"Prefeitura orienta banhistas para cuidados com cheia e estreitamento da faixa de areia"},"content":{"rendered":"\n<p>Com a subida de 1,04 metro do rio&nbsp;Negro, em maio, e atingindo a marca de 28,10 metros, nesta ter\u00e7a-feira, 30\/5, a faixa de areia da praia da&nbsp;Ponta&nbsp;Negra&nbsp;fica reduzida com as \u00e1guas, e a Prefeitura de Manaus refor\u00e7a as orienta\u00e7\u00f5es para seguran\u00e7a dos banhistas no per\u00edodo. Uma delas \u00e9 respeitar as&nbsp;marca\u00e7\u00f5es feitas pelos salva-vidas do Corpo de Bombeiros.&nbsp;<\/p>\n\n\n\n<p>Apesar do&nbsp;rio&nbsp;cheio, a praia perene est\u00e1 nivelada. Os salva-vidas est\u00e3o no local para preven\u00e7\u00e3o e poss\u00edvel necessidade de resgate nas \u00e1guas. Placas indicativas orientam os frequentadores e devem ser respeitadas para conforto e bem-estar de todos.<\/p>\n\n\n\n<p>Desde 2011, a praia n\u00e3o desaparece mais completamente como antes sob as \u00e1guas do&nbsp;Negro, durante a&nbsp;cheia. Os espa\u00e7os de barracas s\u00e3o ajustados para propiciar conforto aos banhistas, ficando mais concentrados conforme a movimenta\u00e7\u00e3o na praia, que \u00e9 mais intensa nos fins de semana, feriados e nos dias ensolarados.<\/p>\n\n\n\n<p>Na praia, a orienta\u00e7\u00e3o para os frequentadores \u00e9 a proibi\u00e7\u00e3o do consumo de bebidas em garrafas de vidro; brincar de papagaio (pipa); assim como fazer acampamento. Tamb\u00e9m \u00e9 proibido o com\u00e9rcio ambulante n\u00e3o autorizado pela prefeitura. Para a seguran\u00e7a dos banhistas, n\u00e3o \u00e9 permitido o banho no rio&nbsp;Negro&nbsp;ap\u00f3s as 17h, quando se perde mais visibilidade nas \u00e1guas e n\u00e3o h\u00e1 mais guarda-vidas no complexo.<\/p>\n\n\n\n<p>Para o chefe&nbsp;do&nbsp;Pelot\u00e3o de Guarda-Vidas, tenente&nbsp;do&nbsp;Corpo de Bombeiros Alu\u00edsio Cruz, quem for usar balne\u00e1rio deve atentar para o uso correto e seguro da praia e&nbsp;do&nbsp;banho, al\u00e9m do cuidado com crian\u00e7as, para que nunca fiquem sozinhas, nem por um instante. \u201cEm raz\u00e3o&nbsp;do&nbsp;volume de frequentadores e com o rio cheio, a responsabilidade deve ser redobrada de pessoas com crian\u00e7as, para n\u00e3o as perderem de vista\u201d, disse o tenente.<\/p>\n\n\n\n<p>Cruz comentou que as orienta\u00e7\u00f5es&nbsp;do&nbsp;Corpo de Bombeiros s\u00e3o para evitar acidentes e incidentes e que os frequentadores possam curtir a praia de forma segura e respons\u00e1vel.<\/p>\n\n\n\n<p>\u201cNossa principal orienta\u00e7\u00e3o \u00e9 para que os banhistas procurem as \u00e1reas conhecidas, demarcadas e sinalizadas, previamente supervisionadas pelos salva-vidas. E usar de bom senso e agir com prud\u00eancia. Tem pessoas que n\u00e3o t\u00eam tanta habilidade em nadar ou tanta afinidade com a \u00e1gua, e n\u00e3o devem negligenciar a pr\u00f3pria seguran\u00e7a\u201d, alertou o coordenador da comiss\u00e3o do parque, Alberto Maciel.<\/p>\n\n\n\n<p><strong>Proibi\u00e7\u00f5es<\/strong><\/p>\n\n\n\n<p>Com o aumento de frequentadores nos dias mais quentes, mesmo ainda n\u00e3o sendo o famoso ver\u00e3o amaz\u00f4nico, a coordena\u00e7\u00e3o da&nbsp;Ponta&nbsp;Negra&nbsp;alerta&nbsp;para a seguran\u00e7a e o bom uso das instala\u00e7\u00f5es, lembrando os itens proibidos no parque. As garrafas de vidro s\u00e3o proibidas na praia por serem perfurocortantes. A orienta\u00e7\u00e3o \u00e9 que o p\u00fablico n\u00e3o leve para o espa\u00e7o&nbsp;garrafas&nbsp;e objetos de&nbsp;vidro ou similares, sob pena de apreens\u00e3o dos mesmos. A recomenda\u00e7\u00e3o \u00e9 que fa\u00e7am uso de garrafas pl\u00e1sticas.<\/p>\n\n\n\n<p>O p\u00fablico \u00e9 abordado e orientado sobre a apreens\u00e3o de objetos proibidos. E, as medidas de preven\u00e7\u00e3o devem ser individuais, com a colabora\u00e7\u00e3o da popula\u00e7\u00e3o.&nbsp;Na praia e no balne\u00e1rio tamb\u00e9m n\u00e3o \u00e9 permitido fazer churrasco ou fogueiras.<\/p>\n\n\n\n<p>Os corpos permanentes de seguran\u00e7a, incluindo Guarda Municipal, com ciclopatrulha, a Pol\u00edcia Militar e Corpo de Bombeiros atuam no monitoramento da praia e na seguran\u00e7a dos banhistas, bem como na seguran\u00e7a e manuten\u00e7\u00e3o&nbsp;do&nbsp;patrim\u00f4nio de todo o complexo.&nbsp;Equipes da Secretaria Municipal de Limpeza Urbana (Semulsp) tamb\u00e9m refor\u00e7am a higiene do cal\u00e7ad\u00e3o e da praia perene.<\/p>\n\n\n\n<p><strong>Praia<\/strong><\/p>\n\n\n\n<p>A t\u00e9cnica perene usada na&nbsp;Ponta&nbsp;Negra&nbsp;foi a mesma utilizada em locais famosos, como Copacabana (RJ) e nas ilhas artificiais de Dubai, nos Emirados \u00c1rabes. A praia perene da&nbsp;Ponta&nbsp;Negra, que tem 4,8 mil metros quadrados, foi entregue durante a obra de requalifica\u00e7\u00e3o da primeira etapa do complexo, no ano de 2012.<\/p>\n\n\n\n<p>&#8212; &#8212; &#8212;<\/p>\n\n\n\n<p><strong>Texto<\/strong>&nbsp;\u2013 Claudia do Valle \/ Implurb<\/p>\n\n\n\n<p><strong>Fotos<\/strong>\u00a0\u2013 Jo\u00e3o Viana \/ Semcom<\/p>\n\n\n\n<p><strong>Dispon\u00edveis em &#8211; <\/strong><a href=\"https:\/\/flic.kr\/s\/aHBqjAFTcm\">https:\/\/flic.kr\/s\/aHBqjAFTcm<\/a><\/p>\n","protected":false},"excerpt":{"rendered":"","protected":false},"author":23,"featured_media":309,"comment_status":"closed","ping_status":"closed","sticky":false,"template":"","format":"standard","meta":{"footnotes":""},"categories":[126],"tags":[127,128,11,129,130,15],"acf":[],"yoast_head":"<!-- This site is optimized with the Yoast SEO plugin v23.0 - https:\/\/yoast.com\/wordpress\/plugins\/seo\/ -->\n<title>Prefeitura orienta banhistas para cuidados com cheia e estreitamento da faixa de areia<\/title>\n<meta name=\"description\" content=\"Com a subida de 1,04 metro do rio Negro, em maio, e atingindo a marca de 28,10 metros, nesta ter\u00e7a-feira, 30\/5, a faixa de areia da praia da Ponta Negra fica reduzida com as \u00e1guas, e a Prefeitura de Manaus refor\u00e7a as orienta\u00e7\u00f5es para seguran\u00e7a dos banhistas no per\u00edodo. Uma delas \u00e9 respeitar as marca\u00e7\u00f5es feitas pelos salva-vidas do Corpo de Bombeiros.\" \/>\n<meta name=\"robots\" content=\"noindex, follow\" \/>\n<meta property=\"og:locale\" content=\"pt_BR\" \/>\n<meta property=\"og:type\" content=\"article\" \/>\n<meta property=\"og:title\" content=\"Prefeitura orienta banhistas para cuidados com cheia e estreitamento da faixa de areia\" \/>\n<meta property=\"og:description\" content=\"Com a subida de 1,04 metro do rio Negro, em maio, e atingindo a marca de 28,10 metros, nesta ter\u00e7a-feira, 30\/5, a faixa de areia da praia da Ponta Negra fica reduzida com as \u00e1guas, e a Prefeitura de Manaus refor\u00e7a as orienta\u00e7\u00f5es para seguran\u00e7a dos banhistas no per\u00edodo. Uma delas \u00e9 respeitar as marca\u00e7\u00f5es feitas pelos salva-vidas do Corpo de Bombeiros.\" \/>\n<meta property=\"og:url\" content=\"https:\/\/www.manaus.am.gov.br\/implurb\/prefeitura-orienta-banhistas-para-cuidados-com-cheia-e-estreitamento-da-faixa-de-areia\/\" \/>\n<meta property=\"og:site_name\" content=\"IMPLURB\" \/>\n<meta property=\"article:published_time\" content=\"2023-05-30T21:52:50+00:00\" \/>\n<meta property=\"article:modified_time\" content=\"2023-06-21T18:06:01+00:00\" \/>\n<meta property=\"og:image\" content=\"https:\/\/www.manaus.am.gov.br\/implurb\/wp-content\/uploads\/sites\/13\/2023\/05\/20230530131711__C9A4113-01-scaled.jpeg\" \/>\n\t<meta property=\"og:image:width\" content=\"2560\" \/>\n\t<meta property=\"og:image:height\" content=\"1707\" \/>\n\t<meta property=\"og:image:type\" content=\"image\/jpeg\" \/>\n<meta name=\"author\" content=\"Adriana Costa\" \/>\n<meta name=\"twitter:card\" content=\"summary_large_image\" \/>\n<meta name=\"twitter:label1\" content=\"Written by\" \/>\n\t<meta name=\"twitter:data1\" content=\"Adriana Costa\" \/>\n\t<meta name=\"twitter:label2\" content=\"Est. reading time\" \/>\n\t<meta name=\"twitter:data2\" content=\"4 minutos\" \/>\n<script type=\"application\/ld+json\" class=\"yoast-schema-graph\">{\"@context\":\"https:\/\/schema.org\",\"@graph\":[{\"@type\":\"WebPage\",\"@id\":\"https:\/\/www.manaus.am.gov.br\/implurb\/prefeitura-orienta-banhistas-para-cuidados-com-cheia-e-estreitamento-da-faixa-de-areia\/\",\"url\":\"https:\/\/www.manaus.am.gov.br\/implurb\/prefeitura-orienta-banhistas-para-cuidados-com-cheia-e-estreitamento-da-faixa-de-areia\/\",\"name\":\"Prefeitura orienta banhistas para cuidados com cheia e estreitamento da faixa de areia\",\"isPartOf\":{\"@id\":\"https:\/\/www.manaus.am.gov.br\/implurb\/#website\"},\"primaryImageOfPage\":{\"@id\":\"https:\/\/www.manaus.am.gov.br\/implurb\/prefeitura-orienta-banhistas-para-cuidados-com-cheia-e-estreitamento-da-faixa-de-areia\/#primaryimage\"},\"image\":{\"@id\":\"https:\/\/www.manaus.am.gov.br\/implurb\/prefeitura-orienta-banhistas-para-cuidados-com-cheia-e-estreitamento-da-faixa-de-areia\/#primaryimage\"},\"thumbnailUrl\":\"https:\/\/www.manaus.am.gov.br\/implurb\/wp-content\/uploads\/sites\/13\/2023\/05\/20230530131711__C9A4113-01-scaled.jpeg\",\"datePublished\":\"2023-05-30T21:52:50+00:00\",\"dateModified\":\"2023-06-21T18:06:01+00:00\",\"author\":{\"@id\":\"https:\/\/www.manaus.am.gov.br\/implurb\/#\/schema\/person\/4e49f4e267757a06ca072ec61b2b9968\"},\"description\":\"Com a subida de 1,04 metro do rio Negro, em maio, e atingindo a marca de 28,10 metros, nesta ter\u00e7a-feira, 30\/5, a faixa de areia da praia da Ponta Negra fica reduzida com as \u00e1guas, e a Prefeitura de Manaus refor\u00e7a as orienta\u00e7\u00f5es para seguran\u00e7a dos banhistas no per\u00edodo. Uma delas \u00e9 respeitar as marca\u00e7\u00f5es feitas pelos salva-vidas do Corpo de Bombeiros.\",\"breadcrumb\":{\"@id\":\"https:\/\/www.manaus.am.gov.br\/implurb\/prefeitura-orienta-banhistas-para-cuidados-com-cheia-e-estreitamento-da-faixa-de-areia\/#breadcrumb\"},\"inLanguage\":\"pt-BR\",\"potentialAction\":[{\"@type\":\"ReadAction\",\"target\":[\"https:\/\/www.manaus.am.gov.br\/implurb\/prefeitura-orienta-banhistas-para-cuidados-com-cheia-e-estreitamento-da-faixa-de-areia\/\"]}]},{\"@type\":\"ImageObject\",\"inLanguage\":\"pt-BR\",\"@id\":\"https:\/\/www.manaus.am.gov.br\/implurb\/prefeitura-orienta-banhistas-para-cuidados-com-cheia-e-estreitamento-da-faixa-de-areia\/#primaryimage\",\"url\":\"https:\/\/www.manaus.am.gov.br\/implurb\/wp-content\/uploads\/sites\/13\/2023\/05\/20230530131711__C9A4113-01-scaled.jpeg\",\"contentUrl\":\"https:\/\/www.manaus.am.gov.br\/implurb\/wp-content\/uploads\/sites\/13\/2023\/05\/20230530131711__C9A4113-01-scaled.jpeg\",\"width\":2560,\"height\":1707},{\"@type\":\"BreadcrumbList\",\"@id\":\"https:\/\/www.manaus.am.gov.br\/implurb\/prefeitura-orienta-banhistas-para-cuidados-com-cheia-e-estreitamento-da-faixa-de-areia\/#breadcrumb\",\"itemListElement\":[{\"@type\":\"ListItem\",\"position\":1,\"name\":\"Home\",\"item\":\"https:\/\/www.manaus.am.gov.br\/implurb\/\"},{\"@type\":\"ListItem\",\"position\":2,\"name\":\"Prefeitura orienta banhistas para cuidados com cheia e estreitamento da faixa de areia\"}]},{\"@type\":\"WebSite\",\"@id\":\"https:\/\/www.manaus.am.gov.br\/implurb\/#website\",\"url\":\"https:\/\/www.manaus.am.gov.br\/implurb\/\",\"name\":\"IMPLURB\",\"description\":\"Prefeitura de Manaus\",\"potentialAction\":[{\"@type\":\"SearchAction\",\"target\":{\"@type\":\"EntryPoint\",\"urlTemplate\":\"https:\/\/www.manaus.am.gov.br\/implurb\/?s={search_term_string}\"},\"query-input\":\"required name=search_term_string\"}],\"inLanguage\":\"pt-BR\"},{\"@type\":\"Person\",\"@id\":\"https:\/\/www.manaus.am.gov.br\/implurb\/#\/schema\/person\/4e49f4e267757a06ca072ec61b2b9968\",\"name\":\"Adriana Costa\",\"image\":{\"@type\":\"ImageObject\",\"inLanguage\":\"pt-BR\",\"@id\":\"https:\/\/www.manaus.am.gov.br\/implurb\/#\/schema\/person\/image\/\",\"url\":\"https:\/\/secure.gravatar.com\/avatar\/576258617ef7194f718179e766d57bd4?s=96&d=mm&r=g\",\"contentUrl\":\"https:\/\/secure.gravatar.com\/avatar\/576258617ef7194f718179e766d57bd4?s=96&d=mm&r=g\",\"caption\":\"Adriana Costa\"}}]}<\/script>\n<!-- \/ Yoast SEO plugin. -->","yoast_head_json":{"title":"Prefeitura orienta banhistas para cuidados com cheia e estreitamento da faixa de areia","description":"Com a subida de 1,04 metro do rio Negro, em maio, e atingindo a marca de 28,10 metros, nesta ter\u00e7a-feira, 30\/5, a faixa de areia da praia da Ponta Negra fica reduzida com as \u00e1guas, e a Prefeitura de Manaus refor\u00e7a as orienta\u00e7\u00f5es para seguran\u00e7a dos banhistas no per\u00edodo. Uma delas \u00e9 respeitar as marca\u00e7\u00f5es feitas pelos salva-vidas do Corpo de Bombeiros.","robots":{"index":"noindex","follow":"follow"},"og_locale":"pt_BR","og_type":"article","og_title":"Prefeitura orienta banhistas para cuidados com cheia e estreitamento da faixa de areia","og_description":"Com a subida de 1,04 metro do rio Negro, em maio, e atingindo a marca de 28,10 metros, nesta ter\u00e7a-feira, 30\/5, a faixa de areia da praia da Ponta Negra fica reduzida com as \u00e1guas, e a Prefeitura de Manaus refor\u00e7a as orienta\u00e7\u00f5es para seguran\u00e7a dos banhistas no per\u00edodo. Uma delas \u00e9 respeitar as marca\u00e7\u00f5es feitas pelos salva-vidas do Corpo de Bombeiros.","og_url":"https:\/\/www.manaus.am.gov.br\/implurb\/prefeitura-orienta-banhistas-para-cuidados-com-cheia-e-estreitamento-da-faixa-de-areia\/","og_site_name":"IMPLURB","article_published_time":"2023-05-30T21:52:50+00:00","article_modified_time":"2023-06-21T18:06:01+00:00","og_image":[{"width":2560,"height":1707,"url":"https:\/\/www.manaus.am.gov.br\/implurb\/wp-content\/uploads\/sites\/13\/2023\/05\/20230530131711__C9A4113-01-scaled.jpeg","type":"image\/jpeg"}],"author":"Adriana Costa","twitter_card":"summary_large_image","twitter_misc":{"Written by":"Adriana Costa","Est. reading time":"4 minutos"},"schema":{"@context":"https:\/\/schema.org","@graph":[{"@type":"WebPage","@id":"https:\/\/www.manaus.am.gov.br\/implurb\/prefeitura-orienta-banhistas-para-cuidados-com-cheia-e-estreitamento-da-faixa-de-areia\/","url":"https:\/\/www.manaus.am.gov.br\/implurb\/prefeitura-orienta-banhistas-para-cuidados-com-cheia-e-estreitamento-da-faixa-de-areia\/","name":"Prefeitura orienta banhistas para cuidados com cheia e estreitamento da faixa de areia","isPartOf":{"@id":"https:\/\/www.manaus.am.gov.br\/implurb\/#website"},"primaryImageOfPage":{"@id":"https:\/\/www.manaus.am.gov.br\/implurb\/prefeitura-orienta-banhistas-para-cuidados-com-cheia-e-estreitamento-da-faixa-de-areia\/#primaryimage"},"image":{"@id":"https:\/\/www.manaus.am.gov.br\/implurb\/prefeitura-orienta-banhistas-para-cuidados-com-cheia-e-estreitamento-da-faixa-de-areia\/#primaryimage"},"thumbnailUrl":"https:\/\/www.manaus.am.gov.br\/implurb\/wp-content\/uploads\/sites\/13\/2023\/05\/20230530131711__C9A4113-01-scaled.jpeg","datePublished":"2023-05-30T21:52:50+00:00","dateModified":"2023-06-21T18:06:01+00:00","author":{"@id":"https:\/\/www.manaus.am.gov.br\/implurb\/#\/schema\/person\/4e49f4e267757a06ca072ec61b2b9968"},"description":"Com a subida de 1,04 metro do rio Negro, em maio, e atingindo a marca de 28,10 metros, nesta ter\u00e7a-feira, 30\/5, a faixa de areia da praia da Ponta Negra fica reduzida com as \u00e1guas, e a Prefeitura de Manaus refor\u00e7a as orienta\u00e7\u00f5es para seguran\u00e7a dos banhistas no per\u00edodo. Uma delas \u00e9 respeitar as marca\u00e7\u00f5es feitas pelos salva-vidas do Corpo de Bombeiros.","breadcrumb":{"@id":"https:\/\/www.manaus.am.gov.br\/implurb\/prefeitura-orienta-banhistas-para-cuidados-com-cheia-e-estreitamento-da-faixa-de-areia\/#breadcrumb"},"inLanguage":"pt-BR","potentialAction":[{"@type":"ReadAction","target":["https:\/\/www.manaus.am.gov.br\/implurb\/prefeitura-orienta-banhistas-para-cuidados-com-cheia-e-estreitamento-da-faixa-de-areia\/"]}]},{"@type":"ImageObject","inLanguage":"pt-BR","@id":"https:\/\/www.manaus.am.gov.br\/implurb\/prefeitura-orienta-banhistas-para-cuidados-com-cheia-e-estreitamento-da-faixa-de-areia\/#primaryimage","url":"https:\/\/www.manaus.am.gov.br\/implurb\/wp-content\/uploads\/sites\/13\/2023\/05\/20230530131711__C9A4113-01-scaled.jpeg","contentUrl":"https:\/\/www.manaus.am.gov.br\/implurb\/wp-content\/uploads\/sites\/13\/2023\/05\/20230530131711__C9A4113-01-scaled.jpeg","width":2560,"height":1707},{"@type":"BreadcrumbList","@id":"https:\/\/www.manaus.am.gov.br\/implurb\/prefeitura-orienta-banhistas-para-cuidados-com-cheia-e-estreitamento-da-faixa-de-areia\/#breadcrumb","itemListElement":[{"@type":"ListItem","position":1,"name":"Home","item":"https:\/\/www.manaus.am.gov.br\/implurb\/"},{"@type":"ListItem","position":2,"name":"Prefeitura orienta banhistas para cuidados com cheia e estreitamento da faixa de areia"}]},{"@type":"WebSite","@id":"https:\/\/www.manaus.am.gov.br\/implurb\/#website","url":"https:\/\/www.manaus.am.gov.br\/implurb\/","name":"IMPLURB","description":"Prefeitura de Manaus","potentialAction":[{"@type":"SearchAction","target":{"@type":"EntryPoint","urlTemplate":"https:\/\/www.manaus.am.gov.br\/implurb\/?s={search_term_string}"},"query-input":"required name=search_term_string"}],"inLanguage":"pt-BR"},{"@type":"Person","@id":"https:\/\/www.manaus.am.gov.br\/implurb\/#\/schema\/person\/4e49f4e267757a06ca072ec61b2b9968","name":"Adriana Costa","image":{"@type":"ImageObject","inLanguage":"pt-BR","@id":"https:\/\/www.manaus.am.gov.br\/implurb\/#\/schema\/person\/image\/","url":"https:\/\/secure.gravatar.com\/avatar\/576258617ef7194f718179e766d57bd4?s=96&d=mm&r=g","contentUrl":"https:\/\/secure.gravatar.com\/avatar\/576258617ef7194f718179e766d57bd4?s=96&d=mm&r=g","caption":"Adriana Costa"}}]}},"_links":{"self":[{"href":"https:\/\/www.manaus.am.gov.br\/implurb\/wp-json\/wp\/v2\/posts\/308"}],"collection":[{"href":"https:\/\/www.manaus.am.gov.br\/implurb\/wp-json\/wp\/v2\/posts"}],"about":[{"href":"https:\/\/www.manaus.am.gov.br\/implurb\/wp-json\/wp\/v2\/types\/post"}],"author":[{"embeddable":true,"href":"https:\/\/www.manaus.am.gov.br\/implurb\/wp-json\/wp\/v2\/users\/23"}],"replies":[{"embeddable":true,"href":"https:\/\/www.manaus.am.gov.br\/implurb\/wp-json\/wp\/v2\/comments?post=308"}],"version-history":[{"count":1,"href":"https:\/\/www.manaus.am.gov.br\/implurb\/wp-json\/wp\/v2\/posts\/308\/revisions"}],"predecessor-version":[{"id":791,"href":"https:\/\/www.manaus.am.gov.br\/implurb\/wp-json\/wp\/v2\/posts\/308\/revisions\/791"}],"wp:featuredmedia":[{"embeddable":true,"href":"https:\/\/www.manaus.am.gov.br\/implurb\/wp-json\/wp\/v2\/media\/309"}],"wp:attachment":[{"href":"https:\/\/www.manaus.am.gov.br\/implurb\/wp-json\/wp\/v2\/media?parent=308"}],"wp:term":[{"taxonomy":"category","embeddable":true,"href":"https:\/\/www.manaus.am.gov.br\/implurb\/wp-json\/wp\/v2\/categories?post=308"},{"taxonomy":"post_tag","embeddable":true,"href":"https:\/\/www.manaus.am.gov.br\/implurb\/wp-json\/wp\/v2\/tags?post=308"}],"curies":[{"name":"wp","href":"https:\/\/api.w.org\/{rel}","templated":true}]}}