{"id":3028,"date":"2023-11-29T11:07:54","date_gmt":"2023-11-29T15:07:54","guid":{"rendered":"https:\/\/www.manaus.am.gov.br\/implurb\/prefeitura-inicia-levantamento-de-dados-e-mapas-para-abastecer-ibge-sobre-novos-aglomerados-subnormais\/"},"modified":"2023-11-29T11:07:56","modified_gmt":"2023-11-29T15:07:56","slug":"prefeitura-inicia-levantamento-de-dados-e-mapas-para-abastecer-ibge-sobre-novos-aglomerados-subnormais","status":"publish","type":"post","link":"https:\/\/www.manaus.am.gov.br\/implurb\/prefeitura-inicia-levantamento-de-dados-e-mapas-para-abastecer-ibge-sobre-novos-aglomerados-subnormais\/","title":{"rendered":"Prefeitura inicia levantamento de dados e mapas para abastecer IBGE sobre novos aglomerados subnormais"},"content":{"rendered":"\n<p>A Prefeitura de Manaus, via Instituto Municipal de Planejamento Urbano (Implurb), est\u00e1 integrando nova a\u00e7\u00e3o junto \u00e0 superintend\u00eancia do Amazonas do\u00a0Instituto Brasileiro de Geografia e Estat\u00edstica (IBGE), para uma nova rodada de consolida\u00e7\u00e3o de dados sobre aglomerados subnormais existentes na capital.<\/p>\n\n\n\n<p>Ap\u00f3s a conclus\u00e3o de levantamento sobre os aglomerados para o&nbsp;Censo Demogr\u00e1fico de 2022, feita em setembro deste ano, o IBGE identificou mais dez pol\u00edgonos mapeados, entre o per\u00edodo de in\u00edcio do Censo (agosto de 2022) e a consolida\u00e7\u00e3o dos dados nacionais.<\/p>\n\n\n\n<p>\u201cSer\u00e1 uma segunda etapa, um refinamento ap\u00f3s a consolida\u00e7\u00e3o dos dados do Censo 2022, que iniciou o levantamento em agosto do ano passado. Nesse lapso temporal, relativamente curto, observamos o surgimento de novas&nbsp;comunidades, novos agrupamentos e estamos novamente no Implurb para verificar como est\u00e1 a situa\u00e7\u00e3o fundi\u00e1ria dessas regi\u00f5es\u201d, explicou o&nbsp;coordenador de base territorial da superintend\u00eancia do Amazonas, Jess\u00e9 Nogueira Miranda.<\/p>\n\n\n\n<p>A partir do diagn\u00f3stico feito com os dados e base do Implurb, o IBGE pretende ir a campo fazer a caracteriza\u00e7\u00e3o urban\u00edstica dos aglomerados confirmados.<\/p>\n\n\n\n<p>Para o diretor de Planejamento do instituto, arquiteto e urbanista Pedro Paulo Cordeiro, o levantamento de dados vai permitir ter o mapa desses dez novos pontos e saber se existe alguma a\u00e7\u00e3o de regulariza\u00e7\u00e3o fundi\u00e1ria nos territ\u00f3rios.<\/p>\n\n\n\n<p>\u201cA partir do momento que existe uma regulariza\u00e7\u00e3o fundi\u00e1ria, acaba deixando de ser pacificado como aglomerado subnormal. Ser\u00e1 mais um trabalho, uma segunda etapa da a\u00e7\u00e3o important\u00edssima, de mapeamento. Sabemos que Manaus n\u00e3o \u00e9 uma cidade que foi crescendo de forma planejada e possui muitas ocupa\u00e7\u00f5es irregulares, em diversas \u00e9pocas da nossa hist\u00f3ria. E \u00e9 importante reconhecer que existem essas \u00e1reas at\u00e9 para poder atuar com pol\u00edticas p\u00fablicas, urbanas e direcionadas\u201d, comentou.<\/p>\n\n\n\n<p>T\u00e9cnicos da autarquia, com&nbsp;apoio de arquitetos urbanistas da Diretoria de Planejamento Urbano (DPLA) e das Ger\u00eancias de Mobilidade Urbana (GMU) e de Informa\u00e7\u00e3o de Geoprocessamento (GIG), v\u00e3o produzir o conte\u00fado eletr\u00f4nico e de confirma\u00e7\u00e3o de tabelas e mapas dos aglomerados, para validar informa\u00e7\u00f5es do IBGE, dentro da parceria institucional.<\/p>\n\n\n\n<p>Al\u00e9m de atender ao importante chamado para consolidar dados e informa\u00e7\u00f5es para o Censo 2022, o conte\u00fado vai servir para gerar atualiza\u00e7\u00e3o das camadas e mapas sobre comunidades para fundamentar pol\u00edticas urbanas e sociais municipais.<\/p>\n\n\n\n<p><strong>Classifica\u00e7\u00e3o<\/strong><\/p>\n\n\n\n<p>Para o IBGE, os aglomerados subnormais representam um conjunto constitu\u00eddo de, no m\u00ednimo, 51 unidades habitacionais ocupando ou tendo ocupado, at\u00e9 per\u00edodo recente, terreno de propriedade alheia (p\u00fablica ou particular) dispostas, em geral, de forma desordenada e densa, e apresentando car\u00eancia em servi\u00e7os b\u00e1sicos.<\/p>\n\n\n\n<p>Conforme dados do Censo divulgados este ano, foram identificados, na capital, 243 aglomerados, sendo 218 setorizados, conforme dados do IBGE. De acordo com dados oficiais do Censo 2022, Manaus tem uma popula\u00e7\u00e3o de 2.063.547, uma alta de 14,50%, comparando com o \u00faltimo recenseamento de 2010.<\/p>\n\n\n\n<p><strong>Autarquia<\/strong><\/p>\n\n\n\n<p>O&nbsp;Implurb&nbsp;faz levantamentos do sistema vi\u00e1rio, topografia, curvas de n\u00edvel, constru\u00e7\u00f5es e tipologias, \u00e1reas consolidadas e mobili\u00e1rios urbanos p\u00fablicos, reunindo imagens,&nbsp;vetoriza\u00e7\u00e3o para mapas e fotogrametria, al\u00e9m de mosaicos de&nbsp;ortofoto, que possui uma alta resolu\u00e7\u00e3o espacial (GSD), permitindo an\u00e1lises minuciosas de ordem centim\u00e9trica.<\/p>\n\n\n\n<p>&#8212; &#8212; &#8212;<\/p>\n\n\n\n<p><strong>Texto<\/strong>&nbsp;\u2013 Claudia do Valle\/Implurb<\/p>\n\n\n\n<p><strong>Fotos&nbsp;<\/strong>\u2013 Divulga\u00e7\u00e3o\/Implurb<\/p>\n","protected":false},"excerpt":{"rendered":"","protected":false},"author":23,"featured_media":3029,"comment_status":"closed","ping_status":"closed","sticky":false,"template":"","format":"standard","meta":{"footnotes":""},"categories":[228],"tags":[538,590,850,11,73,851,15],"acf":[],"yoast_head":"<!-- This site is optimized with the Yoast SEO plugin v23.0 - https:\/\/yoast.com\/wordpress\/plugins\/seo\/ -->\n<title>Prefeitura inicia levantamento de dados e mapas para abastecer IBGE sobre novos aglomerados subnormais<\/title>\n<meta name=\"description\" content=\"A Prefeitura de Manaus, via Instituto Municipal de Planejamento Urbano (Implurb), est\u00e1 integrando nova a\u00e7\u00e3o junto \u00e0 superintend\u00eancia do Amazonas do\u00a0Instituto Brasileiro de Geografia e Estat\u00edstica (IBGE), para uma nova rodada de consolida\u00e7\u00e3o de dados sobre aglomerados subnormais existentes na capital.\" \/>\n<meta name=\"robots\" content=\"noindex, follow\" \/>\n<meta property=\"og:locale\" content=\"pt_BR\" \/>\n<meta property=\"og:type\" content=\"article\" \/>\n<meta property=\"og:title\" content=\"Prefeitura inicia levantamento de dados e mapas para abastecer IBGE sobre novos aglomerados subnormais\" \/>\n<meta property=\"og:description\" content=\"A Prefeitura de Manaus, via Instituto Municipal de Planejamento Urbano (Implurb), est\u00e1 integrando nova a\u00e7\u00e3o junto \u00e0 superintend\u00eancia do Amazonas do\u00a0Instituto Brasileiro de Geografia e Estat\u00edstica (IBGE), para uma nova rodada de consolida\u00e7\u00e3o de dados sobre aglomerados subnormais existentes na capital.\" \/>\n<meta property=\"og:url\" content=\"https:\/\/www.manaus.am.gov.br\/implurb\/prefeitura-inicia-levantamento-de-dados-e-mapas-para-abastecer-ibge-sobre-novos-aglomerados-subnormais\/\" \/>\n<meta property=\"og:site_name\" content=\"IMPLURB\" \/>\n<meta property=\"article:published_time\" content=\"2023-11-29T15:07:54+00:00\" \/>\n<meta property=\"article:modified_time\" content=\"2023-11-29T15:07:56+00:00\" \/>\n<meta property=\"og:image\" content=\"https:\/\/www.manaus.am.gov.br\/implurb\/wp-content\/uploads\/sites\/13\/2023\/11\/ibgeNOV4.jpg\" \/>\n\t<meta property=\"og:image:width\" content=\"1600\" \/>\n\t<meta property=\"og:image:height\" content=\"1200\" \/>\n\t<meta property=\"og:image:type\" content=\"image\/jpeg\" \/>\n<meta name=\"author\" content=\"Adriana Costa\" \/>\n<meta name=\"twitter:card\" content=\"summary_large_image\" \/>\n<meta name=\"twitter:label1\" content=\"Written by\" \/>\n\t<meta name=\"twitter:data1\" content=\"Adriana Costa\" \/>\n\t<meta name=\"twitter:label2\" content=\"Est. reading time\" \/>\n\t<meta name=\"twitter:data2\" content=\"3 minutos\" \/>\n<script type=\"application\/ld+json\" class=\"yoast-schema-graph\">{\"@context\":\"https:\/\/schema.org\",\"@graph\":[{\"@type\":\"WebPage\",\"@id\":\"https:\/\/www.manaus.am.gov.br\/implurb\/prefeitura-inicia-levantamento-de-dados-e-mapas-para-abastecer-ibge-sobre-novos-aglomerados-subnormais\/\",\"url\":\"https:\/\/www.manaus.am.gov.br\/implurb\/prefeitura-inicia-levantamento-de-dados-e-mapas-para-abastecer-ibge-sobre-novos-aglomerados-subnormais\/\",\"name\":\"Prefeitura inicia levantamento de dados e mapas para abastecer IBGE sobre novos aglomerados subnormais\",\"isPartOf\":{\"@id\":\"https:\/\/www.manaus.am.gov.br\/implurb\/#website\"},\"primaryImageOfPage\":{\"@id\":\"https:\/\/www.manaus.am.gov.br\/implurb\/prefeitura-inicia-levantamento-de-dados-e-mapas-para-abastecer-ibge-sobre-novos-aglomerados-subnormais\/#primaryimage\"},\"image\":{\"@id\":\"https:\/\/www.manaus.am.gov.br\/implurb\/prefeitura-inicia-levantamento-de-dados-e-mapas-para-abastecer-ibge-sobre-novos-aglomerados-subnormais\/#primaryimage\"},\"thumbnailUrl\":\"https:\/\/www.manaus.am.gov.br\/implurb\/wp-content\/uploads\/sites\/13\/2023\/11\/ibgeNOV4.jpg\",\"datePublished\":\"2023-11-29T15:07:54+00:00\",\"dateModified\":\"2023-11-29T15:07:56+00:00\",\"author\":{\"@id\":\"https:\/\/www.manaus.am.gov.br\/implurb\/#\/schema\/person\/4e49f4e267757a06ca072ec61b2b9968\"},\"description\":\"A Prefeitura de Manaus, via Instituto Municipal de Planejamento Urbano (Implurb), est\u00e1 integrando nova a\u00e7\u00e3o junto \u00e0 superintend\u00eancia do Amazonas do\u00a0Instituto Brasileiro de Geografia e Estat\u00edstica (IBGE), para uma nova rodada de consolida\u00e7\u00e3o de dados sobre aglomerados subnormais existentes na capital.\",\"breadcrumb\":{\"@id\":\"https:\/\/www.manaus.am.gov.br\/implurb\/prefeitura-inicia-levantamento-de-dados-e-mapas-para-abastecer-ibge-sobre-novos-aglomerados-subnormais\/#breadcrumb\"},\"inLanguage\":\"pt-BR\",\"potentialAction\":[{\"@type\":\"ReadAction\",\"target\":[\"https:\/\/www.manaus.am.gov.br\/implurb\/prefeitura-inicia-levantamento-de-dados-e-mapas-para-abastecer-ibge-sobre-novos-aglomerados-subnormais\/\"]}]},{\"@type\":\"ImageObject\",\"inLanguage\":\"pt-BR\",\"@id\":\"https:\/\/www.manaus.am.gov.br\/implurb\/prefeitura-inicia-levantamento-de-dados-e-mapas-para-abastecer-ibge-sobre-novos-aglomerados-subnormais\/#primaryimage\",\"url\":\"https:\/\/www.manaus.am.gov.br\/implurb\/wp-content\/uploads\/sites\/13\/2023\/11\/ibgeNOV4.jpg\",\"contentUrl\":\"https:\/\/www.manaus.am.gov.br\/implurb\/wp-content\/uploads\/sites\/13\/2023\/11\/ibgeNOV4.jpg\",\"width\":1600,\"height\":1200},{\"@type\":\"BreadcrumbList\",\"@id\":\"https:\/\/www.manaus.am.gov.br\/implurb\/prefeitura-inicia-levantamento-de-dados-e-mapas-para-abastecer-ibge-sobre-novos-aglomerados-subnormais\/#breadcrumb\",\"itemListElement\":[{\"@type\":\"ListItem\",\"position\":1,\"name\":\"Home\",\"item\":\"https:\/\/www.manaus.am.gov.br\/implurb\/\"},{\"@type\":\"ListItem\",\"position\":2,\"name\":\"Prefeitura inicia levantamento de dados e mapas para abastecer IBGE sobre novos aglomerados subnormais\"}]},{\"@type\":\"WebSite\",\"@id\":\"https:\/\/www.manaus.am.gov.br\/implurb\/#website\",\"url\":\"https:\/\/www.manaus.am.gov.br\/implurb\/\",\"name\":\"IMPLURB\",\"description\":\"Prefeitura de Manaus\",\"potentialAction\":[{\"@type\":\"SearchAction\",\"target\":{\"@type\":\"EntryPoint\",\"urlTemplate\":\"https:\/\/www.manaus.am.gov.br\/implurb\/?s={search_term_string}\"},\"query-input\":\"required name=search_term_string\"}],\"inLanguage\":\"pt-BR\"},{\"@type\":\"Person\",\"@id\":\"https:\/\/www.manaus.am.gov.br\/implurb\/#\/schema\/person\/4e49f4e267757a06ca072ec61b2b9968\",\"name\":\"Adriana Costa\",\"image\":{\"@type\":\"ImageObject\",\"inLanguage\":\"pt-BR\",\"@id\":\"https:\/\/www.manaus.am.gov.br\/implurb\/#\/schema\/person\/image\/\",\"url\":\"https:\/\/secure.gravatar.com\/avatar\/576258617ef7194f718179e766d57bd4?s=96&d=mm&r=g\",\"contentUrl\":\"https:\/\/secure.gravatar.com\/avatar\/576258617ef7194f718179e766d57bd4?s=96&d=mm&r=g\",\"caption\":\"Adriana Costa\"}}]}<\/script>\n<!-- \/ Yoast SEO plugin. -->","yoast_head_json":{"title":"Prefeitura inicia levantamento de dados e mapas para abastecer IBGE sobre novos aglomerados subnormais","description":"A Prefeitura de Manaus, via Instituto Municipal de Planejamento Urbano (Implurb), est\u00e1 integrando nova a\u00e7\u00e3o junto \u00e0 superintend\u00eancia do Amazonas do\u00a0Instituto Brasileiro de Geografia e Estat\u00edstica (IBGE), para uma nova rodada de consolida\u00e7\u00e3o de dados sobre aglomerados subnormais existentes na capital.","robots":{"index":"noindex","follow":"follow"},"og_locale":"pt_BR","og_type":"article","og_title":"Prefeitura inicia levantamento de dados e mapas para abastecer IBGE sobre novos aglomerados subnormais","og_description":"A Prefeitura de Manaus, via Instituto Municipal de Planejamento Urbano (Implurb), est\u00e1 integrando nova a\u00e7\u00e3o junto \u00e0 superintend\u00eancia do Amazonas do\u00a0Instituto Brasileiro de Geografia e Estat\u00edstica (IBGE), para uma nova rodada de consolida\u00e7\u00e3o de dados sobre aglomerados subnormais existentes na capital.","og_url":"https:\/\/www.manaus.am.gov.br\/implurb\/prefeitura-inicia-levantamento-de-dados-e-mapas-para-abastecer-ibge-sobre-novos-aglomerados-subnormais\/","og_site_name":"IMPLURB","article_published_time":"2023-11-29T15:07:54+00:00","article_modified_time":"2023-11-29T15:07:56+00:00","og_image":[{"width":1600,"height":1200,"url":"https:\/\/www.manaus.am.gov.br\/implurb\/wp-content\/uploads\/sites\/13\/2023\/11\/ibgeNOV4.jpg","type":"image\/jpeg"}],"author":"Adriana Costa","twitter_card":"summary_large_image","twitter_misc":{"Written by":"Adriana Costa","Est. reading time":"3 minutos"},"schema":{"@context":"https:\/\/schema.org","@graph":[{"@type":"WebPage","@id":"https:\/\/www.manaus.am.gov.br\/implurb\/prefeitura-inicia-levantamento-de-dados-e-mapas-para-abastecer-ibge-sobre-novos-aglomerados-subnormais\/","url":"https:\/\/www.manaus.am.gov.br\/implurb\/prefeitura-inicia-levantamento-de-dados-e-mapas-para-abastecer-ibge-sobre-novos-aglomerados-subnormais\/","name":"Prefeitura inicia levantamento de dados e mapas para abastecer IBGE sobre novos aglomerados subnormais","isPartOf":{"@id":"https:\/\/www.manaus.am.gov.br\/implurb\/#website"},"primaryImageOfPage":{"@id":"https:\/\/www.manaus.am.gov.br\/implurb\/prefeitura-inicia-levantamento-de-dados-e-mapas-para-abastecer-ibge-sobre-novos-aglomerados-subnormais\/#primaryimage"},"image":{"@id":"https:\/\/www.manaus.am.gov.br\/implurb\/prefeitura-inicia-levantamento-de-dados-e-mapas-para-abastecer-ibge-sobre-novos-aglomerados-subnormais\/#primaryimage"},"thumbnailUrl":"https:\/\/www.manaus.am.gov.br\/implurb\/wp-content\/uploads\/sites\/13\/2023\/11\/ibgeNOV4.jpg","datePublished":"2023-11-29T15:07:54+00:00","dateModified":"2023-11-29T15:07:56+00:00","author":{"@id":"https:\/\/www.manaus.am.gov.br\/implurb\/#\/schema\/person\/4e49f4e267757a06ca072ec61b2b9968"},"description":"A Prefeitura de Manaus, via Instituto Municipal de Planejamento Urbano (Implurb), est\u00e1 integrando nova a\u00e7\u00e3o junto \u00e0 superintend\u00eancia do Amazonas do\u00a0Instituto Brasileiro de Geografia e Estat\u00edstica (IBGE), para uma nova rodada de consolida\u00e7\u00e3o de dados sobre aglomerados subnormais existentes na capital.","breadcrumb":{"@id":"https:\/\/www.manaus.am.gov.br\/implurb\/prefeitura-inicia-levantamento-de-dados-e-mapas-para-abastecer-ibge-sobre-novos-aglomerados-subnormais\/#breadcrumb"},"inLanguage":"pt-BR","potentialAction":[{"@type":"ReadAction","target":["https:\/\/www.manaus.am.gov.br\/implurb\/prefeitura-inicia-levantamento-de-dados-e-mapas-para-abastecer-ibge-sobre-novos-aglomerados-subnormais\/"]}]},{"@type":"ImageObject","inLanguage":"pt-BR","@id":"https:\/\/www.manaus.am.gov.br\/implurb\/prefeitura-inicia-levantamento-de-dados-e-mapas-para-abastecer-ibge-sobre-novos-aglomerados-subnormais\/#primaryimage","url":"https:\/\/www.manaus.am.gov.br\/implurb\/wp-content\/uploads\/sites\/13\/2023\/11\/ibgeNOV4.jpg","contentUrl":"https:\/\/www.manaus.am.gov.br\/implurb\/wp-content\/uploads\/sites\/13\/2023\/11\/ibgeNOV4.jpg","width":1600,"height":1200},{"@type":"BreadcrumbList","@id":"https:\/\/www.manaus.am.gov.br\/implurb\/prefeitura-inicia-levantamento-de-dados-e-mapas-para-abastecer-ibge-sobre-novos-aglomerados-subnormais\/#breadcrumb","itemListElement":[{"@type":"ListItem","position":1,"name":"Home","item":"https:\/\/www.manaus.am.gov.br\/implurb\/"},{"@type":"ListItem","position":2,"name":"Prefeitura inicia levantamento de dados e mapas para abastecer IBGE sobre novos aglomerados subnormais"}]},{"@type":"WebSite","@id":"https:\/\/www.manaus.am.gov.br\/implurb\/#website","url":"https:\/\/www.manaus.am.gov.br\/implurb\/","name":"IMPLURB","description":"Prefeitura de Manaus","potentialAction":[{"@type":"SearchAction","target":{"@type":"EntryPoint","urlTemplate":"https:\/\/www.manaus.am.gov.br\/implurb\/?s={search_term_string}"},"query-input":"required name=search_term_string"}],"inLanguage":"pt-BR"},{"@type":"Person","@id":"https:\/\/www.manaus.am.gov.br\/implurb\/#\/schema\/person\/4e49f4e267757a06ca072ec61b2b9968","name":"Adriana Costa","image":{"@type":"ImageObject","inLanguage":"pt-BR","@id":"https:\/\/www.manaus.am.gov.br\/implurb\/#\/schema\/person\/image\/","url":"https:\/\/secure.gravatar.com\/avatar\/576258617ef7194f718179e766d57bd4?s=96&d=mm&r=g","contentUrl":"https:\/\/secure.gravatar.com\/avatar\/576258617ef7194f718179e766d57bd4?s=96&d=mm&r=g","caption":"Adriana Costa"}}]}},"_links":{"self":[{"href":"https:\/\/www.manaus.am.gov.br\/implurb\/wp-json\/wp\/v2\/posts\/3028"}],"collection":[{"href":"https:\/\/www.manaus.am.gov.br\/implurb\/wp-json\/wp\/v2\/posts"}],"about":[{"href":"https:\/\/www.manaus.am.gov.br\/implurb\/wp-json\/wp\/v2\/types\/post"}],"author":[{"embeddable":true,"href":"https:\/\/www.manaus.am.gov.br\/implurb\/wp-json\/wp\/v2\/users\/23"}],"replies":[{"embeddable":true,"href":"https:\/\/www.manaus.am.gov.br\/implurb\/wp-json\/wp\/v2\/comments?post=3028"}],"version-history":[{"count":0,"href":"https:\/\/www.manaus.am.gov.br\/implurb\/wp-json\/wp\/v2\/posts\/3028\/revisions"}],"wp:featuredmedia":[{"embeddable":true,"href":"https:\/\/www.manaus.am.gov.br\/implurb\/wp-json\/wp\/v2\/media\/3029"}],"wp:attachment":[{"href":"https:\/\/www.manaus.am.gov.br\/implurb\/wp-json\/wp\/v2\/media?parent=3028"}],"wp:term":[{"taxonomy":"category","embeddable":true,"href":"https:\/\/www.manaus.am.gov.br\/implurb\/wp-json\/wp\/v2\/categories?post=3028"},{"taxonomy":"post_tag","embeddable":true,"href":"https:\/\/www.manaus.am.gov.br\/implurb\/wp-json\/wp\/v2\/tags?post=3028"}],"curies":[{"name":"wp","href":"https:\/\/api.w.org\/{rel}","templated":true}]}}