{"id":2948,"date":"2017-08-28T12:20:56","date_gmt":"2017-08-28T16:20:56","guid":{"rendered":"https:\/\/www.manaus.am.gov.br\/implurb\/contribuintes-com-dividas-no-implurb-podem-aderir-ao-refis-municipal-ate-o-dia-31\/"},"modified":"2023-11-28T14:02:21","modified_gmt":"2023-11-28T18:02:21","slug":"contribuintes-com-dividas-no-implurb-podem-aderir-ao-refis-municipal-ate-o-dia-31","status":"publish","type":"post","link":"https:\/\/www.manaus.am.gov.br\/implurb\/contribuintes-com-dividas-no-implurb-podem-aderir-ao-refis-municipal-ate-o-dia-31\/","title":{"rendered":"Contribuintes com d\u00edvidas no Implurb podem aderir ao Refis Municipal at\u00e9 o dia 31"},"content":{"rendered":"\n<p>Est\u00e1 chegando ao fim o prazo para os contribuintes com d\u00edvidas de taxas referentes a engenhos publicit\u00e1rios, alvar\u00e1s de constru\u00e7\u00e3o e licenciamentos urbanos aderirem aos descontos do Programa de Recupera\u00e7\u00e3o Fiscal do Munic\u00edpio de Manaus (Refis Municipal).<\/p>\n\n\n\n<p>Quem tem d\u00edvidas junto ao Instituto Municipal de Planejamento Urbano (Implurb) pode quitar seus d\u00e9bitos com descontos sobre juros e multas. O Implurb aderiu \u00e0 terceira edi\u00e7\u00e3o do Refis Municipal, oferecendo facilidades ao cidad\u00e3o (pessoa f\u00edsica e jur\u00eddica). Para realizar esse procedimento, \u00e9 necess\u00e1rio comparecer diretamente no Implurb, no pr\u00e9dio anexo a prefeitura, bairro da Compensa at\u00e9 o dia 31 de agosto.<\/p>\n\n\n\n<p>Pelo Refis, o contribuinte que tem d\u00e9bitos com o Implurb pode procurar a Ger\u00eancia de C\u00e1lculo (GCA), em hor\u00e1rio comercial, de segunda a sexta-feira, das 8h \u00e0s 17h, para liquidar o d\u00e9bito \u00e0 vista, em moeda corrente, ou negoci\u00e1-lo em at\u00e9 36 parcelas mensais.<\/p>\n\n\n\n<p>Tamb\u00e9m podem quitar d\u00e9bitos quem estiver com pend\u00eancias nos pagamentos de servi\u00e7os como altera\u00e7\u00e3o do uso do solo e direito de construir, regulariza\u00e7\u00e3o de edifica\u00e7\u00f5es, com\u00e9rcio em via p\u00fablica e vistoria de edifica\u00e7\u00f5es, que s\u00e3o taxas de compet\u00eancia do Implurb.<\/p>\n\n\n\n<p>No caso de pagamento \u00e0 vista haver\u00e1 abatimento de 100% dos juros e multa acumulados, cabendo ao contribuinte pagar somente o valor do d\u00e9bito inicial.<\/p>\n\n\n\n<p>N\u00e3o entram no Refis d\u00e9bitos decorrentes de medidas compensat\u00f3rias, equipamentos comunit\u00e1rios e autos de infra\u00e7\u00e3o decorrentes das a\u00e7\u00f5es fiscais urbanas. O programa chega ao fim no dia 31 de agosto.<\/p>\n\n\n\n<p>Para quem optar pelo parcelamento, o desconto sobre os encargos ser\u00e1 menor, de acordo com a quantidade de parcelas: 80% para pagamento de duas a tr\u00eas parcelas, 70% para quatro a seis parcelas, 60%, para sete a 12 parcelas, 50% para 13 a 24 parcelas e 40 % para 25 a 36 parcelas. O programa caber\u00e1 apenas aos d\u00e9bitos fiscais registrados at\u00e9 o dia 31 de dezembro de 2016. Mais informa\u00e7\u00f5es pelo telefone (92) 3625-5020<\/p>\n\n\n\n<p>Assessoria de Comunica\u00e7\u00e3o do Instituto Municipal de Planejamento Urbano (Implurb): (92) 3625-6287<\/p>\n","protected":false},"excerpt":{"rendered":"","protected":false},"author":8,"featured_media":0,"comment_status":"closed","ping_status":"closed","sticky":false,"template":"","format":"standard","meta":{"footnotes":""},"categories":[688],"tags":[833,824,789,261],"acf":[],"yoast_head":"<!-- This site is optimized with the Yoast SEO plugin v23.0 - https:\/\/yoast.com\/wordpress\/plugins\/seo\/ -->\n<title>Contribuintes com d\u00edvidas no Implurb podem aderir ao Refis Municipal at\u00e9 o dia 31 - IMPLURB<\/title>\n<meta name=\"robots\" content=\"noindex, follow\" \/>\n<meta property=\"og:locale\" content=\"pt_BR\" \/>\n<meta property=\"og:type\" content=\"article\" \/>\n<meta property=\"og:title\" content=\"Contribuintes com d\u00edvidas no Implurb podem aderir ao Refis Municipal at\u00e9 o dia 31 - IMPLURB\" \/>\n<meta property=\"og:url\" content=\"https:\/\/www.manaus.am.gov.br\/implurb\/contribuintes-com-dividas-no-implurb-podem-aderir-ao-refis-municipal-ate-o-dia-31\/\" \/>\n<meta property=\"og:site_name\" content=\"IMPLURB\" \/>\n<meta property=\"article:published_time\" content=\"2017-08-28T16:20:56+00:00\" \/>\n<meta property=\"article:modified_time\" content=\"2023-11-28T18:02:21+00:00\" \/>\n<meta name=\"author\" content=\"Glauber Farias\" \/>\n<meta name=\"twitter:card\" content=\"summary_large_image\" \/>\n<meta name=\"twitter:label1\" content=\"Written by\" \/>\n\t<meta name=\"twitter:data1\" content=\"Glauber Farias\" \/>\n\t<meta name=\"twitter:label2\" content=\"Est. reading time\" \/>\n\t<meta name=\"twitter:data2\" content=\"2 minutos\" \/>\n<script type=\"application\/ld+json\" class=\"yoast-schema-graph\">{\"@context\":\"https:\/\/schema.org\",\"@graph\":[{\"@type\":\"WebPage\",\"@id\":\"https:\/\/www.manaus.am.gov.br\/implurb\/contribuintes-com-dividas-no-implurb-podem-aderir-ao-refis-municipal-ate-o-dia-31\/\",\"url\":\"https:\/\/www.manaus.am.gov.br\/implurb\/contribuintes-com-dividas-no-implurb-podem-aderir-ao-refis-municipal-ate-o-dia-31\/\",\"name\":\"Contribuintes com d\u00edvidas no Implurb podem aderir ao Refis Municipal at\u00e9 o dia 31 - IMPLURB\",\"isPartOf\":{\"@id\":\"https:\/\/www.manaus.am.gov.br\/implurb\/#website\"},\"datePublished\":\"2017-08-28T16:20:56+00:00\",\"dateModified\":\"2023-11-28T18:02:21+00:00\",\"author\":{\"@id\":\"https:\/\/www.manaus.am.gov.br\/implurb\/#\/schema\/person\/fe69d2249d78e7a3112d42bc34c44a58\"},\"breadcrumb\":{\"@id\":\"https:\/\/www.manaus.am.gov.br\/implurb\/contribuintes-com-dividas-no-implurb-podem-aderir-ao-refis-municipal-ate-o-dia-31\/#breadcrumb\"},\"inLanguage\":\"pt-BR\",\"potentialAction\":[{\"@type\":\"ReadAction\",\"target\":[\"https:\/\/www.manaus.am.gov.br\/implurb\/contribuintes-com-dividas-no-implurb-podem-aderir-ao-refis-municipal-ate-o-dia-31\/\"]}]},{\"@type\":\"BreadcrumbList\",\"@id\":\"https:\/\/www.manaus.am.gov.br\/implurb\/contribuintes-com-dividas-no-implurb-podem-aderir-ao-refis-municipal-ate-o-dia-31\/#breadcrumb\",\"itemListElement\":[{\"@type\":\"ListItem\",\"position\":1,\"name\":\"Home\",\"item\":\"https:\/\/www.manaus.am.gov.br\/implurb\/\"},{\"@type\":\"ListItem\",\"position\":2,\"name\":\"Contribuintes com d\u00edvidas no Implurb podem aderir ao Refis Municipal at\u00e9 o dia 31\"}]},{\"@type\":\"WebSite\",\"@id\":\"https:\/\/www.manaus.am.gov.br\/implurb\/#website\",\"url\":\"https:\/\/www.manaus.am.gov.br\/implurb\/\",\"name\":\"IMPLURB\",\"description\":\"Prefeitura de Manaus\",\"potentialAction\":[{\"@type\":\"SearchAction\",\"target\":{\"@type\":\"EntryPoint\",\"urlTemplate\":\"https:\/\/www.manaus.am.gov.br\/implurb\/?s={search_term_string}\"},\"query-input\":\"required name=search_term_string\"}],\"inLanguage\":\"pt-BR\"},{\"@type\":\"Person\",\"@id\":\"https:\/\/www.manaus.am.gov.br\/implurb\/#\/schema\/person\/fe69d2249d78e7a3112d42bc34c44a58\",\"name\":\"Glauber Farias\",\"image\":{\"@type\":\"ImageObject\",\"inLanguage\":\"pt-BR\",\"@id\":\"https:\/\/www.manaus.am.gov.br\/implurb\/#\/schema\/person\/image\/\",\"url\":\"https:\/\/secure.gravatar.com\/avatar\/eb33200ffd19538372f635b2165531c0?s=96&d=mm&r=g\",\"contentUrl\":\"https:\/\/secure.gravatar.com\/avatar\/eb33200ffd19538372f635b2165531c0?s=96&d=mm&r=g\",\"caption\":\"Glauber Farias\"}}]}<\/script>\n<!-- \/ Yoast SEO plugin. -->","yoast_head_json":{"title":"Contribuintes com d\u00edvidas no Implurb podem aderir ao Refis Municipal at\u00e9 o dia 31 - IMPLURB","robots":{"index":"noindex","follow":"follow"},"og_locale":"pt_BR","og_type":"article","og_title":"Contribuintes com d\u00edvidas no Implurb podem aderir ao Refis Municipal at\u00e9 o dia 31 - IMPLURB","og_url":"https:\/\/www.manaus.am.gov.br\/implurb\/contribuintes-com-dividas-no-implurb-podem-aderir-ao-refis-municipal-ate-o-dia-31\/","og_site_name":"IMPLURB","article_published_time":"2017-08-28T16:20:56+00:00","article_modified_time":"2023-11-28T18:02:21+00:00","author":"Glauber Farias","twitter_card":"summary_large_image","twitter_misc":{"Written by":"Glauber Farias","Est. reading time":"2 minutos"},"schema":{"@context":"https:\/\/schema.org","@graph":[{"@type":"WebPage","@id":"https:\/\/www.manaus.am.gov.br\/implurb\/contribuintes-com-dividas-no-implurb-podem-aderir-ao-refis-municipal-ate-o-dia-31\/","url":"https:\/\/www.manaus.am.gov.br\/implurb\/contribuintes-com-dividas-no-implurb-podem-aderir-ao-refis-municipal-ate-o-dia-31\/","name":"Contribuintes com d\u00edvidas no Implurb podem aderir ao Refis Municipal at\u00e9 o dia 31 - IMPLURB","isPartOf":{"@id":"https:\/\/www.manaus.am.gov.br\/implurb\/#website"},"datePublished":"2017-08-28T16:20:56+00:00","dateModified":"2023-11-28T18:02:21+00:00","author":{"@id":"https:\/\/www.manaus.am.gov.br\/implurb\/#\/schema\/person\/fe69d2249d78e7a3112d42bc34c44a58"},"breadcrumb":{"@id":"https:\/\/www.manaus.am.gov.br\/implurb\/contribuintes-com-dividas-no-implurb-podem-aderir-ao-refis-municipal-ate-o-dia-31\/#breadcrumb"},"inLanguage":"pt-BR","potentialAction":[{"@type":"ReadAction","target":["https:\/\/www.manaus.am.gov.br\/implurb\/contribuintes-com-dividas-no-implurb-podem-aderir-ao-refis-municipal-ate-o-dia-31\/"]}]},{"@type":"BreadcrumbList","@id":"https:\/\/www.manaus.am.gov.br\/implurb\/contribuintes-com-dividas-no-implurb-podem-aderir-ao-refis-municipal-ate-o-dia-31\/#breadcrumb","itemListElement":[{"@type":"ListItem","position":1,"name":"Home","item":"https:\/\/www.manaus.am.gov.br\/implurb\/"},{"@type":"ListItem","position":2,"name":"Contribuintes com d\u00edvidas no Implurb podem aderir ao Refis Municipal at\u00e9 o dia 31"}]},{"@type":"WebSite","@id":"https:\/\/www.manaus.am.gov.br\/implurb\/#website","url":"https:\/\/www.manaus.am.gov.br\/implurb\/","name":"IMPLURB","description":"Prefeitura de Manaus","potentialAction":[{"@type":"SearchAction","target":{"@type":"EntryPoint","urlTemplate":"https:\/\/www.manaus.am.gov.br\/implurb\/?s={search_term_string}"},"query-input":"required name=search_term_string"}],"inLanguage":"pt-BR"},{"@type":"Person","@id":"https:\/\/www.manaus.am.gov.br\/implurb\/#\/schema\/person\/fe69d2249d78e7a3112d42bc34c44a58","name":"Glauber Farias","image":{"@type":"ImageObject","inLanguage":"pt-BR","@id":"https:\/\/www.manaus.am.gov.br\/implurb\/#\/schema\/person\/image\/","url":"https:\/\/secure.gravatar.com\/avatar\/eb33200ffd19538372f635b2165531c0?s=96&d=mm&r=g","contentUrl":"https:\/\/secure.gravatar.com\/avatar\/eb33200ffd19538372f635b2165531c0?s=96&d=mm&r=g","caption":"Glauber Farias"}}]}},"_links":{"self":[{"href":"https:\/\/www.manaus.am.gov.br\/implurb\/wp-json\/wp\/v2\/posts\/2948"}],"collection":[{"href":"https:\/\/www.manaus.am.gov.br\/implurb\/wp-json\/wp\/v2\/posts"}],"about":[{"href":"https:\/\/www.manaus.am.gov.br\/implurb\/wp-json\/wp\/v2\/types\/post"}],"author":[{"embeddable":true,"href":"https:\/\/www.manaus.am.gov.br\/implurb\/wp-json\/wp\/v2\/users\/8"}],"replies":[{"embeddable":true,"href":"https:\/\/www.manaus.am.gov.br\/implurb\/wp-json\/wp\/v2\/comments?post=2948"}],"version-history":[{"count":0,"href":"https:\/\/www.manaus.am.gov.br\/implurb\/wp-json\/wp\/v2\/posts\/2948\/revisions"}],"wp:attachment":[{"href":"https:\/\/www.manaus.am.gov.br\/implurb\/wp-json\/wp\/v2\/media?parent=2948"}],"wp:term":[{"taxonomy":"category","embeddable":true,"href":"https:\/\/www.manaus.am.gov.br\/implurb\/wp-json\/wp\/v2\/categories?post=2948"},{"taxonomy":"post_tag","embeddable":true,"href":"https:\/\/www.manaus.am.gov.br\/implurb\/wp-json\/wp\/v2\/tags?post=2948"}],"curies":[{"name":"wp","href":"https:\/\/api.w.org\/{rel}","templated":true}]}}