{"id":2947,"date":"2019-11-13T15:14:56","date_gmt":"2019-11-13T19:14:56","guid":{"rendered":"https:\/\/www.manaus.am.gov.br\/implurb\/contribuintes-dividas-implurb-refis\/"},"modified":"2023-11-28T14:02:10","modified_gmt":"2023-11-28T18:02:10","slug":"contribuintes-dividas-implurb-refis","status":"publish","type":"post","link":"https:\/\/www.manaus.am.gov.br\/implurb\/contribuintes-dividas-implurb-refis\/","title":{"rendered":"Contribuintes podem quitar ou parcelar d\u00edvidas com Implurb a partir do Refis 2019"},"content":{"rendered":"\n<p>Os contribuintes com d\u00edvidas de taxas referentes a engenhos publicit\u00e1rios, alvar\u00e1s de constru\u00e7\u00e3o, multas e licenciamentos urbanos junto \u00e0 <a href=\"https:\/\/www.manaus.am.gov.br\/\" target=\"_blank\" rel=\"noopener\">Prefeitura de Manaus<\/a> j\u00e1 podem procurar o Instituto Municipal&nbsp;de Planejamento Urbano (Implurb) e quitar os d\u00e9bitos com descontos sobre juros e multas. O Implurb aderiu \u00e0 edi\u00e7\u00e3o do Programa de&nbsp;Recupera\u00e7\u00e3o Fiscal do Munic\u00edpio de Manaus (Refis&nbsp;Municipal) e, por meio dele, o cidad\u00e3o (pessoa f\u00edsica e jur\u00eddica) poder\u00e1 quitar seus d\u00e9bitos com o \u00f3rg\u00e3o, diretamente, at\u00e9 o dia 27 de dezembro.<\/p>\n\n\n\n<p>O prefeito Arthur Virg\u00edlio Neto sancionou a Lei 2.532\/2019, que instituiu o Refis, com descontos de at\u00e9 100% sobre os juros e multas. Segundo a Secretaria Municipal de Finan\u00e7as e Tecnologia da Informa\u00e7\u00e3o (<a href=\"https:\/\/semef.manaus.am.gov.br\" target=\"_blank\" rel=\"noopener\">Semef<\/a>), a expectativa de negocia\u00e7\u00e3o do Refis 2019 \u00e9 de R$ 140 milh\u00f5es e o munic\u00edpio espera arrecadar de R$ 30 milh\u00f5es a R$ 40 milh\u00f5es at\u00e9 dezembro deste ano.<\/p>\n\n\n\n<p>S\u00e3o aptos ao Refis d\u00e9bitos referentes ao Imposto Predial e Territorial Urbano (IPTU), Alvar\u00e1, Imposto Sobre Servi\u00e7os (ISS), al\u00e9m de taxas municipais e multas tribut\u00e1rias, inscritos ou n\u00e3o em D\u00edvida Ativa.<\/p>\n\n\n\n<p>Contribuintes com cr\u00e9ditos tribut\u00e1rios que j\u00e1 tenham sido objetos de parcelamentos ou reparcelamentos anteriores, n\u00e3o integralmente quitados, ainda que cancelados por falta de pagamentos, tamb\u00e9m poder\u00e3o usufruir dos benef\u00edcios estabelecidos na Lei do Refis.<\/p>\n\n\n\n<p>A maior porcentagem de desconto sobre multas e juros prevista no programa, 100%, ser\u00e1 concedida aos contribuintes que preferirem quitar suas d\u00edvidas \u00e0 vista (cota \u00fanica).<\/p>\n\n\n\n<p>No caso de parcelamento tamb\u00e9m h\u00e1 descontos progressivos, conforme o n\u00famero de parcelas: 80% para pagamento em at\u00e9 seis parcelas; 70% em at\u00e9 12 vezes; 60% em at\u00e9 24x; 50% em at\u00e9 36 parcelas, e 40% em at\u00e9 48 vezes.<\/p>\n\n\n\n<p>Pelo Refis, o contribuinte que tem d\u00e9bitos com o Implurb pode procurar a Ger\u00eancia de C\u00e1lculo (GCA), em hor\u00e1rio comercial, de segunda a sexta-feira, das 8h \u00e0s 15h30h, para liquidar o d\u00e9bito \u00e0 vista, em moeda corrente, ou negoci\u00e1-lo.<\/p>\n\n\n\n<p>Tamb\u00e9m podem quitar d\u00e9bitos quem estiver com pend\u00eancias nos pagamentos de servi\u00e7os, como cobran\u00e7a de com\u00e9rcio fixo em \u00e1rea p\u00fablica e vistoria de edifica\u00e7\u00f5es, que s\u00e3o taxas de compet\u00eancia do Implurb, assim como de licenciamento e realiza\u00e7\u00e3o de eventos.<\/p>\n\n\n\n<p>No caso de pagamento \u00e0 vista haver\u00e1 abatimento de 100% dos juros e multa acumulados, cabendo ao contribuinte pagar somente o valor do d\u00e9bito inicial.<\/p>\n\n\n\n<p>N\u00e3o entram no Refis d\u00e9bitos decorrentes de outorgas onerosas, medidas compensat\u00f3rias e equipamentos comunit\u00e1rios. Mais informa\u00e7\u00f5es pelo telefone (92) 3625-5020.<\/p>\n","protected":false},"excerpt":{"rendered":"","protected":false},"author":8,"featured_media":0,"comment_status":"closed","ping_status":"closed","sticky":false,"template":"","format":"standard","meta":{"footnotes":""},"categories":[832],"tags":[833,824,825],"acf":[],"yoast_head":"<!-- This site is optimized with the Yoast SEO plugin v23.0 - https:\/\/yoast.com\/wordpress\/plugins\/seo\/ -->\n<title>Contribuintes podem quitar ou parcelar d\u00edvidas com Implurb<\/title>\n<meta name=\"description\" content=\"Os contribuintes com d\u00edvidas de taxas referentes a engenhos publicit\u00e1rios, alvar\u00e1s de constru\u00e7\u00e3o, multas e licenciamentos urbanos junto a...\" \/>\n<meta name=\"robots\" content=\"noindex, follow\" \/>\n<meta property=\"og:locale\" content=\"pt_BR\" \/>\n<meta property=\"og:type\" content=\"article\" \/>\n<meta property=\"og:title\" content=\"Contribuintes podem quitar ou parcelar d\u00edvidas com Implurb\" \/>\n<meta property=\"og:description\" content=\"Os contribuintes com d\u00edvidas de taxas referentes a engenhos publicit\u00e1rios, alvar\u00e1s de constru\u00e7\u00e3o, multas e licenciamentos urbanos junto a...\" \/>\n<meta property=\"og:url\" content=\"https:\/\/www.manaus.am.gov.br\/implurb\/contribuintes-dividas-implurb-refis\/\" \/>\n<meta property=\"og:site_name\" content=\"IMPLURB\" \/>\n<meta property=\"article:published_time\" content=\"2019-11-13T19:14:56+00:00\" \/>\n<meta property=\"article:modified_time\" content=\"2023-11-28T18:02:10+00:00\" \/>\n<meta name=\"author\" content=\"Glauber Farias\" \/>\n<meta name=\"twitter:card\" content=\"summary_large_image\" \/>\n<meta name=\"twitter:label1\" content=\"Written by\" \/>\n\t<meta name=\"twitter:data1\" content=\"Glauber Farias\" \/>\n\t<meta name=\"twitter:label2\" content=\"Est. reading time\" \/>\n\t<meta name=\"twitter:data2\" content=\"3 minutos\" \/>\n<script type=\"application\/ld+json\" class=\"yoast-schema-graph\">{\"@context\":\"https:\/\/schema.org\",\"@graph\":[{\"@type\":\"WebPage\",\"@id\":\"https:\/\/www.manaus.am.gov.br\/implurb\/contribuintes-dividas-implurb-refis\/\",\"url\":\"https:\/\/www.manaus.am.gov.br\/implurb\/contribuintes-dividas-implurb-refis\/\",\"name\":\"Contribuintes podem quitar ou parcelar d\u00edvidas com Implurb\",\"isPartOf\":{\"@id\":\"https:\/\/www.manaus.am.gov.br\/implurb\/#website\"},\"datePublished\":\"2019-11-13T19:14:56+00:00\",\"dateModified\":\"2023-11-28T18:02:10+00:00\",\"author\":{\"@id\":\"https:\/\/www.manaus.am.gov.br\/implurb\/#\/schema\/person\/fe69d2249d78e7a3112d42bc34c44a58\"},\"description\":\"Os contribuintes com d\u00edvidas de taxas referentes a engenhos publicit\u00e1rios, alvar\u00e1s de constru\u00e7\u00e3o, multas e licenciamentos urbanos junto a...\",\"breadcrumb\":{\"@id\":\"https:\/\/www.manaus.am.gov.br\/implurb\/contribuintes-dividas-implurb-refis\/#breadcrumb\"},\"inLanguage\":\"pt-BR\",\"potentialAction\":[{\"@type\":\"ReadAction\",\"target\":[\"https:\/\/www.manaus.am.gov.br\/implurb\/contribuintes-dividas-implurb-refis\/\"]}]},{\"@type\":\"BreadcrumbList\",\"@id\":\"https:\/\/www.manaus.am.gov.br\/implurb\/contribuintes-dividas-implurb-refis\/#breadcrumb\",\"itemListElement\":[{\"@type\":\"ListItem\",\"position\":1,\"name\":\"Home\",\"item\":\"https:\/\/www.manaus.am.gov.br\/implurb\/\"},{\"@type\":\"ListItem\",\"position\":2,\"name\":\"Contribuintes podem quitar ou parcelar d\u00edvidas com Implurb a partir do Refis 2019\"}]},{\"@type\":\"WebSite\",\"@id\":\"https:\/\/www.manaus.am.gov.br\/implurb\/#website\",\"url\":\"https:\/\/www.manaus.am.gov.br\/implurb\/\",\"name\":\"IMPLURB\",\"description\":\"Prefeitura de Manaus\",\"potentialAction\":[{\"@type\":\"SearchAction\",\"target\":{\"@type\":\"EntryPoint\",\"urlTemplate\":\"https:\/\/www.manaus.am.gov.br\/implurb\/?s={search_term_string}\"},\"query-input\":\"required name=search_term_string\"}],\"inLanguage\":\"pt-BR\"},{\"@type\":\"Person\",\"@id\":\"https:\/\/www.manaus.am.gov.br\/implurb\/#\/schema\/person\/fe69d2249d78e7a3112d42bc34c44a58\",\"name\":\"Glauber Farias\",\"image\":{\"@type\":\"ImageObject\",\"inLanguage\":\"pt-BR\",\"@id\":\"https:\/\/www.manaus.am.gov.br\/implurb\/#\/schema\/person\/image\/\",\"url\":\"https:\/\/secure.gravatar.com\/avatar\/eb33200ffd19538372f635b2165531c0?s=96&d=mm&r=g\",\"contentUrl\":\"https:\/\/secure.gravatar.com\/avatar\/eb33200ffd19538372f635b2165531c0?s=96&d=mm&r=g\",\"caption\":\"Glauber Farias\"}}]}<\/script>\n<!-- \/ Yoast SEO plugin. -->","yoast_head_json":{"title":"Contribuintes podem quitar ou parcelar d\u00edvidas com Implurb","description":"Os contribuintes com d\u00edvidas de taxas referentes a engenhos publicit\u00e1rios, alvar\u00e1s de constru\u00e7\u00e3o, multas e licenciamentos urbanos junto a...","robots":{"index":"noindex","follow":"follow"},"og_locale":"pt_BR","og_type":"article","og_title":"Contribuintes podem quitar ou parcelar d\u00edvidas com Implurb","og_description":"Os contribuintes com d\u00edvidas de taxas referentes a engenhos publicit\u00e1rios, alvar\u00e1s de constru\u00e7\u00e3o, multas e licenciamentos urbanos junto a...","og_url":"https:\/\/www.manaus.am.gov.br\/implurb\/contribuintes-dividas-implurb-refis\/","og_site_name":"IMPLURB","article_published_time":"2019-11-13T19:14:56+00:00","article_modified_time":"2023-11-28T18:02:10+00:00","author":"Glauber Farias","twitter_card":"summary_large_image","twitter_misc":{"Written by":"Glauber Farias","Est. reading time":"3 minutos"},"schema":{"@context":"https:\/\/schema.org","@graph":[{"@type":"WebPage","@id":"https:\/\/www.manaus.am.gov.br\/implurb\/contribuintes-dividas-implurb-refis\/","url":"https:\/\/www.manaus.am.gov.br\/implurb\/contribuintes-dividas-implurb-refis\/","name":"Contribuintes podem quitar ou parcelar d\u00edvidas com Implurb","isPartOf":{"@id":"https:\/\/www.manaus.am.gov.br\/implurb\/#website"},"datePublished":"2019-11-13T19:14:56+00:00","dateModified":"2023-11-28T18:02:10+00:00","author":{"@id":"https:\/\/www.manaus.am.gov.br\/implurb\/#\/schema\/person\/fe69d2249d78e7a3112d42bc34c44a58"},"description":"Os contribuintes com d\u00edvidas de taxas referentes a engenhos publicit\u00e1rios, alvar\u00e1s de constru\u00e7\u00e3o, multas e licenciamentos urbanos junto a...","breadcrumb":{"@id":"https:\/\/www.manaus.am.gov.br\/implurb\/contribuintes-dividas-implurb-refis\/#breadcrumb"},"inLanguage":"pt-BR","potentialAction":[{"@type":"ReadAction","target":["https:\/\/www.manaus.am.gov.br\/implurb\/contribuintes-dividas-implurb-refis\/"]}]},{"@type":"BreadcrumbList","@id":"https:\/\/www.manaus.am.gov.br\/implurb\/contribuintes-dividas-implurb-refis\/#breadcrumb","itemListElement":[{"@type":"ListItem","position":1,"name":"Home","item":"https:\/\/www.manaus.am.gov.br\/implurb\/"},{"@type":"ListItem","position":2,"name":"Contribuintes podem quitar ou parcelar d\u00edvidas com Implurb a partir do Refis 2019"}]},{"@type":"WebSite","@id":"https:\/\/www.manaus.am.gov.br\/implurb\/#website","url":"https:\/\/www.manaus.am.gov.br\/implurb\/","name":"IMPLURB","description":"Prefeitura de Manaus","potentialAction":[{"@type":"SearchAction","target":{"@type":"EntryPoint","urlTemplate":"https:\/\/www.manaus.am.gov.br\/implurb\/?s={search_term_string}"},"query-input":"required name=search_term_string"}],"inLanguage":"pt-BR"},{"@type":"Person","@id":"https:\/\/www.manaus.am.gov.br\/implurb\/#\/schema\/person\/fe69d2249d78e7a3112d42bc34c44a58","name":"Glauber Farias","image":{"@type":"ImageObject","inLanguage":"pt-BR","@id":"https:\/\/www.manaus.am.gov.br\/implurb\/#\/schema\/person\/image\/","url":"https:\/\/secure.gravatar.com\/avatar\/eb33200ffd19538372f635b2165531c0?s=96&d=mm&r=g","contentUrl":"https:\/\/secure.gravatar.com\/avatar\/eb33200ffd19538372f635b2165531c0?s=96&d=mm&r=g","caption":"Glauber Farias"}}]}},"_links":{"self":[{"href":"https:\/\/www.manaus.am.gov.br\/implurb\/wp-json\/wp\/v2\/posts\/2947"}],"collection":[{"href":"https:\/\/www.manaus.am.gov.br\/implurb\/wp-json\/wp\/v2\/posts"}],"about":[{"href":"https:\/\/www.manaus.am.gov.br\/implurb\/wp-json\/wp\/v2\/types\/post"}],"author":[{"embeddable":true,"href":"https:\/\/www.manaus.am.gov.br\/implurb\/wp-json\/wp\/v2\/users\/8"}],"replies":[{"embeddable":true,"href":"https:\/\/www.manaus.am.gov.br\/implurb\/wp-json\/wp\/v2\/comments?post=2947"}],"version-history":[{"count":0,"href":"https:\/\/www.manaus.am.gov.br\/implurb\/wp-json\/wp\/v2\/posts\/2947\/revisions"}],"wp:attachment":[{"href":"https:\/\/www.manaus.am.gov.br\/implurb\/wp-json\/wp\/v2\/media?parent=2947"}],"wp:term":[{"taxonomy":"category","embeddable":true,"href":"https:\/\/www.manaus.am.gov.br\/implurb\/wp-json\/wp\/v2\/categories?post=2947"},{"taxonomy":"post_tag","embeddable":true,"href":"https:\/\/www.manaus.am.gov.br\/implurb\/wp-json\/wp\/v2\/tags?post=2947"}],"curies":[{"name":"wp","href":"https:\/\/api.w.org\/{rel}","templated":true}]}}