{"id":2946,"date":"2020-04-20T13:04:51","date_gmt":"2020-04-20T17:04:51","guid":{"rendered":"https:\/\/www.manaus.am.gov.br\/implurb\/implurb-fiscaliza-obras-em-regime-de-plantao\/"},"modified":"2023-11-28T14:01:42","modified_gmt":"2023-11-28T18:01:42","slug":"implurb-fiscaliza-obras-em-regime-de-plantao","status":"publish","type":"post","link":"https:\/\/www.manaus.am.gov.br\/implurb\/implurb-fiscaliza-obras-em-regime-de-plantao\/","title":{"rendered":"Implurb fiscaliza obras em regime de plant\u00e3o"},"content":{"rendered":"\n<p>A fiscaliza\u00e7\u00e3o de obras e obstru\u00e7\u00f5es irregulares em vias p\u00fablicas est\u00e1 mantida com o regime de teletrabalho determinado pela Prefeitura de Manaus, conforme o Decreto 4.789, publicado no Di\u00e1rio Oficial do Munic\u00edpio, em raz\u00e3o do combate \u00e0 pandemia do novo coronav\u00edrus.<\/p>\n\n\n\n<p>No Instituto Municipal de Planejamento Urbano (Implurb), foi montado um servi\u00e7o de atendimento de plant\u00e3o para as fiscaliza\u00e7\u00f5es de obras, postura e, no Centro Hist\u00f3rico, para casos mais urgentes. No per\u00edodo do decreto, at\u00e9 o dia 18 de abril, foram realizadas 79 notifica\u00e7\u00f5es, aplicadas cinco multas, 30 embargos e duas interdi\u00e7\u00f5es para obras irregulares e ocupa\u00e7\u00f5es indevidas ou ilegais de logradouros e \u00e1reas p\u00fablicas.<\/p>\n\n\n\n<p>Durante o per\u00edodo de pandemia pelo novo coronav\u00edrus, as atividades presenciais no Implurb est\u00e3o suspensas, funcionando o atendimento por teletrabalho. Den\u00fancias sobre obras irregulares e afins s\u00e3o atendidas ap\u00f3s formaliza\u00e7\u00e3o enviando e-mail para os endere\u00e7os&nbsp;<a href=\"mailto:diskordem.implurb@pmm.am.gov.br\">diskordem.implurb@pmm.am.gov.br<\/a>&nbsp;ou&nbsp;<a href=\"mailto:ouvidoria.implurb@pmm.am.gov.br\">ouvidoria.implurb@pmm.am.gov.br<\/a>.<\/p>\n\n\n\n<p>&#8220;Uma equipe de plant\u00e3o, com fiscais, \u00e9 escalada para atender os casos que chegam neste per\u00edodo, para n\u00e3o deixar a popula\u00e7\u00e3o sem o servi\u00e7o essencial na prote\u00e7\u00e3o a patrim\u00f4nios p\u00fablicos e invas\u00e3o de espa\u00e7os como logradouros ou obras irregulares que prejudiquem o cidad\u00e3o. As medidas de contingenciamento fazem parte de um grande esfor\u00e7o da Prefeitura de Manaus, para fazer frente aos efeitos econ\u00f4micos e sociais provocados pela pandemia da Covid-19, com forte impacto nas atividades econ\u00f4micas, uma vez que a popula\u00e7\u00e3o \u00e9 aconselhada a ficar em casa&#8221;, explica o diretor-presidente do Implurb, Claudio Guenka.<\/p>\n\n\n\n<p>A Ger\u00eancia de Atendimento (Geat) montou esquema de agendamento para contribuintes que precisem despachar processos no per\u00edodo, que funciona de 8h \u00e0s 14h, de segunda a sexta-feira, exceto feriados, ligando para o 3625-5068.<\/p>\n\n\n\n<p>Um atendente escalado faz as marca\u00e7\u00f5es e agenda previamente o atendimento. A Diretoria de Opera\u00e7\u00f5es do Implurb (Diop) tamb\u00e9m est\u00e1 funcionando para receber processos, documentos e alvar\u00e1s de constru\u00e7\u00e3o (renova\u00e7\u00e3o e suspens\u00e3o), pelo e-mail, o&nbsp;<a href=\"mailto:respostaimplurb@outlook.com\">respostaimplurb@outlook.com<\/a>. Em caso de pagamentos de taxas, elas s\u00e3o emitidas pela Ger\u00eancia de C\u00e1lculo e enviadas para o interessado. Ap\u00f3s o comprovante ser recebido e o pagamento processado, o processo segue a tramita\u00e7\u00e3o e libera\u00e7\u00e3o necess\u00e1rias.<\/p>\n\n\n\n<h2 class=\"wp-block-heading\">Decreto<\/h2>\n\n\n\n<p>O prefeito de\u00a0Manaus, Arthur Virg\u00edlio Neto, decretou o regime de teletrabalho, por um per\u00edodo de 30 dias, a partir o dia 25 de mar\u00e7o para os servidores p\u00fablicos municipais.<\/p>\n\n\n\n<p>O regime de teletrabalho \u00e9 o trabalho a dist\u00e2ncia em que se utilizam as ferramentas de telecomunica\u00e7\u00e3o e informa\u00e7\u00e3o, com o contato direto entre os trabalhadores e seus empregadores. De acordo com o decreto municipal, as atividades essenciais ao funcionamento m\u00ednimo necess\u00e1rio \u00e0 garantia da continuidade do servi\u00e7o p\u00fablico, ser\u00e3o exercidas no hor\u00e1rio de 8h \u00e0s 14h, cabendo o revezamento dos servidores o que dever\u00e1 ser disciplinado pelos gestores das pastas.<\/p>\n\n\n\n<p>A exce\u00e7\u00e3o do decreto municipal \u00e9 para os servidores das secretarias municipais de Comunica\u00e7\u00e3o (Semcom); Sa\u00fade (Semsa); da Mulher, Assist\u00eancia Social e Cidadania (Semasc); Limpeza P\u00fablica (Semulsp); Infraestrutura (Seminf); Instituto Municipal de Mobilidade Urbana (IMMU) e Casa Militar, cujo funcionamento ser\u00e1 especificado por portaria de seus respectivos gestores.<\/p>\n\n\n\n<p>A normatiza\u00e7\u00e3o ao funcionamento e regime de trabalho da Prefeitura tem como base o decreto de Calamidade P\u00fablica, no reconhecimento da situa\u00e7\u00e3o de pandemia pela Organiza\u00e7\u00e3o Mundial de Sa\u00fade; o reconhecimento de Calamidade P\u00fablica em todo o territ\u00f3rio nacional aprovado pelo Senado; e o reconhecimento, pelo Minist\u00e9rio da Sa\u00fade, de estado de transmiss\u00e3o comunit\u00e1ria \u2013 quando j\u00e1 n\u00e3o \u00e9 mais poss\u00edvel detectar a origem do cont\u00e1gio \u2013 do novo coronav\u00edrus em todo o pa\u00eds; assim como o pr\u00f3prio decreto municipal, de 13 de mar\u00e7o deste ano, que estabelece Situa\u00e7\u00e3o de Emerg\u00eancia no munic\u00edpio.<\/p>\n\n\n\n<p>&#8212; &#8212; &#8212;<\/p>\n\n\n\n<p><strong>Fotos \u2013 <\/strong>Divulga\u00e7\u00e3o\/Implurb<\/p>\n\n\n\n<p><strong>Em anexo<\/strong><\/p>\n","protected":false},"excerpt":{"rendered":"","protected":false},"author":23,"featured_media":0,"comment_status":"closed","ping_status":"closed","sticky":false,"template":"","format":"standard","meta":{"footnotes":""},"categories":[826],"tags":[799,277,11,15,831],"acf":[],"yoast_head":"<!-- This site is optimized with the Yoast SEO plugin v23.0 - https:\/\/yoast.com\/wordpress\/plugins\/seo\/ -->\n<title>Implurb fiscaliza obras em regime de plant\u00e3o - IMPLURB<\/title>\n<meta name=\"robots\" content=\"noindex, follow\" \/>\n<meta property=\"og:locale\" content=\"pt_BR\" \/>\n<meta property=\"og:type\" content=\"article\" \/>\n<meta property=\"og:title\" content=\"Implurb fiscaliza obras em regime de plant\u00e3o - IMPLURB\" \/>\n<meta property=\"og:url\" content=\"https:\/\/www.manaus.am.gov.br\/implurb\/implurb-fiscaliza-obras-em-regime-de-plantao\/\" \/>\n<meta property=\"og:site_name\" content=\"IMPLURB\" \/>\n<meta property=\"article:published_time\" content=\"2020-04-20T17:04:51+00:00\" \/>\n<meta property=\"article:modified_time\" content=\"2023-11-28T18:01:42+00:00\" \/>\n<meta name=\"author\" content=\"Adriana Costa\" \/>\n<meta name=\"twitter:card\" content=\"summary_large_image\" \/>\n<meta name=\"twitter:label1\" content=\"Written by\" \/>\n\t<meta name=\"twitter:data1\" content=\"Adriana Costa\" \/>\n\t<meta name=\"twitter:label2\" content=\"Est. reading time\" \/>\n\t<meta name=\"twitter:data2\" content=\"4 minutos\" \/>\n<script type=\"application\/ld+json\" class=\"yoast-schema-graph\">{\"@context\":\"https:\/\/schema.org\",\"@graph\":[{\"@type\":\"WebPage\",\"@id\":\"https:\/\/www.manaus.am.gov.br\/implurb\/implurb-fiscaliza-obras-em-regime-de-plantao\/\",\"url\":\"https:\/\/www.manaus.am.gov.br\/implurb\/implurb-fiscaliza-obras-em-regime-de-plantao\/\",\"name\":\"Implurb fiscaliza obras em regime de plant\u00e3o - IMPLURB\",\"isPartOf\":{\"@id\":\"https:\/\/www.manaus.am.gov.br\/implurb\/#website\"},\"datePublished\":\"2020-04-20T17:04:51+00:00\",\"dateModified\":\"2023-11-28T18:01:42+00:00\",\"author\":{\"@id\":\"https:\/\/www.manaus.am.gov.br\/implurb\/#\/schema\/person\/4e49f4e267757a06ca072ec61b2b9968\"},\"breadcrumb\":{\"@id\":\"https:\/\/www.manaus.am.gov.br\/implurb\/implurb-fiscaliza-obras-em-regime-de-plantao\/#breadcrumb\"},\"inLanguage\":\"pt-BR\",\"potentialAction\":[{\"@type\":\"ReadAction\",\"target\":[\"https:\/\/www.manaus.am.gov.br\/implurb\/implurb-fiscaliza-obras-em-regime-de-plantao\/\"]}]},{\"@type\":\"BreadcrumbList\",\"@id\":\"https:\/\/www.manaus.am.gov.br\/implurb\/implurb-fiscaliza-obras-em-regime-de-plantao\/#breadcrumb\",\"itemListElement\":[{\"@type\":\"ListItem\",\"position\":1,\"name\":\"Home\",\"item\":\"https:\/\/www.manaus.am.gov.br\/implurb\/\"},{\"@type\":\"ListItem\",\"position\":2,\"name\":\"Implurb fiscaliza obras em regime de plant\u00e3o\"}]},{\"@type\":\"WebSite\",\"@id\":\"https:\/\/www.manaus.am.gov.br\/implurb\/#website\",\"url\":\"https:\/\/www.manaus.am.gov.br\/implurb\/\",\"name\":\"IMPLURB\",\"description\":\"Prefeitura de Manaus\",\"potentialAction\":[{\"@type\":\"SearchAction\",\"target\":{\"@type\":\"EntryPoint\",\"urlTemplate\":\"https:\/\/www.manaus.am.gov.br\/implurb\/?s={search_term_string}\"},\"query-input\":\"required name=search_term_string\"}],\"inLanguage\":\"pt-BR\"},{\"@type\":\"Person\",\"@id\":\"https:\/\/www.manaus.am.gov.br\/implurb\/#\/schema\/person\/4e49f4e267757a06ca072ec61b2b9968\",\"name\":\"Adriana Costa\",\"image\":{\"@type\":\"ImageObject\",\"inLanguage\":\"pt-BR\",\"@id\":\"https:\/\/www.manaus.am.gov.br\/implurb\/#\/schema\/person\/image\/\",\"url\":\"https:\/\/secure.gravatar.com\/avatar\/576258617ef7194f718179e766d57bd4?s=96&d=mm&r=g\",\"contentUrl\":\"https:\/\/secure.gravatar.com\/avatar\/576258617ef7194f718179e766d57bd4?s=96&d=mm&r=g\",\"caption\":\"Adriana Costa\"}}]}<\/script>\n<!-- \/ Yoast SEO plugin. -->","yoast_head_json":{"title":"Implurb fiscaliza obras em regime de plant\u00e3o - IMPLURB","robots":{"index":"noindex","follow":"follow"},"og_locale":"pt_BR","og_type":"article","og_title":"Implurb fiscaliza obras em regime de plant\u00e3o - IMPLURB","og_url":"https:\/\/www.manaus.am.gov.br\/implurb\/implurb-fiscaliza-obras-em-regime-de-plantao\/","og_site_name":"IMPLURB","article_published_time":"2020-04-20T17:04:51+00:00","article_modified_time":"2023-11-28T18:01:42+00:00","author":"Adriana Costa","twitter_card":"summary_large_image","twitter_misc":{"Written by":"Adriana Costa","Est. reading time":"4 minutos"},"schema":{"@context":"https:\/\/schema.org","@graph":[{"@type":"WebPage","@id":"https:\/\/www.manaus.am.gov.br\/implurb\/implurb-fiscaliza-obras-em-regime-de-plantao\/","url":"https:\/\/www.manaus.am.gov.br\/implurb\/implurb-fiscaliza-obras-em-regime-de-plantao\/","name":"Implurb fiscaliza obras em regime de plant\u00e3o - IMPLURB","isPartOf":{"@id":"https:\/\/www.manaus.am.gov.br\/implurb\/#website"},"datePublished":"2020-04-20T17:04:51+00:00","dateModified":"2023-11-28T18:01:42+00:00","author":{"@id":"https:\/\/www.manaus.am.gov.br\/implurb\/#\/schema\/person\/4e49f4e267757a06ca072ec61b2b9968"},"breadcrumb":{"@id":"https:\/\/www.manaus.am.gov.br\/implurb\/implurb-fiscaliza-obras-em-regime-de-plantao\/#breadcrumb"},"inLanguage":"pt-BR","potentialAction":[{"@type":"ReadAction","target":["https:\/\/www.manaus.am.gov.br\/implurb\/implurb-fiscaliza-obras-em-regime-de-plantao\/"]}]},{"@type":"BreadcrumbList","@id":"https:\/\/www.manaus.am.gov.br\/implurb\/implurb-fiscaliza-obras-em-regime-de-plantao\/#breadcrumb","itemListElement":[{"@type":"ListItem","position":1,"name":"Home","item":"https:\/\/www.manaus.am.gov.br\/implurb\/"},{"@type":"ListItem","position":2,"name":"Implurb fiscaliza obras em regime de plant\u00e3o"}]},{"@type":"WebSite","@id":"https:\/\/www.manaus.am.gov.br\/implurb\/#website","url":"https:\/\/www.manaus.am.gov.br\/implurb\/","name":"IMPLURB","description":"Prefeitura de Manaus","potentialAction":[{"@type":"SearchAction","target":{"@type":"EntryPoint","urlTemplate":"https:\/\/www.manaus.am.gov.br\/implurb\/?s={search_term_string}"},"query-input":"required name=search_term_string"}],"inLanguage":"pt-BR"},{"@type":"Person","@id":"https:\/\/www.manaus.am.gov.br\/implurb\/#\/schema\/person\/4e49f4e267757a06ca072ec61b2b9968","name":"Adriana Costa","image":{"@type":"ImageObject","inLanguage":"pt-BR","@id":"https:\/\/www.manaus.am.gov.br\/implurb\/#\/schema\/person\/image\/","url":"https:\/\/secure.gravatar.com\/avatar\/576258617ef7194f718179e766d57bd4?s=96&d=mm&r=g","contentUrl":"https:\/\/secure.gravatar.com\/avatar\/576258617ef7194f718179e766d57bd4?s=96&d=mm&r=g","caption":"Adriana Costa"}}]}},"_links":{"self":[{"href":"https:\/\/www.manaus.am.gov.br\/implurb\/wp-json\/wp\/v2\/posts\/2946"}],"collection":[{"href":"https:\/\/www.manaus.am.gov.br\/implurb\/wp-json\/wp\/v2\/posts"}],"about":[{"href":"https:\/\/www.manaus.am.gov.br\/implurb\/wp-json\/wp\/v2\/types\/post"}],"author":[{"embeddable":true,"href":"https:\/\/www.manaus.am.gov.br\/implurb\/wp-json\/wp\/v2\/users\/23"}],"replies":[{"embeddable":true,"href":"https:\/\/www.manaus.am.gov.br\/implurb\/wp-json\/wp\/v2\/comments?post=2946"}],"version-history":[{"count":0,"href":"https:\/\/www.manaus.am.gov.br\/implurb\/wp-json\/wp\/v2\/posts\/2946\/revisions"}],"wp:attachment":[{"href":"https:\/\/www.manaus.am.gov.br\/implurb\/wp-json\/wp\/v2\/media?parent=2946"}],"wp:term":[{"taxonomy":"category","embeddable":true,"href":"https:\/\/www.manaus.am.gov.br\/implurb\/wp-json\/wp\/v2\/categories?post=2946"},{"taxonomy":"post_tag","embeddable":true,"href":"https:\/\/www.manaus.am.gov.br\/implurb\/wp-json\/wp\/v2\/tags?post=2946"}],"curies":[{"name":"wp","href":"https:\/\/api.w.org\/{rel}","templated":true}]}}