{"id":2945,"date":"2020-04-23T14:39:27","date_gmt":"2020-04-23T18:39:27","guid":{"rendered":"https:\/\/www.manaus.am.gov.br\/implurb\/credenciamento-instituicoes-financeiras-implurb\/"},"modified":"2023-11-28T14:00:45","modified_gmt":"2023-11-28T18:00:45","slug":"credenciamento-instituicoes-financeiras-implurb","status":"publish","type":"post","link":"https:\/\/www.manaus.am.gov.br\/implurb\/credenciamento-instituicoes-financeiras-implurb\/","title":{"rendered":"Credenciamento de institui\u00e7\u00f5es financeiras no Implurb inicia na pr\u00f3xima ter\u00e7a-feira"},"content":{"rendered":"\n<p>Na pr\u00f3xima ter\u00e7a-feira, 28\/4, a <a href=\"https:\/\/www.manaus.am.gov.br\/\" target=\"_blank\" rel=\"noopener\">Prefeitura de Manaus<\/a>, por meio do Instituto Municipal de Planejamento Urbano (Implurb), estar\u00e1 recebendo documenta\u00e7\u00e3o de credenciamento de institui\u00e7\u00f5es financeiras para presta\u00e7\u00e3o de servi\u00e7os de taxas municipais e demais receitas p\u00fablicas, por meio de Documento de Arrecada\u00e7\u00e3o Municipal (DAM), conforme edital de chamamento p\u00fablico lan\u00e7ado pela Comiss\u00e3o de Licita\u00e7\u00e3o do \u00f3rg\u00e3o.<\/p>\n\n\n\n<p>A sess\u00e3o de credenciamento acontecer\u00e1 na sede do Implurb, \u00e0s 9h, na sala do usu\u00e1rio, apenas para os credenciados, com a devida aten\u00e7\u00e3o para normas de seguran\u00e7a durante a pandemia, como o uso de m\u00e1scaras, \u00e1lcool gel e distanciamento necess\u00e1rios.<\/p>\n\n\n\n<p>O objetivo \u00e9 ampliar os servi\u00e7os de pagamento de taxas p\u00fablicas do Implurb em padr\u00e3o da Federa\u00e7\u00e3o Brasileira de Bancos (Febraban). O credenciamento acontece pela modalidade chamamento p\u00fablico. Os interessados, pessoas jur\u00eddicas, legalmente constitu\u00eddas, habilitadas e com idoneidade econ\u00f4mica-financeira, dever\u00e3o apresentar na sess\u00e3o os documentos de credenciamento conforme edital publicado.<\/p>\n\n\n\n<p>Com o novo servi\u00e7o, as taxas emitidas pelo \u00f3rg\u00e3o poder\u00e3o ser pagas, ap\u00f3s se gerar o DAM, em qualquer ag\u00eancia da rede banc\u00e1ria nacional. As institui\u00e7\u00f5es financeiras dever\u00e3o estar autorizadas a funcionar pelo Banco Central do Brasil na forma de banco M\u00faltiplo ou Comercial. Os interessados podem protocolar inscri\u00e7\u00e3o para o credenciamento, a qualquer tempo, dentro do prazo de validade deste credenciamento, de segunda a sexta-feira, das 9h \u00e0s 15h, \u00e0 Comiss\u00e3o de Licita\u00e7\u00e3o do Implurb. O edital e anexos constam no Portal da Transpar\u00eancia (<a href=\"https:\/\/transparencia.manaus.am.gov.br\/transparencia\">https:\/\/transparencia.manaus.am.gov.br\/transparencia<\/a>).<\/p>\n\n\n\n<p>O credenciamento ser\u00e1 v\u00e1lido por 12 meses, vigorando a partir da data da publica\u00e7\u00e3o do edital, podendo ser prorrogado por igual per\u00edodo, a crit\u00e9rio do instituto.<\/p>\n\n\n\n<p>&#8211; &#8211; &#8211;<\/p>\n\n\n\n<p><strong>Texto \u2013&nbsp;<\/strong>Divulga\u00e7\u00e3o \/ Implurb<\/p>\n","protected":false},"excerpt":{"rendered":"","protected":false},"author":8,"featured_media":0,"comment_status":"closed","ping_status":"closed","sticky":false,"template":"","format":"standard","meta":{"footnotes":""},"categories":[826,830],"tags":[814,588,828,829,195,15],"acf":[],"yoast_head":"<!-- This site is optimized with the Yoast SEO plugin v23.0 - https:\/\/yoast.com\/wordpress\/plugins\/seo\/ -->\n<title>Credenciamento de institui\u00e7\u00f5es financeiras no Implurb inicia na pr\u00f3xima ter\u00e7a-feira<\/title>\n<meta name=\"description\" content=\"Na pr\u00f3xima ter\u00e7a-feira, 28\/4, o Instituto Municipal de Planejamento Urbano (Implurb), estar\u00e1 recebendo documenta\u00e7\u00e3o de credenciamento de i...\" \/>\n<meta name=\"robots\" content=\"noindex, follow\" \/>\n<meta property=\"og:locale\" content=\"pt_BR\" \/>\n<meta property=\"og:type\" content=\"article\" \/>\n<meta property=\"og:title\" content=\"Credenciamento de institui\u00e7\u00f5es financeiras no Implurb inicia na pr\u00f3xima ter\u00e7a-feira\" \/>\n<meta property=\"og:description\" content=\"Na pr\u00f3xima ter\u00e7a-feira, 28\/4, o Instituto Municipal de Planejamento Urbano (Implurb), estar\u00e1 recebendo documenta\u00e7\u00e3o de credenciamento de i...\" \/>\n<meta property=\"og:url\" content=\"https:\/\/www.manaus.am.gov.br\/implurb\/credenciamento-instituicoes-financeiras-implurb\/\" \/>\n<meta property=\"og:site_name\" content=\"IMPLURB\" \/>\n<meta property=\"article:published_time\" content=\"2020-04-23T18:39:27+00:00\" \/>\n<meta property=\"article:modified_time\" content=\"2023-11-28T18:00:45+00:00\" \/>\n<meta name=\"author\" content=\"Glauber Farias\" \/>\n<meta name=\"twitter:card\" content=\"summary_large_image\" \/>\n<meta name=\"twitter:label1\" content=\"Written by\" \/>\n\t<meta name=\"twitter:data1\" content=\"Glauber Farias\" \/>\n\t<meta name=\"twitter:label2\" content=\"Est. reading time\" \/>\n\t<meta name=\"twitter:data2\" content=\"2 minutos\" \/>\n<script type=\"application\/ld+json\" class=\"yoast-schema-graph\">{\"@context\":\"https:\/\/schema.org\",\"@graph\":[{\"@type\":\"WebPage\",\"@id\":\"https:\/\/www.manaus.am.gov.br\/implurb\/credenciamento-instituicoes-financeiras-implurb\/\",\"url\":\"https:\/\/www.manaus.am.gov.br\/implurb\/credenciamento-instituicoes-financeiras-implurb\/\",\"name\":\"Credenciamento de institui\u00e7\u00f5es financeiras no Implurb inicia na pr\u00f3xima ter\u00e7a-feira\",\"isPartOf\":{\"@id\":\"https:\/\/www.manaus.am.gov.br\/implurb\/#website\"},\"datePublished\":\"2020-04-23T18:39:27+00:00\",\"dateModified\":\"2023-11-28T18:00:45+00:00\",\"author\":{\"@id\":\"https:\/\/www.manaus.am.gov.br\/implurb\/#\/schema\/person\/fe69d2249d78e7a3112d42bc34c44a58\"},\"description\":\"Na pr\u00f3xima ter\u00e7a-feira, 28\/4, o Instituto Municipal de Planejamento Urbano (Implurb), estar\u00e1 recebendo documenta\u00e7\u00e3o de credenciamento de i...\",\"breadcrumb\":{\"@id\":\"https:\/\/www.manaus.am.gov.br\/implurb\/credenciamento-instituicoes-financeiras-implurb\/#breadcrumb\"},\"inLanguage\":\"pt-BR\",\"potentialAction\":[{\"@type\":\"ReadAction\",\"target\":[\"https:\/\/www.manaus.am.gov.br\/implurb\/credenciamento-instituicoes-financeiras-implurb\/\"]}]},{\"@type\":\"BreadcrumbList\",\"@id\":\"https:\/\/www.manaus.am.gov.br\/implurb\/credenciamento-instituicoes-financeiras-implurb\/#breadcrumb\",\"itemListElement\":[{\"@type\":\"ListItem\",\"position\":1,\"name\":\"Home\",\"item\":\"https:\/\/www.manaus.am.gov.br\/implurb\/\"},{\"@type\":\"ListItem\",\"position\":2,\"name\":\"Credenciamento de institui\u00e7\u00f5es financeiras no Implurb inicia na pr\u00f3xima ter\u00e7a-feira\"}]},{\"@type\":\"WebSite\",\"@id\":\"https:\/\/www.manaus.am.gov.br\/implurb\/#website\",\"url\":\"https:\/\/www.manaus.am.gov.br\/implurb\/\",\"name\":\"IMPLURB\",\"description\":\"Prefeitura de Manaus\",\"potentialAction\":[{\"@type\":\"SearchAction\",\"target\":{\"@type\":\"EntryPoint\",\"urlTemplate\":\"https:\/\/www.manaus.am.gov.br\/implurb\/?s={search_term_string}\"},\"query-input\":\"required name=search_term_string\"}],\"inLanguage\":\"pt-BR\"},{\"@type\":\"Person\",\"@id\":\"https:\/\/www.manaus.am.gov.br\/implurb\/#\/schema\/person\/fe69d2249d78e7a3112d42bc34c44a58\",\"name\":\"Glauber Farias\",\"image\":{\"@type\":\"ImageObject\",\"inLanguage\":\"pt-BR\",\"@id\":\"https:\/\/www.manaus.am.gov.br\/implurb\/#\/schema\/person\/image\/\",\"url\":\"https:\/\/secure.gravatar.com\/avatar\/eb33200ffd19538372f635b2165531c0?s=96&d=mm&r=g\",\"contentUrl\":\"https:\/\/secure.gravatar.com\/avatar\/eb33200ffd19538372f635b2165531c0?s=96&d=mm&r=g\",\"caption\":\"Glauber Farias\"}}]}<\/script>\n<!-- \/ Yoast SEO plugin. -->","yoast_head_json":{"title":"Credenciamento de institui\u00e7\u00f5es financeiras no Implurb inicia na pr\u00f3xima ter\u00e7a-feira","description":"Na pr\u00f3xima ter\u00e7a-feira, 28\/4, o Instituto Municipal de Planejamento Urbano (Implurb), estar\u00e1 recebendo documenta\u00e7\u00e3o de credenciamento de i...","robots":{"index":"noindex","follow":"follow"},"og_locale":"pt_BR","og_type":"article","og_title":"Credenciamento de institui\u00e7\u00f5es financeiras no Implurb inicia na pr\u00f3xima ter\u00e7a-feira","og_description":"Na pr\u00f3xima ter\u00e7a-feira, 28\/4, o Instituto Municipal de Planejamento Urbano (Implurb), estar\u00e1 recebendo documenta\u00e7\u00e3o de credenciamento de i...","og_url":"https:\/\/www.manaus.am.gov.br\/implurb\/credenciamento-instituicoes-financeiras-implurb\/","og_site_name":"IMPLURB","article_published_time":"2020-04-23T18:39:27+00:00","article_modified_time":"2023-11-28T18:00:45+00:00","author":"Glauber Farias","twitter_card":"summary_large_image","twitter_misc":{"Written by":"Glauber Farias","Est. reading time":"2 minutos"},"schema":{"@context":"https:\/\/schema.org","@graph":[{"@type":"WebPage","@id":"https:\/\/www.manaus.am.gov.br\/implurb\/credenciamento-instituicoes-financeiras-implurb\/","url":"https:\/\/www.manaus.am.gov.br\/implurb\/credenciamento-instituicoes-financeiras-implurb\/","name":"Credenciamento de institui\u00e7\u00f5es financeiras no Implurb inicia na pr\u00f3xima ter\u00e7a-feira","isPartOf":{"@id":"https:\/\/www.manaus.am.gov.br\/implurb\/#website"},"datePublished":"2020-04-23T18:39:27+00:00","dateModified":"2023-11-28T18:00:45+00:00","author":{"@id":"https:\/\/www.manaus.am.gov.br\/implurb\/#\/schema\/person\/fe69d2249d78e7a3112d42bc34c44a58"},"description":"Na pr\u00f3xima ter\u00e7a-feira, 28\/4, o Instituto Municipal de Planejamento Urbano (Implurb), estar\u00e1 recebendo documenta\u00e7\u00e3o de credenciamento de i...","breadcrumb":{"@id":"https:\/\/www.manaus.am.gov.br\/implurb\/credenciamento-instituicoes-financeiras-implurb\/#breadcrumb"},"inLanguage":"pt-BR","potentialAction":[{"@type":"ReadAction","target":["https:\/\/www.manaus.am.gov.br\/implurb\/credenciamento-instituicoes-financeiras-implurb\/"]}]},{"@type":"BreadcrumbList","@id":"https:\/\/www.manaus.am.gov.br\/implurb\/credenciamento-instituicoes-financeiras-implurb\/#breadcrumb","itemListElement":[{"@type":"ListItem","position":1,"name":"Home","item":"https:\/\/www.manaus.am.gov.br\/implurb\/"},{"@type":"ListItem","position":2,"name":"Credenciamento de institui\u00e7\u00f5es financeiras no Implurb inicia na pr\u00f3xima ter\u00e7a-feira"}]},{"@type":"WebSite","@id":"https:\/\/www.manaus.am.gov.br\/implurb\/#website","url":"https:\/\/www.manaus.am.gov.br\/implurb\/","name":"IMPLURB","description":"Prefeitura de Manaus","potentialAction":[{"@type":"SearchAction","target":{"@type":"EntryPoint","urlTemplate":"https:\/\/www.manaus.am.gov.br\/implurb\/?s={search_term_string}"},"query-input":"required name=search_term_string"}],"inLanguage":"pt-BR"},{"@type":"Person","@id":"https:\/\/www.manaus.am.gov.br\/implurb\/#\/schema\/person\/fe69d2249d78e7a3112d42bc34c44a58","name":"Glauber Farias","image":{"@type":"ImageObject","inLanguage":"pt-BR","@id":"https:\/\/www.manaus.am.gov.br\/implurb\/#\/schema\/person\/image\/","url":"https:\/\/secure.gravatar.com\/avatar\/eb33200ffd19538372f635b2165531c0?s=96&d=mm&r=g","contentUrl":"https:\/\/secure.gravatar.com\/avatar\/eb33200ffd19538372f635b2165531c0?s=96&d=mm&r=g","caption":"Glauber Farias"}}]}},"_links":{"self":[{"href":"https:\/\/www.manaus.am.gov.br\/implurb\/wp-json\/wp\/v2\/posts\/2945"}],"collection":[{"href":"https:\/\/www.manaus.am.gov.br\/implurb\/wp-json\/wp\/v2\/posts"}],"about":[{"href":"https:\/\/www.manaus.am.gov.br\/implurb\/wp-json\/wp\/v2\/types\/post"}],"author":[{"embeddable":true,"href":"https:\/\/www.manaus.am.gov.br\/implurb\/wp-json\/wp\/v2\/users\/8"}],"replies":[{"embeddable":true,"href":"https:\/\/www.manaus.am.gov.br\/implurb\/wp-json\/wp\/v2\/comments?post=2945"}],"version-history":[{"count":0,"href":"https:\/\/www.manaus.am.gov.br\/implurb\/wp-json\/wp\/v2\/posts\/2945\/revisions"}],"wp:attachment":[{"href":"https:\/\/www.manaus.am.gov.br\/implurb\/wp-json\/wp\/v2\/media?parent=2945"}],"wp:term":[{"taxonomy":"category","embeddable":true,"href":"https:\/\/www.manaus.am.gov.br\/implurb\/wp-json\/wp\/v2\/categories?post=2945"},{"taxonomy":"post_tag","embeddable":true,"href":"https:\/\/www.manaus.am.gov.br\/implurb\/wp-json\/wp\/v2\/tags?post=2945"}],"curies":[{"name":"wp","href":"https:\/\/api.w.org\/{rel}","templated":true}]}}