{"id":2938,"date":"2020-09-22T15:47:17","date_gmt":"2020-09-22T19:47:17","guid":{"rendered":"https:\/\/www.manaus.am.gov.br\/implurb\/implurb-suspende-atendimento-pre-agendado-ate-o-dia-30\/"},"modified":"2023-11-28T11:03:49","modified_gmt":"2023-11-28T15:03:49","slug":"implurb-suspende-atendimento-pre-agendado-ate-o-dia-30","status":"publish","type":"post","link":"https:\/\/www.manaus.am.gov.br\/implurb\/implurb-suspende-atendimento-pre-agendado-ate-o-dia-30\/","title":{"rendered":"Implurb suspende atendimento pr\u00e9-agendado at\u00e9 o dia 30"},"content":{"rendered":"\n<p>A Prefeitura de Manaus informa que, em raz\u00e3o do aumento de casos de Covid-19 na capital, est\u00e1 suspenso o atendimento previamente agendado do Instituto Municipal de Planejamento Urbano (Implurb), no per\u00edodo de 23 a 30 de setembro. O prazo poder\u00e1 ser revisto diante da necessidade de combate ao novo coronav\u00edrus. O atendimento ao p\u00fablico externo permanece suspenso em todos os setores.<\/p>\n\n\n\n<p>No Implurb, a Ger\u00eancia de Atendimento (Geat) estava funcionando com agendamento pr\u00e9vio por telefone para contribuintes que precisam despachar processos no per\u00edodo. Com a suspens\u00e3o do servi\u00e7o presencial, as formaliza\u00e7\u00f5es, documentos e solicita\u00e7\u00f5es ser\u00e3o recebidos apenas pelo e-mail respostaimplurb@outlook.com.<\/p>\n\n\n\n<p>Processos formalizados pelo sistema Fiscaliza\u00e7\u00e3o Urbana (FU) podem ser acessados pelo site da Secretaria Municipal de Finan\u00e7as e Tecnologia da Informa\u00e7\u00e3o (Semef), no www.semefatende.manaus.am.gov.br, por meio de cadastro e login pr\u00e9vios. O requerente pode acompanhar em tempo real toda a movimenta\u00e7\u00e3o e \u00e9 considerada a assinatura digital eletr\u00f4nica da certid\u00e3o ou alvar\u00e1 correspondente.<\/p>\n\n\n\n<p>Processos dos sistemas Siged e Protus permanecem recebendo as devidas atualiza\u00e7\u00f5es, quando dispon\u00edveis, como pareceres, certid\u00f5es e orienta\u00e7\u00f5es por e-mail.<\/p>\n\n\n\n<p>No Implurb, continua montado um servi\u00e7o de plant\u00e3o para as fiscaliza\u00e7\u00f5es de obras, postura e, no Centro Hist\u00f3rico de Manaus, para casos mais urgentes.<\/p>\n\n\n\n<p>As ger\u00eancias t\u00e9cnicas do Implurb est\u00e3o com atendimento por e-mail enquanto durar o teletrabalho (lista abaixo). No caso, as mensagens devem ser encaminhadas diretamente aos setores, para dirimir quest\u00f5es de an\u00e1lise por setor, para n\u00e3o concentrar no atendimento geral.<\/p>\n\n\n\n<h2 class=\"wp-block-heading\">Fiscaliza\u00e7\u00e3o<\/h2>\n\n\n\n<p>Durante o per\u00edodo de pandemia pelo novo coronav\u00edrus, as atividades presenciais no Implurb est\u00e3o suspensas, funcionando o atendimento por teletrabalho. Den\u00fancias sobre obras irregulares e afins s\u00e3o atendidas ap\u00f3s formaliza\u00e7\u00e3o, enviando e-mail para os seguintes endere\u00e7os diskordem.implurb@pmm.am.gov.br ou ouvidoria.implurb@pmm.am.gov.br.<\/p>\n\n\n\n<h2 class=\"wp-block-heading\">Contatos do Implurb<\/h2>\n\n\n\n<h3 class=\"wp-block-heading\">GEAT \u2013 GER\u00caNCIA DE ATENDIMENTO<\/h3>\n\n\n\n<p>E-mail:\u00a0<a href=\"mailto:respostaimplurb@outlook.com\">respostaimplurb@outlook.com<\/a><\/p>\n\n\n\n<h3 class=\"wp-block-heading\">GCA \u2013 C\u00c1LCULO E ARRECADA\u00c7\u00c3O:<\/h3>\n\n\n\n<p><a href=\"mailto:implurb.pmm@hotmail.com\">implurb.pmm@hotmail.com<\/a><\/p>\n\n\n\n<h3 class=\"wp-block-heading\">DISQUE ORDEM E DEN\u00daNCIAS<\/h3>\n\n\n\n<p>Todas as den\u00fancias e reclama\u00e7\u00f5es ser\u00e3o formalizadas t\u00e3o somente via e-mail\u00a0<a href=\"mailto:ouvidoria.implurb@pmm.am.gov.br\">ouvidoria.implurb@pmm.am.gov.br<\/a><\/p>\n\n\n\n<h2 class=\"wp-block-heading\">SETORES T\u00c9CNICOS e FISCALIZA\u00c7\u00c3O<\/h2>\n\n\n\n<p>DIOP:<br><a href=\"mailto:diop.implurb@pmm.am.gov.br\">diop.implurb@pmm.am.gov.br<\/a><br>DIAP:<br><a href=\"mailto:parecer.diap@gmail.com\">parecer.diap@gmail.com<\/a><br>GIT:<br><a href=\"mailto:gat.implurb@pmm.am.gov.br\">gat.implurb@pmm.am.gov.br<\/a><br>GPS:<br><a href=\"mailto:gps.implurb@pmm.am.gov.br\">gps.implurb@pmm.am.gov.br<\/a><br>GAPIS:<br><a href=\"mailto:gapis.implurb@pmm.am.gov.br\">gapis.implurb@pmm.am.gov.br<\/a><br>GLT:<br><a href=\"mailto:glt.implurb@pmm.am.gov.br\">glt.implurb@pmm.am.gov.br<\/a><br>GEP:<br><a href=\"mailto:gep.implurb@pmm.am.gov.br\">gep.implurb@pmm.am.gov.br<\/a><br>GFAP:<br><a href=\"mailto:gae.implurb@pmm.am.gov.br\">gae.implurb@pmm.am.gov.br<\/a><br>DICON:<br><a href=\"mailto:dicon.implurb@pmm.am.gov.br\">dicon.implurb@pmm.am.gov.br<\/a><br>GMU:<br>ger\u00ea<a href=\"mailto:ncia.gmu@gmail.com\">ncia.gmu@gmail.com<\/a><br>CTPCU:<br><a href=\"mailto:ctpcu.implurb@pmm.am.gov.br\">ctpcu.implurb@pmm.am.gov.br<\/a><br>CMDU:<br><a href=\"mailto:cmdu.implurb@pmm.am.gov.br\">cmdu.implurb@pmm.am.gov.br<\/a><\/p>\n","protected":false},"excerpt":{"rendered":"","protected":false},"author":8,"featured_media":2930,"comment_status":"closed","ping_status":"closed","sticky":false,"template":"","format":"standard","meta":{"footnotes":""},"categories":[826],"tags":[],"acf":[],"yoast_head":"<!-- This site is optimized with the Yoast SEO plugin v23.0 - https:\/\/yoast.com\/wordpress\/plugins\/seo\/ -->\n<title>Implurb suspende atendimento pr\u00e9-agendado at\u00e9 o dia 30 - IMPLURB<\/title>\n<meta name=\"robots\" content=\"noindex, follow\" \/>\n<meta property=\"og:locale\" content=\"pt_BR\" \/>\n<meta property=\"og:type\" content=\"article\" \/>\n<meta property=\"og:title\" content=\"Implurb suspende atendimento pr\u00e9-agendado at\u00e9 o dia 30 - IMPLURB\" \/>\n<meta property=\"og:url\" content=\"https:\/\/www.manaus.am.gov.br\/implurb\/implurb-suspende-atendimento-pre-agendado-ate-o-dia-30\/\" \/>\n<meta property=\"og:site_name\" content=\"IMPLURB\" \/>\n<meta property=\"article:published_time\" content=\"2020-09-22T19:47:17+00:00\" \/>\n<meta property=\"article:modified_time\" content=\"2023-11-28T15:03:49+00:00\" \/>\n<meta property=\"og:image\" content=\"https:\/\/www.manaus.am.gov.br\/implurb\/wp-content\/uploads\/sites\/13\/2023\/11\/Fachada-do-Implurb-Nathalie-Brasil-Arquivo-Semcom-1.jpg\" \/>\n\t<meta property=\"og:image:width\" content=\"1000\" \/>\n\t<meta property=\"og:image:height\" content=\"667\" \/>\n\t<meta property=\"og:image:type\" content=\"image\/jpeg\" \/>\n<meta name=\"author\" content=\"Glauber Farias\" \/>\n<meta name=\"twitter:card\" content=\"summary_large_image\" \/>\n<meta name=\"twitter:label1\" content=\"Written by\" \/>\n\t<meta name=\"twitter:data1\" content=\"Glauber Farias\" \/>\n\t<meta name=\"twitter:label2\" content=\"Est. reading time\" \/>\n\t<meta name=\"twitter:data2\" content=\"2 minutos\" \/>\n<script type=\"application\/ld+json\" class=\"yoast-schema-graph\">{\"@context\":\"https:\/\/schema.org\",\"@graph\":[{\"@type\":\"WebPage\",\"@id\":\"https:\/\/www.manaus.am.gov.br\/implurb\/implurb-suspende-atendimento-pre-agendado-ate-o-dia-30\/\",\"url\":\"https:\/\/www.manaus.am.gov.br\/implurb\/implurb-suspende-atendimento-pre-agendado-ate-o-dia-30\/\",\"name\":\"Implurb suspende atendimento pr\u00e9-agendado at\u00e9 o dia 30 - IMPLURB\",\"isPartOf\":{\"@id\":\"https:\/\/www.manaus.am.gov.br\/implurb\/#website\"},\"primaryImageOfPage\":{\"@id\":\"https:\/\/www.manaus.am.gov.br\/implurb\/implurb-suspende-atendimento-pre-agendado-ate-o-dia-30\/#primaryimage\"},\"image\":{\"@id\":\"https:\/\/www.manaus.am.gov.br\/implurb\/implurb-suspende-atendimento-pre-agendado-ate-o-dia-30\/#primaryimage\"},\"thumbnailUrl\":\"https:\/\/www.manaus.am.gov.br\/implurb\/wp-content\/uploads\/sites\/13\/2023\/11\/Fachada-do-Implurb-Nathalie-Brasil-Arquivo-Semcom-1.jpg\",\"datePublished\":\"2020-09-22T19:47:17+00:00\",\"dateModified\":\"2023-11-28T15:03:49+00:00\",\"author\":{\"@id\":\"https:\/\/www.manaus.am.gov.br\/implurb\/#\/schema\/person\/fe69d2249d78e7a3112d42bc34c44a58\"},\"breadcrumb\":{\"@id\":\"https:\/\/www.manaus.am.gov.br\/implurb\/implurb-suspende-atendimento-pre-agendado-ate-o-dia-30\/#breadcrumb\"},\"inLanguage\":\"pt-BR\",\"potentialAction\":[{\"@type\":\"ReadAction\",\"target\":[\"https:\/\/www.manaus.am.gov.br\/implurb\/implurb-suspende-atendimento-pre-agendado-ate-o-dia-30\/\"]}]},{\"@type\":\"ImageObject\",\"inLanguage\":\"pt-BR\",\"@id\":\"https:\/\/www.manaus.am.gov.br\/implurb\/implurb-suspende-atendimento-pre-agendado-ate-o-dia-30\/#primaryimage\",\"url\":\"https:\/\/www.manaus.am.gov.br\/implurb\/wp-content\/uploads\/sites\/13\/2023\/11\/Fachada-do-Implurb-Nathalie-Brasil-Arquivo-Semcom-1.jpg\",\"contentUrl\":\"https:\/\/www.manaus.am.gov.br\/implurb\/wp-content\/uploads\/sites\/13\/2023\/11\/Fachada-do-Implurb-Nathalie-Brasil-Arquivo-Semcom-1.jpg\",\"width\":1000,\"height\":667},{\"@type\":\"BreadcrumbList\",\"@id\":\"https:\/\/www.manaus.am.gov.br\/implurb\/implurb-suspende-atendimento-pre-agendado-ate-o-dia-30\/#breadcrumb\",\"itemListElement\":[{\"@type\":\"ListItem\",\"position\":1,\"name\":\"Home\",\"item\":\"https:\/\/www.manaus.am.gov.br\/implurb\/\"},{\"@type\":\"ListItem\",\"position\":2,\"name\":\"Implurb suspende atendimento pr\u00e9-agendado at\u00e9 o dia 30\"}]},{\"@type\":\"WebSite\",\"@id\":\"https:\/\/www.manaus.am.gov.br\/implurb\/#website\",\"url\":\"https:\/\/www.manaus.am.gov.br\/implurb\/\",\"name\":\"IMPLURB\",\"description\":\"Prefeitura de Manaus\",\"potentialAction\":[{\"@type\":\"SearchAction\",\"target\":{\"@type\":\"EntryPoint\",\"urlTemplate\":\"https:\/\/www.manaus.am.gov.br\/implurb\/?s={search_term_string}\"},\"query-input\":\"required name=search_term_string\"}],\"inLanguage\":\"pt-BR\"},{\"@type\":\"Person\",\"@id\":\"https:\/\/www.manaus.am.gov.br\/implurb\/#\/schema\/person\/fe69d2249d78e7a3112d42bc34c44a58\",\"name\":\"Glauber Farias\",\"image\":{\"@type\":\"ImageObject\",\"inLanguage\":\"pt-BR\",\"@id\":\"https:\/\/www.manaus.am.gov.br\/implurb\/#\/schema\/person\/image\/\",\"url\":\"https:\/\/secure.gravatar.com\/avatar\/eb33200ffd19538372f635b2165531c0?s=96&d=mm&r=g\",\"contentUrl\":\"https:\/\/secure.gravatar.com\/avatar\/eb33200ffd19538372f635b2165531c0?s=96&d=mm&r=g\",\"caption\":\"Glauber Farias\"}}]}<\/script>\n<!-- \/ Yoast SEO plugin. -->","yoast_head_json":{"title":"Implurb suspende atendimento pr\u00e9-agendado at\u00e9 o dia 30 - IMPLURB","robots":{"index":"noindex","follow":"follow"},"og_locale":"pt_BR","og_type":"article","og_title":"Implurb suspende atendimento pr\u00e9-agendado at\u00e9 o dia 30 - IMPLURB","og_url":"https:\/\/www.manaus.am.gov.br\/implurb\/implurb-suspende-atendimento-pre-agendado-ate-o-dia-30\/","og_site_name":"IMPLURB","article_published_time":"2020-09-22T19:47:17+00:00","article_modified_time":"2023-11-28T15:03:49+00:00","og_image":[{"width":1000,"height":667,"url":"https:\/\/www.manaus.am.gov.br\/implurb\/wp-content\/uploads\/sites\/13\/2023\/11\/Fachada-do-Implurb-Nathalie-Brasil-Arquivo-Semcom-1.jpg","type":"image\/jpeg"}],"author":"Glauber Farias","twitter_card":"summary_large_image","twitter_misc":{"Written by":"Glauber Farias","Est. reading time":"2 minutos"},"schema":{"@context":"https:\/\/schema.org","@graph":[{"@type":"WebPage","@id":"https:\/\/www.manaus.am.gov.br\/implurb\/implurb-suspende-atendimento-pre-agendado-ate-o-dia-30\/","url":"https:\/\/www.manaus.am.gov.br\/implurb\/implurb-suspende-atendimento-pre-agendado-ate-o-dia-30\/","name":"Implurb suspende atendimento pr\u00e9-agendado at\u00e9 o dia 30 - IMPLURB","isPartOf":{"@id":"https:\/\/www.manaus.am.gov.br\/implurb\/#website"},"primaryImageOfPage":{"@id":"https:\/\/www.manaus.am.gov.br\/implurb\/implurb-suspende-atendimento-pre-agendado-ate-o-dia-30\/#primaryimage"},"image":{"@id":"https:\/\/www.manaus.am.gov.br\/implurb\/implurb-suspende-atendimento-pre-agendado-ate-o-dia-30\/#primaryimage"},"thumbnailUrl":"https:\/\/www.manaus.am.gov.br\/implurb\/wp-content\/uploads\/sites\/13\/2023\/11\/Fachada-do-Implurb-Nathalie-Brasil-Arquivo-Semcom-1.jpg","datePublished":"2020-09-22T19:47:17+00:00","dateModified":"2023-11-28T15:03:49+00:00","author":{"@id":"https:\/\/www.manaus.am.gov.br\/implurb\/#\/schema\/person\/fe69d2249d78e7a3112d42bc34c44a58"},"breadcrumb":{"@id":"https:\/\/www.manaus.am.gov.br\/implurb\/implurb-suspende-atendimento-pre-agendado-ate-o-dia-30\/#breadcrumb"},"inLanguage":"pt-BR","potentialAction":[{"@type":"ReadAction","target":["https:\/\/www.manaus.am.gov.br\/implurb\/implurb-suspende-atendimento-pre-agendado-ate-o-dia-30\/"]}]},{"@type":"ImageObject","inLanguage":"pt-BR","@id":"https:\/\/www.manaus.am.gov.br\/implurb\/implurb-suspende-atendimento-pre-agendado-ate-o-dia-30\/#primaryimage","url":"https:\/\/www.manaus.am.gov.br\/implurb\/wp-content\/uploads\/sites\/13\/2023\/11\/Fachada-do-Implurb-Nathalie-Brasil-Arquivo-Semcom-1.jpg","contentUrl":"https:\/\/www.manaus.am.gov.br\/implurb\/wp-content\/uploads\/sites\/13\/2023\/11\/Fachada-do-Implurb-Nathalie-Brasil-Arquivo-Semcom-1.jpg","width":1000,"height":667},{"@type":"BreadcrumbList","@id":"https:\/\/www.manaus.am.gov.br\/implurb\/implurb-suspende-atendimento-pre-agendado-ate-o-dia-30\/#breadcrumb","itemListElement":[{"@type":"ListItem","position":1,"name":"Home","item":"https:\/\/www.manaus.am.gov.br\/implurb\/"},{"@type":"ListItem","position":2,"name":"Implurb suspende atendimento pr\u00e9-agendado at\u00e9 o dia 30"}]},{"@type":"WebSite","@id":"https:\/\/www.manaus.am.gov.br\/implurb\/#website","url":"https:\/\/www.manaus.am.gov.br\/implurb\/","name":"IMPLURB","description":"Prefeitura de Manaus","potentialAction":[{"@type":"SearchAction","target":{"@type":"EntryPoint","urlTemplate":"https:\/\/www.manaus.am.gov.br\/implurb\/?s={search_term_string}"},"query-input":"required name=search_term_string"}],"inLanguage":"pt-BR"},{"@type":"Person","@id":"https:\/\/www.manaus.am.gov.br\/implurb\/#\/schema\/person\/fe69d2249d78e7a3112d42bc34c44a58","name":"Glauber Farias","image":{"@type":"ImageObject","inLanguage":"pt-BR","@id":"https:\/\/www.manaus.am.gov.br\/implurb\/#\/schema\/person\/image\/","url":"https:\/\/secure.gravatar.com\/avatar\/eb33200ffd19538372f635b2165531c0?s=96&d=mm&r=g","contentUrl":"https:\/\/secure.gravatar.com\/avatar\/eb33200ffd19538372f635b2165531c0?s=96&d=mm&r=g","caption":"Glauber Farias"}}]}},"_links":{"self":[{"href":"https:\/\/www.manaus.am.gov.br\/implurb\/wp-json\/wp\/v2\/posts\/2938"}],"collection":[{"href":"https:\/\/www.manaus.am.gov.br\/implurb\/wp-json\/wp\/v2\/posts"}],"about":[{"href":"https:\/\/www.manaus.am.gov.br\/implurb\/wp-json\/wp\/v2\/types\/post"}],"author":[{"embeddable":true,"href":"https:\/\/www.manaus.am.gov.br\/implurb\/wp-json\/wp\/v2\/users\/8"}],"replies":[{"embeddable":true,"href":"https:\/\/www.manaus.am.gov.br\/implurb\/wp-json\/wp\/v2\/comments?post=2938"}],"version-history":[{"count":0,"href":"https:\/\/www.manaus.am.gov.br\/implurb\/wp-json\/wp\/v2\/posts\/2938\/revisions"}],"wp:featuredmedia":[{"embeddable":true,"href":"https:\/\/www.manaus.am.gov.br\/implurb\/wp-json\/wp\/v2\/media\/2930"}],"wp:attachment":[{"href":"https:\/\/www.manaus.am.gov.br\/implurb\/wp-json\/wp\/v2\/media?parent=2938"}],"wp:term":[{"taxonomy":"category","embeddable":true,"href":"https:\/\/www.manaus.am.gov.br\/implurb\/wp-json\/wp\/v2\/categories?post=2938"},{"taxonomy":"post_tag","embeddable":true,"href":"https:\/\/www.manaus.am.gov.br\/implurb\/wp-json\/wp\/v2\/tags?post=2938"}],"curies":[{"name":"wp","href":"https:\/\/api.w.org\/{rel}","templated":true}]}}