{"id":2918,"date":"2021-02-23T19:51:57","date_gmt":"2021-02-23T23:51:57","guid":{"rendered":"https:\/\/www.manaus.am.gov.br\/implurb\/manauscult-e-implurb-firmam-parceria-para-estruturar-centro-de-arqueologia-de-manaus\/"},"modified":"2023-11-28T10:19:23","modified_gmt":"2023-11-28T14:19:23","slug":"manauscult-e-implurb-firmam-parceria-para-estruturar-centro-de-arqueologia-de-manaus","status":"publish","type":"post","link":"https:\/\/www.manaus.am.gov.br\/implurb\/manauscult-e-implurb-firmam-parceria-para-estruturar-centro-de-arqueologia-de-manaus\/","title":{"rendered":"Manauscult e Implurb firmam parceria para estruturar Centro de Arqueologia de Manaus"},"content":{"rendered":"\n<p>A Prefeitura de Manaus deu in\u00edcio ao processo de estrutura\u00e7\u00e3o do Centro de Arqueologia de Manaus (CAM), por meio de parceria firmada entre a Funda\u00e7\u00e3o Municipal de Cultura, Turismo e Eventos (Manauscult) e o Instituto Municipal de Planejamento Urbano (Implurb). Instalado no pr\u00e9dio da antiga C\u00e2mara Municipal, na avenida Sete de Setembro, Centro da cidade, o espa\u00e7o foi totalmente restaurado e agora come\u00e7ar\u00e1 a ser equipado com as mob\u00edlias.<\/p>\n\n\n\n<p>De forma imediata, 30 arm\u00e1rios deslizantes ser\u00e3o disponibilizados pelo Implurb ao CAM, que est\u00e1 sob a gest\u00e3o da Manauscult. Al\u00e9m disso, o Centro poder\u00e1 receber o aporte financeiro oriundo do Fundo Municipal de Desenvolvimento Urbano (FMDU).<\/p>\n\n\n\n<p>A primeira reuni\u00e3o sobre a parceria entre os \u00f3rg\u00e3os aconteceu na tarde desta ter\u00e7a-feira, 23\/2, com a presen\u00e7a do diretor-presidente da Manauscult, Alonso Oliveira; do diretor-presidente do Implurb, Carlos Valente; vice-presidente do Implurb, Claudemir Andrade; do diretor de planejamento urbano, arquiteto e urbanista, Pedro Paulo; da superintendente do Instituto do Patrim\u00f4nio Hist\u00f3rico e Art\u00edstico Nacional no Amazonas (Iphan-AM), Karla Bitar; e da coordenadora do grupo de trabalho para a abertura do CAM pela Manauscult, Vanessa Benedito.<\/p>\n\n\n\n<p>\u201cA instala\u00e7\u00e3o do CAM ser\u00e1 uma grande conquista para a cidade de Manaus e agora contaremos com a parceria direta do Implurb, sob um olhar especial do Iphan. Esses di\u00e1logos j\u00e1 vinham acontecendo e agora, a partir de uma recomenda\u00e7\u00e3o do prefeito David Almeida, uniremos esfor\u00e7os e daremos prioridade para que a entrega do CAM aconte\u00e7a dentro dos 100 dias dessa nova gest\u00e3o\u201d, explicou o diretor-presidente da Manauscult, Alonso Oliveira.<\/p>\n\n\n\n<p>Oficialmente, o Centro de Arqueologia foi criado no dia 23 de dezembro do ano passado. Agora, o espa\u00e7o precisa ser mobiliado para come\u00e7ar a ser estruturado. A partir dessa parceria com o Implurb ser\u00e3o equipados, neste primeiro momento, dois laborat\u00f3rios e duas reservas t\u00e9cnicas do CAM. Ap\u00f3s isso, o espa\u00e7o passar\u00e1 por uma vistoria do Iphan.<\/p>\n\n\n\n<p>\u201cO CAM \u00e9 um patrim\u00f4nio indispens\u00e1vel, important\u00edssimo para a cidade de Manaus e o Implurb entende que tem que dar sua contribui\u00e7\u00e3o. N\u00f3s, como gestores p\u00fablicos, temos que ter o entendimento de que nossa fun\u00e7\u00e3o \u00e9 propiciar para a cidade de Manaus as melhores condi\u00e7\u00f5es para todos os cidad\u00e3os. O CAM, ap\u00f3s sua inaugura\u00e7\u00e3o, ser\u00e1 motivo de orgulho. Por isso, estamos desenvolvendo esfor\u00e7os para viabilizar e inaugurar o Centro de Arqueologia\u201d, ressaltou o diretor-presidente do Implurb, Carlos Valente, afirmando que h\u00e1 uma s\u00e9rie de outros projetos que v\u00e3o contemplar o Centro Hist\u00f3rico de Manaus.<\/p>\n\n\n\n<p>&#8212;<\/p>\n\n\n\n<p><strong>Texto &#8211;<\/strong>&nbsp;M\u00f4nica Figueiredo \/ Manauscult<\/p>\n\n\n\n<p><strong>Foto &#8211;<\/strong>&nbsp;Oliveira Junior&nbsp;\/ Manauscult<\/p>\n","protected":false},"excerpt":{"rendered":"","protected":false},"author":31,"featured_media":2919,"comment_status":"closed","ping_status":"closed","sticky":false,"template":"","format":"standard","meta":{"footnotes":""},"categories":[818],"tags":[819,11,120,500],"acf":[],"yoast_head":"<!-- This site is optimized with the Yoast SEO plugin v23.0 - https:\/\/yoast.com\/wordpress\/plugins\/seo\/ -->\n<title>Manauscult e Implurb firmam parceria para estruturar Centro de Arqueologia de Manaus - IMPLURB<\/title>\n<meta name=\"robots\" content=\"noindex, follow\" \/>\n<meta property=\"og:locale\" content=\"pt_BR\" \/>\n<meta property=\"og:type\" content=\"article\" \/>\n<meta property=\"og:title\" content=\"Manauscult e Implurb firmam parceria para estruturar Centro de Arqueologia de Manaus - IMPLURB\" \/>\n<meta property=\"og:url\" content=\"https:\/\/www.manaus.am.gov.br\/implurb\/manauscult-e-implurb-firmam-parceria-para-estruturar-centro-de-arqueologia-de-manaus\/\" \/>\n<meta property=\"og:site_name\" content=\"IMPLURB\" \/>\n<meta property=\"article:published_time\" content=\"2021-02-23T23:51:57+00:00\" \/>\n<meta property=\"article:modified_time\" content=\"2023-11-28T14:19:23+00:00\" \/>\n<meta property=\"og:image\" content=\"https:\/\/www.manaus.am.gov.br\/implurb\/wp-content\/uploads\/sites\/13\/2023\/11\/Centro-de-Arqueologia-de-Manaus_Manauscult-e-Implurb-2.png\" \/>\n\t<meta property=\"og:image:width\" content=\"1277\" \/>\n\t<meta property=\"og:image:height\" content=\"600\" \/>\n\t<meta property=\"og:image:type\" content=\"image\/png\" \/>\n<meta name=\"author\" content=\"Renata Felix\" \/>\n<meta name=\"twitter:card\" content=\"summary_large_image\" \/>\n<meta name=\"twitter:label1\" content=\"Written by\" \/>\n\t<meta name=\"twitter:data1\" content=\"Renata Felix\" \/>\n\t<meta name=\"twitter:label2\" content=\"Est. reading time\" \/>\n\t<meta name=\"twitter:data2\" content=\"3 minutos\" \/>\n<script type=\"application\/ld+json\" class=\"yoast-schema-graph\">{\"@context\":\"https:\/\/schema.org\",\"@graph\":[{\"@type\":\"WebPage\",\"@id\":\"https:\/\/www.manaus.am.gov.br\/implurb\/manauscult-e-implurb-firmam-parceria-para-estruturar-centro-de-arqueologia-de-manaus\/\",\"url\":\"https:\/\/www.manaus.am.gov.br\/implurb\/manauscult-e-implurb-firmam-parceria-para-estruturar-centro-de-arqueologia-de-manaus\/\",\"name\":\"Manauscult e Implurb firmam parceria para estruturar Centro de Arqueologia de Manaus - IMPLURB\",\"isPartOf\":{\"@id\":\"https:\/\/www.manaus.am.gov.br\/implurb\/#website\"},\"primaryImageOfPage\":{\"@id\":\"https:\/\/www.manaus.am.gov.br\/implurb\/manauscult-e-implurb-firmam-parceria-para-estruturar-centro-de-arqueologia-de-manaus\/#primaryimage\"},\"image\":{\"@id\":\"https:\/\/www.manaus.am.gov.br\/implurb\/manauscult-e-implurb-firmam-parceria-para-estruturar-centro-de-arqueologia-de-manaus\/#primaryimage\"},\"thumbnailUrl\":\"https:\/\/www.manaus.am.gov.br\/implurb\/wp-content\/uploads\/sites\/13\/2023\/11\/Centro-de-Arqueologia-de-Manaus_Manauscult-e-Implurb-2.png\",\"datePublished\":\"2021-02-23T23:51:57+00:00\",\"dateModified\":\"2023-11-28T14:19:23+00:00\",\"author\":{\"@id\":\"https:\/\/www.manaus.am.gov.br\/implurb\/#\/schema\/person\/4eea2a8f78dc853097abb026f728aa06\"},\"breadcrumb\":{\"@id\":\"https:\/\/www.manaus.am.gov.br\/implurb\/manauscult-e-implurb-firmam-parceria-para-estruturar-centro-de-arqueologia-de-manaus\/#breadcrumb\"},\"inLanguage\":\"pt-BR\",\"potentialAction\":[{\"@type\":\"ReadAction\",\"target\":[\"https:\/\/www.manaus.am.gov.br\/implurb\/manauscult-e-implurb-firmam-parceria-para-estruturar-centro-de-arqueologia-de-manaus\/\"]}]},{\"@type\":\"ImageObject\",\"inLanguage\":\"pt-BR\",\"@id\":\"https:\/\/www.manaus.am.gov.br\/implurb\/manauscult-e-implurb-firmam-parceria-para-estruturar-centro-de-arqueologia-de-manaus\/#primaryimage\",\"url\":\"https:\/\/www.manaus.am.gov.br\/implurb\/wp-content\/uploads\/sites\/13\/2023\/11\/Centro-de-Arqueologia-de-Manaus_Manauscult-e-Implurb-2.png\",\"contentUrl\":\"https:\/\/www.manaus.am.gov.br\/implurb\/wp-content\/uploads\/sites\/13\/2023\/11\/Centro-de-Arqueologia-de-Manaus_Manauscult-e-Implurb-2.png\",\"width\":1277,\"height\":600},{\"@type\":\"BreadcrumbList\",\"@id\":\"https:\/\/www.manaus.am.gov.br\/implurb\/manauscult-e-implurb-firmam-parceria-para-estruturar-centro-de-arqueologia-de-manaus\/#breadcrumb\",\"itemListElement\":[{\"@type\":\"ListItem\",\"position\":1,\"name\":\"Home\",\"item\":\"https:\/\/www.manaus.am.gov.br\/implurb\/\"},{\"@type\":\"ListItem\",\"position\":2,\"name\":\"Manauscult e Implurb firmam parceria para estruturar Centro de Arqueologia de Manaus\"}]},{\"@type\":\"WebSite\",\"@id\":\"https:\/\/www.manaus.am.gov.br\/implurb\/#website\",\"url\":\"https:\/\/www.manaus.am.gov.br\/implurb\/\",\"name\":\"IMPLURB\",\"description\":\"Prefeitura de Manaus\",\"potentialAction\":[{\"@type\":\"SearchAction\",\"target\":{\"@type\":\"EntryPoint\",\"urlTemplate\":\"https:\/\/www.manaus.am.gov.br\/implurb\/?s={search_term_string}\"},\"query-input\":\"required name=search_term_string\"}],\"inLanguage\":\"pt-BR\"},{\"@type\":\"Person\",\"@id\":\"https:\/\/www.manaus.am.gov.br\/implurb\/#\/schema\/person\/4eea2a8f78dc853097abb026f728aa06\",\"name\":\"Renata Felix\",\"image\":{\"@type\":\"ImageObject\",\"inLanguage\":\"pt-BR\",\"@id\":\"https:\/\/www.manaus.am.gov.br\/implurb\/#\/schema\/person\/image\/\",\"url\":\"https:\/\/secure.gravatar.com\/avatar\/3c196cf9d3b837b24c8edb2c50fd8f29?s=96&d=mm&r=g\",\"contentUrl\":\"https:\/\/secure.gravatar.com\/avatar\/3c196cf9d3b837b24c8edb2c50fd8f29?s=96&d=mm&r=g\",\"caption\":\"Renata Felix\"}}]}<\/script>\n<!-- \/ Yoast SEO plugin. -->","yoast_head_json":{"title":"Manauscult e Implurb firmam parceria para estruturar Centro de Arqueologia de Manaus - IMPLURB","robots":{"index":"noindex","follow":"follow"},"og_locale":"pt_BR","og_type":"article","og_title":"Manauscult e Implurb firmam parceria para estruturar Centro de Arqueologia de Manaus - IMPLURB","og_url":"https:\/\/www.manaus.am.gov.br\/implurb\/manauscult-e-implurb-firmam-parceria-para-estruturar-centro-de-arqueologia-de-manaus\/","og_site_name":"IMPLURB","article_published_time":"2021-02-23T23:51:57+00:00","article_modified_time":"2023-11-28T14:19:23+00:00","og_image":[{"width":1277,"height":600,"url":"https:\/\/www.manaus.am.gov.br\/implurb\/wp-content\/uploads\/sites\/13\/2023\/11\/Centro-de-Arqueologia-de-Manaus_Manauscult-e-Implurb-2.png","type":"image\/png"}],"author":"Renata Felix","twitter_card":"summary_large_image","twitter_misc":{"Written by":"Renata Felix","Est. reading time":"3 minutos"},"schema":{"@context":"https:\/\/schema.org","@graph":[{"@type":"WebPage","@id":"https:\/\/www.manaus.am.gov.br\/implurb\/manauscult-e-implurb-firmam-parceria-para-estruturar-centro-de-arqueologia-de-manaus\/","url":"https:\/\/www.manaus.am.gov.br\/implurb\/manauscult-e-implurb-firmam-parceria-para-estruturar-centro-de-arqueologia-de-manaus\/","name":"Manauscult e Implurb firmam parceria para estruturar Centro de Arqueologia de Manaus - IMPLURB","isPartOf":{"@id":"https:\/\/www.manaus.am.gov.br\/implurb\/#website"},"primaryImageOfPage":{"@id":"https:\/\/www.manaus.am.gov.br\/implurb\/manauscult-e-implurb-firmam-parceria-para-estruturar-centro-de-arqueologia-de-manaus\/#primaryimage"},"image":{"@id":"https:\/\/www.manaus.am.gov.br\/implurb\/manauscult-e-implurb-firmam-parceria-para-estruturar-centro-de-arqueologia-de-manaus\/#primaryimage"},"thumbnailUrl":"https:\/\/www.manaus.am.gov.br\/implurb\/wp-content\/uploads\/sites\/13\/2023\/11\/Centro-de-Arqueologia-de-Manaus_Manauscult-e-Implurb-2.png","datePublished":"2021-02-23T23:51:57+00:00","dateModified":"2023-11-28T14:19:23+00:00","author":{"@id":"https:\/\/www.manaus.am.gov.br\/implurb\/#\/schema\/person\/4eea2a8f78dc853097abb026f728aa06"},"breadcrumb":{"@id":"https:\/\/www.manaus.am.gov.br\/implurb\/manauscult-e-implurb-firmam-parceria-para-estruturar-centro-de-arqueologia-de-manaus\/#breadcrumb"},"inLanguage":"pt-BR","potentialAction":[{"@type":"ReadAction","target":["https:\/\/www.manaus.am.gov.br\/implurb\/manauscult-e-implurb-firmam-parceria-para-estruturar-centro-de-arqueologia-de-manaus\/"]}]},{"@type":"ImageObject","inLanguage":"pt-BR","@id":"https:\/\/www.manaus.am.gov.br\/implurb\/manauscult-e-implurb-firmam-parceria-para-estruturar-centro-de-arqueologia-de-manaus\/#primaryimage","url":"https:\/\/www.manaus.am.gov.br\/implurb\/wp-content\/uploads\/sites\/13\/2023\/11\/Centro-de-Arqueologia-de-Manaus_Manauscult-e-Implurb-2.png","contentUrl":"https:\/\/www.manaus.am.gov.br\/implurb\/wp-content\/uploads\/sites\/13\/2023\/11\/Centro-de-Arqueologia-de-Manaus_Manauscult-e-Implurb-2.png","width":1277,"height":600},{"@type":"BreadcrumbList","@id":"https:\/\/www.manaus.am.gov.br\/implurb\/manauscult-e-implurb-firmam-parceria-para-estruturar-centro-de-arqueologia-de-manaus\/#breadcrumb","itemListElement":[{"@type":"ListItem","position":1,"name":"Home","item":"https:\/\/www.manaus.am.gov.br\/implurb\/"},{"@type":"ListItem","position":2,"name":"Manauscult e Implurb firmam parceria para estruturar Centro de Arqueologia de Manaus"}]},{"@type":"WebSite","@id":"https:\/\/www.manaus.am.gov.br\/implurb\/#website","url":"https:\/\/www.manaus.am.gov.br\/implurb\/","name":"IMPLURB","description":"Prefeitura de Manaus","potentialAction":[{"@type":"SearchAction","target":{"@type":"EntryPoint","urlTemplate":"https:\/\/www.manaus.am.gov.br\/implurb\/?s={search_term_string}"},"query-input":"required name=search_term_string"}],"inLanguage":"pt-BR"},{"@type":"Person","@id":"https:\/\/www.manaus.am.gov.br\/implurb\/#\/schema\/person\/4eea2a8f78dc853097abb026f728aa06","name":"Renata Felix","image":{"@type":"ImageObject","inLanguage":"pt-BR","@id":"https:\/\/www.manaus.am.gov.br\/implurb\/#\/schema\/person\/image\/","url":"https:\/\/secure.gravatar.com\/avatar\/3c196cf9d3b837b24c8edb2c50fd8f29?s=96&d=mm&r=g","contentUrl":"https:\/\/secure.gravatar.com\/avatar\/3c196cf9d3b837b24c8edb2c50fd8f29?s=96&d=mm&r=g","caption":"Renata Felix"}}]}},"_links":{"self":[{"href":"https:\/\/www.manaus.am.gov.br\/implurb\/wp-json\/wp\/v2\/posts\/2918"}],"collection":[{"href":"https:\/\/www.manaus.am.gov.br\/implurb\/wp-json\/wp\/v2\/posts"}],"about":[{"href":"https:\/\/www.manaus.am.gov.br\/implurb\/wp-json\/wp\/v2\/types\/post"}],"author":[{"embeddable":true,"href":"https:\/\/www.manaus.am.gov.br\/implurb\/wp-json\/wp\/v2\/users\/31"}],"replies":[{"embeddable":true,"href":"https:\/\/www.manaus.am.gov.br\/implurb\/wp-json\/wp\/v2\/comments?post=2918"}],"version-history":[{"count":0,"href":"https:\/\/www.manaus.am.gov.br\/implurb\/wp-json\/wp\/v2\/posts\/2918\/revisions"}],"wp:featuredmedia":[{"embeddable":true,"href":"https:\/\/www.manaus.am.gov.br\/implurb\/wp-json\/wp\/v2\/media\/2919"}],"wp:attachment":[{"href":"https:\/\/www.manaus.am.gov.br\/implurb\/wp-json\/wp\/v2\/media?parent=2918"}],"wp:term":[{"taxonomy":"category","embeddable":true,"href":"https:\/\/www.manaus.am.gov.br\/implurb\/wp-json\/wp\/v2\/categories?post=2918"},{"taxonomy":"post_tag","embeddable":true,"href":"https:\/\/www.manaus.am.gov.br\/implurb\/wp-json\/wp\/v2\/tags?post=2918"}],"curies":[{"name":"wp","href":"https:\/\/api.w.org\/{rel}","templated":true}]}}