{"id":2906,"date":"2021-05-03T18:20:40","date_gmt":"2021-05-03T22:20:40","guid":{"rendered":"https:\/\/www.manaus.am.gov.br\/implurb\/habite-se-pode-ter-validacao-conferida-no-site-do-implurb\/"},"modified":"2023-11-28T10:10:24","modified_gmt":"2023-11-28T14:10:24","slug":"habite-se-pode-ter-validacao-conferida-no-site-do-implurb","status":"publish","type":"post","link":"https:\/\/www.manaus.am.gov.br\/implurb\/habite-se-pode-ter-validacao-conferida-no-site-do-implurb\/","title":{"rendered":"\u2018Habite-se\u2019 pode ter valida\u00e7\u00e3o conferida no site do Implurb"},"content":{"rendered":"\n<p>Com um crescimento de quase 40% no n\u00famero de expedi\u00e7\u00f5es de certid\u00f5es de Habite-se no primeiro trimestre de 2021, a Prefeitura de Manaus, via Instituto Municipal de Planejamento Urbano (Implurb), tem um servi\u00e7o adicional para quem necessita validar a certid\u00e3o e verificar sua autenticidade, de forma\u00a0<em>on-line<\/em>, que pode ser feita com uma simples consulta ao site <a href=\"http:\/\/www.manaus.am.gov.br\/implurb\/\" target=\"_blank\" rel=\"noreferrer noopener\">manaus.am.gov.br\/implurb<\/a>. A facilidade melhorou a efici\u00eancia em processos de gest\u00e3o, aumentando a celeridade no sistema e garantindo ao cidad\u00e3o os documentos necess\u00e1rios para expans\u00e3o de neg\u00f3cios e aquecimento da economia.<\/p>\n\n\n\n<p>Ao entrar no site, o requerente visualiza na aba \u201cImplurb Atende\u201d a caixa amarela \u201cValidar Habite-se\u201d, onde ser\u00e1 direcionado para uma outra tela, na qual vai verificar a autenticidade da certid\u00e3o, conferindo se a mesma foi expedida pelo \u00f3rg\u00e3o. De posse do n\u00famero da certid\u00e3o, pode-se fazer a consulta nos processos do Sistema de Gest\u00e3o Eletr\u00f4nica de Documentos (Siged), Protus e Fiscaliza\u00e7\u00e3o Urbana (FU).<\/p>\n\n\n\n<h2 class=\"wp-block-heading\">Documento legal<\/h2>\n\n\n\n<p>A certid\u00e3o de Habite-se \u00e9 um documento legal, conforme o artigo 33, da lei 673\/02, referente ao C\u00f3digo de Obras do Munic\u00edpio, uma das leis do Plano Diretor de Manaus. O documento atesta que o im\u00f3vel foi constru\u00eddo de acordo com o projeto aprovado e licenciado, seguindo-se as exig\u00eancias estabelecidas pela legisla\u00e7\u00e3o urbana em vigor.<\/p>\n\n\n\n<p>Com o Habite-se, o propriet\u00e1rio tem a garantia de que a constru\u00e7\u00e3o seguiu corretamente o que estava previsto no projeto aprovado e licenciado, respeitando os par\u00e2metros legais da legisla\u00e7\u00e3o e normas t\u00e9cnicas, atendendo a aspectos relacionados ao meio ambiente, preven\u00e7\u00e3o de combate a inc\u00eandio, esgotamento sanit\u00e1rio, seguran\u00e7a, ocupa\u00e7\u00e3o do lote, \u00e1rea constru\u00edda, entre outros itens.<\/p>\n\n\n\n<p>A valida\u00e7\u00e3o do documento serve apenas quando o requerente ou interessado estiver com a certid\u00e3o original emitida pelo Implurb, n\u00e3o tendo valor oficial.<\/p>\n\n\n\n<p>O Habite-se \u00e9 o \u00faltimo laudo expedido pela prefeitura, para qualquer constru\u00e7\u00e3o nova que autoriza o seu uso e a ocupa\u00e7\u00e3o. Regulariza\u00e7\u00e3o e Habite-se s\u00e3o usados para obras j\u00e1 constru\u00eddas sem licen\u00e7a e aprova\u00e7\u00e3o, mas que podem ser regularizados posteriormente, dentro dos mesmos crit\u00e9rios e par\u00e2metros.<\/p>\n\n\n\n<p>Segundo especialistas do setor, um im\u00f3vel sem o Habite-se pode desvalorizar no mercado em at\u00e9 30%. A lista com os documentos necess\u00e1rios para dar entrada em projetos e licen\u00e7as junto ao Implurb pode ser acessado no site\u00a0<a data-saferedirecturl=\"https:\/\/www.google.com\/url?q=http:\/\/www.implurb.manaus.am.gov.br&amp;source=gmail&amp;ust=1620166586646000&amp;usg=AFQjCNEgLpr3VlDTfFEOTffZgMxdjpE9VA\" href=\"http:\/\/www.implurb.manaus.am.gov.br\/\">manaus.am.gov.br\/implurb<\/a>.<\/p>\n\n\n\n<p>&#8212; &#8212; &#8212;<\/p>\n\n\n\n<p><strong>Texto<\/strong> \u2013 Claudia do Valle \/ Implurb<br><strong>Fotos<\/strong> \u2013 Divulga\u00e7\u00e3o \/ Implurb<\/p>\n","protected":false},"excerpt":{"rendered":"","protected":false},"author":31,"featured_media":2907,"comment_status":"closed","ping_status":"closed","sticky":false,"template":"","format":"standard","meta":{"footnotes":""},"categories":[805],"tags":[249,106,806],"acf":[],"yoast_head":"<!-- This site is optimized with the Yoast SEO plugin v23.0 - https:\/\/yoast.com\/wordpress\/plugins\/seo\/ -->\n<title>\u2018Habite-se\u2019 pode ter valida\u00e7\u00e3o conferida no site do Implurb - IMPLURB<\/title>\n<meta name=\"robots\" content=\"noindex, follow\" \/>\n<meta property=\"og:locale\" content=\"pt_BR\" \/>\n<meta property=\"og:type\" content=\"article\" \/>\n<meta property=\"og:title\" content=\"\u2018Habite-se\u2019 pode ter valida\u00e7\u00e3o conferida no site do Implurb - IMPLURB\" \/>\n<meta property=\"og:url\" content=\"https:\/\/www.manaus.am.gov.br\/implurb\/habite-se-pode-ter-validacao-conferida-no-site-do-implurb\/\" \/>\n<meta property=\"og:site_name\" content=\"IMPLURB\" \/>\n<meta property=\"article:published_time\" content=\"2021-05-03T22:20:40+00:00\" \/>\n<meta property=\"article:modified_time\" content=\"2023-11-28T14:10:24+00:00\" \/>\n<meta property=\"og:image\" content=\"https:\/\/www.manaus.am.gov.br\/implurb\/wp-content\/uploads\/sites\/13\/2023\/11\/acesso2.jpg\" \/>\n\t<meta property=\"og:image:width\" content=\"1280\" \/>\n\t<meta property=\"og:image:height\" content=\"958\" \/>\n\t<meta property=\"og:image:type\" content=\"image\/jpeg\" \/>\n<meta name=\"author\" content=\"Renata Felix\" \/>\n<meta name=\"twitter:card\" content=\"summary_large_image\" \/>\n<meta name=\"twitter:label1\" content=\"Written by\" \/>\n\t<meta name=\"twitter:data1\" content=\"Renata Felix\" \/>\n\t<meta name=\"twitter:label2\" content=\"Est. reading time\" \/>\n\t<meta name=\"twitter:data2\" content=\"3 minutos\" \/>\n<script type=\"application\/ld+json\" class=\"yoast-schema-graph\">{\"@context\":\"https:\/\/schema.org\",\"@graph\":[{\"@type\":\"WebPage\",\"@id\":\"https:\/\/www.manaus.am.gov.br\/implurb\/habite-se-pode-ter-validacao-conferida-no-site-do-implurb\/\",\"url\":\"https:\/\/www.manaus.am.gov.br\/implurb\/habite-se-pode-ter-validacao-conferida-no-site-do-implurb\/\",\"name\":\"\u2018Habite-se\u2019 pode ter valida\u00e7\u00e3o conferida no site do Implurb - IMPLURB\",\"isPartOf\":{\"@id\":\"https:\/\/www.manaus.am.gov.br\/implurb\/#website\"},\"primaryImageOfPage\":{\"@id\":\"https:\/\/www.manaus.am.gov.br\/implurb\/habite-se-pode-ter-validacao-conferida-no-site-do-implurb\/#primaryimage\"},\"image\":{\"@id\":\"https:\/\/www.manaus.am.gov.br\/implurb\/habite-se-pode-ter-validacao-conferida-no-site-do-implurb\/#primaryimage\"},\"thumbnailUrl\":\"https:\/\/www.manaus.am.gov.br\/implurb\/wp-content\/uploads\/sites\/13\/2023\/11\/acesso2.jpg\",\"datePublished\":\"2021-05-03T22:20:40+00:00\",\"dateModified\":\"2023-11-28T14:10:24+00:00\",\"author\":{\"@id\":\"https:\/\/www.manaus.am.gov.br\/implurb\/#\/schema\/person\/4eea2a8f78dc853097abb026f728aa06\"},\"breadcrumb\":{\"@id\":\"https:\/\/www.manaus.am.gov.br\/implurb\/habite-se-pode-ter-validacao-conferida-no-site-do-implurb\/#breadcrumb\"},\"inLanguage\":\"pt-BR\",\"potentialAction\":[{\"@type\":\"ReadAction\",\"target\":[\"https:\/\/www.manaus.am.gov.br\/implurb\/habite-se-pode-ter-validacao-conferida-no-site-do-implurb\/\"]}]},{\"@type\":\"ImageObject\",\"inLanguage\":\"pt-BR\",\"@id\":\"https:\/\/www.manaus.am.gov.br\/implurb\/habite-se-pode-ter-validacao-conferida-no-site-do-implurb\/#primaryimage\",\"url\":\"https:\/\/www.manaus.am.gov.br\/implurb\/wp-content\/uploads\/sites\/13\/2023\/11\/acesso2.jpg\",\"contentUrl\":\"https:\/\/www.manaus.am.gov.br\/implurb\/wp-content\/uploads\/sites\/13\/2023\/11\/acesso2.jpg\",\"width\":1280,\"height\":958},{\"@type\":\"BreadcrumbList\",\"@id\":\"https:\/\/www.manaus.am.gov.br\/implurb\/habite-se-pode-ter-validacao-conferida-no-site-do-implurb\/#breadcrumb\",\"itemListElement\":[{\"@type\":\"ListItem\",\"position\":1,\"name\":\"Home\",\"item\":\"https:\/\/www.manaus.am.gov.br\/implurb\/\"},{\"@type\":\"ListItem\",\"position\":2,\"name\":\"\u2018Habite-se\u2019 pode ter valida\u00e7\u00e3o conferida no site do Implurb\"}]},{\"@type\":\"WebSite\",\"@id\":\"https:\/\/www.manaus.am.gov.br\/implurb\/#website\",\"url\":\"https:\/\/www.manaus.am.gov.br\/implurb\/\",\"name\":\"IMPLURB\",\"description\":\"Prefeitura de Manaus\",\"potentialAction\":[{\"@type\":\"SearchAction\",\"target\":{\"@type\":\"EntryPoint\",\"urlTemplate\":\"https:\/\/www.manaus.am.gov.br\/implurb\/?s={search_term_string}\"},\"query-input\":\"required name=search_term_string\"}],\"inLanguage\":\"pt-BR\"},{\"@type\":\"Person\",\"@id\":\"https:\/\/www.manaus.am.gov.br\/implurb\/#\/schema\/person\/4eea2a8f78dc853097abb026f728aa06\",\"name\":\"Renata Felix\",\"image\":{\"@type\":\"ImageObject\",\"inLanguage\":\"pt-BR\",\"@id\":\"https:\/\/www.manaus.am.gov.br\/implurb\/#\/schema\/person\/image\/\",\"url\":\"https:\/\/secure.gravatar.com\/avatar\/3c196cf9d3b837b24c8edb2c50fd8f29?s=96&d=mm&r=g\",\"contentUrl\":\"https:\/\/secure.gravatar.com\/avatar\/3c196cf9d3b837b24c8edb2c50fd8f29?s=96&d=mm&r=g\",\"caption\":\"Renata Felix\"}}]}<\/script>\n<!-- \/ Yoast SEO plugin. -->","yoast_head_json":{"title":"\u2018Habite-se\u2019 pode ter valida\u00e7\u00e3o conferida no site do Implurb - IMPLURB","robots":{"index":"noindex","follow":"follow"},"og_locale":"pt_BR","og_type":"article","og_title":"\u2018Habite-se\u2019 pode ter valida\u00e7\u00e3o conferida no site do Implurb - IMPLURB","og_url":"https:\/\/www.manaus.am.gov.br\/implurb\/habite-se-pode-ter-validacao-conferida-no-site-do-implurb\/","og_site_name":"IMPLURB","article_published_time":"2021-05-03T22:20:40+00:00","article_modified_time":"2023-11-28T14:10:24+00:00","og_image":[{"width":1280,"height":958,"url":"https:\/\/www.manaus.am.gov.br\/implurb\/wp-content\/uploads\/sites\/13\/2023\/11\/acesso2.jpg","type":"image\/jpeg"}],"author":"Renata Felix","twitter_card":"summary_large_image","twitter_misc":{"Written by":"Renata Felix","Est. reading time":"3 minutos"},"schema":{"@context":"https:\/\/schema.org","@graph":[{"@type":"WebPage","@id":"https:\/\/www.manaus.am.gov.br\/implurb\/habite-se-pode-ter-validacao-conferida-no-site-do-implurb\/","url":"https:\/\/www.manaus.am.gov.br\/implurb\/habite-se-pode-ter-validacao-conferida-no-site-do-implurb\/","name":"\u2018Habite-se\u2019 pode ter valida\u00e7\u00e3o conferida no site do Implurb - IMPLURB","isPartOf":{"@id":"https:\/\/www.manaus.am.gov.br\/implurb\/#website"},"primaryImageOfPage":{"@id":"https:\/\/www.manaus.am.gov.br\/implurb\/habite-se-pode-ter-validacao-conferida-no-site-do-implurb\/#primaryimage"},"image":{"@id":"https:\/\/www.manaus.am.gov.br\/implurb\/habite-se-pode-ter-validacao-conferida-no-site-do-implurb\/#primaryimage"},"thumbnailUrl":"https:\/\/www.manaus.am.gov.br\/implurb\/wp-content\/uploads\/sites\/13\/2023\/11\/acesso2.jpg","datePublished":"2021-05-03T22:20:40+00:00","dateModified":"2023-11-28T14:10:24+00:00","author":{"@id":"https:\/\/www.manaus.am.gov.br\/implurb\/#\/schema\/person\/4eea2a8f78dc853097abb026f728aa06"},"breadcrumb":{"@id":"https:\/\/www.manaus.am.gov.br\/implurb\/habite-se-pode-ter-validacao-conferida-no-site-do-implurb\/#breadcrumb"},"inLanguage":"pt-BR","potentialAction":[{"@type":"ReadAction","target":["https:\/\/www.manaus.am.gov.br\/implurb\/habite-se-pode-ter-validacao-conferida-no-site-do-implurb\/"]}]},{"@type":"ImageObject","inLanguage":"pt-BR","@id":"https:\/\/www.manaus.am.gov.br\/implurb\/habite-se-pode-ter-validacao-conferida-no-site-do-implurb\/#primaryimage","url":"https:\/\/www.manaus.am.gov.br\/implurb\/wp-content\/uploads\/sites\/13\/2023\/11\/acesso2.jpg","contentUrl":"https:\/\/www.manaus.am.gov.br\/implurb\/wp-content\/uploads\/sites\/13\/2023\/11\/acesso2.jpg","width":1280,"height":958},{"@type":"BreadcrumbList","@id":"https:\/\/www.manaus.am.gov.br\/implurb\/habite-se-pode-ter-validacao-conferida-no-site-do-implurb\/#breadcrumb","itemListElement":[{"@type":"ListItem","position":1,"name":"Home","item":"https:\/\/www.manaus.am.gov.br\/implurb\/"},{"@type":"ListItem","position":2,"name":"\u2018Habite-se\u2019 pode ter valida\u00e7\u00e3o conferida no site do Implurb"}]},{"@type":"WebSite","@id":"https:\/\/www.manaus.am.gov.br\/implurb\/#website","url":"https:\/\/www.manaus.am.gov.br\/implurb\/","name":"IMPLURB","description":"Prefeitura de Manaus","potentialAction":[{"@type":"SearchAction","target":{"@type":"EntryPoint","urlTemplate":"https:\/\/www.manaus.am.gov.br\/implurb\/?s={search_term_string}"},"query-input":"required name=search_term_string"}],"inLanguage":"pt-BR"},{"@type":"Person","@id":"https:\/\/www.manaus.am.gov.br\/implurb\/#\/schema\/person\/4eea2a8f78dc853097abb026f728aa06","name":"Renata Felix","image":{"@type":"ImageObject","inLanguage":"pt-BR","@id":"https:\/\/www.manaus.am.gov.br\/implurb\/#\/schema\/person\/image\/","url":"https:\/\/secure.gravatar.com\/avatar\/3c196cf9d3b837b24c8edb2c50fd8f29?s=96&d=mm&r=g","contentUrl":"https:\/\/secure.gravatar.com\/avatar\/3c196cf9d3b837b24c8edb2c50fd8f29?s=96&d=mm&r=g","caption":"Renata Felix"}}]}},"_links":{"self":[{"href":"https:\/\/www.manaus.am.gov.br\/implurb\/wp-json\/wp\/v2\/posts\/2906"}],"collection":[{"href":"https:\/\/www.manaus.am.gov.br\/implurb\/wp-json\/wp\/v2\/posts"}],"about":[{"href":"https:\/\/www.manaus.am.gov.br\/implurb\/wp-json\/wp\/v2\/types\/post"}],"author":[{"embeddable":true,"href":"https:\/\/www.manaus.am.gov.br\/implurb\/wp-json\/wp\/v2\/users\/31"}],"replies":[{"embeddable":true,"href":"https:\/\/www.manaus.am.gov.br\/implurb\/wp-json\/wp\/v2\/comments?post=2906"}],"version-history":[{"count":0,"href":"https:\/\/www.manaus.am.gov.br\/implurb\/wp-json\/wp\/v2\/posts\/2906\/revisions"}],"wp:featuredmedia":[{"embeddable":true,"href":"https:\/\/www.manaus.am.gov.br\/implurb\/wp-json\/wp\/v2\/media\/2907"}],"wp:attachment":[{"href":"https:\/\/www.manaus.am.gov.br\/implurb\/wp-json\/wp\/v2\/media?parent=2906"}],"wp:term":[{"taxonomy":"category","embeddable":true,"href":"https:\/\/www.manaus.am.gov.br\/implurb\/wp-json\/wp\/v2\/categories?post=2906"},{"taxonomy":"post_tag","embeddable":true,"href":"https:\/\/www.manaus.am.gov.br\/implurb\/wp-json\/wp\/v2\/tags?post=2906"}],"curies":[{"name":"wp","href":"https:\/\/api.w.org\/{rel}","templated":true}]}}