{"id":2763,"date":"2023-01-20T12:31:00","date_gmt":"2023-01-20T16:31:00","guid":{"rendered":"https:\/\/www.manaus.am.gov.br\/implurb\/projetos-de-interesse-social-crescem-471-na-prefeitura-para-residencial-unifamiliar-no-implurb\/"},"modified":"2023-11-24T16:16:24","modified_gmt":"2023-11-24T20:16:24","slug":"projetos-de-interesse-social-crescem-471-na-prefeitura-para-residencial-unifamiliar-no-implurb","status":"publish","type":"post","link":"https:\/\/www.manaus.am.gov.br\/implurb\/projetos-de-interesse-social-crescem-471-na-prefeitura-para-residencial-unifamiliar-no-implurb\/","title":{"rendered":"Projetos de interesse social crescem 471% na prefeitura para residencial unifamiliar no Implurb"},"content":{"rendered":"\n<p>A&nbsp;Prefeitura de Manaus&nbsp;atendeu mais 40 pessoas, via Instituto Municipal de Planejamento Urbano (Implurb), para o programa de&nbsp;Arquitetura&nbsp;Social&nbsp;na categoria unifamiliar em 2022, com um crescimento de 471,4% no ano. Em 2021, foram sete projetos atendidos dentro do perfil de unidade unifamiliar.<\/p>\n\n\n\n<p>O programa \u00e9 uma das atividades desenvolvidas pela Ger\u00eancia de Aprova\u00e7\u00e3o de Projetos de Interesse&nbsp;Social&nbsp;(Gapis) para dar dignidade \u00e0s pessoas no direito de construir, melhorando a qualidade de vida e projetando para a&nbsp;arquitetura&nbsp;social.<\/p>\n\n\n\n<p>O projeto arquitet\u00f4nico \u00e9 desenhado por equipe t\u00e9cnica do instituto, seguindo as diretrizes e a legisla\u00e7\u00e3o urbanas, al\u00e9m do Plano Diretor de Manaus.<\/p>\n\n\n\n<p>Para esse p\u00fablico, o Gapis possibilita que pessoas de baixa renda possam ter acesso a projetos gratuitos de moradias e \u00e0 regulariza\u00e7\u00e3o, mediante a comprova\u00e7\u00e3o de que s\u00e3o legalmente propriet\u00e1rias do im\u00f3vel ou lote.<\/p>\n\n\n\n<p>Conforme a gerente de Aprova\u00e7\u00e3o de Projetos de Interesse&nbsp;Social, arquiteta e urbanista Bianca Moura, hoje, os projetos enquadrados para o atendimento unifamiliar passam por todas as fases de aprova\u00e7\u00e3o e regulariza\u00e7\u00e3o, licenciamento e tramita\u00e7\u00e3o nos setores t\u00e9cnicos. \u201cO programa tamb\u00e9m atua para a expedi\u00e7\u00e3o do Habite-se, documento definitivo que autoriza o uso e ocupa\u00e7\u00e3o de um im\u00f3vel, pr\u00e9dio ou edif\u00edcio\u201d, explica Bianca.<\/p>\n\n\n\n<p>Foi no Gapis que ainda em dezembro do ano passado, de forma in\u00e9dita, a gest\u00e3o do prefeito David Almeida, via Implurb, expediu a certid\u00e3o de Habite-se do conjunto Nova Cidade, na zona Norte, beneficiando um n\u00famero recorde de 10.655 unidades habitacionais, tendo um alcance direto a quase 70 mil moradores do bairro criado em 2010.<\/p>\n\n\n\n<p>A certid\u00e3o foi elaborada pela ger\u00eancia, sendo o processo datado de 1998, classificado como empreendimento habitacional multifamiliar de interesse social.<\/p>\n\n\n\n<p><strong>Benef\u00edcios<\/strong><\/p>\n\n\n\n<p>Para ser beneficiado pela&nbsp;Arquitetura&nbsp;Social, o interessado dever\u00e1 apresentar, na ger\u00eancia do&nbsp;Implurb, um documento de posse (registro de im\u00f3veis, t\u00edtulo definitivo ou escritura p\u00fablica), comprovando assim ser propriet\u00e1rio do im\u00f3vel, al\u00e9m de declarar e comprovar que recebe, no m\u00e1ximo, at\u00e9 cinco sal\u00e1rios m\u00ednimos. Ressaltando, ainda, que somente edifica\u00e7\u00f5es com no m\u00e1ximo 100 metros quadrados de \u00e1rea total de constru\u00e7\u00e3o e voltadas ao uso residencial unifamiliar (com at\u00e9 duas edifica\u00e7\u00f5es em um mesmo terreno) ser\u00e3o atendidas pelo programa.<\/p>\n\n\n\n<p>Ser\u00e3o aceitos projetos de resid\u00eancias unifamiliares com at\u00e9 70 metros quadrados, para pessoas que comprovem renda de, no m\u00e1ximo, tr\u00eas sal\u00e1rios m\u00ednimos, e para resid\u00eancias unifamiliares com at\u00e9 100 metros quadrados, para pessoas que comprovem renda de, no m\u00e1ximo, cinco sal\u00e1rios m\u00ednimos. As de 100 metros quadrados podem ser de uso misto, residencial e comercial e at\u00e9 dois pavimentos.<\/p>\n\n\n\n<p>O atendimento para o Gapis pode ser feito por e-mail no&nbsp;<a href=\"mailto:gapis.implurb@pmm.am.gov.br\">gapis.implurb@pmm.am.gov.br<\/a>.<\/p>\n\n\n\n<p>Para dar entrada no processo, o interessado deve preencher o formul\u00e1rio padr\u00e3o dispon\u00edvel no site do Implurb (<a href=\"http:\/\/implurb.manaus.am.gov.br\/\">implurb.manaus.am.gov.br<\/a>), e verificar o que precisa apresentar acessando a se\u00e7\u00e3o \u201cLista de Documentos\u201d, para aprova\u00e7\u00e3o e licen\u00e7a residencial unifamiliar at\u00e9&nbsp;100 metros quadrados ou para regulariza\u00e7\u00e3o e Habite-se residencial unifamiliar&nbsp;at\u00e9&nbsp;100 metros quadrados.<\/p>\n\n\n\n<p><strong>Processo<\/strong><\/p>\n\n\n\n<p>Uma vez formalizado o processo, ap\u00f3s a verifica\u00e7\u00e3o da documenta\u00e7\u00e3o b\u00e1sica, a Gapis realizar\u00e1 um levantamento t\u00e9cnico, a fim de obter as medidas da obra (no caso de a mesma estar em execu\u00e7\u00e3o) ou da edifica\u00e7\u00e3o (em caso de regulariza\u00e7\u00e3o de im\u00f3vel constru\u00eddo), elaborando um laudo t\u00e9cnico com base no Plano Diretor de Manaus.<\/p>\n\n\n\n<p>\u201cAo final da an\u00e1lise, em caso positivo, ser\u00e1 elaborado o Projeto B\u00e1sico de&nbsp;Arquitetura, sendo o autor do projeto o t\u00e9cnico respons\u00e1vel por parte do&nbsp;Implurb, devendo ainda o interessado apresentar um respons\u00e1vel t\u00e9cnico pela execu\u00e7\u00e3o da obra, com a devida Anota\u00e7\u00e3o de Responsabilidade T\u00e9cnica (ART\/RRT)\u201d, afirma Bianca.<\/p>\n\n\n\n<p>O C\u00f3digo de Obras do Munic\u00edpio (Lei 003\/2014), em seu artigo 11, define que o \u201cPoder Executivo municipal poder\u00e1, a requerimento do interessado, acompanhado do documento de posse ou propriedade do terreno, fornecendo projeto para habita\u00e7\u00e3o popular para pessoas com renda de at\u00e9 cinco sal\u00e1rios m\u00ednimos, nos termos da legisla\u00e7\u00e3o urbana\u201d.<\/p>\n\n\n\n<p>\u2014 \u2014 \u2014<\/p>\n\n\n\n<p><strong>Texto<\/strong>&nbsp;\u2013 Claudia do Valle \/ Implurb<\/p>\n\n\n\n<p><strong>Fotos<\/strong>&nbsp;\u2013 Ant\u00f4nio Pereira e Jo\u00e3o Viana \/ Arquivo Semcom<\/p>\n","protected":false},"excerpt":{"rendered":"","protected":false},"author":27,"featured_media":2764,"comment_status":"closed","ping_status":"closed","sticky":false,"template":"","format":"standard","meta":{"footnotes":""},"categories":[291,731],"tags":[],"acf":[],"yoast_head":"<!-- This site is optimized with the Yoast SEO plugin v23.0 - https:\/\/yoast.com\/wordpress\/plugins\/seo\/ -->\n<title>Projetos de interesse social crescem 471% na prefeitura para residencial unifamiliar no Implurb - IMPLURB<\/title>\n<meta name=\"robots\" content=\"noindex, follow\" \/>\n<meta property=\"og:locale\" content=\"pt_BR\" \/>\n<meta property=\"og:type\" content=\"article\" \/>\n<meta property=\"og:title\" content=\"Projetos de interesse social crescem 471% na prefeitura para residencial unifamiliar no Implurb - IMPLURB\" \/>\n<meta property=\"og:url\" content=\"https:\/\/www.manaus.am.gov.br\/implurb\/projetos-de-interesse-social-crescem-471-na-prefeitura-para-residencial-unifamiliar-no-implurb\/\" \/>\n<meta property=\"og:site_name\" content=\"IMPLURB\" \/>\n<meta property=\"article:published_time\" content=\"2023-01-20T16:31:00+00:00\" \/>\n<meta property=\"article:modified_time\" content=\"2023-11-24T20:16:24+00:00\" \/>\n<meta property=\"og:image\" content=\"https:\/\/www.manaus.am.gov.br\/implurb\/wp-content\/uploads\/sites\/13\/2023\/11\/gapis22-720x407-1.jpg\" \/>\n\t<meta property=\"og:image:width\" content=\"720\" \/>\n\t<meta property=\"og:image:height\" content=\"407\" \/>\n\t<meta property=\"og:image:type\" content=\"image\/jpeg\" \/>\n<meta name=\"author\" content=\"Imarketing Digital\" \/>\n<meta name=\"twitter:card\" content=\"summary_large_image\" \/>\n<meta name=\"twitter:label1\" content=\"Written by\" \/>\n\t<meta name=\"twitter:data1\" content=\"Imarketing Digital\" \/>\n\t<meta name=\"twitter:label2\" content=\"Est. reading time\" \/>\n\t<meta name=\"twitter:data2\" content=\"4 minutos\" \/>\n<script type=\"application\/ld+json\" class=\"yoast-schema-graph\">{\"@context\":\"https:\/\/schema.org\",\"@graph\":[{\"@type\":\"WebPage\",\"@id\":\"https:\/\/www.manaus.am.gov.br\/implurb\/projetos-de-interesse-social-crescem-471-na-prefeitura-para-residencial-unifamiliar-no-implurb\/\",\"url\":\"https:\/\/www.manaus.am.gov.br\/implurb\/projetos-de-interesse-social-crescem-471-na-prefeitura-para-residencial-unifamiliar-no-implurb\/\",\"name\":\"Projetos de interesse social crescem 471% na prefeitura para residencial unifamiliar no Implurb - IMPLURB\",\"isPartOf\":{\"@id\":\"https:\/\/www.manaus.am.gov.br\/implurb\/#website\"},\"primaryImageOfPage\":{\"@id\":\"https:\/\/www.manaus.am.gov.br\/implurb\/projetos-de-interesse-social-crescem-471-na-prefeitura-para-residencial-unifamiliar-no-implurb\/#primaryimage\"},\"image\":{\"@id\":\"https:\/\/www.manaus.am.gov.br\/implurb\/projetos-de-interesse-social-crescem-471-na-prefeitura-para-residencial-unifamiliar-no-implurb\/#primaryimage\"},\"thumbnailUrl\":\"https:\/\/www.manaus.am.gov.br\/implurb\/wp-content\/uploads\/sites\/13\/2023\/11\/gapis22-720x407-1.jpg\",\"datePublished\":\"2023-01-20T16:31:00+00:00\",\"dateModified\":\"2023-11-24T20:16:24+00:00\",\"author\":{\"@id\":\"https:\/\/www.manaus.am.gov.br\/implurb\/#\/schema\/person\/79525a47ac5902f50493820d995728ee\"},\"breadcrumb\":{\"@id\":\"https:\/\/www.manaus.am.gov.br\/implurb\/projetos-de-interesse-social-crescem-471-na-prefeitura-para-residencial-unifamiliar-no-implurb\/#breadcrumb\"},\"inLanguage\":\"pt-BR\",\"potentialAction\":[{\"@type\":\"ReadAction\",\"target\":[\"https:\/\/www.manaus.am.gov.br\/implurb\/projetos-de-interesse-social-crescem-471-na-prefeitura-para-residencial-unifamiliar-no-implurb\/\"]}]},{\"@type\":\"ImageObject\",\"inLanguage\":\"pt-BR\",\"@id\":\"https:\/\/www.manaus.am.gov.br\/implurb\/projetos-de-interesse-social-crescem-471-na-prefeitura-para-residencial-unifamiliar-no-implurb\/#primaryimage\",\"url\":\"https:\/\/www.manaus.am.gov.br\/implurb\/wp-content\/uploads\/sites\/13\/2023\/11\/gapis22-720x407-1.jpg\",\"contentUrl\":\"https:\/\/www.manaus.am.gov.br\/implurb\/wp-content\/uploads\/sites\/13\/2023\/11\/gapis22-720x407-1.jpg\",\"width\":720,\"height\":407},{\"@type\":\"BreadcrumbList\",\"@id\":\"https:\/\/www.manaus.am.gov.br\/implurb\/projetos-de-interesse-social-crescem-471-na-prefeitura-para-residencial-unifamiliar-no-implurb\/#breadcrumb\",\"itemListElement\":[{\"@type\":\"ListItem\",\"position\":1,\"name\":\"Home\",\"item\":\"https:\/\/www.manaus.am.gov.br\/implurb\/\"},{\"@type\":\"ListItem\",\"position\":2,\"name\":\"Projetos de interesse social crescem 471% na prefeitura para residencial unifamiliar no Implurb\"}]},{\"@type\":\"WebSite\",\"@id\":\"https:\/\/www.manaus.am.gov.br\/implurb\/#website\",\"url\":\"https:\/\/www.manaus.am.gov.br\/implurb\/\",\"name\":\"IMPLURB\",\"description\":\"Prefeitura de Manaus\",\"potentialAction\":[{\"@type\":\"SearchAction\",\"target\":{\"@type\":\"EntryPoint\",\"urlTemplate\":\"https:\/\/www.manaus.am.gov.br\/implurb\/?s={search_term_string}\"},\"query-input\":\"required name=search_term_string\"}],\"inLanguage\":\"pt-BR\"},{\"@type\":\"Person\",\"@id\":\"https:\/\/www.manaus.am.gov.br\/implurb\/#\/schema\/person\/79525a47ac5902f50493820d995728ee\",\"name\":\"Imarketing Digital\",\"image\":{\"@type\":\"ImageObject\",\"inLanguage\":\"pt-BR\",\"@id\":\"https:\/\/www.manaus.am.gov.br\/implurb\/#\/schema\/person\/image\/\",\"url\":\"https:\/\/secure.gravatar.com\/avatar\/03432d3c57b756ed9760f7019c815a3a?s=96&d=mm&r=g\",\"contentUrl\":\"https:\/\/secure.gravatar.com\/avatar\/03432d3c57b756ed9760f7019c815a3a?s=96&d=mm&r=g\",\"caption\":\"Imarketing Digital\"}}]}<\/script>\n<!-- \/ Yoast SEO plugin. -->","yoast_head_json":{"title":"Projetos de interesse social crescem 471% na prefeitura para residencial unifamiliar no Implurb - IMPLURB","robots":{"index":"noindex","follow":"follow"},"og_locale":"pt_BR","og_type":"article","og_title":"Projetos de interesse social crescem 471% na prefeitura para residencial unifamiliar no Implurb - IMPLURB","og_url":"https:\/\/www.manaus.am.gov.br\/implurb\/projetos-de-interesse-social-crescem-471-na-prefeitura-para-residencial-unifamiliar-no-implurb\/","og_site_name":"IMPLURB","article_published_time":"2023-01-20T16:31:00+00:00","article_modified_time":"2023-11-24T20:16:24+00:00","og_image":[{"width":720,"height":407,"url":"https:\/\/www.manaus.am.gov.br\/implurb\/wp-content\/uploads\/sites\/13\/2023\/11\/gapis22-720x407-1.jpg","type":"image\/jpeg"}],"author":"Imarketing Digital","twitter_card":"summary_large_image","twitter_misc":{"Written by":"Imarketing Digital","Est. reading time":"4 minutos"},"schema":{"@context":"https:\/\/schema.org","@graph":[{"@type":"WebPage","@id":"https:\/\/www.manaus.am.gov.br\/implurb\/projetos-de-interesse-social-crescem-471-na-prefeitura-para-residencial-unifamiliar-no-implurb\/","url":"https:\/\/www.manaus.am.gov.br\/implurb\/projetos-de-interesse-social-crescem-471-na-prefeitura-para-residencial-unifamiliar-no-implurb\/","name":"Projetos de interesse social crescem 471% na prefeitura para residencial unifamiliar no Implurb - IMPLURB","isPartOf":{"@id":"https:\/\/www.manaus.am.gov.br\/implurb\/#website"},"primaryImageOfPage":{"@id":"https:\/\/www.manaus.am.gov.br\/implurb\/projetos-de-interesse-social-crescem-471-na-prefeitura-para-residencial-unifamiliar-no-implurb\/#primaryimage"},"image":{"@id":"https:\/\/www.manaus.am.gov.br\/implurb\/projetos-de-interesse-social-crescem-471-na-prefeitura-para-residencial-unifamiliar-no-implurb\/#primaryimage"},"thumbnailUrl":"https:\/\/www.manaus.am.gov.br\/implurb\/wp-content\/uploads\/sites\/13\/2023\/11\/gapis22-720x407-1.jpg","datePublished":"2023-01-20T16:31:00+00:00","dateModified":"2023-11-24T20:16:24+00:00","author":{"@id":"https:\/\/www.manaus.am.gov.br\/implurb\/#\/schema\/person\/79525a47ac5902f50493820d995728ee"},"breadcrumb":{"@id":"https:\/\/www.manaus.am.gov.br\/implurb\/projetos-de-interesse-social-crescem-471-na-prefeitura-para-residencial-unifamiliar-no-implurb\/#breadcrumb"},"inLanguage":"pt-BR","potentialAction":[{"@type":"ReadAction","target":["https:\/\/www.manaus.am.gov.br\/implurb\/projetos-de-interesse-social-crescem-471-na-prefeitura-para-residencial-unifamiliar-no-implurb\/"]}]},{"@type":"ImageObject","inLanguage":"pt-BR","@id":"https:\/\/www.manaus.am.gov.br\/implurb\/projetos-de-interesse-social-crescem-471-na-prefeitura-para-residencial-unifamiliar-no-implurb\/#primaryimage","url":"https:\/\/www.manaus.am.gov.br\/implurb\/wp-content\/uploads\/sites\/13\/2023\/11\/gapis22-720x407-1.jpg","contentUrl":"https:\/\/www.manaus.am.gov.br\/implurb\/wp-content\/uploads\/sites\/13\/2023\/11\/gapis22-720x407-1.jpg","width":720,"height":407},{"@type":"BreadcrumbList","@id":"https:\/\/www.manaus.am.gov.br\/implurb\/projetos-de-interesse-social-crescem-471-na-prefeitura-para-residencial-unifamiliar-no-implurb\/#breadcrumb","itemListElement":[{"@type":"ListItem","position":1,"name":"Home","item":"https:\/\/www.manaus.am.gov.br\/implurb\/"},{"@type":"ListItem","position":2,"name":"Projetos de interesse social crescem 471% na prefeitura para residencial unifamiliar no Implurb"}]},{"@type":"WebSite","@id":"https:\/\/www.manaus.am.gov.br\/implurb\/#website","url":"https:\/\/www.manaus.am.gov.br\/implurb\/","name":"IMPLURB","description":"Prefeitura de Manaus","potentialAction":[{"@type":"SearchAction","target":{"@type":"EntryPoint","urlTemplate":"https:\/\/www.manaus.am.gov.br\/implurb\/?s={search_term_string}"},"query-input":"required name=search_term_string"}],"inLanguage":"pt-BR"},{"@type":"Person","@id":"https:\/\/www.manaus.am.gov.br\/implurb\/#\/schema\/person\/79525a47ac5902f50493820d995728ee","name":"Imarketing Digital","image":{"@type":"ImageObject","inLanguage":"pt-BR","@id":"https:\/\/www.manaus.am.gov.br\/implurb\/#\/schema\/person\/image\/","url":"https:\/\/secure.gravatar.com\/avatar\/03432d3c57b756ed9760f7019c815a3a?s=96&d=mm&r=g","contentUrl":"https:\/\/secure.gravatar.com\/avatar\/03432d3c57b756ed9760f7019c815a3a?s=96&d=mm&r=g","caption":"Imarketing Digital"}}]}},"_links":{"self":[{"href":"https:\/\/www.manaus.am.gov.br\/implurb\/wp-json\/wp\/v2\/posts\/2763"}],"collection":[{"href":"https:\/\/www.manaus.am.gov.br\/implurb\/wp-json\/wp\/v2\/posts"}],"about":[{"href":"https:\/\/www.manaus.am.gov.br\/implurb\/wp-json\/wp\/v2\/types\/post"}],"author":[{"embeddable":true,"href":"https:\/\/www.manaus.am.gov.br\/implurb\/wp-json\/wp\/v2\/users\/27"}],"replies":[{"embeddable":true,"href":"https:\/\/www.manaus.am.gov.br\/implurb\/wp-json\/wp\/v2\/comments?post=2763"}],"version-history":[{"count":0,"href":"https:\/\/www.manaus.am.gov.br\/implurb\/wp-json\/wp\/v2\/posts\/2763\/revisions"}],"wp:featuredmedia":[{"embeddable":true,"href":"https:\/\/www.manaus.am.gov.br\/implurb\/wp-json\/wp\/v2\/media\/2764"}],"wp:attachment":[{"href":"https:\/\/www.manaus.am.gov.br\/implurb\/wp-json\/wp\/v2\/media?parent=2763"}],"wp:term":[{"taxonomy":"category","embeddable":true,"href":"https:\/\/www.manaus.am.gov.br\/implurb\/wp-json\/wp\/v2\/categories?post=2763"},{"taxonomy":"post_tag","embeddable":true,"href":"https:\/\/www.manaus.am.gov.br\/implurb\/wp-json\/wp\/v2\/tags?post=2763"}],"curies":[{"name":"wp","href":"https:\/\/api.w.org\/{rel}","templated":true}]}}