{"id":2604,"date":"2023-10-24T23:25:02","date_gmt":"2023-10-25T03:25:02","guid":{"rendered":"https:\/\/www.manaus.am.gov.br\/implurb\/prefeito-david-almeida-comemora-aniversario-de-manaus-com-entrega-da-primeira-etapa-do-parque-linear-amazonino-mendes\/"},"modified":"2023-11-24T16:30:23","modified_gmt":"2023-11-24T20:30:23","slug":"prefeito-david-almeida-comemora-aniversario-de-manaus-com-entrega-da-primeira-etapa-do-parque-linear-amazonino-mendes","status":"publish","type":"post","link":"https:\/\/www.manaus.am.gov.br\/implurb\/prefeito-david-almeida-comemora-aniversario-de-manaus-com-entrega-da-primeira-etapa-do-parque-linear-amazonino-mendes\/","title":{"rendered":"Prefeito David Almeida comemora anivers\u00e1rio de Manaus com entrega da primeira etapa do parque linear Amazonino Mendes"},"content":{"rendered":"\n<p>Como parte das a\u00e7\u00f5es em homenagem aos 354 anos de Manaus, nesta ter\u00e7a-feira, 24\/10, o prefeito David Almeida entregou a primeira etapa do parque linear Amazonino Mendes, localizado entre as avenidas Isa\u00edas Vieiralves e Ol\u00edvia de Menezes Vieiralves, na divisa entre as zonas Leste e Norte, revitalizando uma \u00e1rea antes sem uso e degradada.<\/p>\n\n\n\n<p>O parque, resultado de um conv\u00eanio firmado entre Prefeitura de Manaus e governo do Estado, ganhou \u00e1reas de viv\u00eancia, faixa com pista de caminhada, faixa verde para a arboriza\u00e7\u00e3o e ciclovia, quiosques, um in\u00e9dito play pet e mobili\u00e1rios. Segundo o prefeito, a obra \u00e9 um presente para a capital, e confirma o compromisso da gest\u00e3o com o desenvolvimento da cidade.<\/p>\n\n\n\n<figure class=\"wp-block-image size-large\"><img decoding=\"async\" src=\"https:\/\/www.manaus.am.gov.br\/implurb\/wp-content\/uploads\/sites\/13\/2023\/10\/WhatsApp-Image-2023-10-24-at-22.24.36-1024x576.jpeg\" alt=\"\" class=\"wp-image-2607\" \/><\/figure>\n\n\n\n<p>\u201cHoje \u00e9 anivers\u00e1rio da cidade de Manaus e do bairro Mutir\u00e3o. Eu gostaria de dizer muito obrigado ao governo pelos investimentos. Este parque \u00e9 de voc\u00eas, vamos continuar investindo na qualidade de vida da popula\u00e7\u00e3o manauara. \u00c9 uma honra homenagear um dos maiores pol\u00edticos que a cidade j\u00e1 teve. N\u00f3s vamos mudar o eixo tur\u00edstico de Manaus, que \u00e9 muito voltado ao Centro e Ponta Negra. Essa parceria continua para o bem da cidade de Manaus\u201d, garantiu Almeida.<\/p>\n\n\n\n<p>A etapa inaugurada tem cerca de um quil\u00f4metro de extens\u00e3o, incluindo tamb\u00e9m academia ao ar livre e espa\u00e7o multiuso. O parque linear est\u00e1 no entorno da \u00e1rea do Programa de Recupera\u00e7\u00e3o Ambiental e Requalifica\u00e7\u00e3o Social e Urban\u00edstica do Igarap\u00e9 do Mindu (Promindu).<\/p>\n\n\n\n<figure class=\"wp-block-image size-full\"><img loading=\"lazy\" decoding=\"async\" width=\"799\" height=\"533\" src=\"https:\/\/www.manaus.am.gov.br\/implurb\/wp-content\/uploads\/sites\/13\/2023\/10\/53283609866_ede25cc8a7_c.jpg\" alt=\"\" class=\"wp-image-2608\" srcset=\"https:\/\/www.manaus.am.gov.br\/implurb\/wp-content\/uploads\/sites\/13\/2023\/10\/53283609866_ede25cc8a7_c.jpg 799w, https:\/\/www.manaus.am.gov.br\/implurb\/wp-content\/uploads\/sites\/13\/2023\/10\/53283609866_ede25cc8a7_c-300x200.jpg 300w, https:\/\/www.manaus.am.gov.br\/implurb\/wp-content\/uploads\/sites\/13\/2023\/10\/53283609866_ede25cc8a7_c-768x512.jpg 768w\" sizes=\"(max-width: 799px) 100vw, 799px\" \/><\/figure>\n\n\n\n<p>Planejado para ser um espa\u00e7o multigeracional e atender todas as faixas et\u00e1rias e grupos de popula\u00e7\u00e3o, como Pessoas com Defici\u00eancia (PcDs) e com mobilidade reduzida, o local vai receber tamb\u00e9m diversas atividades, desde esportivas, como a zumba, quanto culturais, com apresenta\u00e7\u00e3o de artistas.<\/p>\n\n\n\n<p>O novo complexo segue com outras duas etapas em constru\u00e7\u00e3o, uma com um conjunto habitacional para 180 unidades e um Centro de Atendimento Psicossocial (Caps); e outra com estrutura urbana c\u00eanica amaz\u00f4nica, interativa e l\u00fadica, com brinquedos em grande escala, que v\u00e3o entreter de crian\u00e7as a adultos, incluindo \u00e1reas molhadas.<\/p>\n\n\n\n<p><strong>Celebra\u00e7\u00e3o<\/strong><\/p>\n\n\n\n<p>A entrega foi marcada por uma grande celebra\u00e7\u00e3o, que contou com doa\u00e7\u00f5es de alimentos n\u00e3o perec\u00edveis para refor\u00e7ar a ajuda humanit\u00e1ria que a administra\u00e7\u00e3o municipal tem realizado, al\u00e9m de apresenta\u00e7\u00f5es de artistas locais, e dos artistas nacionais Joelma e Tierry.<\/p>\n\n\n\n<figure class=\"wp-block-image size-large\"><img decoding=\"async\" src=\"https:\/\/www.manaus.am.gov.br\/implurb\/wp-content\/uploads\/sites\/13\/2023\/10\/WhatsApp-Image-2023-10-24-at-23.12.35-1024x683.jpeg\" alt=\"\" class=\"wp-image-2605\" \/><\/figure>\n\n\n\n<p>\u201cA Joelma acabou de aceitar o convite para ser uma das nossas atra\u00e7\u00f5es no R\u00e9veillon de Manaus. Hoje, voc\u00eas est\u00e3o vendo aqui o resultado de um evento solid\u00e1rio, uma multid\u00e3o de pessoas que est\u00e3o apreciando a arte e a cultura, mas tamb\u00e9m doando itens para nossos irm\u00e3os que est\u00e3o sofrendo com a maior estiagem da hist\u00f3ria do nosso estado. Todos estamos fazendo nossa parte\u201d, garantiu David Almeida.<\/p>\n\n\n\n<p>&#8212; &#8212; &#8212;<\/p>\n\n\n\n<p><strong>Texto<\/strong> \u2013 La\u00eds Fernandes \/ Semcom<\/p>\n\n\n\n<p><strong>Fotos<\/strong> \u2013 Jo\u00e3o Viana e Cl\u00f3vis Miranda \/ Semcom, Chamel Flores \/ A\u00e9rea,<\/p>\n\n\n\n<p>Dispon\u00edveis em &#8211; <a href=\"https:\/\/flic.kr\/s\/aHBqjAZSk7\">https:\/\/flic.kr\/s\/aHBqjAZSk7<\/a><\/p>\n","protected":false},"excerpt":{"rendered":"","protected":false},"author":31,"featured_media":2606,"comment_status":"closed","ping_status":"closed","sticky":false,"template":"","format":"standard","meta":{"footnotes":""},"categories":[642],"tags":[614,643,47],"acf":[],"yoast_head":"<!-- This site is optimized with the Yoast SEO plugin v23.0 - https:\/\/yoast.com\/wordpress\/plugins\/seo\/ -->\n<title>Prefeito David Almeida comemora anivers\u00e1rio de Manaus com entrega da primeira etapa do parque linear Amazonino Mendes - IMPLURB<\/title>\n<meta name=\"robots\" content=\"noindex, follow\" \/>\n<meta property=\"og:locale\" content=\"pt_BR\" \/>\n<meta property=\"og:type\" content=\"article\" \/>\n<meta property=\"og:title\" content=\"Prefeito David Almeida comemora anivers\u00e1rio de Manaus com entrega da primeira etapa do parque linear Amazonino Mendes - IMPLURB\" \/>\n<meta property=\"og:url\" content=\"https:\/\/www.manaus.am.gov.br\/implurb\/prefeito-david-almeida-comemora-aniversario-de-manaus-com-entrega-da-primeira-etapa-do-parque-linear-amazonino-mendes\/\" \/>\n<meta property=\"og:site_name\" content=\"IMPLURB\" \/>\n<meta property=\"article:published_time\" content=\"2023-10-25T03:25:02+00:00\" \/>\n<meta property=\"article:modified_time\" content=\"2023-11-24T20:30:23+00:00\" \/>\n<meta property=\"og:image\" content=\"https:\/\/www.manaus.am.gov.br\/implurb\/wp-content\/uploads\/sites\/13\/2023\/10\/WhatsApp-Image-2023-10-24-at-23.08.40.jpeg\" \/>\n\t<meta property=\"og:image:width\" content=\"4160\" \/>\n\t<meta property=\"og:image:height\" content=\"2773\" \/>\n\t<meta property=\"og:image:type\" content=\"image\/jpeg\" \/>\n<meta name=\"author\" content=\"Renata Felix\" \/>\n<meta name=\"twitter:card\" content=\"summary_large_image\" \/>\n<meta name=\"twitter:label1\" content=\"Written by\" \/>\n\t<meta name=\"twitter:data1\" content=\"Renata Felix\" \/>\n\t<meta name=\"twitter:label2\" content=\"Est. reading time\" \/>\n\t<meta name=\"twitter:data2\" content=\"4 minutos\" \/>\n<script type=\"application\/ld+json\" class=\"yoast-schema-graph\">{\"@context\":\"https:\/\/schema.org\",\"@graph\":[{\"@type\":\"WebPage\",\"@id\":\"https:\/\/www.manaus.am.gov.br\/implurb\/prefeito-david-almeida-comemora-aniversario-de-manaus-com-entrega-da-primeira-etapa-do-parque-linear-amazonino-mendes\/\",\"url\":\"https:\/\/www.manaus.am.gov.br\/implurb\/prefeito-david-almeida-comemora-aniversario-de-manaus-com-entrega-da-primeira-etapa-do-parque-linear-amazonino-mendes\/\",\"name\":\"Prefeito David Almeida comemora anivers\u00e1rio de Manaus com entrega da primeira etapa do parque linear Amazonino Mendes - IMPLURB\",\"isPartOf\":{\"@id\":\"https:\/\/www.manaus.am.gov.br\/implurb\/#website\"},\"primaryImageOfPage\":{\"@id\":\"https:\/\/www.manaus.am.gov.br\/implurb\/prefeito-david-almeida-comemora-aniversario-de-manaus-com-entrega-da-primeira-etapa-do-parque-linear-amazonino-mendes\/#primaryimage\"},\"image\":{\"@id\":\"https:\/\/www.manaus.am.gov.br\/implurb\/prefeito-david-almeida-comemora-aniversario-de-manaus-com-entrega-da-primeira-etapa-do-parque-linear-amazonino-mendes\/#primaryimage\"},\"thumbnailUrl\":\"https:\/\/www.manaus.am.gov.br\/implurb\/wp-content\/uploads\/sites\/13\/2023\/10\/WhatsApp-Image-2023-10-24-at-23.08.40.jpeg\",\"datePublished\":\"2023-10-25T03:25:02+00:00\",\"dateModified\":\"2023-11-24T20:30:23+00:00\",\"author\":{\"@id\":\"https:\/\/www.manaus.am.gov.br\/implurb\/#\/schema\/person\/4eea2a8f78dc853097abb026f728aa06\"},\"breadcrumb\":{\"@id\":\"https:\/\/www.manaus.am.gov.br\/implurb\/prefeito-david-almeida-comemora-aniversario-de-manaus-com-entrega-da-primeira-etapa-do-parque-linear-amazonino-mendes\/#breadcrumb\"},\"inLanguage\":\"pt-BR\",\"potentialAction\":[{\"@type\":\"ReadAction\",\"target\":[\"https:\/\/www.manaus.am.gov.br\/implurb\/prefeito-david-almeida-comemora-aniversario-de-manaus-com-entrega-da-primeira-etapa-do-parque-linear-amazonino-mendes\/\"]}]},{\"@type\":\"ImageObject\",\"inLanguage\":\"pt-BR\",\"@id\":\"https:\/\/www.manaus.am.gov.br\/implurb\/prefeito-david-almeida-comemora-aniversario-de-manaus-com-entrega-da-primeira-etapa-do-parque-linear-amazonino-mendes\/#primaryimage\",\"url\":\"https:\/\/www.manaus.am.gov.br\/implurb\/wp-content\/uploads\/sites\/13\/2023\/10\/WhatsApp-Image-2023-10-24-at-23.08.40.jpeg\",\"contentUrl\":\"https:\/\/www.manaus.am.gov.br\/implurb\/wp-content\/uploads\/sites\/13\/2023\/10\/WhatsApp-Image-2023-10-24-at-23.08.40.jpeg\",\"width\":4160,\"height\":2773},{\"@type\":\"BreadcrumbList\",\"@id\":\"https:\/\/www.manaus.am.gov.br\/implurb\/prefeito-david-almeida-comemora-aniversario-de-manaus-com-entrega-da-primeira-etapa-do-parque-linear-amazonino-mendes\/#breadcrumb\",\"itemListElement\":[{\"@type\":\"ListItem\",\"position\":1,\"name\":\"Home\",\"item\":\"https:\/\/www.manaus.am.gov.br\/implurb\/\"},{\"@type\":\"ListItem\",\"position\":2,\"name\":\"Prefeito David Almeida comemora anivers\u00e1rio de Manaus com entrega da primeira etapa do parque linear Amazonino Mendes\"}]},{\"@type\":\"WebSite\",\"@id\":\"https:\/\/www.manaus.am.gov.br\/implurb\/#website\",\"url\":\"https:\/\/www.manaus.am.gov.br\/implurb\/\",\"name\":\"IMPLURB\",\"description\":\"Prefeitura de Manaus\",\"potentialAction\":[{\"@type\":\"SearchAction\",\"target\":{\"@type\":\"EntryPoint\",\"urlTemplate\":\"https:\/\/www.manaus.am.gov.br\/implurb\/?s={search_term_string}\"},\"query-input\":\"required name=search_term_string\"}],\"inLanguage\":\"pt-BR\"},{\"@type\":\"Person\",\"@id\":\"https:\/\/www.manaus.am.gov.br\/implurb\/#\/schema\/person\/4eea2a8f78dc853097abb026f728aa06\",\"name\":\"Renata Felix\",\"image\":{\"@type\":\"ImageObject\",\"inLanguage\":\"pt-BR\",\"@id\":\"https:\/\/www.manaus.am.gov.br\/implurb\/#\/schema\/person\/image\/\",\"url\":\"https:\/\/secure.gravatar.com\/avatar\/3c196cf9d3b837b24c8edb2c50fd8f29?s=96&d=mm&r=g\",\"contentUrl\":\"https:\/\/secure.gravatar.com\/avatar\/3c196cf9d3b837b24c8edb2c50fd8f29?s=96&d=mm&r=g\",\"caption\":\"Renata Felix\"}}]}<\/script>\n<!-- \/ Yoast SEO plugin. -->","yoast_head_json":{"title":"Prefeito David Almeida comemora anivers\u00e1rio de Manaus com entrega da primeira etapa do parque linear Amazonino Mendes - IMPLURB","robots":{"index":"noindex","follow":"follow"},"og_locale":"pt_BR","og_type":"article","og_title":"Prefeito David Almeida comemora anivers\u00e1rio de Manaus com entrega da primeira etapa do parque linear Amazonino Mendes - IMPLURB","og_url":"https:\/\/www.manaus.am.gov.br\/implurb\/prefeito-david-almeida-comemora-aniversario-de-manaus-com-entrega-da-primeira-etapa-do-parque-linear-amazonino-mendes\/","og_site_name":"IMPLURB","article_published_time":"2023-10-25T03:25:02+00:00","article_modified_time":"2023-11-24T20:30:23+00:00","og_image":[{"width":4160,"height":2773,"url":"https:\/\/www.manaus.am.gov.br\/implurb\/wp-content\/uploads\/sites\/13\/2023\/10\/WhatsApp-Image-2023-10-24-at-23.08.40.jpeg","type":"image\/jpeg"}],"author":"Renata Felix","twitter_card":"summary_large_image","twitter_misc":{"Written by":"Renata Felix","Est. reading time":"4 minutos"},"schema":{"@context":"https:\/\/schema.org","@graph":[{"@type":"WebPage","@id":"https:\/\/www.manaus.am.gov.br\/implurb\/prefeito-david-almeida-comemora-aniversario-de-manaus-com-entrega-da-primeira-etapa-do-parque-linear-amazonino-mendes\/","url":"https:\/\/www.manaus.am.gov.br\/implurb\/prefeito-david-almeida-comemora-aniversario-de-manaus-com-entrega-da-primeira-etapa-do-parque-linear-amazonino-mendes\/","name":"Prefeito David Almeida comemora anivers\u00e1rio de Manaus com entrega da primeira etapa do parque linear Amazonino Mendes - IMPLURB","isPartOf":{"@id":"https:\/\/www.manaus.am.gov.br\/implurb\/#website"},"primaryImageOfPage":{"@id":"https:\/\/www.manaus.am.gov.br\/implurb\/prefeito-david-almeida-comemora-aniversario-de-manaus-com-entrega-da-primeira-etapa-do-parque-linear-amazonino-mendes\/#primaryimage"},"image":{"@id":"https:\/\/www.manaus.am.gov.br\/implurb\/prefeito-david-almeida-comemora-aniversario-de-manaus-com-entrega-da-primeira-etapa-do-parque-linear-amazonino-mendes\/#primaryimage"},"thumbnailUrl":"https:\/\/www.manaus.am.gov.br\/implurb\/wp-content\/uploads\/sites\/13\/2023\/10\/WhatsApp-Image-2023-10-24-at-23.08.40.jpeg","datePublished":"2023-10-25T03:25:02+00:00","dateModified":"2023-11-24T20:30:23+00:00","author":{"@id":"https:\/\/www.manaus.am.gov.br\/implurb\/#\/schema\/person\/4eea2a8f78dc853097abb026f728aa06"},"breadcrumb":{"@id":"https:\/\/www.manaus.am.gov.br\/implurb\/prefeito-david-almeida-comemora-aniversario-de-manaus-com-entrega-da-primeira-etapa-do-parque-linear-amazonino-mendes\/#breadcrumb"},"inLanguage":"pt-BR","potentialAction":[{"@type":"ReadAction","target":["https:\/\/www.manaus.am.gov.br\/implurb\/prefeito-david-almeida-comemora-aniversario-de-manaus-com-entrega-da-primeira-etapa-do-parque-linear-amazonino-mendes\/"]}]},{"@type":"ImageObject","inLanguage":"pt-BR","@id":"https:\/\/www.manaus.am.gov.br\/implurb\/prefeito-david-almeida-comemora-aniversario-de-manaus-com-entrega-da-primeira-etapa-do-parque-linear-amazonino-mendes\/#primaryimage","url":"https:\/\/www.manaus.am.gov.br\/implurb\/wp-content\/uploads\/sites\/13\/2023\/10\/WhatsApp-Image-2023-10-24-at-23.08.40.jpeg","contentUrl":"https:\/\/www.manaus.am.gov.br\/implurb\/wp-content\/uploads\/sites\/13\/2023\/10\/WhatsApp-Image-2023-10-24-at-23.08.40.jpeg","width":4160,"height":2773},{"@type":"BreadcrumbList","@id":"https:\/\/www.manaus.am.gov.br\/implurb\/prefeito-david-almeida-comemora-aniversario-de-manaus-com-entrega-da-primeira-etapa-do-parque-linear-amazonino-mendes\/#breadcrumb","itemListElement":[{"@type":"ListItem","position":1,"name":"Home","item":"https:\/\/www.manaus.am.gov.br\/implurb\/"},{"@type":"ListItem","position":2,"name":"Prefeito David Almeida comemora anivers\u00e1rio de Manaus com entrega da primeira etapa do parque linear Amazonino Mendes"}]},{"@type":"WebSite","@id":"https:\/\/www.manaus.am.gov.br\/implurb\/#website","url":"https:\/\/www.manaus.am.gov.br\/implurb\/","name":"IMPLURB","description":"Prefeitura de Manaus","potentialAction":[{"@type":"SearchAction","target":{"@type":"EntryPoint","urlTemplate":"https:\/\/www.manaus.am.gov.br\/implurb\/?s={search_term_string}"},"query-input":"required name=search_term_string"}],"inLanguage":"pt-BR"},{"@type":"Person","@id":"https:\/\/www.manaus.am.gov.br\/implurb\/#\/schema\/person\/4eea2a8f78dc853097abb026f728aa06","name":"Renata Felix","image":{"@type":"ImageObject","inLanguage":"pt-BR","@id":"https:\/\/www.manaus.am.gov.br\/implurb\/#\/schema\/person\/image\/","url":"https:\/\/secure.gravatar.com\/avatar\/3c196cf9d3b837b24c8edb2c50fd8f29?s=96&d=mm&r=g","contentUrl":"https:\/\/secure.gravatar.com\/avatar\/3c196cf9d3b837b24c8edb2c50fd8f29?s=96&d=mm&r=g","caption":"Renata Felix"}}]}},"_links":{"self":[{"href":"https:\/\/www.manaus.am.gov.br\/implurb\/wp-json\/wp\/v2\/posts\/2604"}],"collection":[{"href":"https:\/\/www.manaus.am.gov.br\/implurb\/wp-json\/wp\/v2\/posts"}],"about":[{"href":"https:\/\/www.manaus.am.gov.br\/implurb\/wp-json\/wp\/v2\/types\/post"}],"author":[{"embeddable":true,"href":"https:\/\/www.manaus.am.gov.br\/implurb\/wp-json\/wp\/v2\/users\/31"}],"replies":[{"embeddable":true,"href":"https:\/\/www.manaus.am.gov.br\/implurb\/wp-json\/wp\/v2\/comments?post=2604"}],"version-history":[{"count":2,"href":"https:\/\/www.manaus.am.gov.br\/implurb\/wp-json\/wp\/v2\/posts\/2604\/revisions"}],"predecessor-version":[{"id":2832,"href":"https:\/\/www.manaus.am.gov.br\/implurb\/wp-json\/wp\/v2\/posts\/2604\/revisions\/2832"}],"wp:featuredmedia":[{"embeddable":true,"href":"https:\/\/www.manaus.am.gov.br\/implurb\/wp-json\/wp\/v2\/media\/2606"}],"wp:attachment":[{"href":"https:\/\/www.manaus.am.gov.br\/implurb\/wp-json\/wp\/v2\/media?parent=2604"}],"wp:term":[{"taxonomy":"category","embeddable":true,"href":"https:\/\/www.manaus.am.gov.br\/implurb\/wp-json\/wp\/v2\/categories?post=2604"},{"taxonomy":"post_tag","embeddable":true,"href":"https:\/\/www.manaus.am.gov.br\/implurb\/wp-json\/wp\/v2\/tags?post=2604"}],"curies":[{"name":"wp","href":"https:\/\/api.w.org\/{rel}","templated":true}]}}