{"id":2589,"date":"2023-10-18T11:07:24","date_gmt":"2023-10-18T15:07:24","guid":{"rendered":"https:\/\/www.manaus.am.gov.br\/implurb\/prefeitura-de-manaus-participa-de-encontro-da-rede-brasileira-de-institutos-de-planejamento-em-londrina\/"},"modified":"2023-11-24T16:31:58","modified_gmt":"2023-11-24T20:31:58","slug":"prefeitura-de-manaus-participa-de-encontro-da-rede-brasileira-de-institutos-de-planejamento-em-londrina","status":"publish","type":"post","link":"https:\/\/www.manaus.am.gov.br\/implurb\/prefeitura-de-manaus-participa-de-encontro-da-rede-brasileira-de-institutos-de-planejamento-em-londrina\/","title":{"rendered":"Prefeitura de Manaus participa de \u2018Encontro da Rede Brasileira de Institutos de Planejamento\u2019, em Londrina"},"content":{"rendered":"\n<p>A Prefeitura de Manaus, via Instituto Municipal de Planejamento Urbano (Implurb), participa do 6\u00ba Encontro da Rede Brasileira de Institutos de Planejamento (<a href=\"https:\/\/www.redus.org.br\/iniciativas\/rede-nacional-de-institutos-de-planejamento\" target=\"_blank\" rel=\"noreferrer noopener\">InRede<\/a>), que ser\u00e1 realizado nos dias 26 e 27 de outubro, na cidade de Londrina (PR), a convite da Prefeitura Municipal de Londrina, por meio do Instituto de Pesquisa e Planejamento Urbano de Londrina (IPPUL).<\/p>\n\n\n\n<p>O encontro conta o apoio institucional do Programa das Na\u00e7\u00f5es Unidas para os Assentamentos Humanos (ONU-Habitat) e da Deutsche Gesellschaft f\u00fcr Internationale Zusammenarbeit GmbH (GIZ), Ag\u00eancia Alem\u00e3 de Coopera\u00e7\u00e3o Internacional, com o projeto Cidade Presente (DUS) e da plataforma ReDUS (Rede para o Desenvolvimento Urbano Sustent\u00e1vel).<\/p>\n\n\n\n<p>O evento d\u00e1 sequ\u00eancia aos trabalhos da InRede, iniciados, em maio, com os representantes de munic\u00edpios de todas as regi\u00f5es do Brasil, com foco no desenvolvimento e planejamento urbano integrados e sustent\u00e1veis, buscando fortalecer os membros e alinhar objetivos da Agenda 2030, da ONU.<\/p>\n\n\n\n<p>O Implurb, de Manaus, foi eleito para a vice-presid\u00eancia do grupo de institutos. Para o diretor-presidente do Implurb, engenheiro Carlos Valente, o encontro tem como meta ampliar as a\u00e7\u00f5es de integra\u00e7\u00e3o e coopera\u00e7\u00e3o entre as entidades de planejamento e cidades. \u201cEsse trabalho vai permitir que tenhamos mais projetos e programas em colabora\u00e7\u00e3o para aumentar o patamar da representatividade de planejamento urbano em todo o Brasil\u201d, completou.<\/p>\n\n\n\n<p>O IPPUL est\u00e1 comemorando 30 anos e, dentro do encontro, vai promover, ainda, o workshop \u201cReabilita\u00e7\u00e3o de \u00e1reas centrais\u201d, no dia 26.<\/p>\n\n\n\n<p><strong>Parcerias<\/strong><\/p>\n\n\n\n<p>O fortalecimento de estrat\u00e9gias em prol do desenvolvimento inclusivo e sustent\u00e1vel \u00e9 uma das principais frentes de atua\u00e7\u00e3o da InRede, que conta com parceiros estrat\u00e9gicos para auxiliar a fomentar a localiza\u00e7\u00e3o das agendas globais em n\u00edvel municipal. Desde o primeiro encontro da iniciativa, o ONU-Habitat e a GIZ est\u00e3o nesta miss\u00e3o.<\/p>\n\n\n\n<p>&#8212; &#8212; &#8212;<\/p>\n\n\n\n<p><strong>Texto &#8211;&nbsp;<\/strong>Claudia do Valle\/Implurb<\/p>\n\n\n\n<p><strong>Fotos<\/strong>&nbsp;\u2013 Divulga\u00e7\u00e3o\/Implurb<\/p>\n","protected":false},"excerpt":{"rendered":"","protected":false},"author":23,"featured_media":2590,"comment_status":"closed","ping_status":"closed","sticky":false,"template":"","format":"standard","meta":{"footnotes":""},"categories":[634],"tags":[303,11,635,15],"acf":[],"yoast_head":"<!-- This site is optimized with the Yoast SEO plugin v23.0 - https:\/\/yoast.com\/wordpress\/plugins\/seo\/ -->\n<title>Prefeitura de Manaus participa de \u2018Encontro da Rede Brasileira de Institutos de Planejamento\u2019, em Londrina<\/title>\n<meta name=\"description\" content=\"A Prefeitura de Manaus, via Instituto Municipal de Planejamento Urbano (Implurb), participa do 6\u00ba Encontro da Rede Brasileira de Institutos de Planejamento (InRede), que ser\u00e1 realizado nos dias 26 e 27 de outubro, na cidade de Londrina (PR), a convite da Prefeitura Municipal de Londrina, por meio do Instituto de Pesquisa e Planejamento Urbano de Londrina (IPPUL).\" \/>\n<meta name=\"robots\" content=\"noindex, follow\" \/>\n<meta property=\"og:locale\" content=\"pt_BR\" \/>\n<meta property=\"og:type\" content=\"article\" \/>\n<meta property=\"og:title\" content=\"Prefeitura de Manaus participa de \u2018Encontro da Rede Brasileira de Institutos de Planejamento\u2019, em Londrina\" \/>\n<meta property=\"og:description\" content=\"A Prefeitura de Manaus, via Instituto Municipal de Planejamento Urbano (Implurb), participa do 6\u00ba Encontro da Rede Brasileira de Institutos de Planejamento (InRede), que ser\u00e1 realizado nos dias 26 e 27 de outubro, na cidade de Londrina (PR), a convite da Prefeitura Municipal de Londrina, por meio do Instituto de Pesquisa e Planejamento Urbano de Londrina (IPPUL).\" \/>\n<meta property=\"og:url\" content=\"https:\/\/www.manaus.am.gov.br\/implurb\/prefeitura-de-manaus-participa-de-encontro-da-rede-brasileira-de-institutos-de-planejamento-em-londrina\/\" \/>\n<meta property=\"og:site_name\" content=\"IMPLURB\" \/>\n<meta property=\"article:published_time\" content=\"2023-10-18T15:07:24+00:00\" \/>\n<meta property=\"article:modified_time\" content=\"2023-11-24T20:31:58+00:00\" \/>\n<meta property=\"og:image\" content=\"https:\/\/www.manaus.am.gov.br\/implurb\/wp-content\/uploads\/sites\/13\/2023\/10\/inrede.jpeg\" \/>\n\t<meta property=\"og:image:width\" content=\"1600\" \/>\n\t<meta property=\"og:image:height\" content=\"1066\" \/>\n\t<meta property=\"og:image:type\" content=\"image\/jpeg\" \/>\n<meta name=\"author\" content=\"Adriana Costa\" \/>\n<meta name=\"twitter:card\" content=\"summary_large_image\" \/>\n<meta name=\"twitter:label1\" content=\"Written by\" \/>\n\t<meta name=\"twitter:data1\" content=\"Adriana Costa\" \/>\n\t<meta name=\"twitter:label2\" content=\"Est. reading time\" \/>\n\t<meta name=\"twitter:data2\" content=\"2 minutos\" \/>\n<script type=\"application\/ld+json\" class=\"yoast-schema-graph\">{\"@context\":\"https:\/\/schema.org\",\"@graph\":[{\"@type\":\"WebPage\",\"@id\":\"https:\/\/www.manaus.am.gov.br\/implurb\/prefeitura-de-manaus-participa-de-encontro-da-rede-brasileira-de-institutos-de-planejamento-em-londrina\/\",\"url\":\"https:\/\/www.manaus.am.gov.br\/implurb\/prefeitura-de-manaus-participa-de-encontro-da-rede-brasileira-de-institutos-de-planejamento-em-londrina\/\",\"name\":\"Prefeitura de Manaus participa de \u2018Encontro da Rede Brasileira de Institutos de Planejamento\u2019, em Londrina\",\"isPartOf\":{\"@id\":\"https:\/\/www.manaus.am.gov.br\/implurb\/#website\"},\"primaryImageOfPage\":{\"@id\":\"https:\/\/www.manaus.am.gov.br\/implurb\/prefeitura-de-manaus-participa-de-encontro-da-rede-brasileira-de-institutos-de-planejamento-em-londrina\/#primaryimage\"},\"image\":{\"@id\":\"https:\/\/www.manaus.am.gov.br\/implurb\/prefeitura-de-manaus-participa-de-encontro-da-rede-brasileira-de-institutos-de-planejamento-em-londrina\/#primaryimage\"},\"thumbnailUrl\":\"https:\/\/www.manaus.am.gov.br\/implurb\/wp-content\/uploads\/sites\/13\/2023\/10\/inrede.jpeg\",\"datePublished\":\"2023-10-18T15:07:24+00:00\",\"dateModified\":\"2023-11-24T20:31:58+00:00\",\"author\":{\"@id\":\"https:\/\/www.manaus.am.gov.br\/implurb\/#\/schema\/person\/4e49f4e267757a06ca072ec61b2b9968\"},\"description\":\"A Prefeitura de Manaus, via Instituto Municipal de Planejamento Urbano (Implurb), participa do 6\u00ba Encontro da Rede Brasileira de Institutos de Planejamento (InRede), que ser\u00e1 realizado nos dias 26 e 27 de outubro, na cidade de Londrina (PR), a convite da Prefeitura Municipal de Londrina, por meio do Instituto de Pesquisa e Planejamento Urbano de Londrina (IPPUL).\",\"breadcrumb\":{\"@id\":\"https:\/\/www.manaus.am.gov.br\/implurb\/prefeitura-de-manaus-participa-de-encontro-da-rede-brasileira-de-institutos-de-planejamento-em-londrina\/#breadcrumb\"},\"inLanguage\":\"pt-BR\",\"potentialAction\":[{\"@type\":\"ReadAction\",\"target\":[\"https:\/\/www.manaus.am.gov.br\/implurb\/prefeitura-de-manaus-participa-de-encontro-da-rede-brasileira-de-institutos-de-planejamento-em-londrina\/\"]}]},{\"@type\":\"ImageObject\",\"inLanguage\":\"pt-BR\",\"@id\":\"https:\/\/www.manaus.am.gov.br\/implurb\/prefeitura-de-manaus-participa-de-encontro-da-rede-brasileira-de-institutos-de-planejamento-em-londrina\/#primaryimage\",\"url\":\"https:\/\/www.manaus.am.gov.br\/implurb\/wp-content\/uploads\/sites\/13\/2023\/10\/inrede.jpeg\",\"contentUrl\":\"https:\/\/www.manaus.am.gov.br\/implurb\/wp-content\/uploads\/sites\/13\/2023\/10\/inrede.jpeg\",\"width\":1600,\"height\":1066},{\"@type\":\"BreadcrumbList\",\"@id\":\"https:\/\/www.manaus.am.gov.br\/implurb\/prefeitura-de-manaus-participa-de-encontro-da-rede-brasileira-de-institutos-de-planejamento-em-londrina\/#breadcrumb\",\"itemListElement\":[{\"@type\":\"ListItem\",\"position\":1,\"name\":\"Home\",\"item\":\"https:\/\/www.manaus.am.gov.br\/implurb\/\"},{\"@type\":\"ListItem\",\"position\":2,\"name\":\"Prefeitura de Manaus participa de \u2018Encontro da Rede Brasileira de Institutos de Planejamento\u2019, em Londrina\"}]},{\"@type\":\"WebSite\",\"@id\":\"https:\/\/www.manaus.am.gov.br\/implurb\/#website\",\"url\":\"https:\/\/www.manaus.am.gov.br\/implurb\/\",\"name\":\"IMPLURB\",\"description\":\"Prefeitura de Manaus\",\"potentialAction\":[{\"@type\":\"SearchAction\",\"target\":{\"@type\":\"EntryPoint\",\"urlTemplate\":\"https:\/\/www.manaus.am.gov.br\/implurb\/?s={search_term_string}\"},\"query-input\":\"required name=search_term_string\"}],\"inLanguage\":\"pt-BR\"},{\"@type\":\"Person\",\"@id\":\"https:\/\/www.manaus.am.gov.br\/implurb\/#\/schema\/person\/4e49f4e267757a06ca072ec61b2b9968\",\"name\":\"Adriana Costa\",\"image\":{\"@type\":\"ImageObject\",\"inLanguage\":\"pt-BR\",\"@id\":\"https:\/\/www.manaus.am.gov.br\/implurb\/#\/schema\/person\/image\/\",\"url\":\"https:\/\/secure.gravatar.com\/avatar\/576258617ef7194f718179e766d57bd4?s=96&d=mm&r=g\",\"contentUrl\":\"https:\/\/secure.gravatar.com\/avatar\/576258617ef7194f718179e766d57bd4?s=96&d=mm&r=g\",\"caption\":\"Adriana Costa\"}}]}<\/script>\n<!-- \/ Yoast SEO plugin. -->","yoast_head_json":{"title":"Prefeitura de Manaus participa de \u2018Encontro da Rede Brasileira de Institutos de Planejamento\u2019, em Londrina","description":"A Prefeitura de Manaus, via Instituto Municipal de Planejamento Urbano (Implurb), participa do 6\u00ba Encontro da Rede Brasileira de Institutos de Planejamento (InRede), que ser\u00e1 realizado nos dias 26 e 27 de outubro, na cidade de Londrina (PR), a convite da Prefeitura Municipal de Londrina, por meio do Instituto de Pesquisa e Planejamento Urbano de Londrina (IPPUL).","robots":{"index":"noindex","follow":"follow"},"og_locale":"pt_BR","og_type":"article","og_title":"Prefeitura de Manaus participa de \u2018Encontro da Rede Brasileira de Institutos de Planejamento\u2019, em Londrina","og_description":"A Prefeitura de Manaus, via Instituto Municipal de Planejamento Urbano (Implurb), participa do 6\u00ba Encontro da Rede Brasileira de Institutos de Planejamento (InRede), que ser\u00e1 realizado nos dias 26 e 27 de outubro, na cidade de Londrina (PR), a convite da Prefeitura Municipal de Londrina, por meio do Instituto de Pesquisa e Planejamento Urbano de Londrina (IPPUL).","og_url":"https:\/\/www.manaus.am.gov.br\/implurb\/prefeitura-de-manaus-participa-de-encontro-da-rede-brasileira-de-institutos-de-planejamento-em-londrina\/","og_site_name":"IMPLURB","article_published_time":"2023-10-18T15:07:24+00:00","article_modified_time":"2023-11-24T20:31:58+00:00","og_image":[{"width":1600,"height":1066,"url":"https:\/\/www.manaus.am.gov.br\/implurb\/wp-content\/uploads\/sites\/13\/2023\/10\/inrede.jpeg","type":"image\/jpeg"}],"author":"Adriana Costa","twitter_card":"summary_large_image","twitter_misc":{"Written by":"Adriana Costa","Est. reading time":"2 minutos"},"schema":{"@context":"https:\/\/schema.org","@graph":[{"@type":"WebPage","@id":"https:\/\/www.manaus.am.gov.br\/implurb\/prefeitura-de-manaus-participa-de-encontro-da-rede-brasileira-de-institutos-de-planejamento-em-londrina\/","url":"https:\/\/www.manaus.am.gov.br\/implurb\/prefeitura-de-manaus-participa-de-encontro-da-rede-brasileira-de-institutos-de-planejamento-em-londrina\/","name":"Prefeitura de Manaus participa de \u2018Encontro da Rede Brasileira de Institutos de Planejamento\u2019, em Londrina","isPartOf":{"@id":"https:\/\/www.manaus.am.gov.br\/implurb\/#website"},"primaryImageOfPage":{"@id":"https:\/\/www.manaus.am.gov.br\/implurb\/prefeitura-de-manaus-participa-de-encontro-da-rede-brasileira-de-institutos-de-planejamento-em-londrina\/#primaryimage"},"image":{"@id":"https:\/\/www.manaus.am.gov.br\/implurb\/prefeitura-de-manaus-participa-de-encontro-da-rede-brasileira-de-institutos-de-planejamento-em-londrina\/#primaryimage"},"thumbnailUrl":"https:\/\/www.manaus.am.gov.br\/implurb\/wp-content\/uploads\/sites\/13\/2023\/10\/inrede.jpeg","datePublished":"2023-10-18T15:07:24+00:00","dateModified":"2023-11-24T20:31:58+00:00","author":{"@id":"https:\/\/www.manaus.am.gov.br\/implurb\/#\/schema\/person\/4e49f4e267757a06ca072ec61b2b9968"},"description":"A Prefeitura de Manaus, via Instituto Municipal de Planejamento Urbano (Implurb), participa do 6\u00ba Encontro da Rede Brasileira de Institutos de Planejamento (InRede), que ser\u00e1 realizado nos dias 26 e 27 de outubro, na cidade de Londrina (PR), a convite da Prefeitura Municipal de Londrina, por meio do Instituto de Pesquisa e Planejamento Urbano de Londrina (IPPUL).","breadcrumb":{"@id":"https:\/\/www.manaus.am.gov.br\/implurb\/prefeitura-de-manaus-participa-de-encontro-da-rede-brasileira-de-institutos-de-planejamento-em-londrina\/#breadcrumb"},"inLanguage":"pt-BR","potentialAction":[{"@type":"ReadAction","target":["https:\/\/www.manaus.am.gov.br\/implurb\/prefeitura-de-manaus-participa-de-encontro-da-rede-brasileira-de-institutos-de-planejamento-em-londrina\/"]}]},{"@type":"ImageObject","inLanguage":"pt-BR","@id":"https:\/\/www.manaus.am.gov.br\/implurb\/prefeitura-de-manaus-participa-de-encontro-da-rede-brasileira-de-institutos-de-planejamento-em-londrina\/#primaryimage","url":"https:\/\/www.manaus.am.gov.br\/implurb\/wp-content\/uploads\/sites\/13\/2023\/10\/inrede.jpeg","contentUrl":"https:\/\/www.manaus.am.gov.br\/implurb\/wp-content\/uploads\/sites\/13\/2023\/10\/inrede.jpeg","width":1600,"height":1066},{"@type":"BreadcrumbList","@id":"https:\/\/www.manaus.am.gov.br\/implurb\/prefeitura-de-manaus-participa-de-encontro-da-rede-brasileira-de-institutos-de-planejamento-em-londrina\/#breadcrumb","itemListElement":[{"@type":"ListItem","position":1,"name":"Home","item":"https:\/\/www.manaus.am.gov.br\/implurb\/"},{"@type":"ListItem","position":2,"name":"Prefeitura de Manaus participa de \u2018Encontro da Rede Brasileira de Institutos de Planejamento\u2019, em Londrina"}]},{"@type":"WebSite","@id":"https:\/\/www.manaus.am.gov.br\/implurb\/#website","url":"https:\/\/www.manaus.am.gov.br\/implurb\/","name":"IMPLURB","description":"Prefeitura de Manaus","potentialAction":[{"@type":"SearchAction","target":{"@type":"EntryPoint","urlTemplate":"https:\/\/www.manaus.am.gov.br\/implurb\/?s={search_term_string}"},"query-input":"required name=search_term_string"}],"inLanguage":"pt-BR"},{"@type":"Person","@id":"https:\/\/www.manaus.am.gov.br\/implurb\/#\/schema\/person\/4e49f4e267757a06ca072ec61b2b9968","name":"Adriana Costa","image":{"@type":"ImageObject","inLanguage":"pt-BR","@id":"https:\/\/www.manaus.am.gov.br\/implurb\/#\/schema\/person\/image\/","url":"https:\/\/secure.gravatar.com\/avatar\/576258617ef7194f718179e766d57bd4?s=96&d=mm&r=g","contentUrl":"https:\/\/secure.gravatar.com\/avatar\/576258617ef7194f718179e766d57bd4?s=96&d=mm&r=g","caption":"Adriana Costa"}}]}},"_links":{"self":[{"href":"https:\/\/www.manaus.am.gov.br\/implurb\/wp-json\/wp\/v2\/posts\/2589"}],"collection":[{"href":"https:\/\/www.manaus.am.gov.br\/implurb\/wp-json\/wp\/v2\/posts"}],"about":[{"href":"https:\/\/www.manaus.am.gov.br\/implurb\/wp-json\/wp\/v2\/types\/post"}],"author":[{"embeddable":true,"href":"https:\/\/www.manaus.am.gov.br\/implurb\/wp-json\/wp\/v2\/users\/23"}],"replies":[{"embeddable":true,"href":"https:\/\/www.manaus.am.gov.br\/implurb\/wp-json\/wp\/v2\/comments?post=2589"}],"version-history":[{"count":1,"href":"https:\/\/www.manaus.am.gov.br\/implurb\/wp-json\/wp\/v2\/posts\/2589\/revisions"}],"predecessor-version":[{"id":2841,"href":"https:\/\/www.manaus.am.gov.br\/implurb\/wp-json\/wp\/v2\/posts\/2589\/revisions\/2841"}],"wp:featuredmedia":[{"embeddable":true,"href":"https:\/\/www.manaus.am.gov.br\/implurb\/wp-json\/wp\/v2\/media\/2590"}],"wp:attachment":[{"href":"https:\/\/www.manaus.am.gov.br\/implurb\/wp-json\/wp\/v2\/media?parent=2589"}],"wp:term":[{"taxonomy":"category","embeddable":true,"href":"https:\/\/www.manaus.am.gov.br\/implurb\/wp-json\/wp\/v2\/categories?post=2589"},{"taxonomy":"post_tag","embeddable":true,"href":"https:\/\/www.manaus.am.gov.br\/implurb\/wp-json\/wp\/v2\/tags?post=2589"}],"curies":[{"name":"wp","href":"https:\/\/api.w.org\/{rel}","templated":true}]}}