{"id":2579,"date":"2023-10-15T17:36:29","date_gmt":"2023-10-15T21:36:29","guid":{"rendered":"https:\/\/www.manaus.am.gov.br\/implurb\/descumprindo-interdicao-grupo-de-banhistas-e-orientado-a-sair-da-praia-da-ponta-negra-na-extrema-vazante-do-rio\/"},"modified":"2023-11-24T16:32:08","modified_gmt":"2023-11-24T20:32:08","slug":"descumprindo-interdicao-grupo-de-banhistas-e-orientado-a-sair-da-praia-da-ponta-negra-na-extrema-vazante-do-rio","status":"publish","type":"post","link":"https:\/\/www.manaus.am.gov.br\/implurb\/descumprindo-interdicao-grupo-de-banhistas-e-orientado-a-sair-da-praia-da-ponta-negra-na-extrema-vazante-do-rio\/","title":{"rendered":"Descumprindo interdi\u00e7\u00e3o, grupo de banhistas \u00e9 orientado a sair da praia da Ponta Negra na extrema vazante do rio"},"content":{"rendered":"\n<p>Mesmo com 30 placas sinalizando a interdi\u00e7\u00e3o da praia da Ponta Negra para banho, em raz\u00e3o de medidas de seguran\u00e7a, e de uma barreira com cerquite para impedir o acesso \u00e0 \u00e1rea para entrada no rio Negro, desde o feriado at\u00e9 este domingo, de 12 a 15\/10, cerca de 30 pessoas foram retiradas da \u00e1gua pela comiss\u00e3o do complexo tur\u00edstico.<\/p>\n\n\n\n<p>A Prefeitura de Manaus refor\u00e7a a interdi\u00e7\u00e3o da praia para o banho, em raz\u00e3o da extrema vazante que atinge o Estado, em 2023. A interdi\u00e7\u00e3o est\u00e1 em vigor desde o dia 2 de outubro. No \u00faltimo dia 13 de outubro, a cota do rio Negro estava na marca de 13,91 metros, apenas 28 cent\u00edmetros de bater o recorde de vazante registrado em 2010.<\/p>\n\n\n\n<p>A retirada dos banhistas, que se colocam em risco n\u00e3o atendendo aos avisos, foi feita com apoio da Guarda Municipal, com a equipe da base Oeste, no aux\u00edlio da orienta\u00e7\u00e3o para a proibi\u00e7\u00e3o de banho no balne\u00e1rio.<\/p>\n\n\n\n<p>Na \u00faltima segunda-feira, 9\/10, a praia recebeu um cerquite para delimitar fisicamente a \u00e1rea de interdi\u00e7\u00e3o para banhistas, com sinaliza\u00e7\u00e3o, tendo 1,20 metro de altura e 1.500 metros de extens\u00e3o. Essa limita\u00e7\u00e3o f\u00edsica \u00e9 para impedir a passagem e conscientizar pessoas que insistem em tomar banho no rio, no trecho interditado.<\/p>\n\n\n\n<p>&#8220;Temos 30 placas informativas, em destaque vermelho, espalhadas pela praia sobre a proibi\u00e7\u00e3o de uso da praia para o banho, em diversos pontos da faixa de areia e nos acessos. E ainda tem a cerca, mas, infelizmente, tem pessoas que insistem em n\u00e3o atender e se colocar em risco, inclusive com crian\u00e7as. Pedimos, novamente, o apoio da popula\u00e7\u00e3o para respeitar a interdi\u00e7\u00e3o at\u00e9 que a cheia do rio se normalize. \u00c9 um tempo de exce\u00e7\u00e3o e a estiagem afeta a todo o Estado&#8221;, explicou o coordenador da comiss\u00e3o, Alberto Maciel.<\/p>\n\n\n\n<p>A decis\u00e3o de interditar a praia para o banho, em raz\u00e3o de seguran\u00e7a e de preven\u00e7\u00e3o contra afogamentos, ocorre devido \u00e0 proximidade entre o fim do aterro perene e o leito natural do rio, que pode apresentar altera\u00e7\u00f5es no terreno, como buracos, desn\u00edveis e depress\u00f5es.<\/p>\n\n\n\n<p>O prefeito David Almeida assinou o decreto 5.697, no dia 2 de outubro, sobre a medida. A interdi\u00e7\u00e3o considera as normas de uso da praia perene, definidas em um Termo de Ajustamento de Conduta (TAC) assinado pela prefeitura junto ao Minist\u00e9rio P\u00fablico do Estado do Amazonas (MP-AM), com \u00f3rg\u00e3os municipais e estaduais signat\u00e1rios do compromisso, incluindo Corpo de Bombeiros do Amazonas (CB-AM) e Pol\u00edcia Militar.<\/p>\n\n\n\n<p>De acordo com a cl\u00e1usula 1, par\u00e1grafo 3\u00ba, a \u201cinterdi\u00e7\u00e3o autom\u00e1tica do uso da praia ocorrer\u00e1 sempre que os laudos e\/ou relat\u00f3rios a que se referem os par\u00e1grafos anteriores comprovarem que a praia encontra-se impr\u00f3pria para o uso dos banhistas\u201d.<\/p>\n\n\n\n<p>Durante a interdi\u00e7\u00e3o, o banho no rio fica proibido. A faixa de areia da praia da Ponta Negra est\u00e1 ampliada com a grande descida das \u00e1guas e seguir\u00e1 acess\u00edvel, para uso de atividades esportivas e recreativas, assim como o funcionamento de todo o cal\u00e7ad\u00e3o e demais estruturas do complexo. No momento, em raz\u00e3o da fuma\u00e7a, a pr\u00e1tica esportiva ao ar livre deve ser evitada.<\/p>\n\n\n\n<p><strong>El Ni\u00f1o<\/strong><\/p>\n\n\n\n<p>Com a atua\u00e7\u00e3o do fen\u00f4meno El Ni\u00f1o, que ocorre no oceano Pac\u00edfico Equatorial e traz para a Amaz\u00f4nia consequ\u00eancias no processo de vazante extrema devido ao prolongamento e intensidade da seca.<\/p>\n\n\n\n<p>Os corpos permanentes de seguran\u00e7a, incluindo da Secretaria Municipal de Seguran\u00e7a P\u00fablica e Defesa Social (Semseg), com a Guarda Municipal, ciclopatrulha, a Pol\u00edcia Militar e bombeiros atuam no monitoramento da praia e na seguran\u00e7a dos banhistas, bem como na seguran\u00e7a e manuten\u00e7\u00e3o do patrim\u00f4nio de todo o complexo. Equipes da Secretaria Municipal de Limpeza Urbana (Semulsp) refor\u00e7am os servi\u00e7os de limpeza e higiene do cal\u00e7ad\u00e3o e da praia perene.<\/p>\n\n\n\n<p>Na \u00faltima interdi\u00e7\u00e3o por conta da seca dos rios, ocorrida em 2015, a praia foi interditada por medida de seguran\u00e7a quando o rio Negro ficou abaixo da cota de 16 metros, ap\u00f3s an\u00e1lise, laudo e relat\u00f3rios de \u00f3rg\u00e3os respons\u00e1veis, comprovando que a mesma n\u00e3o se encontrava pr\u00f3pria para banho, naquela \u00e9poca.<\/p>\n\n\n\n<p>&#8212; &#8212; &#8212;<\/p>\n\n\n\n<p><strong>Texto<\/strong>&nbsp;\u2013 Claudia do Valle \/ Implurb<\/p>\n\n\n\n<p><strong>Fotos<\/strong>\u00a0\u2013 Phil Limma \/ Semcom e Divulga\u00e7\u00e3o \/ Implurb<\/p>\n\n\n\n<p><strong>Dispon\u00edveis em<\/strong>&nbsp;&#8211;&nbsp;&nbsp;<a href=\"https:\/\/flic.kr\/s\/aHBqjAXQMP\" target=\"_blank\" rel=\"noreferrer noopener\">https:\/\/flic.kr\/s\/aHBqjAXQMP<\/a><\/p>\n","protected":false},"excerpt":{"rendered":"","protected":false},"author":39,"featured_media":2581,"comment_status":"closed","ping_status":"closed","sticky":false,"template":"","format":"standard","meta":{"footnotes":""},"categories":[99],"tags":[623,624,625,626,627,608],"acf":[],"yoast_head":"<!-- This site is optimized with the Yoast SEO plugin v23.0 - https:\/\/yoast.com\/wordpress\/plugins\/seo\/ -->\n<title>Descumprindo interdi\u00e7\u00e3o, grupo de banhistas \u00e9 orientado a sair da praia da Ponta Negra na extrema vazante do rio<\/title>\n<meta name=\"description\" content=\"Mesmo com 30 placas sinalizando a interdi\u00e7\u00e3o da praia da Ponta Negra para banho, em raz\u00e3o de medidas de seguran\u00e7a, e de uma barreira com cerquite para impedir o acesso \u00e0 \u00e1rea para entrada no rio Negro, desde o feriado at\u00e9 este domingo, de 12 a 15\/10, cerca de 30 pessoas foram retiradas da \u00e1gua pela comiss\u00e3o do complexo tur\u00edstico.\" \/>\n<meta name=\"robots\" content=\"noindex, follow\" \/>\n<meta property=\"og:locale\" content=\"pt_BR\" \/>\n<meta property=\"og:type\" content=\"article\" \/>\n<meta property=\"og:title\" content=\"Descumprindo interdi\u00e7\u00e3o, grupo de banhistas \u00e9 orientado a sair da praia da Ponta Negra na extrema vazante do rio\" \/>\n<meta property=\"og:description\" content=\"Mesmo com 30 placas sinalizando a interdi\u00e7\u00e3o da praia da Ponta Negra para banho, em raz\u00e3o de medidas de seguran\u00e7a, e de uma barreira com cerquite para impedir o acesso \u00e0 \u00e1rea para entrada no rio Negro, desde o feriado at\u00e9 este domingo, de 12 a 15\/10, cerca de 30 pessoas foram retiradas da \u00e1gua pela comiss\u00e3o do complexo tur\u00edstico.\" \/>\n<meta property=\"og:url\" content=\"https:\/\/www.manaus.am.gov.br\/implurb\/descumprindo-interdicao-grupo-de-banhistas-e-orientado-a-sair-da-praia-da-ponta-negra-na-extrema-vazante-do-rio\/\" \/>\n<meta property=\"og:site_name\" content=\"IMPLURB\" \/>\n<meta property=\"article:published_time\" content=\"2023-10-15T21:36:29+00:00\" \/>\n<meta property=\"article:modified_time\" content=\"2023-11-24T20:32:08+00:00\" \/>\n<meta property=\"og:image\" content=\"https:\/\/www.manaus.am.gov.br\/implurb\/wp-content\/uploads\/sites\/13\/2023\/10\/Praia-da-Ponta-Negra-2-1-e1697406679746.jpg\" \/>\n\t<meta property=\"og:image:width\" content=\"979\" \/>\n\t<meta property=\"og:image:height\" content=\"588\" \/>\n\t<meta property=\"og:image:type\" content=\"image\/jpeg\" \/>\n<meta name=\"author\" content=\"Bruna Greco\" \/>\n<meta name=\"twitter:card\" content=\"summary_large_image\" \/>\n<meta name=\"twitter:label1\" content=\"Written by\" \/>\n\t<meta name=\"twitter:data1\" content=\"Bruna Greco\" \/>\n\t<meta name=\"twitter:label2\" content=\"Est. reading time\" \/>\n\t<meta name=\"twitter:data2\" content=\"4 minutos\" \/>\n<script type=\"application\/ld+json\" class=\"yoast-schema-graph\">{\"@context\":\"https:\/\/schema.org\",\"@graph\":[{\"@type\":\"WebPage\",\"@id\":\"https:\/\/www.manaus.am.gov.br\/implurb\/descumprindo-interdicao-grupo-de-banhistas-e-orientado-a-sair-da-praia-da-ponta-negra-na-extrema-vazante-do-rio\/\",\"url\":\"https:\/\/www.manaus.am.gov.br\/implurb\/descumprindo-interdicao-grupo-de-banhistas-e-orientado-a-sair-da-praia-da-ponta-negra-na-extrema-vazante-do-rio\/\",\"name\":\"Descumprindo interdi\u00e7\u00e3o, grupo de banhistas \u00e9 orientado a sair da praia da Ponta Negra na extrema vazante do rio\",\"isPartOf\":{\"@id\":\"https:\/\/www.manaus.am.gov.br\/implurb\/#website\"},\"primaryImageOfPage\":{\"@id\":\"https:\/\/www.manaus.am.gov.br\/implurb\/descumprindo-interdicao-grupo-de-banhistas-e-orientado-a-sair-da-praia-da-ponta-negra-na-extrema-vazante-do-rio\/#primaryimage\"},\"image\":{\"@id\":\"https:\/\/www.manaus.am.gov.br\/implurb\/descumprindo-interdicao-grupo-de-banhistas-e-orientado-a-sair-da-praia-da-ponta-negra-na-extrema-vazante-do-rio\/#primaryimage\"},\"thumbnailUrl\":\"https:\/\/www.manaus.am.gov.br\/implurb\/wp-content\/uploads\/sites\/13\/2023\/10\/Praia-da-Ponta-Negra-2-1-e1697406679746.jpg\",\"datePublished\":\"2023-10-15T21:36:29+00:00\",\"dateModified\":\"2023-11-24T20:32:08+00:00\",\"author\":{\"@id\":\"https:\/\/www.manaus.am.gov.br\/implurb\/#\/schema\/person\/05d223aea2bf115f9883a6ff3683d81b\"},\"description\":\"Mesmo com 30 placas sinalizando a interdi\u00e7\u00e3o da praia da Ponta Negra para banho, em raz\u00e3o de medidas de seguran\u00e7a, e de uma barreira com cerquite para impedir o acesso \u00e0 \u00e1rea para entrada no rio Negro, desde o feriado at\u00e9 este domingo, de 12 a 15\/10, cerca de 30 pessoas foram retiradas da \u00e1gua pela comiss\u00e3o do complexo tur\u00edstico.\",\"breadcrumb\":{\"@id\":\"https:\/\/www.manaus.am.gov.br\/implurb\/descumprindo-interdicao-grupo-de-banhistas-e-orientado-a-sair-da-praia-da-ponta-negra-na-extrema-vazante-do-rio\/#breadcrumb\"},\"inLanguage\":\"pt-BR\",\"potentialAction\":[{\"@type\":\"ReadAction\",\"target\":[\"https:\/\/www.manaus.am.gov.br\/implurb\/descumprindo-interdicao-grupo-de-banhistas-e-orientado-a-sair-da-praia-da-ponta-negra-na-extrema-vazante-do-rio\/\"]}]},{\"@type\":\"ImageObject\",\"inLanguage\":\"pt-BR\",\"@id\":\"https:\/\/www.manaus.am.gov.br\/implurb\/descumprindo-interdicao-grupo-de-banhistas-e-orientado-a-sair-da-praia-da-ponta-negra-na-extrema-vazante-do-rio\/#primaryimage\",\"url\":\"https:\/\/www.manaus.am.gov.br\/implurb\/wp-content\/uploads\/sites\/13\/2023\/10\/Praia-da-Ponta-Negra-2-1-e1697406679746.jpg\",\"contentUrl\":\"https:\/\/www.manaus.am.gov.br\/implurb\/wp-content\/uploads\/sites\/13\/2023\/10\/Praia-da-Ponta-Negra-2-1-e1697406679746.jpg\",\"width\":979,\"height\":588},{\"@type\":\"BreadcrumbList\",\"@id\":\"https:\/\/www.manaus.am.gov.br\/implurb\/descumprindo-interdicao-grupo-de-banhistas-e-orientado-a-sair-da-praia-da-ponta-negra-na-extrema-vazante-do-rio\/#breadcrumb\",\"itemListElement\":[{\"@type\":\"ListItem\",\"position\":1,\"name\":\"Home\",\"item\":\"https:\/\/www.manaus.am.gov.br\/implurb\/\"},{\"@type\":\"ListItem\",\"position\":2,\"name\":\"Descumprindo interdi\u00e7\u00e3o, grupo de banhistas \u00e9 orientado a sair da praia da Ponta Negra na extrema vazante do rio\"}]},{\"@type\":\"WebSite\",\"@id\":\"https:\/\/www.manaus.am.gov.br\/implurb\/#website\",\"url\":\"https:\/\/www.manaus.am.gov.br\/implurb\/\",\"name\":\"IMPLURB\",\"description\":\"Prefeitura de Manaus\",\"potentialAction\":[{\"@type\":\"SearchAction\",\"target\":{\"@type\":\"EntryPoint\",\"urlTemplate\":\"https:\/\/www.manaus.am.gov.br\/implurb\/?s={search_term_string}\"},\"query-input\":\"required name=search_term_string\"}],\"inLanguage\":\"pt-BR\"},{\"@type\":\"Person\",\"@id\":\"https:\/\/www.manaus.am.gov.br\/implurb\/#\/schema\/person\/05d223aea2bf115f9883a6ff3683d81b\",\"name\":\"Bruna Greco\",\"image\":{\"@type\":\"ImageObject\",\"inLanguage\":\"pt-BR\",\"@id\":\"https:\/\/www.manaus.am.gov.br\/implurb\/#\/schema\/person\/image\/\",\"url\":\"https:\/\/secure.gravatar.com\/avatar\/9c877d1a6adc2a055330e5c09a8653ce?s=96&d=mm&r=g\",\"contentUrl\":\"https:\/\/secure.gravatar.com\/avatar\/9c877d1a6adc2a055330e5c09a8653ce?s=96&d=mm&r=g\",\"caption\":\"Bruna Greco\"}}]}<\/script>\n<!-- \/ Yoast SEO plugin. -->","yoast_head_json":{"title":"Descumprindo interdi\u00e7\u00e3o, grupo de banhistas \u00e9 orientado a sair da praia da Ponta Negra na extrema vazante do rio","description":"Mesmo com 30 placas sinalizando a interdi\u00e7\u00e3o da praia da Ponta Negra para banho, em raz\u00e3o de medidas de seguran\u00e7a, e de uma barreira com cerquite para impedir o acesso \u00e0 \u00e1rea para entrada no rio Negro, desde o feriado at\u00e9 este domingo, de 12 a 15\/10, cerca de 30 pessoas foram retiradas da \u00e1gua pela comiss\u00e3o do complexo tur\u00edstico.","robots":{"index":"noindex","follow":"follow"},"og_locale":"pt_BR","og_type":"article","og_title":"Descumprindo interdi\u00e7\u00e3o, grupo de banhistas \u00e9 orientado a sair da praia da Ponta Negra na extrema vazante do rio","og_description":"Mesmo com 30 placas sinalizando a interdi\u00e7\u00e3o da praia da Ponta Negra para banho, em raz\u00e3o de medidas de seguran\u00e7a, e de uma barreira com cerquite para impedir o acesso \u00e0 \u00e1rea para entrada no rio Negro, desde o feriado at\u00e9 este domingo, de 12 a 15\/10, cerca de 30 pessoas foram retiradas da \u00e1gua pela comiss\u00e3o do complexo tur\u00edstico.","og_url":"https:\/\/www.manaus.am.gov.br\/implurb\/descumprindo-interdicao-grupo-de-banhistas-e-orientado-a-sair-da-praia-da-ponta-negra-na-extrema-vazante-do-rio\/","og_site_name":"IMPLURB","article_published_time":"2023-10-15T21:36:29+00:00","article_modified_time":"2023-11-24T20:32:08+00:00","og_image":[{"width":979,"height":588,"url":"https:\/\/www.manaus.am.gov.br\/implurb\/wp-content\/uploads\/sites\/13\/2023\/10\/Praia-da-Ponta-Negra-2-1-e1697406679746.jpg","type":"image\/jpeg"}],"author":"Bruna Greco","twitter_card":"summary_large_image","twitter_misc":{"Written by":"Bruna Greco","Est. reading time":"4 minutos"},"schema":{"@context":"https:\/\/schema.org","@graph":[{"@type":"WebPage","@id":"https:\/\/www.manaus.am.gov.br\/implurb\/descumprindo-interdicao-grupo-de-banhistas-e-orientado-a-sair-da-praia-da-ponta-negra-na-extrema-vazante-do-rio\/","url":"https:\/\/www.manaus.am.gov.br\/implurb\/descumprindo-interdicao-grupo-de-banhistas-e-orientado-a-sair-da-praia-da-ponta-negra-na-extrema-vazante-do-rio\/","name":"Descumprindo interdi\u00e7\u00e3o, grupo de banhistas \u00e9 orientado a sair da praia da Ponta Negra na extrema vazante do rio","isPartOf":{"@id":"https:\/\/www.manaus.am.gov.br\/implurb\/#website"},"primaryImageOfPage":{"@id":"https:\/\/www.manaus.am.gov.br\/implurb\/descumprindo-interdicao-grupo-de-banhistas-e-orientado-a-sair-da-praia-da-ponta-negra-na-extrema-vazante-do-rio\/#primaryimage"},"image":{"@id":"https:\/\/www.manaus.am.gov.br\/implurb\/descumprindo-interdicao-grupo-de-banhistas-e-orientado-a-sair-da-praia-da-ponta-negra-na-extrema-vazante-do-rio\/#primaryimage"},"thumbnailUrl":"https:\/\/www.manaus.am.gov.br\/implurb\/wp-content\/uploads\/sites\/13\/2023\/10\/Praia-da-Ponta-Negra-2-1-e1697406679746.jpg","datePublished":"2023-10-15T21:36:29+00:00","dateModified":"2023-11-24T20:32:08+00:00","author":{"@id":"https:\/\/www.manaus.am.gov.br\/implurb\/#\/schema\/person\/05d223aea2bf115f9883a6ff3683d81b"},"description":"Mesmo com 30 placas sinalizando a interdi\u00e7\u00e3o da praia da Ponta Negra para banho, em raz\u00e3o de medidas de seguran\u00e7a, e de uma barreira com cerquite para impedir o acesso \u00e0 \u00e1rea para entrada no rio Negro, desde o feriado at\u00e9 este domingo, de 12 a 15\/10, cerca de 30 pessoas foram retiradas da \u00e1gua pela comiss\u00e3o do complexo tur\u00edstico.","breadcrumb":{"@id":"https:\/\/www.manaus.am.gov.br\/implurb\/descumprindo-interdicao-grupo-de-banhistas-e-orientado-a-sair-da-praia-da-ponta-negra-na-extrema-vazante-do-rio\/#breadcrumb"},"inLanguage":"pt-BR","potentialAction":[{"@type":"ReadAction","target":["https:\/\/www.manaus.am.gov.br\/implurb\/descumprindo-interdicao-grupo-de-banhistas-e-orientado-a-sair-da-praia-da-ponta-negra-na-extrema-vazante-do-rio\/"]}]},{"@type":"ImageObject","inLanguage":"pt-BR","@id":"https:\/\/www.manaus.am.gov.br\/implurb\/descumprindo-interdicao-grupo-de-banhistas-e-orientado-a-sair-da-praia-da-ponta-negra-na-extrema-vazante-do-rio\/#primaryimage","url":"https:\/\/www.manaus.am.gov.br\/implurb\/wp-content\/uploads\/sites\/13\/2023\/10\/Praia-da-Ponta-Negra-2-1-e1697406679746.jpg","contentUrl":"https:\/\/www.manaus.am.gov.br\/implurb\/wp-content\/uploads\/sites\/13\/2023\/10\/Praia-da-Ponta-Negra-2-1-e1697406679746.jpg","width":979,"height":588},{"@type":"BreadcrumbList","@id":"https:\/\/www.manaus.am.gov.br\/implurb\/descumprindo-interdicao-grupo-de-banhistas-e-orientado-a-sair-da-praia-da-ponta-negra-na-extrema-vazante-do-rio\/#breadcrumb","itemListElement":[{"@type":"ListItem","position":1,"name":"Home","item":"https:\/\/www.manaus.am.gov.br\/implurb\/"},{"@type":"ListItem","position":2,"name":"Descumprindo interdi\u00e7\u00e3o, grupo de banhistas \u00e9 orientado a sair da praia da Ponta Negra na extrema vazante do rio"}]},{"@type":"WebSite","@id":"https:\/\/www.manaus.am.gov.br\/implurb\/#website","url":"https:\/\/www.manaus.am.gov.br\/implurb\/","name":"IMPLURB","description":"Prefeitura de Manaus","potentialAction":[{"@type":"SearchAction","target":{"@type":"EntryPoint","urlTemplate":"https:\/\/www.manaus.am.gov.br\/implurb\/?s={search_term_string}"},"query-input":"required name=search_term_string"}],"inLanguage":"pt-BR"},{"@type":"Person","@id":"https:\/\/www.manaus.am.gov.br\/implurb\/#\/schema\/person\/05d223aea2bf115f9883a6ff3683d81b","name":"Bruna Greco","image":{"@type":"ImageObject","inLanguage":"pt-BR","@id":"https:\/\/www.manaus.am.gov.br\/implurb\/#\/schema\/person\/image\/","url":"https:\/\/secure.gravatar.com\/avatar\/9c877d1a6adc2a055330e5c09a8653ce?s=96&d=mm&r=g","contentUrl":"https:\/\/secure.gravatar.com\/avatar\/9c877d1a6adc2a055330e5c09a8653ce?s=96&d=mm&r=g","caption":"Bruna Greco"}}]}},"_links":{"self":[{"href":"https:\/\/www.manaus.am.gov.br\/implurb\/wp-json\/wp\/v2\/posts\/2579"}],"collection":[{"href":"https:\/\/www.manaus.am.gov.br\/implurb\/wp-json\/wp\/v2\/posts"}],"about":[{"href":"https:\/\/www.manaus.am.gov.br\/implurb\/wp-json\/wp\/v2\/types\/post"}],"author":[{"embeddable":true,"href":"https:\/\/www.manaus.am.gov.br\/implurb\/wp-json\/wp\/v2\/users\/39"}],"replies":[{"embeddable":true,"href":"https:\/\/www.manaus.am.gov.br\/implurb\/wp-json\/wp\/v2\/comments?post=2579"}],"version-history":[{"count":3,"href":"https:\/\/www.manaus.am.gov.br\/implurb\/wp-json\/wp\/v2\/posts\/2579\/revisions"}],"predecessor-version":[{"id":2842,"href":"https:\/\/www.manaus.am.gov.br\/implurb\/wp-json\/wp\/v2\/posts\/2579\/revisions\/2842"}],"wp:featuredmedia":[{"embeddable":true,"href":"https:\/\/www.manaus.am.gov.br\/implurb\/wp-json\/wp\/v2\/media\/2581"}],"wp:attachment":[{"href":"https:\/\/www.manaus.am.gov.br\/implurb\/wp-json\/wp\/v2\/media?parent=2579"}],"wp:term":[{"taxonomy":"category","embeddable":true,"href":"https:\/\/www.manaus.am.gov.br\/implurb\/wp-json\/wp\/v2\/categories?post=2579"},{"taxonomy":"post_tag","embeddable":true,"href":"https:\/\/www.manaus.am.gov.br\/implurb\/wp-json\/wp\/v2\/tags?post=2579"}],"curies":[{"name":"wp","href":"https:\/\/api.w.org\/{rel}","templated":true}]}}