{"id":2558,"date":"2023-10-09T13:31:40","date_gmt":"2023-10-09T17:31:40","guid":{"rendered":"https:\/\/www.manaus.am.gov.br\/implurb\/praia-da-ponta-negra-recebe-cerquite-para-delimitacao-fisica-da-interdicao-para-o-banho\/"},"modified":"2023-11-24T16:25:14","modified_gmt":"2023-11-24T20:25:14","slug":"praia-da-ponta-negra-recebe-cerquite-para-delimitacao-fisica-da-interdicao-para-o-banho","status":"publish","type":"post","link":"https:\/\/www.manaus.am.gov.br\/implurb\/praia-da-ponta-negra-recebe-cerquite-para-delimitacao-fisica-da-interdicao-para-o-banho\/","title":{"rendered":"Praia da Ponta Negra recebe cerquite para delimita\u00e7\u00e3o f\u00edsica da interdi\u00e7\u00e3o para o banho"},"content":{"rendered":"\n<p>Uma semana ap\u00f3s o prefeito&nbsp;de&nbsp;<a href=\"https:\/\/www.manaus.am.gov.br\/noticias\/acao\/prefeito-anuncia-fechamento-da-praia-da-ponta-negra-para-o-banho-e-auxilio-a-6-800-ribeirinhos\/\" target=\"_blank\" rel=\"noreferrer noopener\">Manaus<\/a>, David Almeida, ao lado do vice-prefeito e chefe da Casa Civil, Marcos Rotta, anunciar a interdi\u00e7\u00e3o por 90 dias da praia do complexo tur\u00edstico Ponta Negra, para o banho, em raz\u00e3o da vazante que atinge o Estado, em 2023, o espa\u00e7o p\u00fablico recebe refor\u00e7o de sinaliza\u00e7\u00e3o para manter a seguran\u00e7a dos frequentadores.<\/p>\n\n\n\n<p>Nesta segunda-feira, 9\/10, a praia recebe um cerquite para delimitar fisicamente a \u00e1rea de interdi\u00e7\u00e3o para banhistas, com sinaliza\u00e7\u00e3o, tendo 1,20 metro de altura e 1.500 metros de extens\u00e3o. Essa limita\u00e7\u00e3o f\u00edsica \u00e9 para impedir a passagem e conscientizar pessoas que insistem em tomar banho no rio, no trecho interditado.<\/p>\n\n\n\n<p>Trinta placas informativas, em destaque vermelho, sobre a proibi\u00e7\u00e3o de uso da praia para o banho est\u00e3o instaladas em diversos pontos da faixa de areia e nos acessos.<\/p>\n\n\n\n<p>A decis\u00e3o de interditar a praia para o banho, em raz\u00e3o de seguran\u00e7a e de preven\u00e7\u00e3o contra afogamentos, ocorre devido \u00e0 proximidade entre o fim do aterro perene e o leito natural do rio, que pode apresentar altera\u00e7\u00f5es no terreno, como buracos, desn\u00edveis e depress\u00f5es.<\/p>\n\n\n\n<p>O prefeito assinou o decreto 5.697, no dia 2 de outubro, sobre a medida. Desde a interdi\u00e7\u00e3o, conforme a cota no porto de Manaus, o rio Negro desceu ainda mais 88 cent\u00edmetros, estando na \u00faltima medi\u00e7\u00e3o, feita nesta segunda-feira, em 14,41 metros.<\/p>\n\n\n\n<p>A interdi\u00e7\u00e3o considera as normas de uso da&nbsp;praia&nbsp;perene, definidas em um Termo de Ajustamento de Conduta (TAC) assinado pela Prefeitura junto ao Minist\u00e9rio P\u00fablico do Estado do Amazonas (MP-AM), com \u00f3rg\u00e3os municipais e estaduais signat\u00e1rios do compromisso, incluindo Corpo de Bombeiros do Amazonas (CB-AM) e Pol\u00edcia Militar.<\/p>\n\n\n\n<p>De acordo com a cl\u00e1usula 1, par\u00e1grafo 3\u00ba, a \u201cinterdi\u00e7\u00e3o autom\u00e1tica do uso da praia ocorrer\u00e1 sempre que os laudos e\/ou relat\u00f3rios a que se referem os par\u00e1grafos anteriores comprovarem que a praia encontra-se impr\u00f3pria para o uso dos banhistas\u201d.<\/p>\n\n\n\n<p>\u201cCom a cota da \u00e1gua at\u00e9 16 metros, n\u00f3s temos uma delimita\u00e7\u00e3o de at\u00e9 30 metros de seguran\u00e7a para o banho. Abaixo disso, essa cota diminui e o n\u00edvel fica em 15 metros de seguran\u00e7a. Como podemos ver neste momento, cria uma areia movedi\u00e7a e existem buracos, em fun\u00e7\u00e3o do aterramento, e ser de uma praia artificial. Tudo isso, foi constatado pelo Corpo de Bombeiros e a recomenda\u00e7\u00e3o \u00e9 que a praia est\u00e1 inapropriada para o banho\u201d, explicou o prefeito, ao fazer a interdi\u00e7\u00e3o.<\/p>\n\n\n\n<p>Durante a interdi\u00e7\u00e3o, o banho no rio fica proibido. A faixa de areia da praia da Ponta Negra est\u00e1 ampliada com a grande descida das \u00e1guas e seguir\u00e1 acess\u00edvel, para uso de atividades esportivas e recreativas, assim como o funcionamento de todo o cal\u00e7ad\u00e3o e demais estruturas do complexo.<\/p>\n\n\n\n<p><strong>El Ni\u00f1o<\/strong><\/p>\n\n\n\n<p>Com a atua\u00e7\u00e3o do fen\u00f4meno EL Ni\u00f1o, que ocorre no oceano Pac\u00edfico Equatorial e traz para a Amaz\u00f4nia consequ\u00eancias no processo de vazante devido ao prolongamento e intensidade da seca, o n\u00edvel do rio Negro, em Manaus, teve uma descida&nbsp;muito acelerada, com redu\u00e7\u00e3o de mais de 7 metros de coluna d\u2019agua em apenas 20 dias de setembro.<\/p>\n\n\n\n<p>Os corpos permanentes de seguran\u00e7a, incluindo da Secretaria Municipal de Seguran\u00e7a P\u00fablica e Defesa Social (Semseg), com a Guarda Municipal, ciclopatrulha, a Pol\u00edcia Militar e bombeiros atuam no monitoramento da praia e na seguran\u00e7a dos banhistas, bem como na seguran\u00e7a e manuten\u00e7\u00e3o do patrim\u00f4nio de todo o complexo. Equipes da Secretaria Municipal de Limpeza Urbana (Semulsp) refor\u00e7am os servi\u00e7os de limpeza e higiene do cal\u00e7ad\u00e3o e da praia perene.<\/p>\n\n\n\n<p>Na \u00faltima interdi\u00e7\u00e3o por conta da seca dos rios, ocorrida em 2015, a praia foi interditada por medida de seguran\u00e7a quando o rio Negro ficou abaixo da cota de 16 metros, ap\u00f3s an\u00e1lise, laudo e relat\u00f3rios de \u00f3rg\u00e3os respons\u00e1veis, comprovando que a mesma n\u00e3o se&nbsp;encontrava pr\u00f3pria para banho, naquela \u00e9poca.<\/p>\n\n\n\n<p>&#8212; &#8212; &#8212;<\/p>\n\n\n\n<p><strong>Texto<\/strong>&nbsp;\u2013 Claudia do Valle \/ Implurb<\/p>\n\n\n\n<p><strong>Fotos<\/strong>&nbsp;\u2013 Phil Limma\/Semcom<\/p>\n\n\n\n<p><strong>Dispon\u00edveis em<\/strong>&nbsp;&#8211;&nbsp; <a href=\"https:\/\/flic.kr\/s\/aHBqjAXQMP\">https:\/\/flic.kr\/s\/aHBqjAXQMP<\/a><\/p>\n","protected":false},"excerpt":{"rendered":"","protected":false},"author":23,"featured_media":2559,"comment_status":"closed","ping_status":"closed","sticky":false,"template":"","format":"standard","meta":{"footnotes":""},"categories":[99],"tags":[605,606,11,607,112,15,608],"acf":[],"yoast_head":"<!-- This site is optimized with the Yoast SEO plugin v23.0 - https:\/\/yoast.com\/wordpress\/plugins\/seo\/ -->\n<title>Praia da Ponta Negra recebe cerquite para delimita\u00e7\u00e3o f\u00edsica da interdi\u00e7\u00e3o para o banho<\/title>\n<meta name=\"description\" content=\"Uma semana ap\u00f3s o prefeito\u00a0de\u00a0Manaus, David Almeida, ao lado do vice-prefeito e chefe da Casa Civil, Marcos Rotta, anunciar a interdi\u00e7\u00e3o por 90 dias da praia do complexo tur\u00edstico Ponta Negra, para o banho, em raz\u00e3o da vazante que atinge o Estado, em 2023, o espa\u00e7o p\u00fablico recebe refor\u00e7o de sinaliza\u00e7\u00e3o para manter a seguran\u00e7a dos frequentadores.\" \/>\n<meta name=\"robots\" content=\"noindex, follow\" \/>\n<meta property=\"og:locale\" content=\"pt_BR\" \/>\n<meta property=\"og:type\" content=\"article\" \/>\n<meta property=\"og:title\" content=\"Praia da Ponta Negra recebe cerquite para delimita\u00e7\u00e3o f\u00edsica da interdi\u00e7\u00e3o para o banho\" \/>\n<meta property=\"og:description\" content=\"Uma semana ap\u00f3s o prefeito\u00a0de\u00a0Manaus, David Almeida, ao lado do vice-prefeito e chefe da Casa Civil, Marcos Rotta, anunciar a interdi\u00e7\u00e3o por 90 dias da praia do complexo tur\u00edstico Ponta Negra, para o banho, em raz\u00e3o da vazante que atinge o Estado, em 2023, o espa\u00e7o p\u00fablico recebe refor\u00e7o de sinaliza\u00e7\u00e3o para manter a seguran\u00e7a dos frequentadores.\" \/>\n<meta property=\"og:url\" content=\"https:\/\/www.manaus.am.gov.br\/implurb\/praia-da-ponta-negra-recebe-cerquite-para-delimitacao-fisica-da-interdicao-para-o-banho\/\" \/>\n<meta property=\"og:site_name\" content=\"IMPLURB\" \/>\n<meta property=\"article:published_time\" content=\"2023-10-09T17:31:40+00:00\" \/>\n<meta property=\"article:modified_time\" content=\"2023-11-24T20:25:14+00:00\" \/>\n<meta property=\"og:image\" content=\"https:\/\/www.manaus.am.gov.br\/implurb\/wp-content\/uploads\/sites\/13\/2023\/10\/53246549250_d230b06685_c.jpg\" \/>\n\t<meta property=\"og:image:width\" content=\"799\" \/>\n\t<meta property=\"og:image:height\" content=\"533\" \/>\n\t<meta property=\"og:image:type\" content=\"image\/jpeg\" \/>\n<meta name=\"author\" content=\"Adriana Costa\" \/>\n<meta name=\"twitter:card\" content=\"summary_large_image\" \/>\n<meta name=\"twitter:label1\" content=\"Written by\" \/>\n\t<meta name=\"twitter:data1\" content=\"Adriana Costa\" \/>\n\t<meta name=\"twitter:label2\" content=\"Est. reading time\" \/>\n\t<meta name=\"twitter:data2\" content=\"4 minutos\" \/>\n<script type=\"application\/ld+json\" class=\"yoast-schema-graph\">{\"@context\":\"https:\/\/schema.org\",\"@graph\":[{\"@type\":\"WebPage\",\"@id\":\"https:\/\/www.manaus.am.gov.br\/implurb\/praia-da-ponta-negra-recebe-cerquite-para-delimitacao-fisica-da-interdicao-para-o-banho\/\",\"url\":\"https:\/\/www.manaus.am.gov.br\/implurb\/praia-da-ponta-negra-recebe-cerquite-para-delimitacao-fisica-da-interdicao-para-o-banho\/\",\"name\":\"Praia da Ponta Negra recebe cerquite para delimita\u00e7\u00e3o f\u00edsica da interdi\u00e7\u00e3o para o banho\",\"isPartOf\":{\"@id\":\"https:\/\/www.manaus.am.gov.br\/implurb\/#website\"},\"primaryImageOfPage\":{\"@id\":\"https:\/\/www.manaus.am.gov.br\/implurb\/praia-da-ponta-negra-recebe-cerquite-para-delimitacao-fisica-da-interdicao-para-o-banho\/#primaryimage\"},\"image\":{\"@id\":\"https:\/\/www.manaus.am.gov.br\/implurb\/praia-da-ponta-negra-recebe-cerquite-para-delimitacao-fisica-da-interdicao-para-o-banho\/#primaryimage\"},\"thumbnailUrl\":\"https:\/\/www.manaus.am.gov.br\/implurb\/wp-content\/uploads\/sites\/13\/2023\/10\/53246549250_d230b06685_c.jpg\",\"datePublished\":\"2023-10-09T17:31:40+00:00\",\"dateModified\":\"2023-11-24T20:25:14+00:00\",\"author\":{\"@id\":\"https:\/\/www.manaus.am.gov.br\/implurb\/#\/schema\/person\/4e49f4e267757a06ca072ec61b2b9968\"},\"description\":\"Uma semana ap\u00f3s o prefeito\u00a0de\u00a0Manaus, David Almeida, ao lado do vice-prefeito e chefe da Casa Civil, Marcos Rotta, anunciar a interdi\u00e7\u00e3o por 90 dias da praia do complexo tur\u00edstico Ponta Negra, para o banho, em raz\u00e3o da vazante que atinge o Estado, em 2023, o espa\u00e7o p\u00fablico recebe refor\u00e7o de sinaliza\u00e7\u00e3o para manter a seguran\u00e7a dos frequentadores.\",\"breadcrumb\":{\"@id\":\"https:\/\/www.manaus.am.gov.br\/implurb\/praia-da-ponta-negra-recebe-cerquite-para-delimitacao-fisica-da-interdicao-para-o-banho\/#breadcrumb\"},\"inLanguage\":\"pt-BR\",\"potentialAction\":[{\"@type\":\"ReadAction\",\"target\":[\"https:\/\/www.manaus.am.gov.br\/implurb\/praia-da-ponta-negra-recebe-cerquite-para-delimitacao-fisica-da-interdicao-para-o-banho\/\"]}]},{\"@type\":\"ImageObject\",\"inLanguage\":\"pt-BR\",\"@id\":\"https:\/\/www.manaus.am.gov.br\/implurb\/praia-da-ponta-negra-recebe-cerquite-para-delimitacao-fisica-da-interdicao-para-o-banho\/#primaryimage\",\"url\":\"https:\/\/www.manaus.am.gov.br\/implurb\/wp-content\/uploads\/sites\/13\/2023\/10\/53246549250_d230b06685_c.jpg\",\"contentUrl\":\"https:\/\/www.manaus.am.gov.br\/implurb\/wp-content\/uploads\/sites\/13\/2023\/10\/53246549250_d230b06685_c.jpg\",\"width\":799,\"height\":533},{\"@type\":\"BreadcrumbList\",\"@id\":\"https:\/\/www.manaus.am.gov.br\/implurb\/praia-da-ponta-negra-recebe-cerquite-para-delimitacao-fisica-da-interdicao-para-o-banho\/#breadcrumb\",\"itemListElement\":[{\"@type\":\"ListItem\",\"position\":1,\"name\":\"Home\",\"item\":\"https:\/\/www.manaus.am.gov.br\/implurb\/\"},{\"@type\":\"ListItem\",\"position\":2,\"name\":\"Praia da Ponta Negra recebe cerquite para delimita\u00e7\u00e3o f\u00edsica da interdi\u00e7\u00e3o para o banho\"}]},{\"@type\":\"WebSite\",\"@id\":\"https:\/\/www.manaus.am.gov.br\/implurb\/#website\",\"url\":\"https:\/\/www.manaus.am.gov.br\/implurb\/\",\"name\":\"IMPLURB\",\"description\":\"Prefeitura de Manaus\",\"potentialAction\":[{\"@type\":\"SearchAction\",\"target\":{\"@type\":\"EntryPoint\",\"urlTemplate\":\"https:\/\/www.manaus.am.gov.br\/implurb\/?s={search_term_string}\"},\"query-input\":\"required name=search_term_string\"}],\"inLanguage\":\"pt-BR\"},{\"@type\":\"Person\",\"@id\":\"https:\/\/www.manaus.am.gov.br\/implurb\/#\/schema\/person\/4e49f4e267757a06ca072ec61b2b9968\",\"name\":\"Adriana Costa\",\"image\":{\"@type\":\"ImageObject\",\"inLanguage\":\"pt-BR\",\"@id\":\"https:\/\/www.manaus.am.gov.br\/implurb\/#\/schema\/person\/image\/\",\"url\":\"https:\/\/secure.gravatar.com\/avatar\/576258617ef7194f718179e766d57bd4?s=96&d=mm&r=g\",\"contentUrl\":\"https:\/\/secure.gravatar.com\/avatar\/576258617ef7194f718179e766d57bd4?s=96&d=mm&r=g\",\"caption\":\"Adriana Costa\"}}]}<\/script>\n<!-- \/ Yoast SEO plugin. -->","yoast_head_json":{"title":"Praia da Ponta Negra recebe cerquite para delimita\u00e7\u00e3o f\u00edsica da interdi\u00e7\u00e3o para o banho","description":"Uma semana ap\u00f3s o prefeito\u00a0de\u00a0Manaus, David Almeida, ao lado do vice-prefeito e chefe da Casa Civil, Marcos Rotta, anunciar a interdi\u00e7\u00e3o por 90 dias da praia do complexo tur\u00edstico Ponta Negra, para o banho, em raz\u00e3o da vazante que atinge o Estado, em 2023, o espa\u00e7o p\u00fablico recebe refor\u00e7o de sinaliza\u00e7\u00e3o para manter a seguran\u00e7a dos frequentadores.","robots":{"index":"noindex","follow":"follow"},"og_locale":"pt_BR","og_type":"article","og_title":"Praia da Ponta Negra recebe cerquite para delimita\u00e7\u00e3o f\u00edsica da interdi\u00e7\u00e3o para o banho","og_description":"Uma semana ap\u00f3s o prefeito\u00a0de\u00a0Manaus, David Almeida, ao lado do vice-prefeito e chefe da Casa Civil, Marcos Rotta, anunciar a interdi\u00e7\u00e3o por 90 dias da praia do complexo tur\u00edstico Ponta Negra, para o banho, em raz\u00e3o da vazante que atinge o Estado, em 2023, o espa\u00e7o p\u00fablico recebe refor\u00e7o de sinaliza\u00e7\u00e3o para manter a seguran\u00e7a dos frequentadores.","og_url":"https:\/\/www.manaus.am.gov.br\/implurb\/praia-da-ponta-negra-recebe-cerquite-para-delimitacao-fisica-da-interdicao-para-o-banho\/","og_site_name":"IMPLURB","article_published_time":"2023-10-09T17:31:40+00:00","article_modified_time":"2023-11-24T20:25:14+00:00","og_image":[{"width":799,"height":533,"url":"https:\/\/www.manaus.am.gov.br\/implurb\/wp-content\/uploads\/sites\/13\/2023\/10\/53246549250_d230b06685_c.jpg","type":"image\/jpeg"}],"author":"Adriana Costa","twitter_card":"summary_large_image","twitter_misc":{"Written by":"Adriana Costa","Est. reading time":"4 minutos"},"schema":{"@context":"https:\/\/schema.org","@graph":[{"@type":"WebPage","@id":"https:\/\/www.manaus.am.gov.br\/implurb\/praia-da-ponta-negra-recebe-cerquite-para-delimitacao-fisica-da-interdicao-para-o-banho\/","url":"https:\/\/www.manaus.am.gov.br\/implurb\/praia-da-ponta-negra-recebe-cerquite-para-delimitacao-fisica-da-interdicao-para-o-banho\/","name":"Praia da Ponta Negra recebe cerquite para delimita\u00e7\u00e3o f\u00edsica da interdi\u00e7\u00e3o para o banho","isPartOf":{"@id":"https:\/\/www.manaus.am.gov.br\/implurb\/#website"},"primaryImageOfPage":{"@id":"https:\/\/www.manaus.am.gov.br\/implurb\/praia-da-ponta-negra-recebe-cerquite-para-delimitacao-fisica-da-interdicao-para-o-banho\/#primaryimage"},"image":{"@id":"https:\/\/www.manaus.am.gov.br\/implurb\/praia-da-ponta-negra-recebe-cerquite-para-delimitacao-fisica-da-interdicao-para-o-banho\/#primaryimage"},"thumbnailUrl":"https:\/\/www.manaus.am.gov.br\/implurb\/wp-content\/uploads\/sites\/13\/2023\/10\/53246549250_d230b06685_c.jpg","datePublished":"2023-10-09T17:31:40+00:00","dateModified":"2023-11-24T20:25:14+00:00","author":{"@id":"https:\/\/www.manaus.am.gov.br\/implurb\/#\/schema\/person\/4e49f4e267757a06ca072ec61b2b9968"},"description":"Uma semana ap\u00f3s o prefeito\u00a0de\u00a0Manaus, David Almeida, ao lado do vice-prefeito e chefe da Casa Civil, Marcos Rotta, anunciar a interdi\u00e7\u00e3o por 90 dias da praia do complexo tur\u00edstico Ponta Negra, para o banho, em raz\u00e3o da vazante que atinge o Estado, em 2023, o espa\u00e7o p\u00fablico recebe refor\u00e7o de sinaliza\u00e7\u00e3o para manter a seguran\u00e7a dos frequentadores.","breadcrumb":{"@id":"https:\/\/www.manaus.am.gov.br\/implurb\/praia-da-ponta-negra-recebe-cerquite-para-delimitacao-fisica-da-interdicao-para-o-banho\/#breadcrumb"},"inLanguage":"pt-BR","potentialAction":[{"@type":"ReadAction","target":["https:\/\/www.manaus.am.gov.br\/implurb\/praia-da-ponta-negra-recebe-cerquite-para-delimitacao-fisica-da-interdicao-para-o-banho\/"]}]},{"@type":"ImageObject","inLanguage":"pt-BR","@id":"https:\/\/www.manaus.am.gov.br\/implurb\/praia-da-ponta-negra-recebe-cerquite-para-delimitacao-fisica-da-interdicao-para-o-banho\/#primaryimage","url":"https:\/\/www.manaus.am.gov.br\/implurb\/wp-content\/uploads\/sites\/13\/2023\/10\/53246549250_d230b06685_c.jpg","contentUrl":"https:\/\/www.manaus.am.gov.br\/implurb\/wp-content\/uploads\/sites\/13\/2023\/10\/53246549250_d230b06685_c.jpg","width":799,"height":533},{"@type":"BreadcrumbList","@id":"https:\/\/www.manaus.am.gov.br\/implurb\/praia-da-ponta-negra-recebe-cerquite-para-delimitacao-fisica-da-interdicao-para-o-banho\/#breadcrumb","itemListElement":[{"@type":"ListItem","position":1,"name":"Home","item":"https:\/\/www.manaus.am.gov.br\/implurb\/"},{"@type":"ListItem","position":2,"name":"Praia da Ponta Negra recebe cerquite para delimita\u00e7\u00e3o f\u00edsica da interdi\u00e7\u00e3o para o banho"}]},{"@type":"WebSite","@id":"https:\/\/www.manaus.am.gov.br\/implurb\/#website","url":"https:\/\/www.manaus.am.gov.br\/implurb\/","name":"IMPLURB","description":"Prefeitura de Manaus","potentialAction":[{"@type":"SearchAction","target":{"@type":"EntryPoint","urlTemplate":"https:\/\/www.manaus.am.gov.br\/implurb\/?s={search_term_string}"},"query-input":"required name=search_term_string"}],"inLanguage":"pt-BR"},{"@type":"Person","@id":"https:\/\/www.manaus.am.gov.br\/implurb\/#\/schema\/person\/4e49f4e267757a06ca072ec61b2b9968","name":"Adriana Costa","image":{"@type":"ImageObject","inLanguage":"pt-BR","@id":"https:\/\/www.manaus.am.gov.br\/implurb\/#\/schema\/person\/image\/","url":"https:\/\/secure.gravatar.com\/avatar\/576258617ef7194f718179e766d57bd4?s=96&d=mm&r=g","contentUrl":"https:\/\/secure.gravatar.com\/avatar\/576258617ef7194f718179e766d57bd4?s=96&d=mm&r=g","caption":"Adriana Costa"}}]}},"_links":{"self":[{"href":"https:\/\/www.manaus.am.gov.br\/implurb\/wp-json\/wp\/v2\/posts\/2558"}],"collection":[{"href":"https:\/\/www.manaus.am.gov.br\/implurb\/wp-json\/wp\/v2\/posts"}],"about":[{"href":"https:\/\/www.manaus.am.gov.br\/implurb\/wp-json\/wp\/v2\/types\/post"}],"author":[{"embeddable":true,"href":"https:\/\/www.manaus.am.gov.br\/implurb\/wp-json\/wp\/v2\/users\/23"}],"replies":[{"embeddable":true,"href":"https:\/\/www.manaus.am.gov.br\/implurb\/wp-json\/wp\/v2\/comments?post=2558"}],"version-history":[{"count":2,"href":"https:\/\/www.manaus.am.gov.br\/implurb\/wp-json\/wp\/v2\/posts\/2558\/revisions"}],"predecessor-version":[{"id":2812,"href":"https:\/\/www.manaus.am.gov.br\/implurb\/wp-json\/wp\/v2\/posts\/2558\/revisions\/2812"}],"wp:featuredmedia":[{"embeddable":true,"href":"https:\/\/www.manaus.am.gov.br\/implurb\/wp-json\/wp\/v2\/media\/2559"}],"wp:attachment":[{"href":"https:\/\/www.manaus.am.gov.br\/implurb\/wp-json\/wp\/v2\/media?parent=2558"}],"wp:term":[{"taxonomy":"category","embeddable":true,"href":"https:\/\/www.manaus.am.gov.br\/implurb\/wp-json\/wp\/v2\/categories?post=2558"},{"taxonomy":"post_tag","embeddable":true,"href":"https:\/\/www.manaus.am.gov.br\/implurb\/wp-json\/wp\/v2\/tags?post=2558"}],"curies":[{"name":"wp","href":"https:\/\/api.w.org\/{rel}","templated":true}]}}