{"id":2533,"date":"2023-10-03T20:43:40","date_gmt":"2023-10-04T00:43:40","guid":{"rendered":"https:\/\/www.manaus.am.gov.br\/implurb\/prefeito-vistoria-fase-final-das-obras-do-parque-amazonino-mendes\/"},"modified":"2023-10-04T08:54:54","modified_gmt":"2023-10-04T12:54:54","slug":"prefeito-vistoria-fase-final-das-obras-do-parque-amazonino-mendes","status":"publish","type":"post","link":"https:\/\/www.manaus.am.gov.br\/implurb\/prefeito-vistoria-fase-final-das-obras-do-parque-amazonino-mendes\/","title":{"rendered":"<strong>Prefeito vistoria fase final das obras do Parque Amazonino Mendes<\/strong>"},"content":{"rendered":"\n<p>O prefeito de Manaus, David Almeida, vistoriou, na noite desta ter\u00e7a-feira, 3\/10, a fase final das obras do parque Amazonino Mendes, localizado nas avenidas Isa\u00edas Vieiralves e Ol\u00edvia de Menezes Vieiralves, nos bairros Novo Aleixo e Tancredo Neves. A iniciativa \u00e9 parceria da atual gest\u00e3o municipal com o governo do Estado e busca transformar a realidade dos moradores das zonas mais populosas da cidade.<\/p>\n\n\n\n<p>A interven\u00e7\u00e3o da prefeitura vai dar para as zonas Norte e Leste uma \u00e1rea in\u00e9dita de lazer e turismo \u00e0 popula\u00e7\u00e3o, sendo o primeiro parque linear desta escala na capital. A primeira etapa ser\u00e1 entregue como parte das comemora\u00e7\u00f5es do anivers\u00e1rio de Manaus.<\/p>\n\n\n\n<p>\u201cEsta \u00e9 a primeira de tr\u00eas etapas do parque, e vamos entregar no anivers\u00e1rio de Manaus, dia 24 de outubro, com uma grande festa. \u00c9 um parque que as zonas Leste e Norte v\u00e3o ganhar e n\u00f3s estamos aqui conferindo o teste de luz, que est\u00e1 aprovado, e sem d\u00favida alguma \u00e9 um ganho para a vida social aqui da nossa cidade, especificamente nessas duas zonas\u201d, disse o prefeito.<\/p>\n\n\n\n<p>O parque linear tem projeto arquitet\u00f4nico do Instituto Municipal de Planejamento Urbano (Implurb). A etapa que ser\u00e1 inaugurada tem cerca de 1 quil\u00f4metro de extens\u00e3o, incluindo desde quiosques&nbsp;<em>gourmet, playground<\/em>, quadras esportivas, pista de caminhada, ciclovia, estacionamentos, academia ao ar livre, espa\u00e7o multiuso e&nbsp;<em>playpet<\/em>.<\/p>\n\n\n\n<figure class=\"wp-block-gallery has-nested-images columns-default is-cropped wp-block-gallery-1 is-layout-flex wp-block-gallery-is-layout-flex\">\n<figure class=\"wp-block-image size-large\"><img decoding=\"async\" data-id=\"2534\" src=\"https:\/\/www.manaus.am.gov.br\/implurb\/wp-content\/uploads\/sites\/13\/2023\/10\/WhatsApp-Image-2023-10-03-at-20.37.52-1024x682.jpeg\" alt=\"\" class=\"wp-image-2534\" \/><\/figure>\n<\/figure>\n\n\n\n<p>O Centro de Atendimento Psicossocial (CAPs), que ter\u00e1 626,20 metros quadrados de \u00e1rea constru\u00edda, tem a entrega prevista para dezembro. <\/p>\n\n\n\n<p>As outras etapas do parque incluem a constru\u00e7\u00e3o de cen\u00e1rios interativos tem\u00e1ticos, com rampas de escaladas, escorregadores, \u00e1rea molhada, entre outros, al\u00e9m da estrutura de um habitacional com 180 unidades, com previs\u00e3o de conclus\u00e3o para junho de 2024, tendo o projeto recebido ajustes ap\u00f3s sondagens e terraplenagem no terreno. O habitacional est\u00e1 dividido em tr\u00eas blocos distintos de cinco pavimentos cada, com vagas de estacionamento para carros e motos. Entre os blocos ser\u00e3o constru\u00eddas cal\u00e7adas arborizadas e mais playgrounds.<\/p>\n\n\n\n<p>\u201cAp\u00f3s a entrega da primeira etapa, n\u00f3s daremos continuidade \u00e0s pr\u00f3ximas etapas, como o residencial, e temos tamb\u00e9m a parte c\u00eanica do parque, e essas ser\u00e3o entregas que ficar\u00e3o para dezembro, e outra parte para o ano que vem\u201d, completou Almeida.<\/p>\n\n\n\n<p>&#8212; &#8212; &#8212;<\/p>\n\n\n\n<p><strong>Texto<\/strong>&nbsp;&#8211; Beathriz Torres \/ Semcom e Divulga\u00e7\u00e3o\/ Implurb<\/p>\n","protected":false},"excerpt":{"rendered":"","protected":false},"author":31,"featured_media":2535,"comment_status":"closed","ping_status":"closed","sticky":false,"template":"","format":"standard","meta":{"footnotes":""},"categories":[585],"tags":[46,47,586,49],"acf":[],"yoast_head":"<!-- This site is optimized with the Yoast SEO plugin v23.0 - https:\/\/yoast.com\/wordpress\/plugins\/seo\/ -->\n<title>Prefeito vistoria fase final das obras do Parque Amazonino Mendes - IMPLURB<\/title>\n<meta name=\"robots\" content=\"noindex, follow\" \/>\n<meta property=\"og:locale\" content=\"pt_BR\" \/>\n<meta property=\"og:type\" content=\"article\" \/>\n<meta property=\"og:title\" content=\"Prefeito vistoria fase final das obras do Parque Amazonino Mendes - IMPLURB\" \/>\n<meta property=\"og:url\" content=\"https:\/\/www.manaus.am.gov.br\/implurb\/prefeito-vistoria-fase-final-das-obras-do-parque-amazonino-mendes\/\" \/>\n<meta property=\"og:site_name\" content=\"IMPLURB\" \/>\n<meta property=\"article:published_time\" content=\"2023-10-04T00:43:40+00:00\" \/>\n<meta property=\"article:modified_time\" content=\"2023-10-04T12:54:54+00:00\" \/>\n<meta property=\"og:image\" content=\"https:\/\/www.manaus.am.gov.br\/implurb\/wp-content\/uploads\/sites\/13\/2023\/10\/WhatsApp-Image-2023-10-03-at-20.37.52-1.jpeg\" \/>\n\t<meta property=\"og:image:width\" content=\"1600\" \/>\n\t<meta property=\"og:image:height\" content=\"1066\" \/>\n\t<meta property=\"og:image:type\" content=\"image\/jpeg\" \/>\n<meta name=\"author\" content=\"Renata Felix\" \/>\n<meta name=\"twitter:card\" content=\"summary_large_image\" \/>\n<meta name=\"twitter:label1\" content=\"Written by\" \/>\n\t<meta name=\"twitter:data1\" content=\"Renata Felix\" \/>\n\t<meta name=\"twitter:label2\" content=\"Est. reading time\" \/>\n\t<meta name=\"twitter:data2\" content=\"3 minutos\" \/>\n<script type=\"application\/ld+json\" class=\"yoast-schema-graph\">{\"@context\":\"https:\/\/schema.org\",\"@graph\":[{\"@type\":\"WebPage\",\"@id\":\"https:\/\/www.manaus.am.gov.br\/implurb\/prefeito-vistoria-fase-final-das-obras-do-parque-amazonino-mendes\/\",\"url\":\"https:\/\/www.manaus.am.gov.br\/implurb\/prefeito-vistoria-fase-final-das-obras-do-parque-amazonino-mendes\/\",\"name\":\"Prefeito vistoria fase final das obras do Parque Amazonino Mendes - IMPLURB\",\"isPartOf\":{\"@id\":\"https:\/\/www.manaus.am.gov.br\/implurb\/#website\"},\"primaryImageOfPage\":{\"@id\":\"https:\/\/www.manaus.am.gov.br\/implurb\/prefeito-vistoria-fase-final-das-obras-do-parque-amazonino-mendes\/#primaryimage\"},\"image\":{\"@id\":\"https:\/\/www.manaus.am.gov.br\/implurb\/prefeito-vistoria-fase-final-das-obras-do-parque-amazonino-mendes\/#primaryimage\"},\"thumbnailUrl\":\"https:\/\/www.manaus.am.gov.br\/implurb\/wp-content\/uploads\/sites\/13\/2023\/10\/WhatsApp-Image-2023-10-03-at-20.37.52-1.jpeg\",\"datePublished\":\"2023-10-04T00:43:40+00:00\",\"dateModified\":\"2023-10-04T12:54:54+00:00\",\"author\":{\"@id\":\"https:\/\/www.manaus.am.gov.br\/implurb\/#\/schema\/person\/4eea2a8f78dc853097abb026f728aa06\"},\"breadcrumb\":{\"@id\":\"https:\/\/www.manaus.am.gov.br\/implurb\/prefeito-vistoria-fase-final-das-obras-do-parque-amazonino-mendes\/#breadcrumb\"},\"inLanguage\":\"pt-BR\",\"potentialAction\":[{\"@type\":\"ReadAction\",\"target\":[\"https:\/\/www.manaus.am.gov.br\/implurb\/prefeito-vistoria-fase-final-das-obras-do-parque-amazonino-mendes\/\"]}]},{\"@type\":\"ImageObject\",\"inLanguage\":\"pt-BR\",\"@id\":\"https:\/\/www.manaus.am.gov.br\/implurb\/prefeito-vistoria-fase-final-das-obras-do-parque-amazonino-mendes\/#primaryimage\",\"url\":\"https:\/\/www.manaus.am.gov.br\/implurb\/wp-content\/uploads\/sites\/13\/2023\/10\/WhatsApp-Image-2023-10-03-at-20.37.52-1.jpeg\",\"contentUrl\":\"https:\/\/www.manaus.am.gov.br\/implurb\/wp-content\/uploads\/sites\/13\/2023\/10\/WhatsApp-Image-2023-10-03-at-20.37.52-1.jpeg\",\"width\":1600,\"height\":1066},{\"@type\":\"BreadcrumbList\",\"@id\":\"https:\/\/www.manaus.am.gov.br\/implurb\/prefeito-vistoria-fase-final-das-obras-do-parque-amazonino-mendes\/#breadcrumb\",\"itemListElement\":[{\"@type\":\"ListItem\",\"position\":1,\"name\":\"Home\",\"item\":\"https:\/\/www.manaus.am.gov.br\/implurb\/\"},{\"@type\":\"ListItem\",\"position\":2,\"name\":\"Prefeito vistoria fase final das obras do Parque Amazonino Mendes\"}]},{\"@type\":\"WebSite\",\"@id\":\"https:\/\/www.manaus.am.gov.br\/implurb\/#website\",\"url\":\"https:\/\/www.manaus.am.gov.br\/implurb\/\",\"name\":\"IMPLURB\",\"description\":\"Prefeitura de Manaus\",\"potentialAction\":[{\"@type\":\"SearchAction\",\"target\":{\"@type\":\"EntryPoint\",\"urlTemplate\":\"https:\/\/www.manaus.am.gov.br\/implurb\/?s={search_term_string}\"},\"query-input\":\"required name=search_term_string\"}],\"inLanguage\":\"pt-BR\"},{\"@type\":\"Person\",\"@id\":\"https:\/\/www.manaus.am.gov.br\/implurb\/#\/schema\/person\/4eea2a8f78dc853097abb026f728aa06\",\"name\":\"Renata Felix\",\"image\":{\"@type\":\"ImageObject\",\"inLanguage\":\"pt-BR\",\"@id\":\"https:\/\/www.manaus.am.gov.br\/implurb\/#\/schema\/person\/image\/\",\"url\":\"https:\/\/secure.gravatar.com\/avatar\/3c196cf9d3b837b24c8edb2c50fd8f29?s=96&d=mm&r=g\",\"contentUrl\":\"https:\/\/secure.gravatar.com\/avatar\/3c196cf9d3b837b24c8edb2c50fd8f29?s=96&d=mm&r=g\",\"caption\":\"Renata Felix\"}}]}<\/script>\n<!-- \/ Yoast SEO plugin. -->","yoast_head_json":{"title":"Prefeito vistoria fase final das obras do Parque Amazonino Mendes - IMPLURB","robots":{"index":"noindex","follow":"follow"},"og_locale":"pt_BR","og_type":"article","og_title":"Prefeito vistoria fase final das obras do Parque Amazonino Mendes - IMPLURB","og_url":"https:\/\/www.manaus.am.gov.br\/implurb\/prefeito-vistoria-fase-final-das-obras-do-parque-amazonino-mendes\/","og_site_name":"IMPLURB","article_published_time":"2023-10-04T00:43:40+00:00","article_modified_time":"2023-10-04T12:54:54+00:00","og_image":[{"width":1600,"height":1066,"url":"https:\/\/www.manaus.am.gov.br\/implurb\/wp-content\/uploads\/sites\/13\/2023\/10\/WhatsApp-Image-2023-10-03-at-20.37.52-1.jpeg","type":"image\/jpeg"}],"author":"Renata Felix","twitter_card":"summary_large_image","twitter_misc":{"Written by":"Renata Felix","Est. reading time":"3 minutos"},"schema":{"@context":"https:\/\/schema.org","@graph":[{"@type":"WebPage","@id":"https:\/\/www.manaus.am.gov.br\/implurb\/prefeito-vistoria-fase-final-das-obras-do-parque-amazonino-mendes\/","url":"https:\/\/www.manaus.am.gov.br\/implurb\/prefeito-vistoria-fase-final-das-obras-do-parque-amazonino-mendes\/","name":"Prefeito vistoria fase final das obras do Parque Amazonino Mendes - IMPLURB","isPartOf":{"@id":"https:\/\/www.manaus.am.gov.br\/implurb\/#website"},"primaryImageOfPage":{"@id":"https:\/\/www.manaus.am.gov.br\/implurb\/prefeito-vistoria-fase-final-das-obras-do-parque-amazonino-mendes\/#primaryimage"},"image":{"@id":"https:\/\/www.manaus.am.gov.br\/implurb\/prefeito-vistoria-fase-final-das-obras-do-parque-amazonino-mendes\/#primaryimage"},"thumbnailUrl":"https:\/\/www.manaus.am.gov.br\/implurb\/wp-content\/uploads\/sites\/13\/2023\/10\/WhatsApp-Image-2023-10-03-at-20.37.52-1.jpeg","datePublished":"2023-10-04T00:43:40+00:00","dateModified":"2023-10-04T12:54:54+00:00","author":{"@id":"https:\/\/www.manaus.am.gov.br\/implurb\/#\/schema\/person\/4eea2a8f78dc853097abb026f728aa06"},"breadcrumb":{"@id":"https:\/\/www.manaus.am.gov.br\/implurb\/prefeito-vistoria-fase-final-das-obras-do-parque-amazonino-mendes\/#breadcrumb"},"inLanguage":"pt-BR","potentialAction":[{"@type":"ReadAction","target":["https:\/\/www.manaus.am.gov.br\/implurb\/prefeito-vistoria-fase-final-das-obras-do-parque-amazonino-mendes\/"]}]},{"@type":"ImageObject","inLanguage":"pt-BR","@id":"https:\/\/www.manaus.am.gov.br\/implurb\/prefeito-vistoria-fase-final-das-obras-do-parque-amazonino-mendes\/#primaryimage","url":"https:\/\/www.manaus.am.gov.br\/implurb\/wp-content\/uploads\/sites\/13\/2023\/10\/WhatsApp-Image-2023-10-03-at-20.37.52-1.jpeg","contentUrl":"https:\/\/www.manaus.am.gov.br\/implurb\/wp-content\/uploads\/sites\/13\/2023\/10\/WhatsApp-Image-2023-10-03-at-20.37.52-1.jpeg","width":1600,"height":1066},{"@type":"BreadcrumbList","@id":"https:\/\/www.manaus.am.gov.br\/implurb\/prefeito-vistoria-fase-final-das-obras-do-parque-amazonino-mendes\/#breadcrumb","itemListElement":[{"@type":"ListItem","position":1,"name":"Home","item":"https:\/\/www.manaus.am.gov.br\/implurb\/"},{"@type":"ListItem","position":2,"name":"Prefeito vistoria fase final das obras do Parque Amazonino Mendes"}]},{"@type":"WebSite","@id":"https:\/\/www.manaus.am.gov.br\/implurb\/#website","url":"https:\/\/www.manaus.am.gov.br\/implurb\/","name":"IMPLURB","description":"Prefeitura de Manaus","potentialAction":[{"@type":"SearchAction","target":{"@type":"EntryPoint","urlTemplate":"https:\/\/www.manaus.am.gov.br\/implurb\/?s={search_term_string}"},"query-input":"required name=search_term_string"}],"inLanguage":"pt-BR"},{"@type":"Person","@id":"https:\/\/www.manaus.am.gov.br\/implurb\/#\/schema\/person\/4eea2a8f78dc853097abb026f728aa06","name":"Renata Felix","image":{"@type":"ImageObject","inLanguage":"pt-BR","@id":"https:\/\/www.manaus.am.gov.br\/implurb\/#\/schema\/person\/image\/","url":"https:\/\/secure.gravatar.com\/avatar\/3c196cf9d3b837b24c8edb2c50fd8f29?s=96&d=mm&r=g","contentUrl":"https:\/\/secure.gravatar.com\/avatar\/3c196cf9d3b837b24c8edb2c50fd8f29?s=96&d=mm&r=g","caption":"Renata Felix"}}]}},"_links":{"self":[{"href":"https:\/\/www.manaus.am.gov.br\/implurb\/wp-json\/wp\/v2\/posts\/2533"}],"collection":[{"href":"https:\/\/www.manaus.am.gov.br\/implurb\/wp-json\/wp\/v2\/posts"}],"about":[{"href":"https:\/\/www.manaus.am.gov.br\/implurb\/wp-json\/wp\/v2\/types\/post"}],"author":[{"embeddable":true,"href":"https:\/\/www.manaus.am.gov.br\/implurb\/wp-json\/wp\/v2\/users\/31"}],"replies":[{"embeddable":true,"href":"https:\/\/www.manaus.am.gov.br\/implurb\/wp-json\/wp\/v2\/comments?post=2533"}],"version-history":[{"count":3,"href":"https:\/\/www.manaus.am.gov.br\/implurb\/wp-json\/wp\/v2\/posts\/2533\/revisions"}],"predecessor-version":[{"id":2538,"href":"https:\/\/www.manaus.am.gov.br\/implurb\/wp-json\/wp\/v2\/posts\/2533\/revisions\/2538"}],"wp:featuredmedia":[{"embeddable":true,"href":"https:\/\/www.manaus.am.gov.br\/implurb\/wp-json\/wp\/v2\/media\/2535"}],"wp:attachment":[{"href":"https:\/\/www.manaus.am.gov.br\/implurb\/wp-json\/wp\/v2\/media?parent=2533"}],"wp:term":[{"taxonomy":"category","embeddable":true,"href":"https:\/\/www.manaus.am.gov.br\/implurb\/wp-json\/wp\/v2\/categories?post=2533"},{"taxonomy":"post_tag","embeddable":true,"href":"https:\/\/www.manaus.am.gov.br\/implurb\/wp-json\/wp\/v2\/tags?post=2533"}],"curies":[{"name":"wp","href":"https:\/\/api.w.org\/{rel}","templated":true}]}}