{"id":2526,"date":"2023-10-03T10:59:53","date_gmt":"2023-10-03T14:59:53","guid":{"rendered":"https:\/\/www.manaus.am.gov.br\/implurb\/casario-ecletico-se-soma-ao-roteiro-de-educacao-patrimonial-do-vivendo-o-nosso-centro\/"},"modified":"2023-10-03T10:59:54","modified_gmt":"2023-10-03T14:59:54","slug":"casario-ecletico-se-soma-ao-roteiro-de-educacao-patrimonial-do-vivendo-o-nosso-centro","status":"publish","type":"post","link":"https:\/\/www.manaus.am.gov.br\/implurb\/casario-ecletico-se-soma-ao-roteiro-de-educacao-patrimonial-do-vivendo-o-nosso-centro\/","title":{"rendered":"<strong>Casario ecl\u00e9tico se soma ao roteiro de educa\u00e7\u00e3o patrimonial do \u2018Vivendo o Nosso Centro\u2019<\/strong>"},"content":{"rendered":"\n<p>O \u201cVivendo o Nosso Centro\u201d, dentro do programa da Prefeitura de Manaus, \u00e9 um circuito de educa\u00e7\u00e3o patrimonial, cultural e arquitet\u00f4nica, lan\u00e7ado desde agosto, e que ter\u00e1 mais quatro visitas at\u00e9 novembro, sendo o pr\u00f3ximo\u00a0<em>tour<\/em>\u00a0no dia 14 de outubro, no centro hist\u00f3rico da cidade. Ainda ter\u00e3o roteiros nos dias 28 de outubro e nas datas de 11 e 25 de novembro, sempre aos s\u00e1bados, das 8h30 \u00e0s 11h30.<\/p>\n\n\n\n<p>E, agora, o circuito conta com uma parada adicional em um casario que foi totalmente reformado e recuperado, a sede da superintend\u00eancia estadual do&nbsp;Instituto do Patrim\u00f4nio Hist\u00f3rico e Art\u00edstico Nacional (Iphan), localizada nos n\u00fameros 13 a 17 da Travessa Dr. Vivaldo Lima, na \u00e1rea portu\u00e1ria da capital.<\/p>\n\n\n\n<p>\u201cA educa\u00e7\u00e3o patrimonial e o fato de estarmos convidando a sociedade em geral a conhecer, enquanto estamos em execu\u00e7\u00e3o das obras, tem o valor n\u00e3o s\u00f3 do pertencimento, mas \u00e9 uma oportunidade para o p\u00fablico ter contato com os espa\u00e7os, com a conserva\u00e7\u00e3o, valoriza\u00e7\u00e3o e preserva\u00e7\u00e3o do patrim\u00f4nio urbano existente\u201d, comentou a gerente de Patrim\u00f4nio Hist\u00f3rico (GPH), do Instituto Municipal de Planejamento Urbano (Implurb), arquiteta e urbanista&nbsp;Melissa&nbsp;Toledo.<\/p>\n\n\n\n<p>O circuito passa por edifica\u00e7\u00f5es, bens tombados, pra\u00e7as e ruas, em um&nbsp;<em>tour<\/em>&nbsp;montado por t\u00e9cnicos do&nbsp;Implurb, com apoio da Funda\u00e7\u00e3o Municipal de Cultura, Turismo e Eventos (Manauscult), da Secretaria Municipal do Trabalho, Empreendedorismo e Inova\u00e7\u00e3o (Semtepi), e da Comiss\u00e3o T\u00e9cnica para Implementa\u00e7\u00e3o e Revitaliza\u00e7\u00e3o do Centro Hist\u00f3rico de Manaus.<\/p>\n\n\n\n<p><strong>Patrim\u00f4nio<\/strong><\/p>\n\n\n\n<p>Novo ponto do \u201cVivendo o Nosso Centro\u201d, o casario foi constru\u00eddo no final do s\u00e9culo 19, funcionando, originalmente, como&nbsp;resid\u00eancia nos pavimentos superiores, e oficina mec\u00e2nica e fundi\u00e7\u00e3o a vapor, no t\u00e9rreo. De arquitetura ecl\u00e9tica, a edifica\u00e7\u00e3o \u00e9 prova viva do que vivenciou a cidade no seu auge cultural, econ\u00f4mico e social em virtude da produ\u00e7\u00e3o e exporta\u00e7\u00e3o da borracha.<\/p>\n\n\n\n<p>\u00c0 \u00e9poca, a arquitetura manauara, financiada pela riqueza da borracha, produziu uma s\u00e9rie de exemplares ricos em qualidade arquitet\u00f4nica, al\u00e9m de serem tamb\u00e9m tecnicamente bem elaborados.<\/p>\n\n\n\n<p>O edif\u00edcio-sede do Iphan \u00e9 um marco na paisagem urbana da regi\u00e3o portu\u00e1ria. Com caracter\u00edsticas do ecletismo, \u00e9 um exemplar de uma arquitetura influenciada pelo modelo de chal\u00e9s, muito em voga no final do s\u00e9culo 19. O termo chal\u00e9, ou&nbsp;<em>chalet<\/em>, seria o afrancesamento da palavra latina <em>casella<\/em>, cujo significado \u00e9 \u201ccasinha\u201d, e representa um tipo de constru\u00e7\u00e3o origin\u00e1ria da Turquia, que foi introduzido no norte da Europa e, sobretudo, nos Alpes como resid\u00eancia camponesa no s\u00e9culo 17. No s\u00e9culo 19, o chal\u00e9 tornou-se uma op\u00e7\u00e3o residencial permanente para as classes m\u00e9dia e alta.<\/p>\n\n\n\n<p>Para a superintendente regional do&nbsp;Iphan-AM, a historiadora Beatriz Calheiro, \u00e9 uma felicidade atender a um chamado do p\u00fablico, a partir das visitas do &#8220;Nosso Centro&#8221;, que estimularam a abertura do casario aos s\u00e1bados, quando tiver a a\u00e7\u00e3o da prefeitura. \u201cAqui temos essa casa do patrim\u00f4nio, que est\u00e1 recebendo uma exposi\u00e7\u00e3o, a &#8216;Ch\u00e3o Velho&#8217;, com fotografias de pisos com ladrilhos hidr\u00e1ulicos, interativa. E toda essa movimenta\u00e7\u00e3o do programa permite que possamos ter a\u00e7\u00f5es concretas, devolvendo \u00e0 comunidade o acesso ao patrim\u00f4nio cultural e material\u201d, comentou Beatriz.<\/p>\n\n\n\n<p><strong>Circuito<\/strong><\/p>\n\n\n\n<p>O circuito \u201cVivendo o Nosso Centro\u201d inicia na pra\u00e7a Dom Pedro II, seguindo para o Museu da Cidade de Manaus (Muma), no pa\u00e7o da Liberdade, e rua Bernardo Ramos. Na sequ\u00eancia, o grupo&nbsp;faz uma passagem pelas obras do &#8220;Nosso Centro&#8221;, lan\u00e7adas pelo prefeito David Almeida, que ser\u00e3o entregues em dezembro deste ano: mirante L\u00facia Almeida, casar\u00e3o Thiago de Mello e largo de S\u00e3o Vicente. O&nbsp;<em>tour<\/em>&nbsp;segue pela travessa Carolina e para o Pal\u00e1cio Rio Branco, finalizando na sede do Iphan-AM.<\/p>\n\n\n\n<p>A participa\u00e7\u00e3o \u00e9 feita mediante inscri\u00e7\u00e3o pr\u00e9via e gratuita.&nbsp;Para os interessados em participar do programa, a equipe da Ger\u00eancia de Patrim\u00f4nio Hist\u00f3rico (GPH) faz a divulga\u00e7\u00e3o dez dias antes de cada s\u00e1bado, do&nbsp;<em>link<\/em>&nbsp;para inscri\u00e7\u00f5es. O pr\u00f3ximo&nbsp;<em>link<\/em>, para a visita do dia 14 de outubro, ser\u00e1 divulgado no Instagram do&nbsp;Implurb&nbsp;nesta quarta-feira (4\/10), \u00e0s 12h.<\/p>\n\n\n\n<p><strong>Centro<\/strong><\/p>\n\n\n\n<p>O&nbsp;Centro&nbsp;Hist\u00f3rico de Manaus \u00e9 tombado pelo Iphan desde 2012,&nbsp;segundo o qual&nbsp;apresenta uma por\u00e7\u00e3o urbana formada por edifica\u00e7\u00f5es&nbsp;do per\u00edodo \u00e1ureo mesclada&nbsp;a edif\u00edcios modernos. Sua \u00e1rea tombada representa um dos maiores testemunhos de uma fase econ\u00f4mica \u00edmpar no Brasil: o per\u00edodo da borracha.<\/p>\n\n\n\n<p><strong>Pr\u00f3ximas datas (sempre aos s\u00e1bados)<\/strong><\/p>\n\n\n\n<p>14 de outubro<\/p>\n\n\n\n<p>28 de outubro<\/p>\n\n\n\n<p>11 de novembro<\/p>\n\n\n\n<p>25 de novembro<\/p>\n\n\n\n<p>&#8212; &#8212; &#8212;<\/p>\n\n\n\n<p><strong>Texto<\/strong>&nbsp;\u2013 Claudia do Valle \/ Implurb<\/p>\n\n\n\n<p><strong>Fotos<\/strong>&nbsp;&#8211; Jo\u00e3o Viana\/ Semcom e Divulga\u00e7\u00e3o<\/p>\n\n\n\n<p><strong>Dispon\u00edveis em &#8211;<\/strong>&nbsp;<a href=\"https:\/\/flic.kr\/s\/aHBqjAWGfj\" target=\"_blank\" rel=\"noreferrer noopener\">https:\/\/flic.kr\/s\/aHBqjAWGfj<\/a><\/p>\n","protected":false},"excerpt":{"rendered":"","protected":false},"author":23,"featured_media":2527,"comment_status":"closed","ping_status":"closed","sticky":false,"template":"","format":"standard","meta":{"footnotes":""},"categories":[17],"tags":[11,15,300],"acf":[],"yoast_head":"<!-- This site is optimized with the Yoast SEO plugin v23.0 - https:\/\/yoast.com\/wordpress\/plugins\/seo\/ -->\n<title>Casario ecl\u00e9tico se soma ao roteiro de educa\u00e7\u00e3o patrimonial do \u2018Vivendo o Nosso Centro\u2019<\/title>\n<meta name=\"description\" content=\"O \u201cVivendo o Nosso Centro\u201d, dentro do programa da Prefeitura de Manaus, \u00e9 um circuito de educa\u00e7\u00e3o patrimonial, cultural e arquitet\u00f4nica, lan\u00e7ado desde agosto, e que ter\u00e1 mais quatro visitas at\u00e9 novembro, sendo o pr\u00f3ximo\u00a0tour\u00a0no dia 14 de outubro. Ainda ter\u00e3o roteiros nos dias 28 de outubro e nas datas de 11 e 25 de novembro, sempre aos s\u00e1bados, das 8h30 \u00e0s 11h30.\" \/>\n<meta name=\"robots\" content=\"noindex, follow\" \/>\n<meta property=\"og:locale\" content=\"pt_BR\" \/>\n<meta property=\"og:type\" content=\"article\" \/>\n<meta property=\"og:title\" content=\"Casario ecl\u00e9tico se soma ao roteiro de educa\u00e7\u00e3o patrimonial do \u2018Vivendo o Nosso Centro\u2019\" \/>\n<meta property=\"og:description\" content=\"O \u201cVivendo o Nosso Centro\u201d, dentro do programa da Prefeitura de Manaus, \u00e9 um circuito de educa\u00e7\u00e3o patrimonial, cultural e arquitet\u00f4nica, lan\u00e7ado desde agosto, e que ter\u00e1 mais quatro visitas at\u00e9 novembro, sendo o pr\u00f3ximo\u00a0tour\u00a0no dia 14 de outubro. Ainda ter\u00e3o roteiros nos dias 28 de outubro e nas datas de 11 e 25 de novembro, sempre aos s\u00e1bados, das 8h30 \u00e0s 11h30.\" \/>\n<meta property=\"og:url\" content=\"https:\/\/www.manaus.am.gov.br\/implurb\/casario-ecletico-se-soma-ao-roteiro-de-educacao-patrimonial-do-vivendo-o-nosso-centro\/\" \/>\n<meta property=\"og:site_name\" content=\"IMPLURB\" \/>\n<meta property=\"article:published_time\" content=\"2023-10-03T14:59:53+00:00\" \/>\n<meta property=\"article:modified_time\" content=\"2023-10-03T14:59:54+00:00\" \/>\n<meta property=\"og:image\" content=\"https:\/\/www.manaus.am.gov.br\/implurb\/wp-content\/uploads\/sites\/13\/2023\/10\/53224521709_7d2a0be5fd_c.jpg\" \/>\n\t<meta property=\"og:image:width\" content=\"799\" \/>\n\t<meta property=\"og:image:height\" content=\"533\" \/>\n\t<meta property=\"og:image:type\" content=\"image\/jpeg\" \/>\n<meta name=\"author\" content=\"Adriana Costa\" \/>\n<meta name=\"twitter:card\" content=\"summary_large_image\" \/>\n<meta name=\"twitter:label1\" content=\"Written by\" \/>\n\t<meta name=\"twitter:data1\" content=\"Adriana Costa\" \/>\n\t<meta name=\"twitter:label2\" content=\"Est. reading time\" \/>\n\t<meta name=\"twitter:data2\" content=\"5 minutos\" \/>\n<script type=\"application\/ld+json\" class=\"yoast-schema-graph\">{\"@context\":\"https:\/\/schema.org\",\"@graph\":[{\"@type\":\"WebPage\",\"@id\":\"https:\/\/www.manaus.am.gov.br\/implurb\/casario-ecletico-se-soma-ao-roteiro-de-educacao-patrimonial-do-vivendo-o-nosso-centro\/\",\"url\":\"https:\/\/www.manaus.am.gov.br\/implurb\/casario-ecletico-se-soma-ao-roteiro-de-educacao-patrimonial-do-vivendo-o-nosso-centro\/\",\"name\":\"Casario ecl\u00e9tico se soma ao roteiro de educa\u00e7\u00e3o patrimonial do \u2018Vivendo o Nosso Centro\u2019\",\"isPartOf\":{\"@id\":\"https:\/\/www.manaus.am.gov.br\/implurb\/#website\"},\"primaryImageOfPage\":{\"@id\":\"https:\/\/www.manaus.am.gov.br\/implurb\/casario-ecletico-se-soma-ao-roteiro-de-educacao-patrimonial-do-vivendo-o-nosso-centro\/#primaryimage\"},\"image\":{\"@id\":\"https:\/\/www.manaus.am.gov.br\/implurb\/casario-ecletico-se-soma-ao-roteiro-de-educacao-patrimonial-do-vivendo-o-nosso-centro\/#primaryimage\"},\"thumbnailUrl\":\"https:\/\/www.manaus.am.gov.br\/implurb\/wp-content\/uploads\/sites\/13\/2023\/10\/53224521709_7d2a0be5fd_c.jpg\",\"datePublished\":\"2023-10-03T14:59:53+00:00\",\"dateModified\":\"2023-10-03T14:59:54+00:00\",\"author\":{\"@id\":\"https:\/\/www.manaus.am.gov.br\/implurb\/#\/schema\/person\/4e49f4e267757a06ca072ec61b2b9968\"},\"description\":\"O \u201cVivendo o Nosso Centro\u201d, dentro do programa da Prefeitura de Manaus, \u00e9 um circuito de educa\u00e7\u00e3o patrimonial, cultural e arquitet\u00f4nica, lan\u00e7ado desde agosto, e que ter\u00e1 mais quatro visitas at\u00e9 novembro, sendo o pr\u00f3ximo\u00a0tour\u00a0no dia 14 de outubro. Ainda ter\u00e3o roteiros nos dias 28 de outubro e nas datas de 11 e 25 de novembro, sempre aos s\u00e1bados, das 8h30 \u00e0s 11h30.\",\"breadcrumb\":{\"@id\":\"https:\/\/www.manaus.am.gov.br\/implurb\/casario-ecletico-se-soma-ao-roteiro-de-educacao-patrimonial-do-vivendo-o-nosso-centro\/#breadcrumb\"},\"inLanguage\":\"pt-BR\",\"potentialAction\":[{\"@type\":\"ReadAction\",\"target\":[\"https:\/\/www.manaus.am.gov.br\/implurb\/casario-ecletico-se-soma-ao-roteiro-de-educacao-patrimonial-do-vivendo-o-nosso-centro\/\"]}]},{\"@type\":\"ImageObject\",\"inLanguage\":\"pt-BR\",\"@id\":\"https:\/\/www.manaus.am.gov.br\/implurb\/casario-ecletico-se-soma-ao-roteiro-de-educacao-patrimonial-do-vivendo-o-nosso-centro\/#primaryimage\",\"url\":\"https:\/\/www.manaus.am.gov.br\/implurb\/wp-content\/uploads\/sites\/13\/2023\/10\/53224521709_7d2a0be5fd_c.jpg\",\"contentUrl\":\"https:\/\/www.manaus.am.gov.br\/implurb\/wp-content\/uploads\/sites\/13\/2023\/10\/53224521709_7d2a0be5fd_c.jpg\",\"width\":799,\"height\":533},{\"@type\":\"BreadcrumbList\",\"@id\":\"https:\/\/www.manaus.am.gov.br\/implurb\/casario-ecletico-se-soma-ao-roteiro-de-educacao-patrimonial-do-vivendo-o-nosso-centro\/#breadcrumb\",\"itemListElement\":[{\"@type\":\"ListItem\",\"position\":1,\"name\":\"Home\",\"item\":\"https:\/\/www.manaus.am.gov.br\/implurb\/\"},{\"@type\":\"ListItem\",\"position\":2,\"name\":\"Casario ecl\u00e9tico se soma ao roteiro de educa\u00e7\u00e3o patrimonial do \u2018Vivendo o Nosso Centro\u2019\"}]},{\"@type\":\"WebSite\",\"@id\":\"https:\/\/www.manaus.am.gov.br\/implurb\/#website\",\"url\":\"https:\/\/www.manaus.am.gov.br\/implurb\/\",\"name\":\"IMPLURB\",\"description\":\"Prefeitura de Manaus\",\"potentialAction\":[{\"@type\":\"SearchAction\",\"target\":{\"@type\":\"EntryPoint\",\"urlTemplate\":\"https:\/\/www.manaus.am.gov.br\/implurb\/?s={search_term_string}\"},\"query-input\":\"required name=search_term_string\"}],\"inLanguage\":\"pt-BR\"},{\"@type\":\"Person\",\"@id\":\"https:\/\/www.manaus.am.gov.br\/implurb\/#\/schema\/person\/4e49f4e267757a06ca072ec61b2b9968\",\"name\":\"Adriana Costa\",\"image\":{\"@type\":\"ImageObject\",\"inLanguage\":\"pt-BR\",\"@id\":\"https:\/\/www.manaus.am.gov.br\/implurb\/#\/schema\/person\/image\/\",\"url\":\"https:\/\/secure.gravatar.com\/avatar\/576258617ef7194f718179e766d57bd4?s=96&d=mm&r=g\",\"contentUrl\":\"https:\/\/secure.gravatar.com\/avatar\/576258617ef7194f718179e766d57bd4?s=96&d=mm&r=g\",\"caption\":\"Adriana Costa\"}}]}<\/script>\n<!-- \/ Yoast SEO plugin. -->","yoast_head_json":{"title":"Casario ecl\u00e9tico se soma ao roteiro de educa\u00e7\u00e3o patrimonial do \u2018Vivendo o Nosso Centro\u2019","description":"O \u201cVivendo o Nosso Centro\u201d, dentro do programa da Prefeitura de Manaus, \u00e9 um circuito de educa\u00e7\u00e3o patrimonial, cultural e arquitet\u00f4nica, lan\u00e7ado desde agosto, e que ter\u00e1 mais quatro visitas at\u00e9 novembro, sendo o pr\u00f3ximo\u00a0tour\u00a0no dia 14 de outubro. Ainda ter\u00e3o roteiros nos dias 28 de outubro e nas datas de 11 e 25 de novembro, sempre aos s\u00e1bados, das 8h30 \u00e0s 11h30.","robots":{"index":"noindex","follow":"follow"},"og_locale":"pt_BR","og_type":"article","og_title":"Casario ecl\u00e9tico se soma ao roteiro de educa\u00e7\u00e3o patrimonial do \u2018Vivendo o Nosso Centro\u2019","og_description":"O \u201cVivendo o Nosso Centro\u201d, dentro do programa da Prefeitura de Manaus, \u00e9 um circuito de educa\u00e7\u00e3o patrimonial, cultural e arquitet\u00f4nica, lan\u00e7ado desde agosto, e que ter\u00e1 mais quatro visitas at\u00e9 novembro, sendo o pr\u00f3ximo\u00a0tour\u00a0no dia 14 de outubro. Ainda ter\u00e3o roteiros nos dias 28 de outubro e nas datas de 11 e 25 de novembro, sempre aos s\u00e1bados, das 8h30 \u00e0s 11h30.","og_url":"https:\/\/www.manaus.am.gov.br\/implurb\/casario-ecletico-se-soma-ao-roteiro-de-educacao-patrimonial-do-vivendo-o-nosso-centro\/","og_site_name":"IMPLURB","article_published_time":"2023-10-03T14:59:53+00:00","article_modified_time":"2023-10-03T14:59:54+00:00","og_image":[{"width":799,"height":533,"url":"https:\/\/www.manaus.am.gov.br\/implurb\/wp-content\/uploads\/sites\/13\/2023\/10\/53224521709_7d2a0be5fd_c.jpg","type":"image\/jpeg"}],"author":"Adriana Costa","twitter_card":"summary_large_image","twitter_misc":{"Written by":"Adriana Costa","Est. reading time":"5 minutos"},"schema":{"@context":"https:\/\/schema.org","@graph":[{"@type":"WebPage","@id":"https:\/\/www.manaus.am.gov.br\/implurb\/casario-ecletico-se-soma-ao-roteiro-de-educacao-patrimonial-do-vivendo-o-nosso-centro\/","url":"https:\/\/www.manaus.am.gov.br\/implurb\/casario-ecletico-se-soma-ao-roteiro-de-educacao-patrimonial-do-vivendo-o-nosso-centro\/","name":"Casario ecl\u00e9tico se soma ao roteiro de educa\u00e7\u00e3o patrimonial do \u2018Vivendo o Nosso Centro\u2019","isPartOf":{"@id":"https:\/\/www.manaus.am.gov.br\/implurb\/#website"},"primaryImageOfPage":{"@id":"https:\/\/www.manaus.am.gov.br\/implurb\/casario-ecletico-se-soma-ao-roteiro-de-educacao-patrimonial-do-vivendo-o-nosso-centro\/#primaryimage"},"image":{"@id":"https:\/\/www.manaus.am.gov.br\/implurb\/casario-ecletico-se-soma-ao-roteiro-de-educacao-patrimonial-do-vivendo-o-nosso-centro\/#primaryimage"},"thumbnailUrl":"https:\/\/www.manaus.am.gov.br\/implurb\/wp-content\/uploads\/sites\/13\/2023\/10\/53224521709_7d2a0be5fd_c.jpg","datePublished":"2023-10-03T14:59:53+00:00","dateModified":"2023-10-03T14:59:54+00:00","author":{"@id":"https:\/\/www.manaus.am.gov.br\/implurb\/#\/schema\/person\/4e49f4e267757a06ca072ec61b2b9968"},"description":"O \u201cVivendo o Nosso Centro\u201d, dentro do programa da Prefeitura de Manaus, \u00e9 um circuito de educa\u00e7\u00e3o patrimonial, cultural e arquitet\u00f4nica, lan\u00e7ado desde agosto, e que ter\u00e1 mais quatro visitas at\u00e9 novembro, sendo o pr\u00f3ximo\u00a0tour\u00a0no dia 14 de outubro. Ainda ter\u00e3o roteiros nos dias 28 de outubro e nas datas de 11 e 25 de novembro, sempre aos s\u00e1bados, das 8h30 \u00e0s 11h30.","breadcrumb":{"@id":"https:\/\/www.manaus.am.gov.br\/implurb\/casario-ecletico-se-soma-ao-roteiro-de-educacao-patrimonial-do-vivendo-o-nosso-centro\/#breadcrumb"},"inLanguage":"pt-BR","potentialAction":[{"@type":"ReadAction","target":["https:\/\/www.manaus.am.gov.br\/implurb\/casario-ecletico-se-soma-ao-roteiro-de-educacao-patrimonial-do-vivendo-o-nosso-centro\/"]}]},{"@type":"ImageObject","inLanguage":"pt-BR","@id":"https:\/\/www.manaus.am.gov.br\/implurb\/casario-ecletico-se-soma-ao-roteiro-de-educacao-patrimonial-do-vivendo-o-nosso-centro\/#primaryimage","url":"https:\/\/www.manaus.am.gov.br\/implurb\/wp-content\/uploads\/sites\/13\/2023\/10\/53224521709_7d2a0be5fd_c.jpg","contentUrl":"https:\/\/www.manaus.am.gov.br\/implurb\/wp-content\/uploads\/sites\/13\/2023\/10\/53224521709_7d2a0be5fd_c.jpg","width":799,"height":533},{"@type":"BreadcrumbList","@id":"https:\/\/www.manaus.am.gov.br\/implurb\/casario-ecletico-se-soma-ao-roteiro-de-educacao-patrimonial-do-vivendo-o-nosso-centro\/#breadcrumb","itemListElement":[{"@type":"ListItem","position":1,"name":"Home","item":"https:\/\/www.manaus.am.gov.br\/implurb\/"},{"@type":"ListItem","position":2,"name":"Casario ecl\u00e9tico se soma ao roteiro de educa\u00e7\u00e3o patrimonial do \u2018Vivendo o Nosso Centro\u2019"}]},{"@type":"WebSite","@id":"https:\/\/www.manaus.am.gov.br\/implurb\/#website","url":"https:\/\/www.manaus.am.gov.br\/implurb\/","name":"IMPLURB","description":"Prefeitura de Manaus","potentialAction":[{"@type":"SearchAction","target":{"@type":"EntryPoint","urlTemplate":"https:\/\/www.manaus.am.gov.br\/implurb\/?s={search_term_string}"},"query-input":"required name=search_term_string"}],"inLanguage":"pt-BR"},{"@type":"Person","@id":"https:\/\/www.manaus.am.gov.br\/implurb\/#\/schema\/person\/4e49f4e267757a06ca072ec61b2b9968","name":"Adriana Costa","image":{"@type":"ImageObject","inLanguage":"pt-BR","@id":"https:\/\/www.manaus.am.gov.br\/implurb\/#\/schema\/person\/image\/","url":"https:\/\/secure.gravatar.com\/avatar\/576258617ef7194f718179e766d57bd4?s=96&d=mm&r=g","contentUrl":"https:\/\/secure.gravatar.com\/avatar\/576258617ef7194f718179e766d57bd4?s=96&d=mm&r=g","caption":"Adriana Costa"}}]}},"_links":{"self":[{"href":"https:\/\/www.manaus.am.gov.br\/implurb\/wp-json\/wp\/v2\/posts\/2526"}],"collection":[{"href":"https:\/\/www.manaus.am.gov.br\/implurb\/wp-json\/wp\/v2\/posts"}],"about":[{"href":"https:\/\/www.manaus.am.gov.br\/implurb\/wp-json\/wp\/v2\/types\/post"}],"author":[{"embeddable":true,"href":"https:\/\/www.manaus.am.gov.br\/implurb\/wp-json\/wp\/v2\/users\/23"}],"replies":[{"embeddable":true,"href":"https:\/\/www.manaus.am.gov.br\/implurb\/wp-json\/wp\/v2\/comments?post=2526"}],"version-history":[{"count":0,"href":"https:\/\/www.manaus.am.gov.br\/implurb\/wp-json\/wp\/v2\/posts\/2526\/revisions"}],"wp:featuredmedia":[{"embeddable":true,"href":"https:\/\/www.manaus.am.gov.br\/implurb\/wp-json\/wp\/v2\/media\/2527"}],"wp:attachment":[{"href":"https:\/\/www.manaus.am.gov.br\/implurb\/wp-json\/wp\/v2\/media?parent=2526"}],"wp:term":[{"taxonomy":"category","embeddable":true,"href":"https:\/\/www.manaus.am.gov.br\/implurb\/wp-json\/wp\/v2\/categories?post=2526"},{"taxonomy":"post_tag","embeddable":true,"href":"https:\/\/www.manaus.am.gov.br\/implurb\/wp-json\/wp\/v2\/tags?post=2526"}],"curies":[{"name":"wp","href":"https:\/\/api.w.org\/{rel}","templated":true}]}}