{"id":2515,"date":"2023-10-02T14:04:31","date_gmt":"2023-10-02T18:04:31","guid":{"rendered":"https:\/\/www.manaus.am.gov.br\/implurb\/projeto-que-cria-gratificacao-urbanistica-para-servidores-do-implurb-e-aprovado-na-cmm-e-vai-a-sancao-do-prefeito\/"},"modified":"2023-10-02T14:29:28","modified_gmt":"2023-10-02T18:29:28","slug":"projeto-que-cria-gratificacao-urbanistica-para-servidores-do-implurb-e-aprovado-na-cmm-e-vai-a-sancao-do-prefeito","status":"publish","type":"post","link":"https:\/\/www.manaus.am.gov.br\/implurb\/projeto-que-cria-gratificacao-urbanistica-para-servidores-do-implurb-e-aprovado-na-cmm-e-vai-a-sancao-do-prefeito\/","title":{"rendered":"<strong>Projeto que cria gratifica\u00e7\u00e3o urban\u00edstica para servidores do Implurb \u00e9 aprovado na CMM e vai \u00e0 san\u00e7\u00e3o do prefeito<\/strong>"},"content":{"rendered":"\n<p>Vai \u00e0 san\u00e7\u00e3o do prefeito David Almeida o Projeto de Lei 478\/2023, de autoria da Prefeitura de Manaus, que cria e concede gratifica\u00e7\u00e3o urban\u00edstica aos servidores do Instituto Municipal de Planejamento Urbano (Implurb), uma das a\u00e7\u00f5es da gest\u00e3o em 1.000 dias e reconhecimento ao trabalho realizado no sistema de licenciamento urban\u00edstico da capital.<\/p>\n\n\n\n<p>O projeto foi votado e aprovado hoje, 2\/10, pelos vereadores da C\u00e2mara Municipal de Manaus (CMM). Com n\u00fameros que s\u00e3o destaque no licenciamento urbano, como quase 3,5 milh\u00f5es de metros quadrados de novos alvar\u00e1s de constru\u00e7\u00e3o, a Prefeitura de Manaus realiza uma s\u00e9rie de programas e projetos de moderniza\u00e7\u00e3o, incluindo sistemas automatizados.<\/p>\n\n\n\n<p>O diretor-presidente do Implurb, engenheiro Carlos Valente, comentou da import\u00e2ncia do projeto e do reconhecimento do corpo t\u00e9cnico da autarquia, que tem mais de 20 anos de exist\u00eancia e um comprometimento com a cidade, suas transforma\u00e7\u00f5es e melhorias urbanas.<\/p>\n\n\n\n<p>\u201cA gratifica\u00e7\u00e3o urban\u00edstica aprovada pela C\u00e2mara Municipal \u00e9 um reconhecimento pelo esfor\u00e7o e pelo trabalho dos servidores do Implurb, que desenvolvem um grande servi\u00e7o em prol da cidade de Manaus. E em reconhecimento a esse trabalho, o prefeito David Almeida encaminhou o projeto \u00e0 CMM, que apreciou e aprovou a mat\u00e9ria. Os servidores do Implurb agradecem essa defer\u00eancia\u201d, comentou o diretor-presidente da autarquia, Carlos Valente.<\/p>\n\n\n\n<p>Ele lembrou que a gratifica\u00e7\u00e3o ser\u00e1 paga com os recursos pr\u00f3prios arrecadados no instituto, n\u00e3o havendo \u00f4nus direto ao tesouro municipal.<\/p>\n\n\n\n<p><strong>Projeto<\/strong><\/p>\n\n\n\n<p>A gratifica\u00e7\u00e3o urban\u00edstica foi anunciada ano passado pelo prefeito David Almeida, durante a comemora\u00e7\u00e3o de 20 anos de cria\u00e7\u00e3o do Implurb e diante dos resultados obtidos na gest\u00e3o, como uma forma de destacar o \u00eaxito e efici\u00eancia da autarquia. Na \u00e9poca, o prefeito destacou ainda o conjunto de obras que estavam sendo licitadas \u2013 e hoje est\u00e3o em constru\u00e7\u00e3o \u2013, desenvolvidas pela equipe do Implurb, empreendimentos que dar\u00e3o \u00e0 capital condi\u00e7\u00f5es diferenciadas como atrativos tur\u00edsticos e econ\u00f4micos j\u00e1 a partir de 2023.<\/p>\n\n\n\n<p><strong>Gest\u00e3o urbana<\/strong><\/p>\n\n\n\n<p>Em duas d\u00e9cadas, Manaus teve sua popula\u00e7\u00e3o aumentada em torno de 800 mil pessoas. Em 2002, a antiga estrutura da autarquia tinha cerca de 430 servidores para atender uma popula\u00e7\u00e3o de 1,5 milh\u00e3o de habitantes. Hoje, 20 anos depois, s\u00e3o 251 colaboradores para mais de 2,1 milh\u00f5es de pessoas.<\/p>\n\n\n\n<p>\u201cOs nossos n\u00fameros representam a dedica\u00e7\u00e3o de uma equipe t\u00e9cnica, administrativa e urban\u00edstica, com foco nos objetivos. Isso \u00e9 entender a fun\u00e7\u00e3o do Implurb, que foge at\u00e9 aos artigos da lei que a criou. Tem muito sonho aqui dentro. Muito desenvolvimento\u201d, acrescentou o vice-presidente do \u00f3rg\u00e3o, arquiteto e urbanista Claudemir Andrade.<\/p>\n\n\n\n<p><strong>\u00d3rg\u00e3o t\u00e9cnico<\/strong><\/p>\n\n\n\n<p>O \u00f3rg\u00e3o t\u00e9cnico \u00e9 composto de uma gama de profissionais, entre engenheiros, arquitetos, urbanistas, tendo duas comiss\u00f5es de an\u00e1lise, divis\u00f5es de controle e fiscaliza\u00e7\u00e3o, de licenciamento, de patrim\u00f4nio hist\u00f3rico e parcelamento do solo.<\/p>\n\n\n\n<p>Tamb\u00e9m faz parte da sua estrutura a coordena\u00e7\u00e3o do Complexo Tur\u00edstico Ponta Negra.&nbsp;Em 2009, o&nbsp;Implurb&nbsp;passou a gerir o Sistema Municipal de Planejamento Urbano e a definir pol\u00edticas de controle do desenvolvimento urbano com base no Plano Diretor Urbano Ambiental de Manaus, tornando-se o \u00f3rg\u00e3o executivo na cidade.<\/p>\n\n\n\n<p>&#8212; &#8212; &#8212;<\/p>\n\n\n\n<p><strong>Texto<\/strong>&nbsp;\u2013 Claudia do Valle \/ Implurb<strong>Fotos<\/strong>&nbsp;\u2013&nbsp;Semcom e Divulga\u00e7\u00e3o<\/p>\n","protected":false},"excerpt":{"rendered":"","protected":false},"author":52,"featured_media":2523,"comment_status":"closed","ping_status":"closed","sticky":false,"template":"","format":"standard","meta":{"footnotes":""},"categories":[411],"tags":[569,11,15,570,571],"acf":[],"yoast_head":"<!-- This site is optimized with the Yoast SEO plugin v23.0 - https:\/\/yoast.com\/wordpress\/plugins\/seo\/ -->\n<title>Projeto que cria gratifica\u00e7\u00e3o urban\u00edstica para servidores do Implurb \u00e9 aprovado na CMM e vai \u00e0 san\u00e7\u00e3o do prefeito<\/title>\n<meta name=\"description\" content=\"Vai \u00e0 san\u00e7\u00e3o do prefeito David Almeida o Projeto de Lei 478\/2023, de autoria da Prefeitura de Manaus, que cria.\" \/>\n<meta name=\"robots\" content=\"noindex, follow\" \/>\n<meta property=\"og:locale\" content=\"pt_BR\" \/>\n<meta property=\"og:type\" content=\"article\" \/>\n<meta property=\"og:title\" content=\"Projeto que cria gratifica\u00e7\u00e3o urban\u00edstica para servidores do Implurb \u00e9 aprovado na CMM e vai \u00e0 san\u00e7\u00e3o do prefeito\" \/>\n<meta property=\"og:description\" content=\"Vai \u00e0 san\u00e7\u00e3o do prefeito David Almeida o Projeto de Lei 478\/2023, de autoria da Prefeitura de Manaus, que cria.\" \/>\n<meta property=\"og:url\" content=\"https:\/\/www.manaus.am.gov.br\/implurb\/projeto-que-cria-gratificacao-urbanistica-para-servidores-do-implurb-e-aprovado-na-cmm-e-vai-a-sancao-do-prefeito\/\" \/>\n<meta property=\"og:site_name\" content=\"IMPLURB\" \/>\n<meta property=\"article:published_time\" content=\"2023-10-02T18:04:31+00:00\" \/>\n<meta property=\"article:modified_time\" content=\"2023-10-02T18:29:28+00:00\" \/>\n<meta property=\"og:image\" content=\"https:\/\/www.manaus.am.gov.br\/implurb\/wp-content\/uploads\/sites\/13\/2023\/10\/Implurb_fiscalizacao_2.jpg\" \/>\n\t<meta property=\"og:image:width\" content=\"799\" \/>\n\t<meta property=\"og:image:height\" content=\"533\" \/>\n\t<meta property=\"og:image:type\" content=\"image\/jpeg\" \/>\n<meta name=\"author\" content=\"csilveira\" \/>\n<meta name=\"twitter:card\" content=\"summary_large_image\" \/>\n<meta name=\"twitter:label1\" content=\"Written by\" \/>\n\t<meta name=\"twitter:data1\" content=\"csilveira\" \/>\n\t<meta name=\"twitter:label2\" content=\"Est. reading time\" \/>\n\t<meta name=\"twitter:data2\" content=\"3 minutos\" \/>\n<script type=\"application\/ld+json\" class=\"yoast-schema-graph\">{\"@context\":\"https:\/\/schema.org\",\"@graph\":[{\"@type\":\"WebPage\",\"@id\":\"https:\/\/www.manaus.am.gov.br\/implurb\/projeto-que-cria-gratificacao-urbanistica-para-servidores-do-implurb-e-aprovado-na-cmm-e-vai-a-sancao-do-prefeito\/\",\"url\":\"https:\/\/www.manaus.am.gov.br\/implurb\/projeto-que-cria-gratificacao-urbanistica-para-servidores-do-implurb-e-aprovado-na-cmm-e-vai-a-sancao-do-prefeito\/\",\"name\":\"Projeto que cria gratifica\u00e7\u00e3o urban\u00edstica para servidores do Implurb \u00e9 aprovado na CMM e vai \u00e0 san\u00e7\u00e3o do prefeito\",\"isPartOf\":{\"@id\":\"https:\/\/www.manaus.am.gov.br\/implurb\/#website\"},\"primaryImageOfPage\":{\"@id\":\"https:\/\/www.manaus.am.gov.br\/implurb\/projeto-que-cria-gratificacao-urbanistica-para-servidores-do-implurb-e-aprovado-na-cmm-e-vai-a-sancao-do-prefeito\/#primaryimage\"},\"image\":{\"@id\":\"https:\/\/www.manaus.am.gov.br\/implurb\/projeto-que-cria-gratificacao-urbanistica-para-servidores-do-implurb-e-aprovado-na-cmm-e-vai-a-sancao-do-prefeito\/#primaryimage\"},\"thumbnailUrl\":\"https:\/\/www.manaus.am.gov.br\/implurb\/wp-content\/uploads\/sites\/13\/2023\/10\/Implurb_fiscalizacao_2.jpg\",\"datePublished\":\"2023-10-02T18:04:31+00:00\",\"dateModified\":\"2023-10-02T18:29:28+00:00\",\"author\":{\"@id\":\"https:\/\/www.manaus.am.gov.br\/implurb\/#\/schema\/person\/bfafc779be2e19b3d3ef4a59d418b606\"},\"description\":\"Vai \u00e0 san\u00e7\u00e3o do prefeito David Almeida o Projeto de Lei 478\/2023, de autoria da Prefeitura de Manaus, que cria.\",\"breadcrumb\":{\"@id\":\"https:\/\/www.manaus.am.gov.br\/implurb\/projeto-que-cria-gratificacao-urbanistica-para-servidores-do-implurb-e-aprovado-na-cmm-e-vai-a-sancao-do-prefeito\/#breadcrumb\"},\"inLanguage\":\"pt-BR\",\"potentialAction\":[{\"@type\":\"ReadAction\",\"target\":[\"https:\/\/www.manaus.am.gov.br\/implurb\/projeto-que-cria-gratificacao-urbanistica-para-servidores-do-implurb-e-aprovado-na-cmm-e-vai-a-sancao-do-prefeito\/\"]}]},{\"@type\":\"ImageObject\",\"inLanguage\":\"pt-BR\",\"@id\":\"https:\/\/www.manaus.am.gov.br\/implurb\/projeto-que-cria-gratificacao-urbanistica-para-servidores-do-implurb-e-aprovado-na-cmm-e-vai-a-sancao-do-prefeito\/#primaryimage\",\"url\":\"https:\/\/www.manaus.am.gov.br\/implurb\/wp-content\/uploads\/sites\/13\/2023\/10\/Implurb_fiscalizacao_2.jpg\",\"contentUrl\":\"https:\/\/www.manaus.am.gov.br\/implurb\/wp-content\/uploads\/sites\/13\/2023\/10\/Implurb_fiscalizacao_2.jpg\",\"width\":799,\"height\":533},{\"@type\":\"BreadcrumbList\",\"@id\":\"https:\/\/www.manaus.am.gov.br\/implurb\/projeto-que-cria-gratificacao-urbanistica-para-servidores-do-implurb-e-aprovado-na-cmm-e-vai-a-sancao-do-prefeito\/#breadcrumb\",\"itemListElement\":[{\"@type\":\"ListItem\",\"position\":1,\"name\":\"Home\",\"item\":\"https:\/\/www.manaus.am.gov.br\/implurb\/\"},{\"@type\":\"ListItem\",\"position\":2,\"name\":\"Projeto que cria gratifica\u00e7\u00e3o urban\u00edstica para servidores do Implurb \u00e9 aprovado na CMM e vai \u00e0 san\u00e7\u00e3o do prefeito\"}]},{\"@type\":\"WebSite\",\"@id\":\"https:\/\/www.manaus.am.gov.br\/implurb\/#website\",\"url\":\"https:\/\/www.manaus.am.gov.br\/implurb\/\",\"name\":\"IMPLURB\",\"description\":\"Prefeitura de Manaus\",\"potentialAction\":[{\"@type\":\"SearchAction\",\"target\":{\"@type\":\"EntryPoint\",\"urlTemplate\":\"https:\/\/www.manaus.am.gov.br\/implurb\/?s={search_term_string}\"},\"query-input\":\"required name=search_term_string\"}],\"inLanguage\":\"pt-BR\"},{\"@type\":\"Person\",\"@id\":\"https:\/\/www.manaus.am.gov.br\/implurb\/#\/schema\/person\/bfafc779be2e19b3d3ef4a59d418b606\",\"name\":\"csilveira\",\"image\":{\"@type\":\"ImageObject\",\"inLanguage\":\"pt-BR\",\"@id\":\"https:\/\/www.manaus.am.gov.br\/implurb\/#\/schema\/person\/image\/\",\"url\":\"https:\/\/secure.gravatar.com\/avatar\/9c2e2f00138fcd35401c748bd030d3b5?s=96&d=mm&r=g\",\"contentUrl\":\"https:\/\/secure.gravatar.com\/avatar\/9c2e2f00138fcd35401c748bd030d3b5?s=96&d=mm&r=g\",\"caption\":\"csilveira\"}}]}<\/script>\n<!-- \/ Yoast SEO plugin. -->","yoast_head_json":{"title":"Projeto que cria gratifica\u00e7\u00e3o urban\u00edstica para servidores do Implurb \u00e9 aprovado na CMM e vai \u00e0 san\u00e7\u00e3o do prefeito","description":"Vai \u00e0 san\u00e7\u00e3o do prefeito David Almeida o Projeto de Lei 478\/2023, de autoria da Prefeitura de Manaus, que cria.","robots":{"index":"noindex","follow":"follow"},"og_locale":"pt_BR","og_type":"article","og_title":"Projeto que cria gratifica\u00e7\u00e3o urban\u00edstica para servidores do Implurb \u00e9 aprovado na CMM e vai \u00e0 san\u00e7\u00e3o do prefeito","og_description":"Vai \u00e0 san\u00e7\u00e3o do prefeito David Almeida o Projeto de Lei 478\/2023, de autoria da Prefeitura de Manaus, que cria.","og_url":"https:\/\/www.manaus.am.gov.br\/implurb\/projeto-que-cria-gratificacao-urbanistica-para-servidores-do-implurb-e-aprovado-na-cmm-e-vai-a-sancao-do-prefeito\/","og_site_name":"IMPLURB","article_published_time":"2023-10-02T18:04:31+00:00","article_modified_time":"2023-10-02T18:29:28+00:00","og_image":[{"width":799,"height":533,"url":"https:\/\/www.manaus.am.gov.br\/implurb\/wp-content\/uploads\/sites\/13\/2023\/10\/Implurb_fiscalizacao_2.jpg","type":"image\/jpeg"}],"author":"csilveira","twitter_card":"summary_large_image","twitter_misc":{"Written by":"csilveira","Est. reading time":"3 minutos"},"schema":{"@context":"https:\/\/schema.org","@graph":[{"@type":"WebPage","@id":"https:\/\/www.manaus.am.gov.br\/implurb\/projeto-que-cria-gratificacao-urbanistica-para-servidores-do-implurb-e-aprovado-na-cmm-e-vai-a-sancao-do-prefeito\/","url":"https:\/\/www.manaus.am.gov.br\/implurb\/projeto-que-cria-gratificacao-urbanistica-para-servidores-do-implurb-e-aprovado-na-cmm-e-vai-a-sancao-do-prefeito\/","name":"Projeto que cria gratifica\u00e7\u00e3o urban\u00edstica para servidores do Implurb \u00e9 aprovado na CMM e vai \u00e0 san\u00e7\u00e3o do prefeito","isPartOf":{"@id":"https:\/\/www.manaus.am.gov.br\/implurb\/#website"},"primaryImageOfPage":{"@id":"https:\/\/www.manaus.am.gov.br\/implurb\/projeto-que-cria-gratificacao-urbanistica-para-servidores-do-implurb-e-aprovado-na-cmm-e-vai-a-sancao-do-prefeito\/#primaryimage"},"image":{"@id":"https:\/\/www.manaus.am.gov.br\/implurb\/projeto-que-cria-gratificacao-urbanistica-para-servidores-do-implurb-e-aprovado-na-cmm-e-vai-a-sancao-do-prefeito\/#primaryimage"},"thumbnailUrl":"https:\/\/www.manaus.am.gov.br\/implurb\/wp-content\/uploads\/sites\/13\/2023\/10\/Implurb_fiscalizacao_2.jpg","datePublished":"2023-10-02T18:04:31+00:00","dateModified":"2023-10-02T18:29:28+00:00","author":{"@id":"https:\/\/www.manaus.am.gov.br\/implurb\/#\/schema\/person\/bfafc779be2e19b3d3ef4a59d418b606"},"description":"Vai \u00e0 san\u00e7\u00e3o do prefeito David Almeida o Projeto de Lei 478\/2023, de autoria da Prefeitura de Manaus, que cria.","breadcrumb":{"@id":"https:\/\/www.manaus.am.gov.br\/implurb\/projeto-que-cria-gratificacao-urbanistica-para-servidores-do-implurb-e-aprovado-na-cmm-e-vai-a-sancao-do-prefeito\/#breadcrumb"},"inLanguage":"pt-BR","potentialAction":[{"@type":"ReadAction","target":["https:\/\/www.manaus.am.gov.br\/implurb\/projeto-que-cria-gratificacao-urbanistica-para-servidores-do-implurb-e-aprovado-na-cmm-e-vai-a-sancao-do-prefeito\/"]}]},{"@type":"ImageObject","inLanguage":"pt-BR","@id":"https:\/\/www.manaus.am.gov.br\/implurb\/projeto-que-cria-gratificacao-urbanistica-para-servidores-do-implurb-e-aprovado-na-cmm-e-vai-a-sancao-do-prefeito\/#primaryimage","url":"https:\/\/www.manaus.am.gov.br\/implurb\/wp-content\/uploads\/sites\/13\/2023\/10\/Implurb_fiscalizacao_2.jpg","contentUrl":"https:\/\/www.manaus.am.gov.br\/implurb\/wp-content\/uploads\/sites\/13\/2023\/10\/Implurb_fiscalizacao_2.jpg","width":799,"height":533},{"@type":"BreadcrumbList","@id":"https:\/\/www.manaus.am.gov.br\/implurb\/projeto-que-cria-gratificacao-urbanistica-para-servidores-do-implurb-e-aprovado-na-cmm-e-vai-a-sancao-do-prefeito\/#breadcrumb","itemListElement":[{"@type":"ListItem","position":1,"name":"Home","item":"https:\/\/www.manaus.am.gov.br\/implurb\/"},{"@type":"ListItem","position":2,"name":"Projeto que cria gratifica\u00e7\u00e3o urban\u00edstica para servidores do Implurb \u00e9 aprovado na CMM e vai \u00e0 san\u00e7\u00e3o do prefeito"}]},{"@type":"WebSite","@id":"https:\/\/www.manaus.am.gov.br\/implurb\/#website","url":"https:\/\/www.manaus.am.gov.br\/implurb\/","name":"IMPLURB","description":"Prefeitura de Manaus","potentialAction":[{"@type":"SearchAction","target":{"@type":"EntryPoint","urlTemplate":"https:\/\/www.manaus.am.gov.br\/implurb\/?s={search_term_string}"},"query-input":"required name=search_term_string"}],"inLanguage":"pt-BR"},{"@type":"Person","@id":"https:\/\/www.manaus.am.gov.br\/implurb\/#\/schema\/person\/bfafc779be2e19b3d3ef4a59d418b606","name":"csilveira","image":{"@type":"ImageObject","inLanguage":"pt-BR","@id":"https:\/\/www.manaus.am.gov.br\/implurb\/#\/schema\/person\/image\/","url":"https:\/\/secure.gravatar.com\/avatar\/9c2e2f00138fcd35401c748bd030d3b5?s=96&d=mm&r=g","contentUrl":"https:\/\/secure.gravatar.com\/avatar\/9c2e2f00138fcd35401c748bd030d3b5?s=96&d=mm&r=g","caption":"csilveira"}}]}},"_links":{"self":[{"href":"https:\/\/www.manaus.am.gov.br\/implurb\/wp-json\/wp\/v2\/posts\/2515"}],"collection":[{"href":"https:\/\/www.manaus.am.gov.br\/implurb\/wp-json\/wp\/v2\/posts"}],"about":[{"href":"https:\/\/www.manaus.am.gov.br\/implurb\/wp-json\/wp\/v2\/types\/post"}],"author":[{"embeddable":true,"href":"https:\/\/www.manaus.am.gov.br\/implurb\/wp-json\/wp\/v2\/users\/52"}],"replies":[{"embeddable":true,"href":"https:\/\/www.manaus.am.gov.br\/implurb\/wp-json\/wp\/v2\/comments?post=2515"}],"version-history":[{"count":1,"href":"https:\/\/www.manaus.am.gov.br\/implurb\/wp-json\/wp\/v2\/posts\/2515\/revisions"}],"predecessor-version":[{"id":2522,"href":"https:\/\/www.manaus.am.gov.br\/implurb\/wp-json\/wp\/v2\/posts\/2515\/revisions\/2522"}],"wp:featuredmedia":[{"embeddable":true,"href":"https:\/\/www.manaus.am.gov.br\/implurb\/wp-json\/wp\/v2\/media\/2523"}],"wp:attachment":[{"href":"https:\/\/www.manaus.am.gov.br\/implurb\/wp-json\/wp\/v2\/media?parent=2515"}],"wp:term":[{"taxonomy":"category","embeddable":true,"href":"https:\/\/www.manaus.am.gov.br\/implurb\/wp-json\/wp\/v2\/categories?post=2515"},{"taxonomy":"post_tag","embeddable":true,"href":"https:\/\/www.manaus.am.gov.br\/implurb\/wp-json\/wp\/v2\/tags?post=2515"}],"curies":[{"name":"wp","href":"https:\/\/api.w.org\/{rel}","templated":true}]}}