{"id":2493,"date":"2023-09-30T09:37:06","date_gmt":"2023-09-30T13:37:06","guid":{"rendered":"https:\/\/www.manaus.am.gov.br\/implurb\/casario-1908-obras-1-000-dias\/"},"modified":"2023-09-30T09:37:06","modified_gmt":"2023-09-30T13:37:06","slug":"casario-1908-obras-1-000-dias","status":"publish","type":"post","link":"https:\/\/www.manaus.am.gov.br\/implurb\/casario-1908-obras-1-000-dias\/","title":{"rendered":"<strong>Casario de 1908 \u00e9 uma das obras emblem\u00e1ticas do \u201cNosso Centro\u201d dentro dos 1.000 dias<\/strong>"},"content":{"rendered":"\n<p>Sucupira, louro-puxuri e cedro-doce. Todas s\u00e3o madeiras que est\u00e3o sendo usadas na obra da Prefeitura de Manaus, que est\u00e1 dando vida a um antigo casario no centro hist\u00f3rico, na zona Sul, dentro do programa \u201cNosso Centro\u201d, lan\u00e7ado pelo prefeito David Almeida. Esse pacote de obras emblem\u00e1ticas pretende promover a reabilita\u00e7\u00e3o do territ\u00f3rio de onde teve origem a cidade, marcando os 1.000 dias de gest\u00e3o.<\/p>\n\n\n\n<p>Outros projetos e programas urban\u00edsticos e arquitet\u00f4nicos para a cidade tamb\u00e9m est\u00e3o inclu\u00eddos nas a\u00e7\u00f5es da prefeitura, por meio do Instituto Municipal de Planejamento Urbano (Implurb), como os parques Amazonino Mendes e Encontro das \u00c1guas Rosa Almeida. Este \u00faltimo, com ordem de servi\u00e7o assinada na \u00faltima ter\u00e7a-feira (26\/9).&nbsp;<\/p>\n\n\n\n<p>Datado de 1908 e classificado como uma unidade de interesse de preserva\u00e7\u00e3o de segundo grau, de acordo com decreto 7.176\/2004, o casar\u00e3o amarelo e emblem\u00e1tico na rua Bernardo Ramos, uma das vias mais antigas da capital, abrigou um dep\u00f3sito da firma Sinfr\u00f4nio &amp; Cia. Ap\u00f3s sua reforma conclu\u00edda, dar\u00e1 lugar a um museu de mem\u00f3ria, afeto e guarda do acervo do poeta, jornalista e escritor Thiago de Mello, com a ideia de reproduzir, inclusive, cenas da sua viv\u00eancia na casa constru\u00edda em Barreirinha, sua terra natal na Amaz\u00f4nia.<\/p>\n\n\n\n<p>E entre as madeiras, cortes e cuidados com a serra est\u00e1 o marceneiro M\u00e1rcio Jos\u00e9 Braga de Souza, 47 anos, que trabalha na produ\u00e7\u00e3o de esquadrias, janelas e portas do im\u00f3vel, al\u00e9m da recomposi\u00e7\u00e3o e servi\u00e7o de recupera\u00e7\u00e3o dos pisos da edifica\u00e7\u00e3o hist\u00f3rica.<\/p>\n\n\n\n<p>\u201cNo piso temos uma composi\u00e7\u00e3o de t\u00e1buas de sucupira e de louro-puxuri, que v\u00e3o formando uma pagina\u00e7\u00e3o, e abaixo dele h\u00e1 um tipo de contrapiso, que servia como uma esp\u00e9cie de forro, para proteger de ru\u00eddos e sons, dando mais conforto ao ambiente. A recomposi\u00e7\u00e3o s\u00f3 \u00e9 feita nos trechos onde a madeira est\u00e1 muito danificada, sem possibilidade de recupera\u00e7\u00e3o, devido \u00e0 a\u00e7\u00e3o do tempo, de chuvas, umidade e do abandono\u201d, explicou o marceneiro.<\/p>\n\n\n\n<p>O prefeito David Almeida vem destacando sempre que \u00e9 prioridade da gest\u00e3o reabilitar o centro hist\u00f3rico de Manaus. \u201cS\u00e3o espa\u00e7os p\u00fablicos h\u00e1 muitos anos esquecidos e que voltar\u00e3o a ser utilizados, como o antigo casario do centro hist\u00f3rico. Queremos promover a conex\u00e3o das pessoas com a natureza e a cidade, com foco no desenvolvimento do turismo, lazer, esporte e, principalmente, na qualidade de vida da popula\u00e7\u00e3o\u201d.&nbsp;<\/p>\n\n\n\n<p>Todas as pe\u00e7as originais do piso paginado ser\u00e3o concentradas numa sala superior, dando m\u00e1ximo reaproveitamento \u00e0s t\u00e1buas de sucupira e louro. E em todas as pe\u00e7as existentes no casar\u00e3o amarelo est\u00e1 sendo feito um trabalho de aplica\u00e7\u00e3o de cupinicida, paralisando a destrui\u00e7\u00e3o do material por cupins, seguido de selagem, emassamento e pintura das pe\u00e7as.<\/p>\n\n\n\n<p>Todo esse cuidado \u00e9 apenas uma das frentes de revitaliza\u00e7\u00e3o do pr\u00e9dio, que faz parte de um conjunto arquitet\u00f4nico de grande relev\u00e2ncia para a cidade, em raz\u00e3o da sua localiza\u00e7\u00e3o na rua Bernardo Ramos. Localiza-se em \u00e1rea de tombamento federal, na vizinhan\u00e7a de outros edif\u00edcios hist\u00f3ricos como o Casar\u00e3o de S\u00e3o Vicente, Centro Cultural \u00d3scar Ramos, Museu da Cidade de Manaus, pra\u00e7a Dom Pedro II, Casar\u00e3o da Inova\u00e7\u00e3o Cassina, Pal\u00e1cio Rio Branco, dentre outros.<\/p>\n\n\n\n<figure class=\"wp-block-image size-full\"><img loading=\"lazy\" decoding=\"async\" width=\"799\" height=\"533\" src=\"https:\/\/www.manaus.am.gov.br\/implurb\/wp-content\/uploads\/sites\/13\/2023\/09\/53188845117_13fd1f18cc_c.jpg\" alt=\"\" class=\"wp-image-2494\" srcset=\"https:\/\/www.manaus.am.gov.br\/implurb\/wp-content\/uploads\/sites\/13\/2023\/09\/53188845117_13fd1f18cc_c.jpg 799w, https:\/\/www.manaus.am.gov.br\/implurb\/wp-content\/uploads\/sites\/13\/2023\/09\/53188845117_13fd1f18cc_c-300x200.jpg 300w, https:\/\/www.manaus.am.gov.br\/implurb\/wp-content\/uploads\/sites\/13\/2023\/09\/53188845117_13fd1f18cc_c-768x512.jpg 768w\" sizes=\"(max-width: 799px) 100vw, 799px\" \/><\/figure>\n\n\n\n<p><strong>Projeto<\/strong><\/p>\n\n\n\n<p>O casario est\u00e1 sendo reformado e restaurado, localizado no n\u00famero 66, Centro, com t\u00e9rreo e pavimento superior, que ter\u00e3o uma fun\u00e7\u00e3o de elo com a vida de Thiago de Mello. O projeto da Prefeitura vai dar ao espa\u00e7o sala e sal\u00e3o de exposi\u00e7\u00e3o, biblioteca, um caf\u00e9, um quarto Thiago de Mello, sala multiuso, \u00e1rea de administra\u00e7\u00e3o, elevador e banheiros.<\/p>\n\n\n\n<p>A exposi\u00e7\u00e3o permanente com a obra, vida e hist\u00f3ria de Thiago de Mello tem parceria com o Instituto Thiago de Mello, tendo \u00e0 frente a filha do escritor, a produtora Isabella Thiago de Mello.<\/p>\n\n\n\n<p><strong>Nosso Centro<\/strong><\/p>\n\n\n\n<p>O casar\u00e3o faz parte do programa \u201cNosso Centro\u201d, compondo uma trinca das primeiras obras da interven\u00e7\u00e3o, se somando ao Mirante L\u00facia Almeida e ao Largo de S\u00e3o Vicente, que prometem ser um caso emblem\u00e1tico de regenera\u00e7\u00e3o urbana e reabilita\u00e7\u00e3o do Centro da capital. Todas as obras t\u00eam aprova\u00e7\u00e3o do Instituto de Patrim\u00f4nio Hist\u00f3rico e Art\u00edstico Nacional (Iphan) Amazonas (processo n\u00ba 01490.000103\/2022-81).&nbsp;<\/p>\n\n\n\n<p>O programa tem uma lista de 38 interven\u00e7\u00f5es urbanas, a\u00e7\u00f5es e projetos arquitet\u00f4nicos para uma reabilita\u00e7\u00e3o completa e integrada no centro hist\u00f3rico da capital, dividida em 5 etapas e com tr\u00eas eixos: \u201cMais Vida\u201d, \u201cMais Neg\u00f3cios\u201d e \u201cMais Hist\u00f3ria\u201d.<\/p>\n\n\n\n<p>Conta com a integra\u00e7\u00e3o entre setores e secretarias da Prefeitura, com lazer, turismo, cultura, seguran\u00e7a, novos neg\u00f3cios, artesanato, entre outros, o que n\u00e3o existia antes, al\u00e9m da atua\u00e7\u00e3o em parceria com \u00f3rg\u00e3os estaduais e federais na constru\u00e7\u00e3o colaborativa. Ainda v\u00e3o integrar o conjunto de obras em estudo o Museu do Porto, a Pra\u00e7a 9 de Novembro e a Pinacoteca.<\/p>\n\n\n\n<p>&#8212; &#8212; &#8212;<\/p>\n\n\n\n<p><strong>Texto \u2013<\/strong>&nbsp;Claudia do Valle \/ Implurb<\/p>\n\n\n\n<p><strong>Fotos \u2013<\/strong>&nbsp;Cl\u00f3vis Miranda \/ Semcom<\/p>\n","protected":false},"excerpt":{"rendered":"","protected":false},"author":25,"featured_media":2495,"comment_status":"closed","ping_status":"closed","sticky":false,"template":"","format":"standard","meta":{"footnotes":""},"categories":[530],"tags":[563,564,11,14],"acf":[],"yoast_head":"<!-- This site is optimized with the Yoast SEO plugin v23.0 - https:\/\/yoast.com\/wordpress\/plugins\/seo\/ -->\n<title>Casario de 1908 \u00e9 uma das obras emblem\u00e1ticas do \u201cNosso Centro\u201d dentro dos 1.000 dias<\/title>\n<meta name=\"description\" content=\"Sucupira, louro-puxuri e cedro-doce. Todas s\u00e3o madeiras que est\u00e3o sendo usadas na obra da Prefeitura de Manaus, que est\u00e1 dando vida a um antigo casario no centro hist\u00f3rico\" \/>\n<meta name=\"robots\" content=\"noindex, follow\" \/>\n<meta property=\"og:locale\" content=\"pt_BR\" \/>\n<meta property=\"og:type\" content=\"article\" \/>\n<meta property=\"og:title\" content=\"Casario de 1908 \u00e9 uma das obras emblem\u00e1ticas do \u201cNosso Centro\u201d dentro dos 1.000 dias\" \/>\n<meta property=\"og:description\" content=\"Sucupira, louro-puxuri e cedro-doce. Todas s\u00e3o madeiras que est\u00e3o sendo usadas na obra da Prefeitura de Manaus, que est\u00e1 dando vida a um antigo casario no centro hist\u00f3rico\" \/>\n<meta property=\"og:url\" content=\"https:\/\/www.manaus.am.gov.br\/implurb\/casario-1908-obras-1-000-dias\/\" \/>\n<meta property=\"og:site_name\" content=\"IMPLURB\" \/>\n<meta property=\"article:published_time\" content=\"2023-09-30T13:37:06+00:00\" \/>\n<meta property=\"og:image\" content=\"https:\/\/www.manaus.am.gov.br\/implurb\/wp-content\/uploads\/sites\/13\/2023\/09\/8a43ad7a-b816-4aaf-8238-933e74bd3adc.jpg\" \/>\n\t<meta property=\"og:image:width\" content=\"823\" \/>\n\t<meta property=\"og:image:height\" content=\"592\" \/>\n\t<meta property=\"og:image:type\" content=\"image\/jpeg\" \/>\n<meta name=\"author\" content=\"Maur\u00edcio Freire\" \/>\n<meta name=\"twitter:card\" content=\"summary_large_image\" \/>\n<meta name=\"twitter:label1\" content=\"Written by\" \/>\n\t<meta name=\"twitter:data1\" content=\"Maur\u00edcio Freire\" \/>\n\t<meta name=\"twitter:label2\" content=\"Est. reading time\" \/>\n\t<meta name=\"twitter:data2\" content=\"5 minutos\" \/>\n<script type=\"application\/ld+json\" class=\"yoast-schema-graph\">{\"@context\":\"https:\/\/schema.org\",\"@graph\":[{\"@type\":\"WebPage\",\"@id\":\"https:\/\/www.manaus.am.gov.br\/implurb\/casario-1908-obras-1-000-dias\/\",\"url\":\"https:\/\/www.manaus.am.gov.br\/implurb\/casario-1908-obras-1-000-dias\/\",\"name\":\"Casario de 1908 \u00e9 uma das obras emblem\u00e1ticas do \u201cNosso Centro\u201d dentro dos 1.000 dias\",\"isPartOf\":{\"@id\":\"https:\/\/www.manaus.am.gov.br\/implurb\/#website\"},\"primaryImageOfPage\":{\"@id\":\"https:\/\/www.manaus.am.gov.br\/implurb\/casario-1908-obras-1-000-dias\/#primaryimage\"},\"image\":{\"@id\":\"https:\/\/www.manaus.am.gov.br\/implurb\/casario-1908-obras-1-000-dias\/#primaryimage\"},\"thumbnailUrl\":\"https:\/\/www.manaus.am.gov.br\/implurb\/wp-content\/uploads\/sites\/13\/2023\/09\/8a43ad7a-b816-4aaf-8238-933e74bd3adc.jpg\",\"datePublished\":\"2023-09-30T13:37:06+00:00\",\"dateModified\":\"2023-09-30T13:37:06+00:00\",\"author\":{\"@id\":\"https:\/\/www.manaus.am.gov.br\/implurb\/#\/schema\/person\/587989a23a463cde5618e6a028977a9a\"},\"description\":\"Sucupira, louro-puxuri e cedro-doce. Todas s\u00e3o madeiras que est\u00e3o sendo usadas na obra da Prefeitura de Manaus, que est\u00e1 dando vida a um antigo casario no centro hist\u00f3rico\",\"breadcrumb\":{\"@id\":\"https:\/\/www.manaus.am.gov.br\/implurb\/casario-1908-obras-1-000-dias\/#breadcrumb\"},\"inLanguage\":\"pt-BR\",\"potentialAction\":[{\"@type\":\"ReadAction\",\"target\":[\"https:\/\/www.manaus.am.gov.br\/implurb\/casario-1908-obras-1-000-dias\/\"]}]},{\"@type\":\"ImageObject\",\"inLanguage\":\"pt-BR\",\"@id\":\"https:\/\/www.manaus.am.gov.br\/implurb\/casario-1908-obras-1-000-dias\/#primaryimage\",\"url\":\"https:\/\/www.manaus.am.gov.br\/implurb\/wp-content\/uploads\/sites\/13\/2023\/09\/8a43ad7a-b816-4aaf-8238-933e74bd3adc.jpg\",\"contentUrl\":\"https:\/\/www.manaus.am.gov.br\/implurb\/wp-content\/uploads\/sites\/13\/2023\/09\/8a43ad7a-b816-4aaf-8238-933e74bd3adc.jpg\",\"width\":823,\"height\":592},{\"@type\":\"BreadcrumbList\",\"@id\":\"https:\/\/www.manaus.am.gov.br\/implurb\/casario-1908-obras-1-000-dias\/#breadcrumb\",\"itemListElement\":[{\"@type\":\"ListItem\",\"position\":1,\"name\":\"Home\",\"item\":\"https:\/\/www.manaus.am.gov.br\/implurb\/\"},{\"@type\":\"ListItem\",\"position\":2,\"name\":\"Casario de 1908 \u00e9 uma das obras emblem\u00e1ticas do \u201cNosso Centro\u201d dentro dos 1.000 dias\"}]},{\"@type\":\"WebSite\",\"@id\":\"https:\/\/www.manaus.am.gov.br\/implurb\/#website\",\"url\":\"https:\/\/www.manaus.am.gov.br\/implurb\/\",\"name\":\"IMPLURB\",\"description\":\"Prefeitura de Manaus\",\"potentialAction\":[{\"@type\":\"SearchAction\",\"target\":{\"@type\":\"EntryPoint\",\"urlTemplate\":\"https:\/\/www.manaus.am.gov.br\/implurb\/?s={search_term_string}\"},\"query-input\":\"required name=search_term_string\"}],\"inLanguage\":\"pt-BR\"},{\"@type\":\"Person\",\"@id\":\"https:\/\/www.manaus.am.gov.br\/implurb\/#\/schema\/person\/587989a23a463cde5618e6a028977a9a\",\"name\":\"Maur\u00edcio Freire\",\"image\":{\"@type\":\"ImageObject\",\"inLanguage\":\"pt-BR\",\"@id\":\"https:\/\/www.manaus.am.gov.br\/implurb\/#\/schema\/person\/image\/\",\"url\":\"https:\/\/secure.gravatar.com\/avatar\/dc1481799a1f75c733ac3b2634cd6749?s=96&d=mm&r=g\",\"contentUrl\":\"https:\/\/secure.gravatar.com\/avatar\/dc1481799a1f75c733ac3b2634cd6749?s=96&d=mm&r=g\",\"caption\":\"Maur\u00edcio Freire\"}}]}<\/script>\n<!-- \/ Yoast SEO plugin. -->","yoast_head_json":{"title":"Casario de 1908 \u00e9 uma das obras emblem\u00e1ticas do \u201cNosso Centro\u201d dentro dos 1.000 dias","description":"Sucupira, louro-puxuri e cedro-doce. Todas s\u00e3o madeiras que est\u00e3o sendo usadas na obra da Prefeitura de Manaus, que est\u00e1 dando vida a um antigo casario no centro hist\u00f3rico","robots":{"index":"noindex","follow":"follow"},"og_locale":"pt_BR","og_type":"article","og_title":"Casario de 1908 \u00e9 uma das obras emblem\u00e1ticas do \u201cNosso Centro\u201d dentro dos 1.000 dias","og_description":"Sucupira, louro-puxuri e cedro-doce. Todas s\u00e3o madeiras que est\u00e3o sendo usadas na obra da Prefeitura de Manaus, que est\u00e1 dando vida a um antigo casario no centro hist\u00f3rico","og_url":"https:\/\/www.manaus.am.gov.br\/implurb\/casario-1908-obras-1-000-dias\/","og_site_name":"IMPLURB","article_published_time":"2023-09-30T13:37:06+00:00","og_image":[{"width":823,"height":592,"url":"https:\/\/www.manaus.am.gov.br\/implurb\/wp-content\/uploads\/sites\/13\/2023\/09\/8a43ad7a-b816-4aaf-8238-933e74bd3adc.jpg","type":"image\/jpeg"}],"author":"Maur\u00edcio Freire","twitter_card":"summary_large_image","twitter_misc":{"Written by":"Maur\u00edcio Freire","Est. reading time":"5 minutos"},"schema":{"@context":"https:\/\/schema.org","@graph":[{"@type":"WebPage","@id":"https:\/\/www.manaus.am.gov.br\/implurb\/casario-1908-obras-1-000-dias\/","url":"https:\/\/www.manaus.am.gov.br\/implurb\/casario-1908-obras-1-000-dias\/","name":"Casario de 1908 \u00e9 uma das obras emblem\u00e1ticas do \u201cNosso Centro\u201d dentro dos 1.000 dias","isPartOf":{"@id":"https:\/\/www.manaus.am.gov.br\/implurb\/#website"},"primaryImageOfPage":{"@id":"https:\/\/www.manaus.am.gov.br\/implurb\/casario-1908-obras-1-000-dias\/#primaryimage"},"image":{"@id":"https:\/\/www.manaus.am.gov.br\/implurb\/casario-1908-obras-1-000-dias\/#primaryimage"},"thumbnailUrl":"https:\/\/www.manaus.am.gov.br\/implurb\/wp-content\/uploads\/sites\/13\/2023\/09\/8a43ad7a-b816-4aaf-8238-933e74bd3adc.jpg","datePublished":"2023-09-30T13:37:06+00:00","dateModified":"2023-09-30T13:37:06+00:00","author":{"@id":"https:\/\/www.manaus.am.gov.br\/implurb\/#\/schema\/person\/587989a23a463cde5618e6a028977a9a"},"description":"Sucupira, louro-puxuri e cedro-doce. Todas s\u00e3o madeiras que est\u00e3o sendo usadas na obra da Prefeitura de Manaus, que est\u00e1 dando vida a um antigo casario no centro hist\u00f3rico","breadcrumb":{"@id":"https:\/\/www.manaus.am.gov.br\/implurb\/casario-1908-obras-1-000-dias\/#breadcrumb"},"inLanguage":"pt-BR","potentialAction":[{"@type":"ReadAction","target":["https:\/\/www.manaus.am.gov.br\/implurb\/casario-1908-obras-1-000-dias\/"]}]},{"@type":"ImageObject","inLanguage":"pt-BR","@id":"https:\/\/www.manaus.am.gov.br\/implurb\/casario-1908-obras-1-000-dias\/#primaryimage","url":"https:\/\/www.manaus.am.gov.br\/implurb\/wp-content\/uploads\/sites\/13\/2023\/09\/8a43ad7a-b816-4aaf-8238-933e74bd3adc.jpg","contentUrl":"https:\/\/www.manaus.am.gov.br\/implurb\/wp-content\/uploads\/sites\/13\/2023\/09\/8a43ad7a-b816-4aaf-8238-933e74bd3adc.jpg","width":823,"height":592},{"@type":"BreadcrumbList","@id":"https:\/\/www.manaus.am.gov.br\/implurb\/casario-1908-obras-1-000-dias\/#breadcrumb","itemListElement":[{"@type":"ListItem","position":1,"name":"Home","item":"https:\/\/www.manaus.am.gov.br\/implurb\/"},{"@type":"ListItem","position":2,"name":"Casario de 1908 \u00e9 uma das obras emblem\u00e1ticas do \u201cNosso Centro\u201d dentro dos 1.000 dias"}]},{"@type":"WebSite","@id":"https:\/\/www.manaus.am.gov.br\/implurb\/#website","url":"https:\/\/www.manaus.am.gov.br\/implurb\/","name":"IMPLURB","description":"Prefeitura de Manaus","potentialAction":[{"@type":"SearchAction","target":{"@type":"EntryPoint","urlTemplate":"https:\/\/www.manaus.am.gov.br\/implurb\/?s={search_term_string}"},"query-input":"required name=search_term_string"}],"inLanguage":"pt-BR"},{"@type":"Person","@id":"https:\/\/www.manaus.am.gov.br\/implurb\/#\/schema\/person\/587989a23a463cde5618e6a028977a9a","name":"Maur\u00edcio Freire","image":{"@type":"ImageObject","inLanguage":"pt-BR","@id":"https:\/\/www.manaus.am.gov.br\/implurb\/#\/schema\/person\/image\/","url":"https:\/\/secure.gravatar.com\/avatar\/dc1481799a1f75c733ac3b2634cd6749?s=96&d=mm&r=g","contentUrl":"https:\/\/secure.gravatar.com\/avatar\/dc1481799a1f75c733ac3b2634cd6749?s=96&d=mm&r=g","caption":"Maur\u00edcio Freire"}}]}},"_links":{"self":[{"href":"https:\/\/www.manaus.am.gov.br\/implurb\/wp-json\/wp\/v2\/posts\/2493"}],"collection":[{"href":"https:\/\/www.manaus.am.gov.br\/implurb\/wp-json\/wp\/v2\/posts"}],"about":[{"href":"https:\/\/www.manaus.am.gov.br\/implurb\/wp-json\/wp\/v2\/types\/post"}],"author":[{"embeddable":true,"href":"https:\/\/www.manaus.am.gov.br\/implurb\/wp-json\/wp\/v2\/users\/25"}],"replies":[{"embeddable":true,"href":"https:\/\/www.manaus.am.gov.br\/implurb\/wp-json\/wp\/v2\/comments?post=2493"}],"version-history":[{"count":1,"href":"https:\/\/www.manaus.am.gov.br\/implurb\/wp-json\/wp\/v2\/posts\/2493\/revisions"}],"predecessor-version":[{"id":2496,"href":"https:\/\/www.manaus.am.gov.br\/implurb\/wp-json\/wp\/v2\/posts\/2493\/revisions\/2496"}],"wp:featuredmedia":[{"embeddable":true,"href":"https:\/\/www.manaus.am.gov.br\/implurb\/wp-json\/wp\/v2\/media\/2495"}],"wp:attachment":[{"href":"https:\/\/www.manaus.am.gov.br\/implurb\/wp-json\/wp\/v2\/media?parent=2493"}],"wp:term":[{"taxonomy":"category","embeddable":true,"href":"https:\/\/www.manaus.am.gov.br\/implurb\/wp-json\/wp\/v2\/categories?post=2493"},{"taxonomy":"post_tag","embeddable":true,"href":"https:\/\/www.manaus.am.gov.br\/implurb\/wp-json\/wp\/v2\/tags?post=2493"}],"curies":[{"name":"wp","href":"https:\/\/api.w.org\/{rel}","templated":true}]}}