{"id":2486,"date":"2023-09-29T16:16:10","date_gmt":"2023-09-29T20:16:10","guid":{"rendered":"https:\/\/www.manaus.am.gov.br\/implurb\/com-projetos-arquitetonicos-e-obras-prefeitura-esta-dobrando-areas-publicas-de-qualidade-em-manaus\/"},"modified":"2023-09-29T16:16:10","modified_gmt":"2023-09-29T20:16:10","slug":"com-projetos-arquitetonicos-e-obras-prefeitura-esta-dobrando-areas-publicas-de-qualidade-em-manaus","status":"publish","type":"post","link":"https:\/\/www.manaus.am.gov.br\/implurb\/com-projetos-arquitetonicos-e-obras-prefeitura-esta-dobrando-areas-publicas-de-qualidade-em-manaus\/","title":{"rendered":"<strong>Com projetos urbanos e obras, prefeitura est\u00e1 dobrando \u00e1reas p\u00fablicas de qualidade em Manaus<\/strong>"},"content":{"rendered":"\n<figure class=\"wp-block-image size-full\"><img decoding=\"async\" src=\"https:\/\/www.manaus.am.gov.br\/wp-content\/uploads\/2023\/09\/selo1000dias.png\" alt=\"\" class=\"wp-image-227963\" \/><\/figure>\n\n\n\n<p>\u00c1reas livres p\u00fablicas e de qualidade, com foco nos preciosos espa\u00e7os com paisagens naturais e revitalizantes, parques e pra\u00e7as, s\u00e3o lugares de encontro de conex\u00e3o com a natureza. Em um mundo cada vez mais urbano, essas \u00e1reas s\u00e3o essenciais. Nos 1.000 dias de gest\u00e3o, a Prefeitura de Manaus est\u00e1 investindo na cria\u00e7\u00e3o de mais de 181 mil metros quadrados de \u00e1rea com novos espa\u00e7os p\u00fablicos e acess\u00edveis \u00e0 popula\u00e7\u00e3o e visitantes.<\/p>\n\n\n\n<p>Com o prefeito David Almeida, a capital amazonense est\u00e1 mais do que dobrando o n\u00famero de grandes espa\u00e7os p\u00fablicos de refer\u00eancia na cidade, passando a contar com o complexo de S\u00e3o Vicente (mirante L\u00facia Almeida, casar\u00e3o Thiago de Mello largo de S\u00e3o Vicente), no Centro, e com o parque Amazonino Mendes, al\u00e9m da obra mais recente, o parque Encontro das \u00c1guas Rosa Almeida, na zona Leste, cuja ordem de servi\u00e7o foi assinada nesta ter\u00e7a-feira (26\/9).&nbsp;<\/p>\n\n\n\n<p>Um trecho do Amazonino Mendes, entre as zonas Leste e Norte, ser\u00e1 inaugurado em outubro, e as interven\u00e7\u00f5es do \u201cNosso Centro\u201d ser\u00e3o entregues em dezembro. O Encontro das \u00c1guas tem prazo de 1 ano para execu\u00e7\u00e3o.<\/p>\n\n\n\n<figure class=\"wp-block-image size-full\"><img loading=\"lazy\" decoding=\"async\" width=\"800\" height=\"450\" src=\"https:\/\/www.manaus.am.gov.br\/implurb\/wp-content\/uploads\/sites\/13\/2023\/09\/60264f0c-de22-4a74-a60a-7a165d32519d.jpg\" alt=\"\" class=\"wp-image-2490\" srcset=\"https:\/\/www.manaus.am.gov.br\/implurb\/wp-content\/uploads\/sites\/13\/2023\/09\/60264f0c-de22-4a74-a60a-7a165d32519d.jpg 800w, https:\/\/www.manaus.am.gov.br\/implurb\/wp-content\/uploads\/sites\/13\/2023\/09\/60264f0c-de22-4a74-a60a-7a165d32519d-300x169.jpg 300w, https:\/\/www.manaus.am.gov.br\/implurb\/wp-content\/uploads\/sites\/13\/2023\/09\/60264f0c-de22-4a74-a60a-7a165d32519d-768x432.jpg 768w\" sizes=\"(max-width: 800px) 100vw, 800px\" \/><\/figure>\n\n\n\n<p>\u201cEssas grandes obras v\u00e3o transformar o centro e a cidade de Manaus como um todo. Esse \u00e9 o prop\u00f3sito do intenso trabalho que vem sendo feito na nossa gest\u00e3o. Queremos reabilitar espa\u00e7os p\u00fablicos h\u00e1 muitos anos esquecidos, como tamb\u00e9m proporcionar novas \u00e1reas na capital, com foco no desenvolvimento do turismo, lazer, esporte e, principalmente, na qualidade de vida da nossa popula\u00e7\u00e3o\u201d, destacou o prefeito David Almeida.<\/p>\n\n\n\n<p>O Instituto Municipal de Planejamento Urbano (Implurb) \u00e9 autor dos projetos em execu\u00e7\u00e3o, al\u00e9m de uma s\u00e9rie de propostas que est\u00e3o prontas para ampliar a urbanidade, lazer e contempla\u00e7\u00e3o da capital, incluindo o casar\u00e3o de S\u00e3o Vicente; o museu do Porto e a Casa Vermelha; a Pra\u00e7a 14 de Novembro e a Pinacoteca.<\/p>\n\n\n\n<p>\u201cEste \u00e9 um grande feito da gest\u00e3o David Almeida e dos 1.000 dias, de proporcionar, em um curto espa\u00e7o de tempo, novas \u00e1reas p\u00fablicas de qualidade. At\u00e9 hoje, s\u00f3 t\u00ednhamos o complexo tur\u00edstico Ponta Negra e o largo de S\u00e3o Sebasti\u00e3o, com o Teatro Amazonas, que s\u00e3o espa\u00e7os que atendem ao p\u00fablico em geral, para passeios e eventos, desde o Natal at\u00e9 Copa do Mundo. E, agora, teremos outras tr\u00eas novas \u00e1reas, mais do que dobrando os lugares com grande ganho para a popula\u00e7\u00e3o\u201d, falou o diretor de Planejamento do instituto, arquiteto e urbanista Pedro Paulo Cordeiro.<\/p>\n\n\n\n<p><strong>Entregue<\/strong><\/p>\n\n\n\n<p>Dentro da s\u00e9rie de projetos arquitet\u00f4nicos da gest\u00e3o David Almeida, destaque para a rela\u00e7\u00e3o com a paisagem natural e a proximidade da \u00e1gua, com propostas de revitaliza\u00e7\u00e3o, reabilita\u00e7\u00e3o e bom uso da arquitetura.<\/p>\n\n\n\n<p>Numa cidade que tem a vista para o rio Negro e dezenas de igarap\u00e9s, que vive o ciclo de cheia e da vazante todos os anos, a \u00e1gua tem profundas rela\u00e7\u00f5es hist\u00f3ricas com seus habitantes. O conceito de biofilia, pensando a cidade a partir de solu\u00e7\u00f5es baseadas na natureza, \u00e9 amplamente encontrado na Casa de Praia Zezinho Corr\u00eaa, na Ponta Negra, obra inaugurada pela gest\u00e3o, espa\u00e7o antes abandonado e degradado.<\/p>\n\n\n\n<figure class=\"wp-block-image size-full\"><img loading=\"lazy\" decoding=\"async\" width=\"799\" height=\"533\" src=\"https:\/\/www.manaus.am.gov.br\/implurb\/wp-content\/uploads\/sites\/13\/2023\/09\/Casa-de-Praia_.jpg\" alt=\"\" class=\"wp-image-2489\" srcset=\"https:\/\/www.manaus.am.gov.br\/implurb\/wp-content\/uploads\/sites\/13\/2023\/09\/Casa-de-Praia_.jpg 799w, https:\/\/www.manaus.am.gov.br\/implurb\/wp-content\/uploads\/sites\/13\/2023\/09\/Casa-de-Praia_-300x200.jpg 300w, https:\/\/www.manaus.am.gov.br\/implurb\/wp-content\/uploads\/sites\/13\/2023\/09\/Casa-de-Praia_-768x512.jpg 768w\" sizes=\"(max-width: 799px) 100vw, 799px\" \/><\/figure>\n\n\n\n<p>Hoje, o ambiente mutigeracional constru\u00eddo de frente para as \u00e1guas escuras do rio Negro recebe centenas de frequentadores, contando com uma programa\u00e7\u00e3o cultural variada nos finais de semana. Visto de cima, a paisagem conecta uma faixa de \u00e1gua, a faixa de areia da praia perene e a faixa da interven\u00e7\u00e3o arquitet\u00f4nica, onde em todos os n\u00edveis se pode contemplar o rio.<\/p>\n\n\n\n<p>\u201cOs projetos criados pelo Implurb atendem v\u00e1rias zonas da cidade e a ideia \u00e9 de proporcionar, primeiramente, a qualidade de vida dos habitantes e que n\u00e3o haja necessidade de um grande deslocamento para se ter acesso a elas. Est\u00e3o sendo formados territ\u00f3rios, modificando a din\u00e2mica da \u00e1rea, como acontece no Centro com o mirante, largo e casar\u00e3o. Todos os edif\u00edcios e lotes estavam abandonados e a prefeitura fez o resgate e est\u00e1 revitaliza\u00e7\u00e3o aquele importante espa\u00e7o da capital, al\u00e9m de desenvolver arte, cultura, lazer e turismo\u201d, comentou o arquiteto.<\/p>\n\n\n\n<figure class=\"wp-block-image size-full\"><img loading=\"lazy\" decoding=\"async\" width=\"799\" height=\"533\" src=\"https:\/\/www.manaus.am.gov.br\/implurb\/wp-content\/uploads\/sites\/13\/2023\/09\/5c67f55d-2e0f-47a6-b0e0-3d80fb3cd507.jpg\" alt=\"\" class=\"wp-image-2488\" srcset=\"https:\/\/www.manaus.am.gov.br\/implurb\/wp-content\/uploads\/sites\/13\/2023\/09\/5c67f55d-2e0f-47a6-b0e0-3d80fb3cd507.jpg 799w, https:\/\/www.manaus.am.gov.br\/implurb\/wp-content\/uploads\/sites\/13\/2023\/09\/5c67f55d-2e0f-47a6-b0e0-3d80fb3cd507-300x200.jpg 300w, https:\/\/www.manaus.am.gov.br\/implurb\/wp-content\/uploads\/sites\/13\/2023\/09\/5c67f55d-2e0f-47a6-b0e0-3d80fb3cd507-768x512.jpg 768w\" sizes=\"(max-width: 799px) 100vw, 799px\" \/><\/figure>\n\n\n\n<p>O programa \u201cNosso Centro\u201d est\u00e1 promovendo a reabilita\u00e7\u00e3o no territ\u00f3rio central \u00e0s margens do rio Negro, com o mirante L\u00facia Almeida, o casar\u00e3o Thiago de Mello e o largo de S\u00e3o Vicente, todos em obras, e o casar\u00e3o de S\u00e3o Vicente, que ser\u00e1 licitado. O casar\u00e3o azul de S\u00e3o Vicente ter\u00e1 seu reuso para se transformar em um hub de inova\u00e7\u00e3o, no n\u00famero 89 da rua Bernardo Ramos.<\/p>\n\n\n\n<p><strong>Linear<\/strong><\/p>\n\n\n\n<p>O parque linear Amazonino Mendes, tamb\u00e9m conectado \u00e0 \u00e1gua, estando no entorno da \u00e1rea do Programa de Recupera\u00e7\u00e3o Ambiental e Requalifica\u00e7\u00e3o Social e Urban\u00edstica do Igarap\u00e9 do Mindu (Promindu), ter\u00e1 diversas fun\u00e7\u00f5es al\u00e9m do lazer, tendo um habitacional para 180 unidades, um Centro de Atendimento Psicossocial (CAPs) e uma etapa com estrutura urbana c\u00eanica amaz\u00f4nica, interativa e l\u00fadica, com brinquedos em grande escala, que v\u00e3o entreter de crian\u00e7as a adultos, incluindo \u00e1reas molhadas.<\/p>\n\n\n\n<p>As bacias de reten\u00e7\u00e3o de \u00e1gua pluvial ajudam a dar o tra\u00e7ado natural do espa\u00e7o p\u00fablico, com curvas e aclives, ganhando \u00e1reas de viv\u00eancia, bosqueadas, faixa saud\u00e1vel com pista de caminhada, faixa verde para a arboriza\u00e7\u00e3o e ciclovia, quiosques e outros mobili\u00e1rios.<\/p>\n\n\n\n<figure class=\"wp-block-image size-full\"><img loading=\"lazy\" decoding=\"async\" width=\"799\" height=\"533\" src=\"https:\/\/www.manaus.am.gov.br\/implurb\/wp-content\/uploads\/sites\/13\/2023\/09\/1fe0b9a1-1f17-4a10-a43c-1ffefa9baa08.jpg\" alt=\"\" class=\"wp-image-2487\" srcset=\"https:\/\/www.manaus.am.gov.br\/implurb\/wp-content\/uploads\/sites\/13\/2023\/09\/1fe0b9a1-1f17-4a10-a43c-1ffefa9baa08.jpg 799w, https:\/\/www.manaus.am.gov.br\/implurb\/wp-content\/uploads\/sites\/13\/2023\/09\/1fe0b9a1-1f17-4a10-a43c-1ffefa9baa08-300x200.jpg 300w, https:\/\/www.manaus.am.gov.br\/implurb\/wp-content\/uploads\/sites\/13\/2023\/09\/1fe0b9a1-1f17-4a10-a43c-1ffefa9baa08-768x512.jpg 768w\" sizes=\"(max-width: 799px) 100vw, 799px\" \/><\/figure>\n\n\n\n<p>A \u00e1rea de interven\u00e7\u00e3o do parque fica entre os bairros Novo Aleixo e Tancredo Neves. O parque \u00e9 resultado de um conv\u00eanio firmado entre Prefeitura de Manaus e governo do Estado, com 2 quil\u00f4metros de extens\u00e3o.<\/p>\n\n\n\n<p>E tem o Encontro das \u00c1guas, um importante projeto do arquiteto Oscar Niemeyer, o \u00fanico para o Amazonas, desenhado h\u00e1 d\u00e9cadas, que ser\u00e1 constru\u00eddo no melhor ponto de observa\u00e7\u00e3o do fen\u00f4meno de encontro dos rios Negro e Solim\u00f5es.<\/p>\n\n\n\n<p>Distribu\u00eddo em uma \u00e1rea total de mais de 120 mil m2, com encostas e grande declividade, o projeto localizado na Col\u00f4nia Ant\u00f4nio Aleixo recebeu configura\u00e7\u00e3o de parque urbano pelo Implurb. Para a interven\u00e7\u00e3o, ser\u00e1 necess\u00e1ria a implanta\u00e7\u00e3o de edifica\u00e7\u00f5es, mobili\u00e1rios urbanos, infraestrutura e estacionamentos.&nbsp;<\/p>\n\n\n\n<p>O projeto desenvolvido por Niemeyer, em 2005, tem museu e um restaurante incrustado no talude. O museu tem uma c\u00fapula de concreto, tendo nas extremidades opostas duas l\u00e2minas com 20,70m de altura, sendo uma na cor amarela, representando o rio Solim\u00f5es, e outra na cor preta, apresentando o rio Negro. Os jardins v\u00e3o dar pontos de cor ao entorno da floresta, com esp\u00e9cies nativas, desde grandes arb\u00f3reas a arbustos.<\/p>\n\n\n\n<p><strong>Legado<\/strong><\/p>\n\n\n\n<p>\u201cEste \u00e9 o legado do prefeito David Almeida para a popula\u00e7\u00e3o e para a cidade, pensar nela a partir da sustentabilidade, da seguran\u00e7a dos seus moradores e, acima de tudo, da qualidade de vida de todos com uma infraestrutura verde, que conecta interven\u00e7\u00f5es por meio das \u00e1guas, do paisagismo, da beleza natural, ampliando regi\u00f5es perme\u00e1veis, e criando caminhos e corredores mais humanos com parques lineares\u201d, explicou o diretor-presidente do Implurb, engenheiro Carlos Valente.<\/p>\n\n\n\n<p>A presen\u00e7a da \u00e1gua \u00e9 fundamental, ou por contato direto ou pelo visual, como os mirantes projetados prop\u00f5em, para que a popula\u00e7\u00e3o saia do estar de costas para o rio e passe, de forma real, a estar pela frente, usufruindo da beleza magn\u00edfica.<\/p>\n\n\n\n<p>\u00c9 permitir que a popula\u00e7\u00e3o veja os rios.<\/p>\n\n\n\n<p>&#8212; &#8212; &#8212;<\/p>\n\n\n\n<p><strong>Texto &#8211;<\/strong> Claudia do Valle \/ Implurb<\/p>\n\n\n\n<p><strong>Fotos &#8211;<\/strong> Elton Viana e Cl\u00f3vis Miranda \/ Semcom<\/p>\n\n\n\n<p><\/p>\n","protected":false},"excerpt":{"rendered":"","protected":false},"author":52,"featured_media":2491,"comment_status":"closed","ping_status":"closed","sticky":false,"template":"","format":"standard","meta":{"footnotes":""},"categories":[530],"tags":[560,561,79,15,562],"acf":[],"yoast_head":"<!-- This site is optimized with the Yoast SEO plugin v23.0 - https:\/\/yoast.com\/wordpress\/plugins\/seo\/ -->\n<title>Com projetos urbanos e obras, prefeitura est\u00e1 dobrando \u00e1reas p\u00fablicas de qualidade em Manaus<\/title>\n<meta name=\"description\" content=\"\u00c1reas livres p\u00fablicas e de qualidade, com foco nos preciosos espa\u00e7os com paisagens naturais e revitalizantes, parques e pra\u00e7as.\" \/>\n<meta name=\"robots\" content=\"noindex, follow\" \/>\n<meta property=\"og:locale\" content=\"pt_BR\" \/>\n<meta property=\"og:type\" content=\"article\" \/>\n<meta property=\"og:title\" content=\"Com projetos urbanos e obras, prefeitura est\u00e1 dobrando \u00e1reas p\u00fablicas de qualidade em Manaus\" \/>\n<meta property=\"og:description\" content=\"\u00c1reas livres p\u00fablicas e de qualidade, com foco nos preciosos espa\u00e7os com paisagens naturais e revitalizantes, parques e pra\u00e7as.\" \/>\n<meta property=\"og:url\" content=\"https:\/\/www.manaus.am.gov.br\/implurb\/com-projetos-arquitetonicos-e-obras-prefeitura-esta-dobrando-areas-publicas-de-qualidade-em-manaus\/\" \/>\n<meta property=\"og:site_name\" content=\"IMPLURB\" \/>\n<meta property=\"article:published_time\" content=\"2023-09-29T20:16:10+00:00\" \/>\n<meta property=\"og:image\" content=\"https:\/\/www.manaus.am.gov.br\/implurb\/wp-content\/uploads\/sites\/13\/2023\/09\/9bbaa7be-f208-4673-98e3-836a6210edde.jpg\" \/>\n\t<meta property=\"og:image:width\" content=\"823\" \/>\n\t<meta property=\"og:image:height\" content=\"592\" \/>\n\t<meta property=\"og:image:type\" content=\"image\/jpeg\" \/>\n<meta name=\"author\" content=\"csilveira\" \/>\n<meta name=\"twitter:card\" content=\"summary_large_image\" \/>\n<meta name=\"twitter:label1\" content=\"Written by\" \/>\n\t<meta name=\"twitter:data1\" content=\"csilveira\" \/>\n\t<meta name=\"twitter:label2\" content=\"Est. reading time\" \/>\n\t<meta name=\"twitter:data2\" content=\"8 minutos\" \/>\n<script type=\"application\/ld+json\" class=\"yoast-schema-graph\">{\"@context\":\"https:\/\/schema.org\",\"@graph\":[{\"@type\":\"WebPage\",\"@id\":\"https:\/\/www.manaus.am.gov.br\/implurb\/com-projetos-arquitetonicos-e-obras-prefeitura-esta-dobrando-areas-publicas-de-qualidade-em-manaus\/\",\"url\":\"https:\/\/www.manaus.am.gov.br\/implurb\/com-projetos-arquitetonicos-e-obras-prefeitura-esta-dobrando-areas-publicas-de-qualidade-em-manaus\/\",\"name\":\"Com projetos urbanos e obras, prefeitura est\u00e1 dobrando \u00e1reas p\u00fablicas de qualidade em Manaus\",\"isPartOf\":{\"@id\":\"https:\/\/www.manaus.am.gov.br\/implurb\/#website\"},\"primaryImageOfPage\":{\"@id\":\"https:\/\/www.manaus.am.gov.br\/implurb\/com-projetos-arquitetonicos-e-obras-prefeitura-esta-dobrando-areas-publicas-de-qualidade-em-manaus\/#primaryimage\"},\"image\":{\"@id\":\"https:\/\/www.manaus.am.gov.br\/implurb\/com-projetos-arquitetonicos-e-obras-prefeitura-esta-dobrando-areas-publicas-de-qualidade-em-manaus\/#primaryimage\"},\"thumbnailUrl\":\"https:\/\/www.manaus.am.gov.br\/implurb\/wp-content\/uploads\/sites\/13\/2023\/09\/9bbaa7be-f208-4673-98e3-836a6210edde.jpg\",\"datePublished\":\"2023-09-29T20:16:10+00:00\",\"dateModified\":\"2023-09-29T20:16:10+00:00\",\"author\":{\"@id\":\"https:\/\/www.manaus.am.gov.br\/implurb\/#\/schema\/person\/bfafc779be2e19b3d3ef4a59d418b606\"},\"description\":\"\u00c1reas livres p\u00fablicas e de qualidade, com foco nos preciosos espa\u00e7os com paisagens naturais e revitalizantes, parques e pra\u00e7as.\",\"breadcrumb\":{\"@id\":\"https:\/\/www.manaus.am.gov.br\/implurb\/com-projetos-arquitetonicos-e-obras-prefeitura-esta-dobrando-areas-publicas-de-qualidade-em-manaus\/#breadcrumb\"},\"inLanguage\":\"pt-BR\",\"potentialAction\":[{\"@type\":\"ReadAction\",\"target\":[\"https:\/\/www.manaus.am.gov.br\/implurb\/com-projetos-arquitetonicos-e-obras-prefeitura-esta-dobrando-areas-publicas-de-qualidade-em-manaus\/\"]}]},{\"@type\":\"ImageObject\",\"inLanguage\":\"pt-BR\",\"@id\":\"https:\/\/www.manaus.am.gov.br\/implurb\/com-projetos-arquitetonicos-e-obras-prefeitura-esta-dobrando-areas-publicas-de-qualidade-em-manaus\/#primaryimage\",\"url\":\"https:\/\/www.manaus.am.gov.br\/implurb\/wp-content\/uploads\/sites\/13\/2023\/09\/9bbaa7be-f208-4673-98e3-836a6210edde.jpg\",\"contentUrl\":\"https:\/\/www.manaus.am.gov.br\/implurb\/wp-content\/uploads\/sites\/13\/2023\/09\/9bbaa7be-f208-4673-98e3-836a6210edde.jpg\",\"width\":823,\"height\":592},{\"@type\":\"BreadcrumbList\",\"@id\":\"https:\/\/www.manaus.am.gov.br\/implurb\/com-projetos-arquitetonicos-e-obras-prefeitura-esta-dobrando-areas-publicas-de-qualidade-em-manaus\/#breadcrumb\",\"itemListElement\":[{\"@type\":\"ListItem\",\"position\":1,\"name\":\"Home\",\"item\":\"https:\/\/www.manaus.am.gov.br\/implurb\/\"},{\"@type\":\"ListItem\",\"position\":2,\"name\":\"Com projetos urbanos e obras, prefeitura est\u00e1 dobrando \u00e1reas p\u00fablicas de qualidade em Manaus\"}]},{\"@type\":\"WebSite\",\"@id\":\"https:\/\/www.manaus.am.gov.br\/implurb\/#website\",\"url\":\"https:\/\/www.manaus.am.gov.br\/implurb\/\",\"name\":\"IMPLURB\",\"description\":\"Prefeitura de Manaus\",\"potentialAction\":[{\"@type\":\"SearchAction\",\"target\":{\"@type\":\"EntryPoint\",\"urlTemplate\":\"https:\/\/www.manaus.am.gov.br\/implurb\/?s={search_term_string}\"},\"query-input\":\"required name=search_term_string\"}],\"inLanguage\":\"pt-BR\"},{\"@type\":\"Person\",\"@id\":\"https:\/\/www.manaus.am.gov.br\/implurb\/#\/schema\/person\/bfafc779be2e19b3d3ef4a59d418b606\",\"name\":\"csilveira\",\"image\":{\"@type\":\"ImageObject\",\"inLanguage\":\"pt-BR\",\"@id\":\"https:\/\/www.manaus.am.gov.br\/implurb\/#\/schema\/person\/image\/\",\"url\":\"https:\/\/secure.gravatar.com\/avatar\/9c2e2f00138fcd35401c748bd030d3b5?s=96&d=mm&r=g\",\"contentUrl\":\"https:\/\/secure.gravatar.com\/avatar\/9c2e2f00138fcd35401c748bd030d3b5?s=96&d=mm&r=g\",\"caption\":\"csilveira\"}}]}<\/script>\n<!-- \/ Yoast SEO plugin. -->","yoast_head_json":{"title":"Com projetos urbanos e obras, prefeitura est\u00e1 dobrando \u00e1reas p\u00fablicas de qualidade em Manaus","description":"\u00c1reas livres p\u00fablicas e de qualidade, com foco nos preciosos espa\u00e7os com paisagens naturais e revitalizantes, parques e pra\u00e7as.","robots":{"index":"noindex","follow":"follow"},"og_locale":"pt_BR","og_type":"article","og_title":"Com projetos urbanos e obras, prefeitura est\u00e1 dobrando \u00e1reas p\u00fablicas de qualidade em Manaus","og_description":"\u00c1reas livres p\u00fablicas e de qualidade, com foco nos preciosos espa\u00e7os com paisagens naturais e revitalizantes, parques e pra\u00e7as.","og_url":"https:\/\/www.manaus.am.gov.br\/implurb\/com-projetos-arquitetonicos-e-obras-prefeitura-esta-dobrando-areas-publicas-de-qualidade-em-manaus\/","og_site_name":"IMPLURB","article_published_time":"2023-09-29T20:16:10+00:00","og_image":[{"width":823,"height":592,"url":"https:\/\/www.manaus.am.gov.br\/implurb\/wp-content\/uploads\/sites\/13\/2023\/09\/9bbaa7be-f208-4673-98e3-836a6210edde.jpg","type":"image\/jpeg"}],"author":"csilveira","twitter_card":"summary_large_image","twitter_misc":{"Written by":"csilveira","Est. reading time":"8 minutos"},"schema":{"@context":"https:\/\/schema.org","@graph":[{"@type":"WebPage","@id":"https:\/\/www.manaus.am.gov.br\/implurb\/com-projetos-arquitetonicos-e-obras-prefeitura-esta-dobrando-areas-publicas-de-qualidade-em-manaus\/","url":"https:\/\/www.manaus.am.gov.br\/implurb\/com-projetos-arquitetonicos-e-obras-prefeitura-esta-dobrando-areas-publicas-de-qualidade-em-manaus\/","name":"Com projetos urbanos e obras, prefeitura est\u00e1 dobrando \u00e1reas p\u00fablicas de qualidade em Manaus","isPartOf":{"@id":"https:\/\/www.manaus.am.gov.br\/implurb\/#website"},"primaryImageOfPage":{"@id":"https:\/\/www.manaus.am.gov.br\/implurb\/com-projetos-arquitetonicos-e-obras-prefeitura-esta-dobrando-areas-publicas-de-qualidade-em-manaus\/#primaryimage"},"image":{"@id":"https:\/\/www.manaus.am.gov.br\/implurb\/com-projetos-arquitetonicos-e-obras-prefeitura-esta-dobrando-areas-publicas-de-qualidade-em-manaus\/#primaryimage"},"thumbnailUrl":"https:\/\/www.manaus.am.gov.br\/implurb\/wp-content\/uploads\/sites\/13\/2023\/09\/9bbaa7be-f208-4673-98e3-836a6210edde.jpg","datePublished":"2023-09-29T20:16:10+00:00","dateModified":"2023-09-29T20:16:10+00:00","author":{"@id":"https:\/\/www.manaus.am.gov.br\/implurb\/#\/schema\/person\/bfafc779be2e19b3d3ef4a59d418b606"},"description":"\u00c1reas livres p\u00fablicas e de qualidade, com foco nos preciosos espa\u00e7os com paisagens naturais e revitalizantes, parques e pra\u00e7as.","breadcrumb":{"@id":"https:\/\/www.manaus.am.gov.br\/implurb\/com-projetos-arquitetonicos-e-obras-prefeitura-esta-dobrando-areas-publicas-de-qualidade-em-manaus\/#breadcrumb"},"inLanguage":"pt-BR","potentialAction":[{"@type":"ReadAction","target":["https:\/\/www.manaus.am.gov.br\/implurb\/com-projetos-arquitetonicos-e-obras-prefeitura-esta-dobrando-areas-publicas-de-qualidade-em-manaus\/"]}]},{"@type":"ImageObject","inLanguage":"pt-BR","@id":"https:\/\/www.manaus.am.gov.br\/implurb\/com-projetos-arquitetonicos-e-obras-prefeitura-esta-dobrando-areas-publicas-de-qualidade-em-manaus\/#primaryimage","url":"https:\/\/www.manaus.am.gov.br\/implurb\/wp-content\/uploads\/sites\/13\/2023\/09\/9bbaa7be-f208-4673-98e3-836a6210edde.jpg","contentUrl":"https:\/\/www.manaus.am.gov.br\/implurb\/wp-content\/uploads\/sites\/13\/2023\/09\/9bbaa7be-f208-4673-98e3-836a6210edde.jpg","width":823,"height":592},{"@type":"BreadcrumbList","@id":"https:\/\/www.manaus.am.gov.br\/implurb\/com-projetos-arquitetonicos-e-obras-prefeitura-esta-dobrando-areas-publicas-de-qualidade-em-manaus\/#breadcrumb","itemListElement":[{"@type":"ListItem","position":1,"name":"Home","item":"https:\/\/www.manaus.am.gov.br\/implurb\/"},{"@type":"ListItem","position":2,"name":"Com projetos urbanos e obras, prefeitura est\u00e1 dobrando \u00e1reas p\u00fablicas de qualidade em Manaus"}]},{"@type":"WebSite","@id":"https:\/\/www.manaus.am.gov.br\/implurb\/#website","url":"https:\/\/www.manaus.am.gov.br\/implurb\/","name":"IMPLURB","description":"Prefeitura de Manaus","potentialAction":[{"@type":"SearchAction","target":{"@type":"EntryPoint","urlTemplate":"https:\/\/www.manaus.am.gov.br\/implurb\/?s={search_term_string}"},"query-input":"required name=search_term_string"}],"inLanguage":"pt-BR"},{"@type":"Person","@id":"https:\/\/www.manaus.am.gov.br\/implurb\/#\/schema\/person\/bfafc779be2e19b3d3ef4a59d418b606","name":"csilveira","image":{"@type":"ImageObject","inLanguage":"pt-BR","@id":"https:\/\/www.manaus.am.gov.br\/implurb\/#\/schema\/person\/image\/","url":"https:\/\/secure.gravatar.com\/avatar\/9c2e2f00138fcd35401c748bd030d3b5?s=96&d=mm&r=g","contentUrl":"https:\/\/secure.gravatar.com\/avatar\/9c2e2f00138fcd35401c748bd030d3b5?s=96&d=mm&r=g","caption":"csilveira"}}]}},"_links":{"self":[{"href":"https:\/\/www.manaus.am.gov.br\/implurb\/wp-json\/wp\/v2\/posts\/2486"}],"collection":[{"href":"https:\/\/www.manaus.am.gov.br\/implurb\/wp-json\/wp\/v2\/posts"}],"about":[{"href":"https:\/\/www.manaus.am.gov.br\/implurb\/wp-json\/wp\/v2\/types\/post"}],"author":[{"embeddable":true,"href":"https:\/\/www.manaus.am.gov.br\/implurb\/wp-json\/wp\/v2\/users\/52"}],"replies":[{"embeddable":true,"href":"https:\/\/www.manaus.am.gov.br\/implurb\/wp-json\/wp\/v2\/comments?post=2486"}],"version-history":[{"count":1,"href":"https:\/\/www.manaus.am.gov.br\/implurb\/wp-json\/wp\/v2\/posts\/2486\/revisions"}],"predecessor-version":[{"id":2492,"href":"https:\/\/www.manaus.am.gov.br\/implurb\/wp-json\/wp\/v2\/posts\/2486\/revisions\/2492"}],"wp:featuredmedia":[{"embeddable":true,"href":"https:\/\/www.manaus.am.gov.br\/implurb\/wp-json\/wp\/v2\/media\/2491"}],"wp:attachment":[{"href":"https:\/\/www.manaus.am.gov.br\/implurb\/wp-json\/wp\/v2\/media?parent=2486"}],"wp:term":[{"taxonomy":"category","embeddable":true,"href":"https:\/\/www.manaus.am.gov.br\/implurb\/wp-json\/wp\/v2\/categories?post=2486"},{"taxonomy":"post_tag","embeddable":true,"href":"https:\/\/www.manaus.am.gov.br\/implurb\/wp-json\/wp\/v2\/tags?post=2486"}],"curies":[{"name":"wp","href":"https:\/\/api.w.org\/{rel}","templated":true}]}}