{"id":2480,"date":"2023-09-29T13:43:28","date_gmt":"2023-09-29T17:43:28","guid":{"rendered":"https:\/\/www.manaus.am.gov.br\/implurb\/entrega-inedita-de-registros-de-imoveis-leva-seguranca-a-mais-de-mil-familias-manauaras\/"},"modified":"2023-11-08T16:20:28","modified_gmt":"2023-11-08T20:20:28","slug":"entrega-inedita-de-registros-de-imoveis-leva-seguranca-a-mais-de-mil-familias-manauaras","status":"publish","type":"post","link":"https:\/\/www.manaus.am.gov.br\/implurb\/entrega-inedita-de-registros-de-imoveis-leva-seguranca-a-mais-de-mil-familias-manauaras\/","title":{"rendered":"<strong>Entrega in\u00e9dita de registros de im\u00f3veis leva seguran\u00e7a a mais de mil fam\u00edlias manauaras<\/strong>"},"content":{"rendered":"\n<figure class=\"wp-block-image size-full\"><img decoding=\"async\" src=\"https:\/\/www.manaus.am.gov.br\/wp-content\/uploads\/2023\/09\/selo1000dias.png\" alt=\"\" class=\"wp-image-227963\" \/><\/figure>\n\n\n\n<p>A regulariza\u00e7\u00e3o urbana em Manaus se tornou uma das a\u00e7\u00f5es de grande impacto social e humano nos 1.000 dias de gest\u00e3o do prefeito David Almeida, realizando a entrega de 1.050 registros de im\u00f3veis na comunidade S\u00e3o Jos\u00e9 dos Campos, na zona Leste. Outros cinco mil registros de im\u00f3veis est\u00e3o em produ\u00e7\u00e3o, de forma in\u00e9dita pelo poder p\u00fablico municipal.\u00a0<\/p>\n\n\n\n<p>Pelo Instituto Municipal de Planejamento Urbano (Implurb), a prefeitura tamb\u00e9m est\u00e1 no foco das iniciativas de projetos e programas urban\u00edsticos e arquitet\u00f4nicos, como da reabilita\u00e7\u00e3o do centro hist\u00f3rico de Manaus, espa\u00e7os p\u00fablicos h\u00e1 muitos anos esquecidos, com a execu\u00e7\u00e3o as obras no complexo de S\u00e3o Vicente \u2013 mirante L\u00facia Almeida, casar\u00e3o Thiago de Mello e largo de S\u00e3o Vicente.<\/p>\n\n\n\n<p>Criado em 2001, pela lei n\u00ba 10.257, o Estatuto das Cidades apresentou no Brasil as diretrizes gerais para a pol\u00edtica urbana nacional. Na legisla\u00e7\u00e3o, um dos princ\u00edpios fundamentais \u00e9 a regulariza\u00e7\u00e3o do uso da propriedade urbana em prol do bem coletivo e do bem-estar dos cidad\u00e3os.&nbsp;<\/p>\n\n\n\n<p>Na comunidade S\u00e3o Jos\u00e9 dos Campos, em 65% dos casos as chefes de fam\u00edlia s\u00e3o mulheres, como \u00e9 o caso da agricultora e dona de casa Elezilda Almeida dos Santos. &#8220;Esperamos muito tempo por este documento e o prefeito nos aben\u00e7oou. Moro na comunidade desde o in\u00edcio e n\u00e3o tenho palavras para agradecer. \u00c9 uma vit\u00f3ria e a realiza\u00e7\u00e3o de um sonho, sonhado com centenas de outras pessoas que necessitam do servi\u00e7o&#8221;.<\/p>\n\n\n\n<p>O l\u00edder comunit\u00e1rio Eug\u00eanio Ferreira, pioneiro no S\u00e3o Jos\u00e9 dos Campos, tamb\u00e9m recebeu seu documento, pelo qual esperava h\u00e1 mais de 30 anos. \u201c\u00c9 um presente que recebemos, um antigo sonho dos moradores de uma \u00e1rea que come\u00e7ou com uma invas\u00e3o. Hoje, posso dizer que sou dono do meu im\u00f3vel, e n\u00e3o precisamos pagar nada pelo documento. N\u00e3o tivemos despesa de cart\u00f3rio&#8221;, lembrou.<\/p>\n\n\n\n<figure class=\"wp-block-image size-full\"><img loading=\"lazy\" decoding=\"async\" width=\"533\" height=\"799\" src=\"https:\/\/www.manaus.am.gov.br\/implurb\/wp-content\/uploads\/sites\/13\/2023\/09\/52817665920_e6f0ecaf2e_c.jpg\" alt=\"\" class=\"wp-image-2483\" srcset=\"https:\/\/www.manaus.am.gov.br\/implurb\/wp-content\/uploads\/sites\/13\/2023\/09\/52817665920_e6f0ecaf2e_c.jpg 533w, https:\/\/www.manaus.am.gov.br\/implurb\/wp-content\/uploads\/sites\/13\/2023\/09\/52817665920_e6f0ecaf2e_c-200x300.jpg 200w\" sizes=\"(max-width: 533px) 100vw, 533px\" \/><\/figure>\n\n\n\n<p>Os cinco mil registros j\u00e1 em produ\u00e7\u00e3o v\u00e3o beneficiar moradores da comunidade Coliseu, no Jorge Teixeira, tamb\u00e9m na zona Leste, dentro do programa de regulariza\u00e7\u00e3o fundi\u00e1ria. Os registros entregues foram produzidos pela antiga Vice-Presid\u00eancia de Habita\u00e7\u00e3o e Assuntos Fundi\u00e1rios (Vpreshaf), que hoje foi substitu\u00edda pela Secretaria Municipal de Habita\u00e7\u00e3o e Assuntos Fundi\u00e1rios (Semhaf), ampliando a prioridade e expandindo a pol\u00edtica da gest\u00e3o.<\/p>\n\n\n\n<p>\u201c\u00c9 uma nova fase em rela\u00e7\u00e3o aos registros. Estamos entregando a certid\u00e3o, que \u00e9 o registro de im\u00f3vel, com toda a escritura, tudo pago nos cart\u00f3rios pela Prefeitura de Manaus, e agora os moradores v\u00e3o ser donos de fato e de direito do im\u00f3vel que est\u00e3o habitando. Vamos trabalhar para atender todas as \u00e1reas da cidade de Manaus\u201d, destacou o prefeito David Almeida.<\/p>\n\n\n\n<p><strong>Levantamentos<\/strong><\/p>\n\n\n\n<p>O trabalho \u00e9 bastante t\u00e9cnico e envolve atividades \u00e1rduas em campo, desde o levantamento de dados georreferenciados; detalhamentos de \u00e1reas ambientais, de risco, cursos d\u2019\u00e1gua e toda a urbaniza\u00e7\u00e3o realizada; at\u00e9 poligonais e levantamentos socioecon\u00f4micos das fam\u00edlias.<\/p>\n\n\n\n<p>\u201cNunca, absolutamente nunca, nenhum prefeito entregou registro de im\u00f3veis antes. Somente a administra\u00e7\u00e3o David Almeida, com extrema efetividade, fez esse trabalho de grande import\u00e2ncia social para milhares de fam\u00edlias\u201d, comentou o diretor-presidente do Instituto Municipal de Planejamento Urbano (Implurb), Carlos Valente.<\/p>\n\n\n\n<p>Todos os lotes delimitados t\u00eam uma tabela que mostra seus dados, que ser\u00e3o inseridos nos memoriais descritivos individualizados, com as coordenadas geogr\u00e1ficas. Os benefici\u00e1rios s\u00e3o validados, assim como seus documentos, atendendo toda a lei nacional da Regulariza\u00e7\u00e3o Fundi\u00e1ria Urbana (Reurb), seguindo as regras, inclusive, ao tamanho da ocupa\u00e7\u00e3o.<\/p>\n\n\n\n<figure class=\"wp-block-image size-full\"><img loading=\"lazy\" decoding=\"async\" width=\"799\" height=\"533\" src=\"https:\/\/www.manaus.am.gov.br\/implurb\/wp-content\/uploads\/sites\/13\/2023\/09\/52817709293_0d27bd465a_c.jpg\" alt=\"\" class=\"wp-image-2482\" srcset=\"https:\/\/www.manaus.am.gov.br\/implurb\/wp-content\/uploads\/sites\/13\/2023\/09\/52817709293_0d27bd465a_c.jpg 799w, https:\/\/www.manaus.am.gov.br\/implurb\/wp-content\/uploads\/sites\/13\/2023\/09\/52817709293_0d27bd465a_c-300x200.jpg 300w, https:\/\/www.manaus.am.gov.br\/implurb\/wp-content\/uploads\/sites\/13\/2023\/09\/52817709293_0d27bd465a_c-768x512.jpg 768w\" sizes=\"(max-width: 799px) 100vw, 799px\" \/><\/figure>\n\n\n\n<p>&#8220;A equipe trabalha com aten\u00e7\u00e3o e cuidado com as fam\u00edlias de baixa renda. E \u00e9 importante esclarecer que o registro de im\u00f3vel \u00e9 o \u00fanico documento que transforma aquele morador como dono de fato e de direito do seu im\u00f3vel. E o prefeito David Almeida nos deu esta diretriz, de entregar o documento totalmente desonerado, sem necessidade de pagamento pelos benefici\u00e1rios&#8221;, afirmou Valente.<\/p>\n\n\n\n<p><strong>Documentos<\/strong><\/p>\n\n\n\n<p>Os documentos que foram entregues s\u00e3o definitivos, j\u00e1 registrados em cart\u00f3rio e sem custo ao benefici\u00e1rio que se enquadra no perfil social, ou seja, a Regulariza\u00e7\u00e3o Fundi\u00e1ria Urbana Social (Reurb-S), conforme legisla\u00e7\u00e3o vigente. O documento garante aos propriet\u00e1rios seguran\u00e7a jur\u00eddica de propriedade de im\u00f3veis e valoriza\u00e7\u00e3o de terrenos. A regulariza\u00e7\u00e3o fundi\u00e1ria beneficia fam\u00edlias de baixa renda com o registro de im\u00f3veis, dando seguran\u00e7a jur\u00eddica a milhares de pessoas.<\/p>\n\n\n\n<p><strong>Comunidade<\/strong><\/p>\n\n\n\n<p>A ocupa\u00e7\u00e3o no S\u00e3o Jos\u00e9 dos Campos foi formada em meados de 1992 e durante os 30 anos n\u00e3o recebeu servi\u00e7os de regulariza\u00e7\u00e3o fundi\u00e1ria. Com os registros de im\u00f3veis, os propriet\u00e1rios dos lotes t\u00eam acesso \u00e0 terra urbanizada, ao resgate da cidadania e \u00e0 valoriza\u00e7\u00e3o dos seus terrenos, podendo, inclusive, usar o bem no sistema banc\u00e1rio para busca de financiamentos. O registro de im\u00f3vel estabelece o direito \u00e0 propriedade, de quem realmente \u00e9 dono.<\/p>\n\n\n\n<figure class=\"wp-block-image size-full\"><img loading=\"lazy\" decoding=\"async\" width=\"533\" height=\"799\" src=\"https:\/\/www.manaus.am.gov.br\/implurb\/wp-content\/uploads\/sites\/13\/2023\/09\/52816697437_49b8a11404_c.jpg\" alt=\"\" class=\"wp-image-2481\" srcset=\"https:\/\/www.manaus.am.gov.br\/implurb\/wp-content\/uploads\/sites\/13\/2023\/09\/52816697437_49b8a11404_c.jpg 533w, https:\/\/www.manaus.am.gov.br\/implurb\/wp-content\/uploads\/sites\/13\/2023\/09\/52816697437_49b8a11404_c-200x300.jpg 200w\" sizes=\"(max-width: 533px) 100vw, 533px\" \/><\/figure>\n\n\n\n<p><strong>Nova Cidade<\/strong><\/p>\n\n\n\n<p>Assim como a urbaniza\u00e7\u00e3o tem impacto positivo na qualidade de vida dos moradores, a regulariza\u00e7\u00e3o fundi\u00e1ria provoca o pertencimento de milhares de pessoas que n\u00e3o t\u00eam seus im\u00f3veis regularizados. De forma in\u00e9dita, o Implurb beneficiou ainda um n\u00famero recorde de moradores de 10.655 unidades habitacionais no Nova Cidade, zona Norte, expedindo a certid\u00e3o de Habite-se do conjunto, o que alcan\u00e7a diretamente os quase 70 mil moradores do bairro criado em 2010.<\/p>\n\n\n\n<p>&#8212; &#8212; &#8212;&nbsp;<\/p>\n\n\n\n<p><strong>Texto &#8211;<\/strong> Cl\u00e1udia do Valle \/ Implurb<\/p>\n\n\n\n<p><strong>Fotos &#8211; <\/strong>Jo\u00e3o Viana \/ Semcom e Arquivo Semcom<\/p>\n","protected":false},"excerpt":{"rendered":"","protected":false},"author":52,"featured_media":2484,"comment_status":"closed","ping_status":"closed","sticky":false,"template":"","format":"standard","meta":{"footnotes":""},"categories":[530],"tags":[97,15,559],"acf":[],"yoast_head":"<!-- This site is optimized with the Yoast SEO plugin v23.0 - https:\/\/yoast.com\/wordpress\/plugins\/seo\/ -->\n<title>Entrega in\u00e9dita de registros de im\u00f3veis leva seguran\u00e7a a mais de mil fam\u00edlias manauaras<\/title>\n<meta name=\"description\" content=\"A regulariza\u00e7\u00e3o urbana em Manaus se tornou uma das a\u00e7\u00f5es de grande impacto social e humano nos 1.000 dias de gest\u00e3o do prefeito.\" \/>\n<meta name=\"robots\" content=\"noindex, follow\" \/>\n<meta property=\"og:locale\" content=\"pt_BR\" \/>\n<meta property=\"og:type\" content=\"article\" \/>\n<meta property=\"og:title\" content=\"Entrega in\u00e9dita de registros de im\u00f3veis leva seguran\u00e7a a mais de mil fam\u00edlias manauaras\" \/>\n<meta property=\"og:description\" content=\"A regulariza\u00e7\u00e3o urbana em Manaus se tornou uma das a\u00e7\u00f5es de grande impacto social e humano nos 1.000 dias de gest\u00e3o do prefeito.\" \/>\n<meta property=\"og:url\" content=\"https:\/\/www.manaus.am.gov.br\/implurb\/entrega-inedita-de-registros-de-imoveis-leva-seguranca-a-mais-de-mil-familias-manauaras\/\" \/>\n<meta property=\"og:site_name\" content=\"IMPLURB\" \/>\n<meta property=\"article:published_time\" content=\"2023-09-29T17:43:28+00:00\" \/>\n<meta property=\"article:modified_time\" content=\"2023-11-08T20:20:28+00:00\" \/>\n<meta property=\"og:image\" content=\"https:\/\/www.manaus.am.gov.br\/implurb\/wp-content\/uploads\/sites\/13\/2023\/09\/c208d49e-14b6-43ac-88a8-03e1101d29c2.jpg\" \/>\n\t<meta property=\"og:image:width\" content=\"823\" \/>\n\t<meta property=\"og:image:height\" content=\"592\" \/>\n\t<meta property=\"og:image:type\" content=\"image\/jpeg\" \/>\n<meta name=\"author\" content=\"csilveira\" \/>\n<meta name=\"twitter:card\" content=\"summary_large_image\" \/>\n<meta name=\"twitter:label1\" content=\"Written by\" \/>\n\t<meta name=\"twitter:data1\" content=\"csilveira\" \/>\n\t<meta name=\"twitter:label2\" content=\"Est. reading time\" \/>\n\t<meta name=\"twitter:data2\" content=\"6 minutos\" \/>\n<script type=\"application\/ld+json\" class=\"yoast-schema-graph\">{\"@context\":\"https:\/\/schema.org\",\"@graph\":[{\"@type\":\"WebPage\",\"@id\":\"https:\/\/www.manaus.am.gov.br\/implurb\/entrega-inedita-de-registros-de-imoveis-leva-seguranca-a-mais-de-mil-familias-manauaras\/\",\"url\":\"https:\/\/www.manaus.am.gov.br\/implurb\/entrega-inedita-de-registros-de-imoveis-leva-seguranca-a-mais-de-mil-familias-manauaras\/\",\"name\":\"Entrega in\u00e9dita de registros de im\u00f3veis leva seguran\u00e7a a mais de mil fam\u00edlias manauaras\",\"isPartOf\":{\"@id\":\"https:\/\/www.manaus.am.gov.br\/implurb\/#website\"},\"primaryImageOfPage\":{\"@id\":\"https:\/\/www.manaus.am.gov.br\/implurb\/entrega-inedita-de-registros-de-imoveis-leva-seguranca-a-mais-de-mil-familias-manauaras\/#primaryimage\"},\"image\":{\"@id\":\"https:\/\/www.manaus.am.gov.br\/implurb\/entrega-inedita-de-registros-de-imoveis-leva-seguranca-a-mais-de-mil-familias-manauaras\/#primaryimage\"},\"thumbnailUrl\":\"https:\/\/www.manaus.am.gov.br\/implurb\/wp-content\/uploads\/sites\/13\/2023\/09\/c208d49e-14b6-43ac-88a8-03e1101d29c2.jpg\",\"datePublished\":\"2023-09-29T17:43:28+00:00\",\"dateModified\":\"2023-11-08T20:20:28+00:00\",\"author\":{\"@id\":\"https:\/\/www.manaus.am.gov.br\/implurb\/#\/schema\/person\/bfafc779be2e19b3d3ef4a59d418b606\"},\"description\":\"A regulariza\u00e7\u00e3o urbana em Manaus se tornou uma das a\u00e7\u00f5es de grande impacto social e humano nos 1.000 dias de gest\u00e3o do prefeito.\",\"breadcrumb\":{\"@id\":\"https:\/\/www.manaus.am.gov.br\/implurb\/entrega-inedita-de-registros-de-imoveis-leva-seguranca-a-mais-de-mil-familias-manauaras\/#breadcrumb\"},\"inLanguage\":\"pt-BR\",\"potentialAction\":[{\"@type\":\"ReadAction\",\"target\":[\"https:\/\/www.manaus.am.gov.br\/implurb\/entrega-inedita-de-registros-de-imoveis-leva-seguranca-a-mais-de-mil-familias-manauaras\/\"]}]},{\"@type\":\"ImageObject\",\"inLanguage\":\"pt-BR\",\"@id\":\"https:\/\/www.manaus.am.gov.br\/implurb\/entrega-inedita-de-registros-de-imoveis-leva-seguranca-a-mais-de-mil-familias-manauaras\/#primaryimage\",\"url\":\"https:\/\/www.manaus.am.gov.br\/implurb\/wp-content\/uploads\/sites\/13\/2023\/09\/c208d49e-14b6-43ac-88a8-03e1101d29c2.jpg\",\"contentUrl\":\"https:\/\/www.manaus.am.gov.br\/implurb\/wp-content\/uploads\/sites\/13\/2023\/09\/c208d49e-14b6-43ac-88a8-03e1101d29c2.jpg\",\"width\":823,\"height\":592},{\"@type\":\"BreadcrumbList\",\"@id\":\"https:\/\/www.manaus.am.gov.br\/implurb\/entrega-inedita-de-registros-de-imoveis-leva-seguranca-a-mais-de-mil-familias-manauaras\/#breadcrumb\",\"itemListElement\":[{\"@type\":\"ListItem\",\"position\":1,\"name\":\"Home\",\"item\":\"https:\/\/www.manaus.am.gov.br\/implurb\/\"},{\"@type\":\"ListItem\",\"position\":2,\"name\":\"Entrega in\u00e9dita de registros de im\u00f3veis leva seguran\u00e7a a mais de mil fam\u00edlias manauaras\"}]},{\"@type\":\"WebSite\",\"@id\":\"https:\/\/www.manaus.am.gov.br\/implurb\/#website\",\"url\":\"https:\/\/www.manaus.am.gov.br\/implurb\/\",\"name\":\"IMPLURB\",\"description\":\"Prefeitura de Manaus\",\"potentialAction\":[{\"@type\":\"SearchAction\",\"target\":{\"@type\":\"EntryPoint\",\"urlTemplate\":\"https:\/\/www.manaus.am.gov.br\/implurb\/?s={search_term_string}\"},\"query-input\":\"required name=search_term_string\"}],\"inLanguage\":\"pt-BR\"},{\"@type\":\"Person\",\"@id\":\"https:\/\/www.manaus.am.gov.br\/implurb\/#\/schema\/person\/bfafc779be2e19b3d3ef4a59d418b606\",\"name\":\"csilveira\",\"image\":{\"@type\":\"ImageObject\",\"inLanguage\":\"pt-BR\",\"@id\":\"https:\/\/www.manaus.am.gov.br\/implurb\/#\/schema\/person\/image\/\",\"url\":\"https:\/\/secure.gravatar.com\/avatar\/9c2e2f00138fcd35401c748bd030d3b5?s=96&d=mm&r=g\",\"contentUrl\":\"https:\/\/secure.gravatar.com\/avatar\/9c2e2f00138fcd35401c748bd030d3b5?s=96&d=mm&r=g\",\"caption\":\"csilveira\"}}]}<\/script>\n<!-- \/ Yoast SEO plugin. -->","yoast_head_json":{"title":"Entrega in\u00e9dita de registros de im\u00f3veis leva seguran\u00e7a a mais de mil fam\u00edlias manauaras","description":"A regulariza\u00e7\u00e3o urbana em Manaus se tornou uma das a\u00e7\u00f5es de grande impacto social e humano nos 1.000 dias de gest\u00e3o do prefeito.","robots":{"index":"noindex","follow":"follow"},"og_locale":"pt_BR","og_type":"article","og_title":"Entrega in\u00e9dita de registros de im\u00f3veis leva seguran\u00e7a a mais de mil fam\u00edlias manauaras","og_description":"A regulariza\u00e7\u00e3o urbana em Manaus se tornou uma das a\u00e7\u00f5es de grande impacto social e humano nos 1.000 dias de gest\u00e3o do prefeito.","og_url":"https:\/\/www.manaus.am.gov.br\/implurb\/entrega-inedita-de-registros-de-imoveis-leva-seguranca-a-mais-de-mil-familias-manauaras\/","og_site_name":"IMPLURB","article_published_time":"2023-09-29T17:43:28+00:00","article_modified_time":"2023-11-08T20:20:28+00:00","og_image":[{"width":823,"height":592,"url":"https:\/\/www.manaus.am.gov.br\/implurb\/wp-content\/uploads\/sites\/13\/2023\/09\/c208d49e-14b6-43ac-88a8-03e1101d29c2.jpg","type":"image\/jpeg"}],"author":"csilveira","twitter_card":"summary_large_image","twitter_misc":{"Written by":"csilveira","Est. reading time":"6 minutos"},"schema":{"@context":"https:\/\/schema.org","@graph":[{"@type":"WebPage","@id":"https:\/\/www.manaus.am.gov.br\/implurb\/entrega-inedita-de-registros-de-imoveis-leva-seguranca-a-mais-de-mil-familias-manauaras\/","url":"https:\/\/www.manaus.am.gov.br\/implurb\/entrega-inedita-de-registros-de-imoveis-leva-seguranca-a-mais-de-mil-familias-manauaras\/","name":"Entrega in\u00e9dita de registros de im\u00f3veis leva seguran\u00e7a a mais de mil fam\u00edlias manauaras","isPartOf":{"@id":"https:\/\/www.manaus.am.gov.br\/implurb\/#website"},"primaryImageOfPage":{"@id":"https:\/\/www.manaus.am.gov.br\/implurb\/entrega-inedita-de-registros-de-imoveis-leva-seguranca-a-mais-de-mil-familias-manauaras\/#primaryimage"},"image":{"@id":"https:\/\/www.manaus.am.gov.br\/implurb\/entrega-inedita-de-registros-de-imoveis-leva-seguranca-a-mais-de-mil-familias-manauaras\/#primaryimage"},"thumbnailUrl":"https:\/\/www.manaus.am.gov.br\/implurb\/wp-content\/uploads\/sites\/13\/2023\/09\/c208d49e-14b6-43ac-88a8-03e1101d29c2.jpg","datePublished":"2023-09-29T17:43:28+00:00","dateModified":"2023-11-08T20:20:28+00:00","author":{"@id":"https:\/\/www.manaus.am.gov.br\/implurb\/#\/schema\/person\/bfafc779be2e19b3d3ef4a59d418b606"},"description":"A regulariza\u00e7\u00e3o urbana em Manaus se tornou uma das a\u00e7\u00f5es de grande impacto social e humano nos 1.000 dias de gest\u00e3o do prefeito.","breadcrumb":{"@id":"https:\/\/www.manaus.am.gov.br\/implurb\/entrega-inedita-de-registros-de-imoveis-leva-seguranca-a-mais-de-mil-familias-manauaras\/#breadcrumb"},"inLanguage":"pt-BR","potentialAction":[{"@type":"ReadAction","target":["https:\/\/www.manaus.am.gov.br\/implurb\/entrega-inedita-de-registros-de-imoveis-leva-seguranca-a-mais-de-mil-familias-manauaras\/"]}]},{"@type":"ImageObject","inLanguage":"pt-BR","@id":"https:\/\/www.manaus.am.gov.br\/implurb\/entrega-inedita-de-registros-de-imoveis-leva-seguranca-a-mais-de-mil-familias-manauaras\/#primaryimage","url":"https:\/\/www.manaus.am.gov.br\/implurb\/wp-content\/uploads\/sites\/13\/2023\/09\/c208d49e-14b6-43ac-88a8-03e1101d29c2.jpg","contentUrl":"https:\/\/www.manaus.am.gov.br\/implurb\/wp-content\/uploads\/sites\/13\/2023\/09\/c208d49e-14b6-43ac-88a8-03e1101d29c2.jpg","width":823,"height":592},{"@type":"BreadcrumbList","@id":"https:\/\/www.manaus.am.gov.br\/implurb\/entrega-inedita-de-registros-de-imoveis-leva-seguranca-a-mais-de-mil-familias-manauaras\/#breadcrumb","itemListElement":[{"@type":"ListItem","position":1,"name":"Home","item":"https:\/\/www.manaus.am.gov.br\/implurb\/"},{"@type":"ListItem","position":2,"name":"Entrega in\u00e9dita de registros de im\u00f3veis leva seguran\u00e7a a mais de mil fam\u00edlias manauaras"}]},{"@type":"WebSite","@id":"https:\/\/www.manaus.am.gov.br\/implurb\/#website","url":"https:\/\/www.manaus.am.gov.br\/implurb\/","name":"IMPLURB","description":"Prefeitura de Manaus","potentialAction":[{"@type":"SearchAction","target":{"@type":"EntryPoint","urlTemplate":"https:\/\/www.manaus.am.gov.br\/implurb\/?s={search_term_string}"},"query-input":"required name=search_term_string"}],"inLanguage":"pt-BR"},{"@type":"Person","@id":"https:\/\/www.manaus.am.gov.br\/implurb\/#\/schema\/person\/bfafc779be2e19b3d3ef4a59d418b606","name":"csilveira","image":{"@type":"ImageObject","inLanguage":"pt-BR","@id":"https:\/\/www.manaus.am.gov.br\/implurb\/#\/schema\/person\/image\/","url":"https:\/\/secure.gravatar.com\/avatar\/9c2e2f00138fcd35401c748bd030d3b5?s=96&d=mm&r=g","contentUrl":"https:\/\/secure.gravatar.com\/avatar\/9c2e2f00138fcd35401c748bd030d3b5?s=96&d=mm&r=g","caption":"csilveira"}}]}},"_links":{"self":[{"href":"https:\/\/www.manaus.am.gov.br\/implurb\/wp-json\/wp\/v2\/posts\/2480"}],"collection":[{"href":"https:\/\/www.manaus.am.gov.br\/implurb\/wp-json\/wp\/v2\/posts"}],"about":[{"href":"https:\/\/www.manaus.am.gov.br\/implurb\/wp-json\/wp\/v2\/types\/post"}],"author":[{"embeddable":true,"href":"https:\/\/www.manaus.am.gov.br\/implurb\/wp-json\/wp\/v2\/users\/52"}],"replies":[{"embeddable":true,"href":"https:\/\/www.manaus.am.gov.br\/implurb\/wp-json\/wp\/v2\/comments?post=2480"}],"version-history":[{"count":5,"href":"https:\/\/www.manaus.am.gov.br\/implurb\/wp-json\/wp\/v2\/posts\/2480\/revisions"}],"predecessor-version":[{"id":2657,"href":"https:\/\/www.manaus.am.gov.br\/implurb\/wp-json\/wp\/v2\/posts\/2480\/revisions\/2657"}],"wp:featuredmedia":[{"embeddable":true,"href":"https:\/\/www.manaus.am.gov.br\/implurb\/wp-json\/wp\/v2\/media\/2484"}],"wp:attachment":[{"href":"https:\/\/www.manaus.am.gov.br\/implurb\/wp-json\/wp\/v2\/media?parent=2480"}],"wp:term":[{"taxonomy":"category","embeddable":true,"href":"https:\/\/www.manaus.am.gov.br\/implurb\/wp-json\/wp\/v2\/categories?post=2480"},{"taxonomy":"post_tag","embeddable":true,"href":"https:\/\/www.manaus.am.gov.br\/implurb\/wp-json\/wp\/v2\/tags?post=2480"}],"curies":[{"name":"wp","href":"https:\/\/api.w.org\/{rel}","templated":true}]}}