{"id":2475,"date":"2023-09-29T12:01:01","date_gmt":"2023-09-29T16:01:01","guid":{"rendered":"https:\/\/www.manaus.am.gov.br\/implurb\/prefeito-aguarda-ultimo-laudo-tecnico-para-interdicao-da-praia-da-ponta-negra-para-banho\/"},"modified":"2023-09-29T12:03:31","modified_gmt":"2023-09-29T16:03:31","slug":"prefeito-aguarda-ultimo-laudo-tecnico-para-interdicao-da-praia-da-ponta-negra-para-banho","status":"publish","type":"post","link":"https:\/\/www.manaus.am.gov.br\/implurb\/prefeito-aguarda-ultimo-laudo-tecnico-para-interdicao-da-praia-da-ponta-negra-para-banho\/","title":{"rendered":"<strong>Prefeito aguarda \u00faltimo laudo t\u00e9cnico para interdi\u00e7\u00e3o da praia da Ponta Negra para banho<\/strong>"},"content":{"rendered":"\n<p>O prefeito David Almeida anunciou, na manh\u00e3 desta sexta-feira, 29\/9, que a interdi\u00e7\u00e3o da praia do complexo tur\u00edstico Ponta Negra, na zona Centro-Oeste, ir\u00e1 acontecer at\u00e9 a pr\u00f3xima segunda-feira &nbsp;(2\/10), para a seguran\u00e7a dos banhistas que frequentam o balne\u00e1rio.<\/p>\n\n\n\n<p>\u201cEstamos reunidos com CPRM (Servi\u00e7o Geol\u00f3gico do Brasil), Corpo de Bombeiros e Defesa Civil e, provavelmente, este ser\u00e1 o \u00faltimo fim de semana com a praia da Ponta Negra aberta ao p\u00fablico para banho. Estamos aguardando somente o \u00faltimo laudo para emitir a informa\u00e7\u00e3o definitiva \u00e0 popula\u00e7\u00e3o\u201d, explicou o chefe do Executivo municipal. Nesta sexta-feira, a cota do rio Negro atingiu o n\u00edvel de 15,88 metros, conforme medi\u00e7\u00e3o do Porto de Manaus.<\/p>\n\n\n\n<p>A Prefeitura de Manaus tem adotado mecanismos de vistoria, an\u00e1lise e medi\u00e7\u00e3o da praia com os bombeiros e est\u00e1 solicitando acompanhamento do CPRM sobre as condi\u00e7\u00f5es de balneabilidade.<\/p>\n\n\n\n<p>Desde o in\u00edcio do m\u00eas, com a vazante extrema no rio Negro, o Corpo de Bombeiros, que atua no balne\u00e1rio, faz medi\u00e7\u00f5es e avalia o relevo que se apresenta no momento para os banhistas, verificando a possibilidade ou se h\u00e1 alguns buracos, tudo para garantir as melhores condi\u00e7\u00f5es de banho e recomenda\u00e7\u00e3o para os usu\u00e1rios.<\/p>\n\n\n\n<p>Os buracos ou depress\u00f5es podem surgir do movimento natural de subida e descida das \u00e1guas do rio. A interdi\u00e7\u00e3o do uso da praia pode ocorrer sempre que os laudos e\/ou relat\u00f3rios comprovarem que a praia encontra-se impr\u00f3pria para o uso dos banhistas.<\/p>\n\n\n\n<p>Na \u00faltima interdi\u00e7\u00e3o por conta da seca dos rios, ocorrida em 2015, a praia foi interditada por medida de seguran\u00e7a quando o rio Negro ficou abaixo da cota de 16 metros, ap\u00f3s an\u00e1lise, laudo e relat\u00f3rios de \u00f3rg\u00e3os respons\u00e1veis comprovando que a mesma n\u00e3o se encontrava pr\u00f3pria para banho, naquela \u00e9poca.<\/p>\n\n\n\n<p>&#8212; &#8212; &#8212;<\/p>\n\n\n\n<p><strong>Texto<\/strong> \u2013 Divulga\u00e7\u00e3o\/Semcom e Claudia do Valle\/Implurb<\/p>\n\n\n\n<p><strong>Fotos<\/strong> \u2013 Dhyeizo Lemos\/Semcom e Jo\u00e3o Viana\/Semcom<\/p>\n\n\n\n<p><strong>Dispon\u00edveis em<\/strong> &#8211; <a href=\"https:\/\/flic.kr\/s\/aHBqjAW3k1\">https:\/\/flic.kr\/s\/aHBqjAW3k1<\/a><\/p>\n\n\n\n<figure class=\"wp-block-video\"><video controls src=\"https:\/\/www.manaus.am.gov.br\/implurb\/wp-content\/uploads\/sites\/13\/2023\/09\/Prefeito-Ponta-Negra.mp4\"><\/video><\/figure>\n","protected":false},"excerpt":{"rendered":"","protected":false},"author":23,"featured_media":2476,"comment_status":"closed","ping_status":"closed","sticky":false,"template":"","format":"standard","meta":{"footnotes":""},"categories":[99],"tags":[31,557,59,558],"acf":[],"yoast_head":"<!-- This site is optimized with the Yoast SEO plugin v23.0 - https:\/\/yoast.com\/wordpress\/plugins\/seo\/ -->\n<title>Prefeito aguarda \u00faltimo laudo t\u00e9cnico para interdi\u00e7\u00e3o da praia da Ponta Negra para banho<\/title>\n<meta name=\"description\" content=\"O prefeito David Almeida anunciou, na manh\u00e3 desta sexta-feira, 29\/9, que a interdi\u00e7\u00e3o da praia do complexo tur\u00edstico Ponta Negra, na zona Centro-Oeste, ir\u00e1 acontecer at\u00e9 a pr\u00f3xima segunda-feira \u00a0(2\/10), para a seguran\u00e7a dos banhistas que frequentam o balne\u00e1rio.\" \/>\n<meta name=\"robots\" content=\"noindex, follow\" \/>\n<meta property=\"og:locale\" content=\"pt_BR\" \/>\n<meta property=\"og:type\" content=\"article\" \/>\n<meta property=\"og:title\" content=\"Prefeito aguarda \u00faltimo laudo t\u00e9cnico para interdi\u00e7\u00e3o da praia da Ponta Negra para banho\" \/>\n<meta property=\"og:description\" content=\"O prefeito David Almeida anunciou, na manh\u00e3 desta sexta-feira, 29\/9, que a interdi\u00e7\u00e3o da praia do complexo tur\u00edstico Ponta Negra, na zona Centro-Oeste, ir\u00e1 acontecer at\u00e9 a pr\u00f3xima segunda-feira \u00a0(2\/10), para a seguran\u00e7a dos banhistas que frequentam o balne\u00e1rio.\" \/>\n<meta property=\"og:url\" content=\"https:\/\/www.manaus.am.gov.br\/implurb\/prefeito-aguarda-ultimo-laudo-tecnico-para-interdicao-da-praia-da-ponta-negra-para-banho\/\" \/>\n<meta property=\"og:site_name\" content=\"IMPLURB\" \/>\n<meta property=\"article:published_time\" content=\"2023-09-29T16:01:01+00:00\" \/>\n<meta property=\"article:modified_time\" content=\"2023-09-29T16:03:31+00:00\" \/>\n<meta property=\"og:image\" content=\"https:\/\/www.manaus.am.gov.br\/implurb\/wp-content\/uploads\/sites\/13\/2023\/09\/WhatsApp-Image-2023-09-29-at-11.58.59.jpeg\" \/>\n\t<meta property=\"og:image:width\" content=\"1825\" \/>\n\t<meta property=\"og:image:height\" content=\"1253\" \/>\n\t<meta property=\"og:image:type\" content=\"image\/jpeg\" \/>\n<meta name=\"author\" content=\"Adriana Costa\" \/>\n<meta name=\"twitter:card\" content=\"summary_large_image\" \/>\n<meta name=\"twitter:label1\" content=\"Written by\" \/>\n\t<meta name=\"twitter:data1\" content=\"Adriana Costa\" \/>\n\t<meta name=\"twitter:label2\" content=\"Est. reading time\" \/>\n\t<meta name=\"twitter:data2\" content=\"2 minutos\" \/>\n<script type=\"application\/ld+json\" class=\"yoast-schema-graph\">{\"@context\":\"https:\/\/schema.org\",\"@graph\":[{\"@type\":\"WebPage\",\"@id\":\"https:\/\/www.manaus.am.gov.br\/implurb\/prefeito-aguarda-ultimo-laudo-tecnico-para-interdicao-da-praia-da-ponta-negra-para-banho\/\",\"url\":\"https:\/\/www.manaus.am.gov.br\/implurb\/prefeito-aguarda-ultimo-laudo-tecnico-para-interdicao-da-praia-da-ponta-negra-para-banho\/\",\"name\":\"Prefeito aguarda \u00faltimo laudo t\u00e9cnico para interdi\u00e7\u00e3o da praia da Ponta Negra para banho\",\"isPartOf\":{\"@id\":\"https:\/\/www.manaus.am.gov.br\/implurb\/#website\"},\"primaryImageOfPage\":{\"@id\":\"https:\/\/www.manaus.am.gov.br\/implurb\/prefeito-aguarda-ultimo-laudo-tecnico-para-interdicao-da-praia-da-ponta-negra-para-banho\/#primaryimage\"},\"image\":{\"@id\":\"https:\/\/www.manaus.am.gov.br\/implurb\/prefeito-aguarda-ultimo-laudo-tecnico-para-interdicao-da-praia-da-ponta-negra-para-banho\/#primaryimage\"},\"thumbnailUrl\":\"https:\/\/www.manaus.am.gov.br\/implurb\/wp-content\/uploads\/sites\/13\/2023\/09\/WhatsApp-Image-2023-09-29-at-11.58.59.jpeg\",\"datePublished\":\"2023-09-29T16:01:01+00:00\",\"dateModified\":\"2023-09-29T16:03:31+00:00\",\"author\":{\"@id\":\"https:\/\/www.manaus.am.gov.br\/implurb\/#\/schema\/person\/4e49f4e267757a06ca072ec61b2b9968\"},\"description\":\"O prefeito David Almeida anunciou, na manh\u00e3 desta sexta-feira, 29\/9, que a interdi\u00e7\u00e3o da praia do complexo tur\u00edstico Ponta Negra, na zona Centro-Oeste, ir\u00e1 acontecer at\u00e9 a pr\u00f3xima segunda-feira \u00a0(2\/10), para a seguran\u00e7a dos banhistas que frequentam o balne\u00e1rio.\",\"breadcrumb\":{\"@id\":\"https:\/\/www.manaus.am.gov.br\/implurb\/prefeito-aguarda-ultimo-laudo-tecnico-para-interdicao-da-praia-da-ponta-negra-para-banho\/#breadcrumb\"},\"inLanguage\":\"pt-BR\",\"potentialAction\":[{\"@type\":\"ReadAction\",\"target\":[\"https:\/\/www.manaus.am.gov.br\/implurb\/prefeito-aguarda-ultimo-laudo-tecnico-para-interdicao-da-praia-da-ponta-negra-para-banho\/\"]}]},{\"@type\":\"ImageObject\",\"inLanguage\":\"pt-BR\",\"@id\":\"https:\/\/www.manaus.am.gov.br\/implurb\/prefeito-aguarda-ultimo-laudo-tecnico-para-interdicao-da-praia-da-ponta-negra-para-banho\/#primaryimage\",\"url\":\"https:\/\/www.manaus.am.gov.br\/implurb\/wp-content\/uploads\/sites\/13\/2023\/09\/WhatsApp-Image-2023-09-29-at-11.58.59.jpeg\",\"contentUrl\":\"https:\/\/www.manaus.am.gov.br\/implurb\/wp-content\/uploads\/sites\/13\/2023\/09\/WhatsApp-Image-2023-09-29-at-11.58.59.jpeg\",\"width\":1825,\"height\":1253},{\"@type\":\"BreadcrumbList\",\"@id\":\"https:\/\/www.manaus.am.gov.br\/implurb\/prefeito-aguarda-ultimo-laudo-tecnico-para-interdicao-da-praia-da-ponta-negra-para-banho\/#breadcrumb\",\"itemListElement\":[{\"@type\":\"ListItem\",\"position\":1,\"name\":\"Home\",\"item\":\"https:\/\/www.manaus.am.gov.br\/implurb\/\"},{\"@type\":\"ListItem\",\"position\":2,\"name\":\"Prefeito aguarda \u00faltimo laudo t\u00e9cnico para interdi\u00e7\u00e3o da praia da Ponta Negra para banho\"}]},{\"@type\":\"WebSite\",\"@id\":\"https:\/\/www.manaus.am.gov.br\/implurb\/#website\",\"url\":\"https:\/\/www.manaus.am.gov.br\/implurb\/\",\"name\":\"IMPLURB\",\"description\":\"Prefeitura de Manaus\",\"potentialAction\":[{\"@type\":\"SearchAction\",\"target\":{\"@type\":\"EntryPoint\",\"urlTemplate\":\"https:\/\/www.manaus.am.gov.br\/implurb\/?s={search_term_string}\"},\"query-input\":\"required name=search_term_string\"}],\"inLanguage\":\"pt-BR\"},{\"@type\":\"Person\",\"@id\":\"https:\/\/www.manaus.am.gov.br\/implurb\/#\/schema\/person\/4e49f4e267757a06ca072ec61b2b9968\",\"name\":\"Adriana Costa\",\"image\":{\"@type\":\"ImageObject\",\"inLanguage\":\"pt-BR\",\"@id\":\"https:\/\/www.manaus.am.gov.br\/implurb\/#\/schema\/person\/image\/\",\"url\":\"https:\/\/secure.gravatar.com\/avatar\/576258617ef7194f718179e766d57bd4?s=96&d=mm&r=g\",\"contentUrl\":\"https:\/\/secure.gravatar.com\/avatar\/576258617ef7194f718179e766d57bd4?s=96&d=mm&r=g\",\"caption\":\"Adriana Costa\"}}]}<\/script>\n<!-- \/ Yoast SEO plugin. -->","yoast_head_json":{"title":"Prefeito aguarda \u00faltimo laudo t\u00e9cnico para interdi\u00e7\u00e3o da praia da Ponta Negra para banho","description":"O prefeito David Almeida anunciou, na manh\u00e3 desta sexta-feira, 29\/9, que a interdi\u00e7\u00e3o da praia do complexo tur\u00edstico Ponta Negra, na zona Centro-Oeste, ir\u00e1 acontecer at\u00e9 a pr\u00f3xima segunda-feira \u00a0(2\/10), para a seguran\u00e7a dos banhistas que frequentam o balne\u00e1rio.","robots":{"index":"noindex","follow":"follow"},"og_locale":"pt_BR","og_type":"article","og_title":"Prefeito aguarda \u00faltimo laudo t\u00e9cnico para interdi\u00e7\u00e3o da praia da Ponta Negra para banho","og_description":"O prefeito David Almeida anunciou, na manh\u00e3 desta sexta-feira, 29\/9, que a interdi\u00e7\u00e3o da praia do complexo tur\u00edstico Ponta Negra, na zona Centro-Oeste, ir\u00e1 acontecer at\u00e9 a pr\u00f3xima segunda-feira \u00a0(2\/10), para a seguran\u00e7a dos banhistas que frequentam o balne\u00e1rio.","og_url":"https:\/\/www.manaus.am.gov.br\/implurb\/prefeito-aguarda-ultimo-laudo-tecnico-para-interdicao-da-praia-da-ponta-negra-para-banho\/","og_site_name":"IMPLURB","article_published_time":"2023-09-29T16:01:01+00:00","article_modified_time":"2023-09-29T16:03:31+00:00","og_image":[{"width":1825,"height":1253,"url":"https:\/\/www.manaus.am.gov.br\/implurb\/wp-content\/uploads\/sites\/13\/2023\/09\/WhatsApp-Image-2023-09-29-at-11.58.59.jpeg","type":"image\/jpeg"}],"author":"Adriana Costa","twitter_card":"summary_large_image","twitter_misc":{"Written by":"Adriana Costa","Est. reading time":"2 minutos"},"schema":{"@context":"https:\/\/schema.org","@graph":[{"@type":"WebPage","@id":"https:\/\/www.manaus.am.gov.br\/implurb\/prefeito-aguarda-ultimo-laudo-tecnico-para-interdicao-da-praia-da-ponta-negra-para-banho\/","url":"https:\/\/www.manaus.am.gov.br\/implurb\/prefeito-aguarda-ultimo-laudo-tecnico-para-interdicao-da-praia-da-ponta-negra-para-banho\/","name":"Prefeito aguarda \u00faltimo laudo t\u00e9cnico para interdi\u00e7\u00e3o da praia da Ponta Negra para banho","isPartOf":{"@id":"https:\/\/www.manaus.am.gov.br\/implurb\/#website"},"primaryImageOfPage":{"@id":"https:\/\/www.manaus.am.gov.br\/implurb\/prefeito-aguarda-ultimo-laudo-tecnico-para-interdicao-da-praia-da-ponta-negra-para-banho\/#primaryimage"},"image":{"@id":"https:\/\/www.manaus.am.gov.br\/implurb\/prefeito-aguarda-ultimo-laudo-tecnico-para-interdicao-da-praia-da-ponta-negra-para-banho\/#primaryimage"},"thumbnailUrl":"https:\/\/www.manaus.am.gov.br\/implurb\/wp-content\/uploads\/sites\/13\/2023\/09\/WhatsApp-Image-2023-09-29-at-11.58.59.jpeg","datePublished":"2023-09-29T16:01:01+00:00","dateModified":"2023-09-29T16:03:31+00:00","author":{"@id":"https:\/\/www.manaus.am.gov.br\/implurb\/#\/schema\/person\/4e49f4e267757a06ca072ec61b2b9968"},"description":"O prefeito David Almeida anunciou, na manh\u00e3 desta sexta-feira, 29\/9, que a interdi\u00e7\u00e3o da praia do complexo tur\u00edstico Ponta Negra, na zona Centro-Oeste, ir\u00e1 acontecer at\u00e9 a pr\u00f3xima segunda-feira \u00a0(2\/10), para a seguran\u00e7a dos banhistas que frequentam o balne\u00e1rio.","breadcrumb":{"@id":"https:\/\/www.manaus.am.gov.br\/implurb\/prefeito-aguarda-ultimo-laudo-tecnico-para-interdicao-da-praia-da-ponta-negra-para-banho\/#breadcrumb"},"inLanguage":"pt-BR","potentialAction":[{"@type":"ReadAction","target":["https:\/\/www.manaus.am.gov.br\/implurb\/prefeito-aguarda-ultimo-laudo-tecnico-para-interdicao-da-praia-da-ponta-negra-para-banho\/"]}]},{"@type":"ImageObject","inLanguage":"pt-BR","@id":"https:\/\/www.manaus.am.gov.br\/implurb\/prefeito-aguarda-ultimo-laudo-tecnico-para-interdicao-da-praia-da-ponta-negra-para-banho\/#primaryimage","url":"https:\/\/www.manaus.am.gov.br\/implurb\/wp-content\/uploads\/sites\/13\/2023\/09\/WhatsApp-Image-2023-09-29-at-11.58.59.jpeg","contentUrl":"https:\/\/www.manaus.am.gov.br\/implurb\/wp-content\/uploads\/sites\/13\/2023\/09\/WhatsApp-Image-2023-09-29-at-11.58.59.jpeg","width":1825,"height":1253},{"@type":"BreadcrumbList","@id":"https:\/\/www.manaus.am.gov.br\/implurb\/prefeito-aguarda-ultimo-laudo-tecnico-para-interdicao-da-praia-da-ponta-negra-para-banho\/#breadcrumb","itemListElement":[{"@type":"ListItem","position":1,"name":"Home","item":"https:\/\/www.manaus.am.gov.br\/implurb\/"},{"@type":"ListItem","position":2,"name":"Prefeito aguarda \u00faltimo laudo t\u00e9cnico para interdi\u00e7\u00e3o da praia da Ponta Negra para banho"}]},{"@type":"WebSite","@id":"https:\/\/www.manaus.am.gov.br\/implurb\/#website","url":"https:\/\/www.manaus.am.gov.br\/implurb\/","name":"IMPLURB","description":"Prefeitura de Manaus","potentialAction":[{"@type":"SearchAction","target":{"@type":"EntryPoint","urlTemplate":"https:\/\/www.manaus.am.gov.br\/implurb\/?s={search_term_string}"},"query-input":"required name=search_term_string"}],"inLanguage":"pt-BR"},{"@type":"Person","@id":"https:\/\/www.manaus.am.gov.br\/implurb\/#\/schema\/person\/4e49f4e267757a06ca072ec61b2b9968","name":"Adriana Costa","image":{"@type":"ImageObject","inLanguage":"pt-BR","@id":"https:\/\/www.manaus.am.gov.br\/implurb\/#\/schema\/person\/image\/","url":"https:\/\/secure.gravatar.com\/avatar\/576258617ef7194f718179e766d57bd4?s=96&d=mm&r=g","contentUrl":"https:\/\/secure.gravatar.com\/avatar\/576258617ef7194f718179e766d57bd4?s=96&d=mm&r=g","caption":"Adriana Costa"}}]}},"_links":{"self":[{"href":"https:\/\/www.manaus.am.gov.br\/implurb\/wp-json\/wp\/v2\/posts\/2475"}],"collection":[{"href":"https:\/\/www.manaus.am.gov.br\/implurb\/wp-json\/wp\/v2\/posts"}],"about":[{"href":"https:\/\/www.manaus.am.gov.br\/implurb\/wp-json\/wp\/v2\/types\/post"}],"author":[{"embeddable":true,"href":"https:\/\/www.manaus.am.gov.br\/implurb\/wp-json\/wp\/v2\/users\/23"}],"replies":[{"embeddable":true,"href":"https:\/\/www.manaus.am.gov.br\/implurb\/wp-json\/wp\/v2\/comments?post=2475"}],"version-history":[{"count":2,"href":"https:\/\/www.manaus.am.gov.br\/implurb\/wp-json\/wp\/v2\/posts\/2475\/revisions"}],"predecessor-version":[{"id":2479,"href":"https:\/\/www.manaus.am.gov.br\/implurb\/wp-json\/wp\/v2\/posts\/2475\/revisions\/2479"}],"wp:featuredmedia":[{"embeddable":true,"href":"https:\/\/www.manaus.am.gov.br\/implurb\/wp-json\/wp\/v2\/media\/2476"}],"wp:attachment":[{"href":"https:\/\/www.manaus.am.gov.br\/implurb\/wp-json\/wp\/v2\/media?parent=2475"}],"wp:term":[{"taxonomy":"category","embeddable":true,"href":"https:\/\/www.manaus.am.gov.br\/implurb\/wp-json\/wp\/v2\/categories?post=2475"},{"taxonomy":"post_tag","embeddable":true,"href":"https:\/\/www.manaus.am.gov.br\/implurb\/wp-json\/wp\/v2\/tags?post=2475"}],"curies":[{"name":"wp","href":"https:\/\/api.w.org\/{rel}","templated":true}]}}