{"id":2464,"date":"2023-09-28T08:55:19","date_gmt":"2023-09-28T12:55:19","guid":{"rendered":"https:\/\/www.manaus.am.gov.br\/implurb\/prefeitura-de-manaus-licencia-quase-35-milhoes-de-m%c2%b2-em-area-de-alvara-nesses-1000-dias-de-gestao\/"},"modified":"2023-09-28T08:55:19","modified_gmt":"2023-09-28T12:55:19","slug":"prefeitura-de-manaus-licencia-quase-35-milhoes-de-m%c2%b2-em-area-de-alvara-nesses-1000-dias-de-gestao","status":"publish","type":"post","link":"https:\/\/www.manaus.am.gov.br\/implurb\/prefeitura-de-manaus-licencia-quase-35-milhoes-de-m%c2%b2-em-area-de-alvara-nesses-1000-dias-de-gestao\/","title":{"rendered":"<strong>Prefeitura de Manaus licencia quase 3,5 milh\u00f5es de m\u00b2 em \u00e1rea de alvar\u00e1 nesses 1.000 dias de gest\u00e3o<\/strong>"},"content":{"rendered":"\n<figure class=\"wp-block-image size-full\"><img decoding=\"async\" src=\"https:\/\/www.manaus.am.gov.br\/wp-content\/uploads\/2023\/09\/selo1000dias.png\" alt=\"\" class=\"wp-image-227963\" \/><\/figure>\n\n\n\n<p>Em 1.000 dias de gest\u00e3o do prefeito David Almeida, quase 3,5 milh\u00f5es de metros quadrados de novos alvar\u00e1s de constru\u00e7\u00e3o foram licenciados pela Prefeitura de Manaus, via Instituto Municipal de Planejamento Urbano (Implurb). Os atendimentos j\u00e1 ultrapassam os 133 mil nesse per\u00edodo, facilitando a vida da popula\u00e7\u00e3o para executar as suas constru\u00e7\u00f5es, com mais qualidade de vida e projetando at\u00e9 para a arquitetura social.<\/p>\n\n\n\n<p>Para melhorar a din\u00e2mica da capital, com seus mais de 2 milh\u00f5es de habitantes, o instituto tamb\u00e9m foca nos projetos e programas urban\u00edsticos e arquitet\u00f4nicos, como a Casa de Praia Zezinho Corr\u00eaa, parques Amazonino Mendes e Encontro das \u00c1guas&nbsp; Rosa Almeida, destacando ainda a reabilita\u00e7\u00e3o do centro hist\u00f3rico, com o programa \u201cNosso Centro\u201d. Tamb\u00e9m trabalha na moderniza\u00e7\u00e3o e na cria\u00e7\u00e3o de legisla\u00e7\u00e3o que implemente incentivos e facilite a atividade de empresas e cidad\u00e3os na \u00e1rea da constru\u00e7\u00e3o civil da cidade.<\/p>\n\n\n\n<p>De janeiro de 2021 a agosto de 2023, foram expedidos alvar\u00e1s de constru\u00e7\u00e3o na capital para uma \u00e1rea total de 3.465.288,42 m\u00b2, contando com a emiss\u00e3o de 2.654 certid\u00f5es de alvar\u00e1s.<\/p>\n\n\n\n<p>Entre os alvar\u00e1s expedidos pelo Implurb nesses 1.000 dias est\u00e1 o da resid\u00eancia da dona de casa e microempreendedora Sebastiana Cruz Pinto da Silva, 51 anos, nascida em L\u00e1brea e que veio para Manaus desde 2006.<\/p>\n\n\n\n<p>Moradora do Nova Cidade, ela come\u00e7ou uma obra em um lote que comprou ap\u00f3s vender um im\u00f3vel na Cidade de Deus e, como n\u00e3o tinha conhecimento sobre licenciamento, acabou sendo denunciada por terceiros pela constru\u00e7\u00e3o irregular. Ela compareceu ao Implurb e foi atendida, recebendo suporte e apoio da Ger\u00eancia de Aprova\u00e7\u00e3o de Projetos de Interesse Social (Gapis), se encaixando no perfil de baixa renda.<\/p>\n\n\n\n<p>\u201cN\u00e3o sabia que precisava de licen\u00e7a para construir e estava levantando a casa, com dificuldade e passando por um momento dif\u00edcil, j\u00e1 que minha filha tinha perdido dois netos no per\u00edodo de menos de um ano\u201d, disse Sebastiana.<\/p>\n\n\n\n<p>Ela n\u00e3o apenas teve seu alvar\u00e1 de constru\u00e7\u00e3o expedido em menos de 30 dias, ap\u00f3s apresentar a documenta\u00e7\u00e3o necess\u00e1ria, como saiu do instituto com um projeto arquitet\u00f4nico b\u00e1sico, desenvolvido pela equipe do Gapis, que desenvolve programa de Arquitetura Social no Implurb. \u201cTodos auxiliaram no processo e protocolo e fiquei com minha obra regularizada, vistoriada e com os documentos necess\u00e1rios. Ficou linda a casa depois do projeto e sou muito grata pelo atendimento que recebi\u201d.<\/p>\n\n\n\n<figure class=\"wp-block-image size-large\"><img decoding=\"async\" src=\"https:\/\/www.manaus.am.gov.br\/implurb\/wp-content\/uploads\/sites\/13\/2023\/09\/b01a6bfe-6b52-45bb-b001-c5faee226bdf-1024x682.jpg\" alt=\"\" class=\"wp-image-2466\" \/><\/figure>\n\n\n\n<p>\u201cO Implurb tem n\u00fameros extremamente consistentes e nestes 1.000 dias de trabalho di\u00e1rio j\u00e1 ultrapassamos 133 mil atendimentos. Com isso, a gente facilita a vida dos moradores para executar as suas constru\u00e7\u00f5es, ajudando at\u00e9 em projetos de arquitetura, no caso das fam\u00edlias de baixa renda, para dar dignidade \u00e0s pessoas no direito de construir, melhorando a qualidade de vida e projetando para a arquitetura social\u201d, destacou o prefeito David Almeida.<\/p>\n\n\n\n<p>J\u00e1 o diretor-presidente da autarquia, engenheiro Carlos Valente, completou que s\u00e3o mais de 3,4 milh\u00f5es de m\u00b2 com alvar\u00e1 e mais de 2,6 milh\u00f5es de \u00e1rea licenciada de Habite-se. \u201c\u00c9 uma a\u00e7\u00e3o que os servidores do instituto oferecem e desenvolvem para a popula\u00e7\u00e3o de Manaus. Dentro do Habite-se, destaque para as 10.655 unidades habitacionais que receberam certid\u00e3o, o que alcan\u00e7a diretamente quase 70 mil moradores\u201d.<\/p>\n\n\n\n<p><strong>Habite-se<\/strong><\/p>\n\n\n\n<p>No quesito Habite-se, o \u00f3rg\u00e3o emitiu 1.285 certid\u00f5es nesses 1.000 dias. E de forma in\u00e9dita, o Implurb expediu, em dezembro de 2022, a certid\u00e3o de Habite-se do conjunto Nova Cidade, zona Norte da capital, beneficiando um n\u00famero recorde de 10.655 unidades habitacionais. A certid\u00e3o foi emitida como uma a\u00e7\u00e3o resultado da parceria entre Governo do Estado e Prefeitura de Manaus, via Implurb e Superintend\u00eancia de Habita\u00e7\u00e3o do Amazonas (Suhab).<\/p>\n\n\n\n<p>A regulariza\u00e7\u00e3o no Nova Cidade atingiu uma \u00e1rea recorde de mais de 380 mil metros quadrados constru\u00eddos desde 1999, data de aprova\u00e7\u00e3o do projeto dos primeiros conjuntos.<\/p>\n\n\n\n<p><strong>Social<\/strong><\/p>\n\n\n\n<p>A Prefeitura de Manaus atendeu mais de 50 pessoas no programa de Arquitetura Social na categoria unifamiliar nos 1.000 dias. O programa \u00e9 uma das atividades desenvolvidas pela Gapis para dar dignidade \u00e0s pessoas no direito de construir, melhorando a qualidade de vida e projetando para a arquitetura social.<\/p>\n\n\n\n<p>O projeto arquitet\u00f4nico \u00e9 desenhado por equipe t\u00e9cnica do instituto, seguindo as diretrizes e a legisla\u00e7\u00e3o urbana, incluindo o Plano Diretor de Manaus.<\/p>\n\n\n\n<figure class=\"wp-block-image size-full\"><img loading=\"lazy\" decoding=\"async\" width=\"799\" height=\"534\" src=\"https:\/\/www.manaus.am.gov.br\/implurb\/wp-content\/uploads\/sites\/13\/2023\/09\/c8424cbe-31f9-4944-9a8a-831a1427600b.jpg\" alt=\"\" class=\"wp-image-2465\" srcset=\"https:\/\/www.manaus.am.gov.br\/implurb\/wp-content\/uploads\/sites\/13\/2023\/09\/c8424cbe-31f9-4944-9a8a-831a1427600b.jpg 799w, https:\/\/www.manaus.am.gov.br\/implurb\/wp-content\/uploads\/sites\/13\/2023\/09\/c8424cbe-31f9-4944-9a8a-831a1427600b-300x201.jpg 300w, https:\/\/www.manaus.am.gov.br\/implurb\/wp-content\/uploads\/sites\/13\/2023\/09\/c8424cbe-31f9-4944-9a8a-831a1427600b-768x513.jpg 768w\" sizes=\"(max-width: 799px) 100vw, 799px\" \/><\/figure>\n\n\n\n<p>Para este p\u00fablico, o Gapis possibilita que pessoas de baixa renda possam ter acesso a projetos gratuitos de moradias e \u00e0 regulariza\u00e7\u00e3o, mediante a comprova\u00e7\u00e3o de que s\u00e3o legalmente propriet\u00e1rias do im\u00f3vel ou lote.&nbsp;<\/p>\n\n\n\n<p>Conforme a gerente de Aprova\u00e7\u00e3o de Projetos de Interesse Social, arquiteta e urbanista Bianca Moura, hoje, os projetos enquadrados para o atendimento unifamiliar passam por todas as fases de aprova\u00e7\u00e3o e regulariza\u00e7\u00e3o, licenciamento e tramita\u00e7\u00e3o nos setores t\u00e9cnicos. \u201cO programa tamb\u00e9m atua para a expedi\u00e7\u00e3o do Habite-se, documento definitivo que autoriza o uso e ocupa\u00e7\u00e3o de um im\u00f3vel, pr\u00e9dio ou edif\u00edcio\u201d, explica Bianca.<\/p>\n\n\n\n<p><strong>Benef\u00edcios<\/strong><\/p>\n\n\n\n<p>Para ser beneficiado pela Arquitetura Social, o interessado dever\u00e1 apresentar, na ger\u00eancia do Implurb, um documento de posse (registro de im\u00f3veis, t\u00edtulo definitivo ou escritura p\u00fablica), comprovando assim ser propriet\u00e1rio do im\u00f3vel, al\u00e9m de declarar e comprovar que recebe, no m\u00e1ximo, at\u00e9 cinco sal\u00e1rios m\u00ednimos. Ressaltando, ainda, que somente edifica\u00e7\u00f5es com no m\u00e1ximo 100 metros quadrados de \u00e1rea total de constru\u00e7\u00e3o e voltadas ao uso residencial unifamiliar (com at\u00e9 duas edifica\u00e7\u00f5es em um mesmo terreno) ser\u00e3o atendidas pelo programa.<\/p>\n\n\n\n<p>Ser\u00e3o aceitos projetos de resid\u00eancias unifamiliares com at\u00e9 70 metros quadrados, para pessoas que comprovem renda de, no m\u00e1ximo, tr\u00eas sal\u00e1rios m\u00ednimos, e para resid\u00eancias unifamiliares com at\u00e9 100 metros quadrados, para pessoas que comprovem renda de, no m\u00e1ximo, cinco sal\u00e1rios m\u00ednimos. As de 100 metros quadrados podem ser de uso misto, residencial e comercial e at\u00e9 dois pavimentos.<\/p>\n\n\n\n<p><strong>Processo<\/strong><\/p>\n\n\n\n<p>Uma vez formalizado o processo, ap\u00f3s a verifica\u00e7\u00e3o da documenta\u00e7\u00e3o b\u00e1sica, a Gapis realizar\u00e1 um levantamento t\u00e9cnico, a fim de obter as medidas da obra (no caso de a mesma estar em execu\u00e7\u00e3o) ou da edifica\u00e7\u00e3o (em caso de regulariza\u00e7\u00e3o de im\u00f3vel constru\u00eddo), elaborando um laudo t\u00e9cnico com base no Plano Diretor de Manaus.<\/p>\n\n\n\n<p>\u201cAo final da an\u00e1lise, em caso positivo, ser\u00e1 elaborado o Projeto B\u00e1sico de Arquitetura, sendo o autor do projeto o t\u00e9cnico respons\u00e1vel por parte do Implurb, devendo ainda o interessado apresentar um respons\u00e1vel t\u00e9cnico pela execu\u00e7\u00e3o da obra, com a devida Anota\u00e7\u00e3o de Responsabilidade T\u00e9cnica (ART\/RRT)\u201d, afirmou Bianca.<\/p>\n\n\n\n<p>O C\u00f3digo de Obras do Munic\u00edpio (Lei 003\/2014), em seu artigo 11, define que o \u201cPoder Executivo Municipal poder\u00e1, a requerimento do interessado, acompanhado do documento de posse ou propriedade do terreno, fornecendo projeto para habita\u00e7\u00e3o popular para pessoas com renda de at\u00e9 cinco sal\u00e1rios m\u00ednimos, nos termos da legisla\u00e7\u00e3o urbana\u201d.<\/p>\n\n\n\n<p>&#8212; &#8212; &#8212;<\/p>\n\n\n\n<p><strong>Texto \u2013 <\/strong>Claudia do Valle \/ Implurb<strong>Fotos \u2013 <\/strong>Cl\u00f3vis Miranda \/ Semcom<\/p>\n","protected":false},"excerpt":{"rendered":"","protected":false},"author":52,"featured_media":2467,"comment_status":"closed","ping_status":"closed","sticky":false,"template":"","format":"standard","meta":{"footnotes":""},"categories":[530],"tags":[123,29,107,15],"acf":[],"yoast_head":"<!-- This site is optimized with the Yoast SEO plugin v23.0 - https:\/\/yoast.com\/wordpress\/plugins\/seo\/ -->\n<title>Prefeitura de Manaus licencia quase 3,5 milh\u00f5es de m\u00b2 em \u00e1rea de alvar\u00e1 nesses 1.000 dias de gest\u00e3o<\/title>\n<meta name=\"description\" content=\"Em 1.000 dias de gest\u00e3o do prefeito David Almeida, quase 3,5 milh\u00f5es de metros quadrados de novos alvar\u00e1s de constru\u00e7\u00e3o.\" \/>\n<meta name=\"robots\" content=\"noindex, follow\" \/>\n<meta property=\"og:locale\" content=\"pt_BR\" \/>\n<meta property=\"og:type\" content=\"article\" \/>\n<meta property=\"og:title\" content=\"Prefeitura de Manaus licencia quase 3,5 milh\u00f5es de m\u00b2 em \u00e1rea de alvar\u00e1 nesses 1.000 dias de gest\u00e3o\" \/>\n<meta property=\"og:description\" content=\"Em 1.000 dias de gest\u00e3o do prefeito David Almeida, quase 3,5 milh\u00f5es de metros quadrados de novos alvar\u00e1s de constru\u00e7\u00e3o.\" \/>\n<meta property=\"og:url\" content=\"https:\/\/www.manaus.am.gov.br\/implurb\/prefeitura-de-manaus-licencia-quase-35-milhoes-de-m\u00b2-em-area-de-alvara-nesses-1000-dias-de-gestao\/\" \/>\n<meta property=\"og:site_name\" content=\"IMPLURB\" \/>\n<meta property=\"article:published_time\" content=\"2023-09-28T12:55:19+00:00\" \/>\n<meta property=\"og:image\" content=\"https:\/\/www.manaus.am.gov.br\/implurb\/wp-content\/uploads\/sites\/13\/2023\/09\/dad37e1f-d324-4104-a378-5cdc0fe9d76a.jpg\" \/>\n\t<meta property=\"og:image:width\" content=\"823\" \/>\n\t<meta property=\"og:image:height\" content=\"592\" \/>\n\t<meta property=\"og:image:type\" content=\"image\/jpeg\" \/>\n<meta name=\"author\" content=\"csilveira\" \/>\n<meta name=\"twitter:card\" content=\"summary_large_image\" \/>\n<meta name=\"twitter:label1\" content=\"Written by\" \/>\n\t<meta name=\"twitter:data1\" content=\"csilveira\" \/>\n\t<meta name=\"twitter:label2\" content=\"Est. reading time\" \/>\n\t<meta name=\"twitter:data2\" content=\"7 minutos\" \/>\n<script type=\"application\/ld+json\" class=\"yoast-schema-graph\">{\"@context\":\"https:\/\/schema.org\",\"@graph\":[{\"@type\":\"WebPage\",\"@id\":\"https:\/\/www.manaus.am.gov.br\/implurb\/prefeitura-de-manaus-licencia-quase-35-milhoes-de-m%c2%b2-em-area-de-alvara-nesses-1000-dias-de-gestao\/\",\"url\":\"https:\/\/www.manaus.am.gov.br\/implurb\/prefeitura-de-manaus-licencia-quase-35-milhoes-de-m%c2%b2-em-area-de-alvara-nesses-1000-dias-de-gestao\/\",\"name\":\"Prefeitura de Manaus licencia quase 3,5 milh\u00f5es de m\u00b2 em \u00e1rea de alvar\u00e1 nesses 1.000 dias de gest\u00e3o\",\"isPartOf\":{\"@id\":\"https:\/\/www.manaus.am.gov.br\/implurb\/#website\"},\"primaryImageOfPage\":{\"@id\":\"https:\/\/www.manaus.am.gov.br\/implurb\/prefeitura-de-manaus-licencia-quase-35-milhoes-de-m%c2%b2-em-area-de-alvara-nesses-1000-dias-de-gestao\/#primaryimage\"},\"image\":{\"@id\":\"https:\/\/www.manaus.am.gov.br\/implurb\/prefeitura-de-manaus-licencia-quase-35-milhoes-de-m%c2%b2-em-area-de-alvara-nesses-1000-dias-de-gestao\/#primaryimage\"},\"thumbnailUrl\":\"https:\/\/www.manaus.am.gov.br\/implurb\/wp-content\/uploads\/sites\/13\/2023\/09\/dad37e1f-d324-4104-a378-5cdc0fe9d76a.jpg\",\"datePublished\":\"2023-09-28T12:55:19+00:00\",\"dateModified\":\"2023-09-28T12:55:19+00:00\",\"author\":{\"@id\":\"https:\/\/www.manaus.am.gov.br\/implurb\/#\/schema\/person\/bfafc779be2e19b3d3ef4a59d418b606\"},\"description\":\"Em 1.000 dias de gest\u00e3o do prefeito David Almeida, quase 3,5 milh\u00f5es de metros quadrados de novos alvar\u00e1s de constru\u00e7\u00e3o.\",\"breadcrumb\":{\"@id\":\"https:\/\/www.manaus.am.gov.br\/implurb\/prefeitura-de-manaus-licencia-quase-35-milhoes-de-m%c2%b2-em-area-de-alvara-nesses-1000-dias-de-gestao\/#breadcrumb\"},\"inLanguage\":\"pt-BR\",\"potentialAction\":[{\"@type\":\"ReadAction\",\"target\":[\"https:\/\/www.manaus.am.gov.br\/implurb\/prefeitura-de-manaus-licencia-quase-35-milhoes-de-m%c2%b2-em-area-de-alvara-nesses-1000-dias-de-gestao\/\"]}]},{\"@type\":\"ImageObject\",\"inLanguage\":\"pt-BR\",\"@id\":\"https:\/\/www.manaus.am.gov.br\/implurb\/prefeitura-de-manaus-licencia-quase-35-milhoes-de-m%c2%b2-em-area-de-alvara-nesses-1000-dias-de-gestao\/#primaryimage\",\"url\":\"https:\/\/www.manaus.am.gov.br\/implurb\/wp-content\/uploads\/sites\/13\/2023\/09\/dad37e1f-d324-4104-a378-5cdc0fe9d76a.jpg\",\"contentUrl\":\"https:\/\/www.manaus.am.gov.br\/implurb\/wp-content\/uploads\/sites\/13\/2023\/09\/dad37e1f-d324-4104-a378-5cdc0fe9d76a.jpg\",\"width\":823,\"height\":592},{\"@type\":\"BreadcrumbList\",\"@id\":\"https:\/\/www.manaus.am.gov.br\/implurb\/prefeitura-de-manaus-licencia-quase-35-milhoes-de-m%c2%b2-em-area-de-alvara-nesses-1000-dias-de-gestao\/#breadcrumb\",\"itemListElement\":[{\"@type\":\"ListItem\",\"position\":1,\"name\":\"Home\",\"item\":\"https:\/\/www.manaus.am.gov.br\/implurb\/\"},{\"@type\":\"ListItem\",\"position\":2,\"name\":\"Prefeitura de Manaus licencia quase 3,5 milh\u00f5es de m\u00b2 em \u00e1rea de alvar\u00e1 nesses 1.000 dias de gest\u00e3o\"}]},{\"@type\":\"WebSite\",\"@id\":\"https:\/\/www.manaus.am.gov.br\/implurb\/#website\",\"url\":\"https:\/\/www.manaus.am.gov.br\/implurb\/\",\"name\":\"IMPLURB\",\"description\":\"Prefeitura de Manaus\",\"potentialAction\":[{\"@type\":\"SearchAction\",\"target\":{\"@type\":\"EntryPoint\",\"urlTemplate\":\"https:\/\/www.manaus.am.gov.br\/implurb\/?s={search_term_string}\"},\"query-input\":\"required name=search_term_string\"}],\"inLanguage\":\"pt-BR\"},{\"@type\":\"Person\",\"@id\":\"https:\/\/www.manaus.am.gov.br\/implurb\/#\/schema\/person\/bfafc779be2e19b3d3ef4a59d418b606\",\"name\":\"csilveira\",\"image\":{\"@type\":\"ImageObject\",\"inLanguage\":\"pt-BR\",\"@id\":\"https:\/\/www.manaus.am.gov.br\/implurb\/#\/schema\/person\/image\/\",\"url\":\"https:\/\/secure.gravatar.com\/avatar\/9c2e2f00138fcd35401c748bd030d3b5?s=96&d=mm&r=g\",\"contentUrl\":\"https:\/\/secure.gravatar.com\/avatar\/9c2e2f00138fcd35401c748bd030d3b5?s=96&d=mm&r=g\",\"caption\":\"csilveira\"}}]}<\/script>\n<!-- \/ Yoast SEO plugin. -->","yoast_head_json":{"title":"Prefeitura de Manaus licencia quase 3,5 milh\u00f5es de m\u00b2 em \u00e1rea de alvar\u00e1 nesses 1.000 dias de gest\u00e3o","description":"Em 1.000 dias de gest\u00e3o do prefeito David Almeida, quase 3,5 milh\u00f5es de metros quadrados de novos alvar\u00e1s de constru\u00e7\u00e3o.","robots":{"index":"noindex","follow":"follow"},"og_locale":"pt_BR","og_type":"article","og_title":"Prefeitura de Manaus licencia quase 3,5 milh\u00f5es de m\u00b2 em \u00e1rea de alvar\u00e1 nesses 1.000 dias de gest\u00e3o","og_description":"Em 1.000 dias de gest\u00e3o do prefeito David Almeida, quase 3,5 milh\u00f5es de metros quadrados de novos alvar\u00e1s de constru\u00e7\u00e3o.","og_url":"https:\/\/www.manaus.am.gov.br\/implurb\/prefeitura-de-manaus-licencia-quase-35-milhoes-de-m\u00b2-em-area-de-alvara-nesses-1000-dias-de-gestao\/","og_site_name":"IMPLURB","article_published_time":"2023-09-28T12:55:19+00:00","og_image":[{"width":823,"height":592,"url":"https:\/\/www.manaus.am.gov.br\/implurb\/wp-content\/uploads\/sites\/13\/2023\/09\/dad37e1f-d324-4104-a378-5cdc0fe9d76a.jpg","type":"image\/jpeg"}],"author":"csilveira","twitter_card":"summary_large_image","twitter_misc":{"Written by":"csilveira","Est. reading time":"7 minutos"},"schema":{"@context":"https:\/\/schema.org","@graph":[{"@type":"WebPage","@id":"https:\/\/www.manaus.am.gov.br\/implurb\/prefeitura-de-manaus-licencia-quase-35-milhoes-de-m%c2%b2-em-area-de-alvara-nesses-1000-dias-de-gestao\/","url":"https:\/\/www.manaus.am.gov.br\/implurb\/prefeitura-de-manaus-licencia-quase-35-milhoes-de-m%c2%b2-em-area-de-alvara-nesses-1000-dias-de-gestao\/","name":"Prefeitura de Manaus licencia quase 3,5 milh\u00f5es de m\u00b2 em \u00e1rea de alvar\u00e1 nesses 1.000 dias de gest\u00e3o","isPartOf":{"@id":"https:\/\/www.manaus.am.gov.br\/implurb\/#website"},"primaryImageOfPage":{"@id":"https:\/\/www.manaus.am.gov.br\/implurb\/prefeitura-de-manaus-licencia-quase-35-milhoes-de-m%c2%b2-em-area-de-alvara-nesses-1000-dias-de-gestao\/#primaryimage"},"image":{"@id":"https:\/\/www.manaus.am.gov.br\/implurb\/prefeitura-de-manaus-licencia-quase-35-milhoes-de-m%c2%b2-em-area-de-alvara-nesses-1000-dias-de-gestao\/#primaryimage"},"thumbnailUrl":"https:\/\/www.manaus.am.gov.br\/implurb\/wp-content\/uploads\/sites\/13\/2023\/09\/dad37e1f-d324-4104-a378-5cdc0fe9d76a.jpg","datePublished":"2023-09-28T12:55:19+00:00","dateModified":"2023-09-28T12:55:19+00:00","author":{"@id":"https:\/\/www.manaus.am.gov.br\/implurb\/#\/schema\/person\/bfafc779be2e19b3d3ef4a59d418b606"},"description":"Em 1.000 dias de gest\u00e3o do prefeito David Almeida, quase 3,5 milh\u00f5es de metros quadrados de novos alvar\u00e1s de constru\u00e7\u00e3o.","breadcrumb":{"@id":"https:\/\/www.manaus.am.gov.br\/implurb\/prefeitura-de-manaus-licencia-quase-35-milhoes-de-m%c2%b2-em-area-de-alvara-nesses-1000-dias-de-gestao\/#breadcrumb"},"inLanguage":"pt-BR","potentialAction":[{"@type":"ReadAction","target":["https:\/\/www.manaus.am.gov.br\/implurb\/prefeitura-de-manaus-licencia-quase-35-milhoes-de-m%c2%b2-em-area-de-alvara-nesses-1000-dias-de-gestao\/"]}]},{"@type":"ImageObject","inLanguage":"pt-BR","@id":"https:\/\/www.manaus.am.gov.br\/implurb\/prefeitura-de-manaus-licencia-quase-35-milhoes-de-m%c2%b2-em-area-de-alvara-nesses-1000-dias-de-gestao\/#primaryimage","url":"https:\/\/www.manaus.am.gov.br\/implurb\/wp-content\/uploads\/sites\/13\/2023\/09\/dad37e1f-d324-4104-a378-5cdc0fe9d76a.jpg","contentUrl":"https:\/\/www.manaus.am.gov.br\/implurb\/wp-content\/uploads\/sites\/13\/2023\/09\/dad37e1f-d324-4104-a378-5cdc0fe9d76a.jpg","width":823,"height":592},{"@type":"BreadcrumbList","@id":"https:\/\/www.manaus.am.gov.br\/implurb\/prefeitura-de-manaus-licencia-quase-35-milhoes-de-m%c2%b2-em-area-de-alvara-nesses-1000-dias-de-gestao\/#breadcrumb","itemListElement":[{"@type":"ListItem","position":1,"name":"Home","item":"https:\/\/www.manaus.am.gov.br\/implurb\/"},{"@type":"ListItem","position":2,"name":"Prefeitura de Manaus licencia quase 3,5 milh\u00f5es de m\u00b2 em \u00e1rea de alvar\u00e1 nesses 1.000 dias de gest\u00e3o"}]},{"@type":"WebSite","@id":"https:\/\/www.manaus.am.gov.br\/implurb\/#website","url":"https:\/\/www.manaus.am.gov.br\/implurb\/","name":"IMPLURB","description":"Prefeitura de Manaus","potentialAction":[{"@type":"SearchAction","target":{"@type":"EntryPoint","urlTemplate":"https:\/\/www.manaus.am.gov.br\/implurb\/?s={search_term_string}"},"query-input":"required name=search_term_string"}],"inLanguage":"pt-BR"},{"@type":"Person","@id":"https:\/\/www.manaus.am.gov.br\/implurb\/#\/schema\/person\/bfafc779be2e19b3d3ef4a59d418b606","name":"csilveira","image":{"@type":"ImageObject","inLanguage":"pt-BR","@id":"https:\/\/www.manaus.am.gov.br\/implurb\/#\/schema\/person\/image\/","url":"https:\/\/secure.gravatar.com\/avatar\/9c2e2f00138fcd35401c748bd030d3b5?s=96&d=mm&r=g","contentUrl":"https:\/\/secure.gravatar.com\/avatar\/9c2e2f00138fcd35401c748bd030d3b5?s=96&d=mm&r=g","caption":"csilveira"}}]}},"_links":{"self":[{"href":"https:\/\/www.manaus.am.gov.br\/implurb\/wp-json\/wp\/v2\/posts\/2464"}],"collection":[{"href":"https:\/\/www.manaus.am.gov.br\/implurb\/wp-json\/wp\/v2\/posts"}],"about":[{"href":"https:\/\/www.manaus.am.gov.br\/implurb\/wp-json\/wp\/v2\/types\/post"}],"author":[{"embeddable":true,"href":"https:\/\/www.manaus.am.gov.br\/implurb\/wp-json\/wp\/v2\/users\/52"}],"replies":[{"embeddable":true,"href":"https:\/\/www.manaus.am.gov.br\/implurb\/wp-json\/wp\/v2\/comments?post=2464"}],"version-history":[{"count":1,"href":"https:\/\/www.manaus.am.gov.br\/implurb\/wp-json\/wp\/v2\/posts\/2464\/revisions"}],"predecessor-version":[{"id":2468,"href":"https:\/\/www.manaus.am.gov.br\/implurb\/wp-json\/wp\/v2\/posts\/2464\/revisions\/2468"}],"wp:featuredmedia":[{"embeddable":true,"href":"https:\/\/www.manaus.am.gov.br\/implurb\/wp-json\/wp\/v2\/media\/2467"}],"wp:attachment":[{"href":"https:\/\/www.manaus.am.gov.br\/implurb\/wp-json\/wp\/v2\/media?parent=2464"}],"wp:term":[{"taxonomy":"category","embeddable":true,"href":"https:\/\/www.manaus.am.gov.br\/implurb\/wp-json\/wp\/v2\/categories?post=2464"},{"taxonomy":"post_tag","embeddable":true,"href":"https:\/\/www.manaus.am.gov.br\/implurb\/wp-json\/wp\/v2\/tags?post=2464"}],"curies":[{"name":"wp","href":"https:\/\/api.w.org\/{rel}","templated":true}]}}