{"id":2462,"date":"2023-09-27T22:04:08","date_gmt":"2023-09-28T02:04:08","guid":{"rendered":"https:\/\/www.manaus.am.gov.br\/implurb\/prefeitura-e-mp-am-alinham-cooperacao-para-ampliar-preservacao-e-valorizacao-do-centro-historico\/"},"modified":"2023-09-27T22:04:10","modified_gmt":"2023-09-28T02:04:10","slug":"prefeitura-e-mp-am-alinham-cooperacao-para-ampliar-preservacao-e-valorizacao-do-centro-historico","status":"publish","type":"post","link":"https:\/\/www.manaus.am.gov.br\/implurb\/prefeitura-e-mp-am-alinham-cooperacao-para-ampliar-preservacao-e-valorizacao-do-centro-historico\/","title":{"rendered":"<strong>Prefeitura e MP-AM alinham coopera\u00e7\u00e3o para ampliar preserva\u00e7\u00e3o e valoriza\u00e7\u00e3o do centro hist\u00f3rico<\/strong>"},"content":{"rendered":"\n<p>A coopera\u00e7\u00e3o institucional para preserva\u00e7\u00e3o e valoriza\u00e7\u00e3o do centro hist\u00f3rico foi pauta entre a Prefeitura de Manaus e o Minist\u00e9rio P\u00fablico do Amazonas (MP-AM), durante reuni\u00e3o nesta quarta-feira, 27\/9, na sede da entidade, com representantes do Instituto Municipal de Planejamento Urbano (Implurb).<\/p>\n\n\n\n<p>O encontro reuniu membros do Centro de Apoio Operacional das Promotorias de Justi\u00e7a Especializadas na Defesa do Meio Ambiente, Patrim\u00f4nio Hist\u00f3rico e da Ordem Urban\u00edstica (CAO-MAPH-URB) e da Procuradoria Jur\u00eddica e Ger\u00eancia de Patrim\u00f4nio Hist\u00f3rico (GPH), do instituto.<\/p>\n\n\n\n<p>Para a procuradora do MP-AM, Maria Jos\u00e9 da Silva Nazar\u00e9, o patrim\u00f4nio hist\u00f3rico da capital \u00e9 fun\u00e7\u00e3o indispens\u00e1vel no ordenamento e cuidados com a cidade e sua gest\u00e3o.<\/p>\n\n\n\n<p>\u201c\u00c9 fun\u00e7\u00e3o do Minist\u00e9rio P\u00fablico cuidar para que o patrim\u00f4nio hist\u00f3rico seja preservado, pois este \u00e9 essencial para a forma\u00e7\u00e3o da identidade cultural de um povo\u201d.<\/p>\n\n\n\n<p>Participaram do encontro ainda o chefe da Procuradoria Jur\u00eddica do Implurb, Saulo Frota, a procuradora aut\u00e1rquica, Liliane Figueiredo, e a gerente de Patrim\u00f4nio, arquiteta e urbanista Melissa Toledo.<\/p>\n\n\n\n<p>\u201cBuscamos fortalecer o relacionamento entre as entidades e tra\u00e7ar estrat\u00e9gias para prevenir e combater as irregularidades praticadas contra o patrim\u00f4nio hist\u00f3rico municipal e \u00e0 sociedade\u201d, comentou Frota.<\/p>\n\n\n\n<p>Para Melissa, a partir do alinhamento institucional \u00e9 poss\u00edvel tra\u00e7ar planejamento para preven\u00e7\u00e3o e combate \u00e0s irregularidades, a\u00e7\u00f5es que j\u00e1 fazem parte da rotina do Implurb, al\u00e9m de conscientizar a sociedade sobre os danos e efeitos de interfer\u00eancias ilegais ao patrim\u00f4nio edificado.<\/p>\n\n\n\n<p>\u201cE entre as a\u00e7\u00f5es est\u00e3o estrat\u00e9gias de educa\u00e7\u00e3o patrimonial, por exemplo, como as j\u00e1 iniciadas com o \u2018Vivendo o Nosso Centro\u2019, dentro do programa da Prefeitura, o \u2018Nosso Centro\u2019. A procuradora ainda fez outras sugest\u00f5es, para inclus\u00e3o de p\u00fablicos como da rede escolar, mas sempre com o foco relacionado ao patrim\u00f4nio cultural, arquitet\u00f4nico e art\u00edstico da cidade\u201d, comentou Melissa.<\/p>\n\n\n\n<p>&#8212; &#8212; &#8212;<\/p>\n\n\n\n<p><strong>Texto<\/strong>&nbsp;\u2013 Claudia do Valle \/ Implurb<\/p>\n\n\n\n<p><strong>Foto &#8211;\u00a0<\/strong>Divulga\u00e7\u00e3o \/ MP-AM<\/p>\n","protected":false},"excerpt":{"rendered":"","protected":false},"author":31,"featured_media":2463,"comment_status":"closed","ping_status":"closed","sticky":false,"template":"","format":"standard","meta":{"footnotes":""},"categories":[228],"tags":[79,331,547,548],"acf":[],"yoast_head":"<!-- This site is optimized with the Yoast SEO plugin v23.0 - https:\/\/yoast.com\/wordpress\/plugins\/seo\/ -->\n<title>Prefeitura e MP-AM alinham coopera\u00e7\u00e3o para ampliar preserva\u00e7\u00e3o e valoriza\u00e7\u00e3o do centro hist\u00f3rico - IMPLURB<\/title>\n<meta name=\"robots\" content=\"noindex, follow\" \/>\n<meta property=\"og:locale\" content=\"pt_BR\" \/>\n<meta property=\"og:type\" content=\"article\" \/>\n<meta property=\"og:title\" content=\"Prefeitura e MP-AM alinham coopera\u00e7\u00e3o para ampliar preserva\u00e7\u00e3o e valoriza\u00e7\u00e3o do centro hist\u00f3rico - IMPLURB\" \/>\n<meta property=\"og:url\" content=\"https:\/\/www.manaus.am.gov.br\/implurb\/prefeitura-e-mp-am-alinham-cooperacao-para-ampliar-preservacao-e-valorizacao-do-centro-historico\/\" \/>\n<meta property=\"og:site_name\" content=\"IMPLURB\" \/>\n<meta property=\"article:published_time\" content=\"2023-09-28T02:04:08+00:00\" \/>\n<meta property=\"article:modified_time\" content=\"2023-09-28T02:04:10+00:00\" \/>\n<meta property=\"og:image\" content=\"https:\/\/www.manaus.am.gov.br\/implurb\/wp-content\/uploads\/sites\/13\/2023\/09\/mpam2.jpg\" \/>\n\t<meta property=\"og:image:width\" content=\"1600\" \/>\n\t<meta property=\"og:image:height\" content=\"1066\" \/>\n\t<meta property=\"og:image:type\" content=\"image\/jpeg\" \/>\n<meta name=\"author\" content=\"Renata Felix\" \/>\n<meta name=\"twitter:card\" content=\"summary_large_image\" \/>\n<meta name=\"twitter:label1\" content=\"Written by\" \/>\n\t<meta name=\"twitter:data1\" content=\"Renata Felix\" \/>\n\t<meta name=\"twitter:label2\" content=\"Est. reading time\" \/>\n\t<meta name=\"twitter:data2\" content=\"2 minutos\" \/>\n<script type=\"application\/ld+json\" class=\"yoast-schema-graph\">{\"@context\":\"https:\/\/schema.org\",\"@graph\":[{\"@type\":\"WebPage\",\"@id\":\"https:\/\/www.manaus.am.gov.br\/implurb\/prefeitura-e-mp-am-alinham-cooperacao-para-ampliar-preservacao-e-valorizacao-do-centro-historico\/\",\"url\":\"https:\/\/www.manaus.am.gov.br\/implurb\/prefeitura-e-mp-am-alinham-cooperacao-para-ampliar-preservacao-e-valorizacao-do-centro-historico\/\",\"name\":\"Prefeitura e MP-AM alinham coopera\u00e7\u00e3o para ampliar preserva\u00e7\u00e3o e valoriza\u00e7\u00e3o do centro hist\u00f3rico - IMPLURB\",\"isPartOf\":{\"@id\":\"https:\/\/www.manaus.am.gov.br\/implurb\/#website\"},\"primaryImageOfPage\":{\"@id\":\"https:\/\/www.manaus.am.gov.br\/implurb\/prefeitura-e-mp-am-alinham-cooperacao-para-ampliar-preservacao-e-valorizacao-do-centro-historico\/#primaryimage\"},\"image\":{\"@id\":\"https:\/\/www.manaus.am.gov.br\/implurb\/prefeitura-e-mp-am-alinham-cooperacao-para-ampliar-preservacao-e-valorizacao-do-centro-historico\/#primaryimage\"},\"thumbnailUrl\":\"https:\/\/www.manaus.am.gov.br\/implurb\/wp-content\/uploads\/sites\/13\/2023\/09\/mpam2.jpg\",\"datePublished\":\"2023-09-28T02:04:08+00:00\",\"dateModified\":\"2023-09-28T02:04:10+00:00\",\"author\":{\"@id\":\"https:\/\/www.manaus.am.gov.br\/implurb\/#\/schema\/person\/4eea2a8f78dc853097abb026f728aa06\"},\"breadcrumb\":{\"@id\":\"https:\/\/www.manaus.am.gov.br\/implurb\/prefeitura-e-mp-am-alinham-cooperacao-para-ampliar-preservacao-e-valorizacao-do-centro-historico\/#breadcrumb\"},\"inLanguage\":\"pt-BR\",\"potentialAction\":[{\"@type\":\"ReadAction\",\"target\":[\"https:\/\/www.manaus.am.gov.br\/implurb\/prefeitura-e-mp-am-alinham-cooperacao-para-ampliar-preservacao-e-valorizacao-do-centro-historico\/\"]}]},{\"@type\":\"ImageObject\",\"inLanguage\":\"pt-BR\",\"@id\":\"https:\/\/www.manaus.am.gov.br\/implurb\/prefeitura-e-mp-am-alinham-cooperacao-para-ampliar-preservacao-e-valorizacao-do-centro-historico\/#primaryimage\",\"url\":\"https:\/\/www.manaus.am.gov.br\/implurb\/wp-content\/uploads\/sites\/13\/2023\/09\/mpam2.jpg\",\"contentUrl\":\"https:\/\/www.manaus.am.gov.br\/implurb\/wp-content\/uploads\/sites\/13\/2023\/09\/mpam2.jpg\",\"width\":1600,\"height\":1066},{\"@type\":\"BreadcrumbList\",\"@id\":\"https:\/\/www.manaus.am.gov.br\/implurb\/prefeitura-e-mp-am-alinham-cooperacao-para-ampliar-preservacao-e-valorizacao-do-centro-historico\/#breadcrumb\",\"itemListElement\":[{\"@type\":\"ListItem\",\"position\":1,\"name\":\"Home\",\"item\":\"https:\/\/www.manaus.am.gov.br\/implurb\/\"},{\"@type\":\"ListItem\",\"position\":2,\"name\":\"Prefeitura e MP-AM alinham coopera\u00e7\u00e3o para ampliar preserva\u00e7\u00e3o e valoriza\u00e7\u00e3o do centro hist\u00f3rico\"}]},{\"@type\":\"WebSite\",\"@id\":\"https:\/\/www.manaus.am.gov.br\/implurb\/#website\",\"url\":\"https:\/\/www.manaus.am.gov.br\/implurb\/\",\"name\":\"IMPLURB\",\"description\":\"Prefeitura de Manaus\",\"potentialAction\":[{\"@type\":\"SearchAction\",\"target\":{\"@type\":\"EntryPoint\",\"urlTemplate\":\"https:\/\/www.manaus.am.gov.br\/implurb\/?s={search_term_string}\"},\"query-input\":\"required name=search_term_string\"}],\"inLanguage\":\"pt-BR\"},{\"@type\":\"Person\",\"@id\":\"https:\/\/www.manaus.am.gov.br\/implurb\/#\/schema\/person\/4eea2a8f78dc853097abb026f728aa06\",\"name\":\"Renata Felix\",\"image\":{\"@type\":\"ImageObject\",\"inLanguage\":\"pt-BR\",\"@id\":\"https:\/\/www.manaus.am.gov.br\/implurb\/#\/schema\/person\/image\/\",\"url\":\"https:\/\/secure.gravatar.com\/avatar\/3c196cf9d3b837b24c8edb2c50fd8f29?s=96&d=mm&r=g\",\"contentUrl\":\"https:\/\/secure.gravatar.com\/avatar\/3c196cf9d3b837b24c8edb2c50fd8f29?s=96&d=mm&r=g\",\"caption\":\"Renata Felix\"}}]}<\/script>\n<!-- \/ Yoast SEO plugin. -->","yoast_head_json":{"title":"Prefeitura e MP-AM alinham coopera\u00e7\u00e3o para ampliar preserva\u00e7\u00e3o e valoriza\u00e7\u00e3o do centro hist\u00f3rico - IMPLURB","robots":{"index":"noindex","follow":"follow"},"og_locale":"pt_BR","og_type":"article","og_title":"Prefeitura e MP-AM alinham coopera\u00e7\u00e3o para ampliar preserva\u00e7\u00e3o e valoriza\u00e7\u00e3o do centro hist\u00f3rico - IMPLURB","og_url":"https:\/\/www.manaus.am.gov.br\/implurb\/prefeitura-e-mp-am-alinham-cooperacao-para-ampliar-preservacao-e-valorizacao-do-centro-historico\/","og_site_name":"IMPLURB","article_published_time":"2023-09-28T02:04:08+00:00","article_modified_time":"2023-09-28T02:04:10+00:00","og_image":[{"width":1600,"height":1066,"url":"https:\/\/www.manaus.am.gov.br\/implurb\/wp-content\/uploads\/sites\/13\/2023\/09\/mpam2.jpg","type":"image\/jpeg"}],"author":"Renata Felix","twitter_card":"summary_large_image","twitter_misc":{"Written by":"Renata Felix","Est. reading time":"2 minutos"},"schema":{"@context":"https:\/\/schema.org","@graph":[{"@type":"WebPage","@id":"https:\/\/www.manaus.am.gov.br\/implurb\/prefeitura-e-mp-am-alinham-cooperacao-para-ampliar-preservacao-e-valorizacao-do-centro-historico\/","url":"https:\/\/www.manaus.am.gov.br\/implurb\/prefeitura-e-mp-am-alinham-cooperacao-para-ampliar-preservacao-e-valorizacao-do-centro-historico\/","name":"Prefeitura e MP-AM alinham coopera\u00e7\u00e3o para ampliar preserva\u00e7\u00e3o e valoriza\u00e7\u00e3o do centro hist\u00f3rico - IMPLURB","isPartOf":{"@id":"https:\/\/www.manaus.am.gov.br\/implurb\/#website"},"primaryImageOfPage":{"@id":"https:\/\/www.manaus.am.gov.br\/implurb\/prefeitura-e-mp-am-alinham-cooperacao-para-ampliar-preservacao-e-valorizacao-do-centro-historico\/#primaryimage"},"image":{"@id":"https:\/\/www.manaus.am.gov.br\/implurb\/prefeitura-e-mp-am-alinham-cooperacao-para-ampliar-preservacao-e-valorizacao-do-centro-historico\/#primaryimage"},"thumbnailUrl":"https:\/\/www.manaus.am.gov.br\/implurb\/wp-content\/uploads\/sites\/13\/2023\/09\/mpam2.jpg","datePublished":"2023-09-28T02:04:08+00:00","dateModified":"2023-09-28T02:04:10+00:00","author":{"@id":"https:\/\/www.manaus.am.gov.br\/implurb\/#\/schema\/person\/4eea2a8f78dc853097abb026f728aa06"},"breadcrumb":{"@id":"https:\/\/www.manaus.am.gov.br\/implurb\/prefeitura-e-mp-am-alinham-cooperacao-para-ampliar-preservacao-e-valorizacao-do-centro-historico\/#breadcrumb"},"inLanguage":"pt-BR","potentialAction":[{"@type":"ReadAction","target":["https:\/\/www.manaus.am.gov.br\/implurb\/prefeitura-e-mp-am-alinham-cooperacao-para-ampliar-preservacao-e-valorizacao-do-centro-historico\/"]}]},{"@type":"ImageObject","inLanguage":"pt-BR","@id":"https:\/\/www.manaus.am.gov.br\/implurb\/prefeitura-e-mp-am-alinham-cooperacao-para-ampliar-preservacao-e-valorizacao-do-centro-historico\/#primaryimage","url":"https:\/\/www.manaus.am.gov.br\/implurb\/wp-content\/uploads\/sites\/13\/2023\/09\/mpam2.jpg","contentUrl":"https:\/\/www.manaus.am.gov.br\/implurb\/wp-content\/uploads\/sites\/13\/2023\/09\/mpam2.jpg","width":1600,"height":1066},{"@type":"BreadcrumbList","@id":"https:\/\/www.manaus.am.gov.br\/implurb\/prefeitura-e-mp-am-alinham-cooperacao-para-ampliar-preservacao-e-valorizacao-do-centro-historico\/#breadcrumb","itemListElement":[{"@type":"ListItem","position":1,"name":"Home","item":"https:\/\/www.manaus.am.gov.br\/implurb\/"},{"@type":"ListItem","position":2,"name":"Prefeitura e MP-AM alinham coopera\u00e7\u00e3o para ampliar preserva\u00e7\u00e3o e valoriza\u00e7\u00e3o do centro hist\u00f3rico"}]},{"@type":"WebSite","@id":"https:\/\/www.manaus.am.gov.br\/implurb\/#website","url":"https:\/\/www.manaus.am.gov.br\/implurb\/","name":"IMPLURB","description":"Prefeitura de Manaus","potentialAction":[{"@type":"SearchAction","target":{"@type":"EntryPoint","urlTemplate":"https:\/\/www.manaus.am.gov.br\/implurb\/?s={search_term_string}"},"query-input":"required name=search_term_string"}],"inLanguage":"pt-BR"},{"@type":"Person","@id":"https:\/\/www.manaus.am.gov.br\/implurb\/#\/schema\/person\/4eea2a8f78dc853097abb026f728aa06","name":"Renata Felix","image":{"@type":"ImageObject","inLanguage":"pt-BR","@id":"https:\/\/www.manaus.am.gov.br\/implurb\/#\/schema\/person\/image\/","url":"https:\/\/secure.gravatar.com\/avatar\/3c196cf9d3b837b24c8edb2c50fd8f29?s=96&d=mm&r=g","contentUrl":"https:\/\/secure.gravatar.com\/avatar\/3c196cf9d3b837b24c8edb2c50fd8f29?s=96&d=mm&r=g","caption":"Renata Felix"}}]}},"_links":{"self":[{"href":"https:\/\/www.manaus.am.gov.br\/implurb\/wp-json\/wp\/v2\/posts\/2462"}],"collection":[{"href":"https:\/\/www.manaus.am.gov.br\/implurb\/wp-json\/wp\/v2\/posts"}],"about":[{"href":"https:\/\/www.manaus.am.gov.br\/implurb\/wp-json\/wp\/v2\/types\/post"}],"author":[{"embeddable":true,"href":"https:\/\/www.manaus.am.gov.br\/implurb\/wp-json\/wp\/v2\/users\/31"}],"replies":[{"embeddable":true,"href":"https:\/\/www.manaus.am.gov.br\/implurb\/wp-json\/wp\/v2\/comments?post=2462"}],"version-history":[{"count":0,"href":"https:\/\/www.manaus.am.gov.br\/implurb\/wp-json\/wp\/v2\/posts\/2462\/revisions"}],"wp:featuredmedia":[{"embeddable":true,"href":"https:\/\/www.manaus.am.gov.br\/implurb\/wp-json\/wp\/v2\/media\/2463"}],"wp:attachment":[{"href":"https:\/\/www.manaus.am.gov.br\/implurb\/wp-json\/wp\/v2\/media?parent=2462"}],"wp:term":[{"taxonomy":"category","embeddable":true,"href":"https:\/\/www.manaus.am.gov.br\/implurb\/wp-json\/wp\/v2\/categories?post=2462"},{"taxonomy":"post_tag","embeddable":true,"href":"https:\/\/www.manaus.am.gov.br\/implurb\/wp-json\/wp\/v2\/tags?post=2462"}],"curies":[{"name":"wp","href":"https:\/\/api.w.org\/{rel}","templated":true}]}}