{"id":2455,"date":"2023-09-27T14:20:31","date_gmt":"2023-09-27T18:20:31","guid":{"rendered":"https:\/\/www.manaus.am.gov.br\/implurb\/1000-dias-que-mudaram-a-vida-de-familias-que-viviam-a-incerteza-de-nao-ter-um-teto-seguro\/"},"modified":"2023-09-27T14:20:31","modified_gmt":"2023-09-27T18:20:31","slug":"1000-dias-que-mudaram-a-vida-de-familias-que-viviam-a-incerteza-de-nao-ter-um-teto-seguro","status":"publish","type":"post","link":"https:\/\/www.manaus.am.gov.br\/implurb\/1000-dias-que-mudaram-a-vida-de-familias-que-viviam-a-incerteza-de-nao-ter-um-teto-seguro\/","title":{"rendered":"<strong>1.000 dias que mudaram a vida de fam\u00edlias que viviam a incerteza de n\u00e3o ter um teto seguro<\/strong>"},"content":{"rendered":"\n<figure class=\"wp-block-image size-full\"><img decoding=\"async\" src=\"https:\/\/www.manaus.am.gov.br\/wp-content\/uploads\/2023\/09\/selo1000dias.png\" alt=\"\" class=\"wp-image-227963\" \/><\/figure>\n\n\n\n<p>O sonho da casa pr\u00f3pria j\u00e1 \u00e9 realidade para centenas de fam\u00edlias da capital amazonense contempladas com a moradia popular do residencial multifamiliar Cidad\u00e3o Manauara 2, etapa B, localizado no bairro Santa Etelvina, zona Norte. Ao todo, 500 apartamentos foram entregues em agosto de 2021, por meio do programa habitacional da Prefeitura de Manaus, em parceria com o governo federal, marcando os 1.000 dias de gest\u00e3o do prefeito David Almeida.<\/p>\n\n\n\n<p>Vi\u00favo na pandemia, com tr\u00eas filhas para criar sozinho, desempregado e sem moradia, Ant\u00f4nio Carlos de Souza, 37 anos, \u00e9 uma dessas fam\u00edlias que tiveram o sonho realizado. Antes, estava com o peso de dias duros da vida, de tristeza. Como sempre acreditou em dias melhores, ele hoje \u00e9 morador de um apartamento do Cidad\u00e3o Manauara, etapa B.<\/p>\n\n\n\n<p>Atualmente, ele est\u00e1 empregado em uma empresa de po\u00e7os artesianos, est\u00e1 feliz por ter moradia pr\u00f3pria, pagar suas contas e cuidar das filhas de 17 anos, 15 anos e da ca\u00e7ula, com 5.<\/p>\n\n\n\n<p>\u201cFoi a realiza\u00e7\u00e3o de um sonho. Perdi a m\u00e3e das minhas filhas e fiquei com uma responsabilidade muito grande, sozinho. Mas minha vida melhorou 100% com o apartamento, porque hoje pago por algo que \u00e9 meu e ser\u00e1 das minhas filhas\u201d, disse o morador do bloco 4 do Manauara.<\/p>\n\n\n\n<p>Ele, que sempre morou de aluguel, se v\u00ea como um homem de sorte, apesar de tudo o que passou e sofreu, com as adversidades e o luto, ap\u00f3s perder a esposa na pandemia, depois de 14 anos de casamento.&nbsp;<\/p>\n\n\n\n<p>\u201cSomos s\u00f3 gratid\u00e3o. Foi um presente de Deus. Sempre informaram que estava num processo, que dependia ainda do sorteio, e fomos sorteados\u201d, disse Ant\u00f4nio. &#8220;Meu agradecimento especial ao prefeito David Almeida, que Deus possa aben\u00e7oar grandemente a ele e a todos que nos deram apoio at\u00e9 aqui\u201d, disse.<\/p>\n\n\n\n<figure class=\"wp-block-image size-full\"><img loading=\"lazy\" decoding=\"async\" width=\"800\" height=\"450\" src=\"https:\/\/www.manaus.am.gov.br\/implurb\/wp-content\/uploads\/sites\/13\/2023\/09\/51419306037_b7e03be57b_c.jpg\" alt=\"\" class=\"wp-image-2458\" srcset=\"https:\/\/www.manaus.am.gov.br\/implurb\/wp-content\/uploads\/sites\/13\/2023\/09\/51419306037_b7e03be57b_c.jpg 800w, https:\/\/www.manaus.am.gov.br\/implurb\/wp-content\/uploads\/sites\/13\/2023\/09\/51419306037_b7e03be57b_c-300x169.jpg 300w, https:\/\/www.manaus.am.gov.br\/implurb\/wp-content\/uploads\/sites\/13\/2023\/09\/51419306037_b7e03be57b_c-768x432.jpg 768w\" sizes=\"(max-width: 800px) 100vw, 800px\" \/><\/figure>\n\n\n\n<p>Para o prefeito de Manaus, David Almeida, entregar moradias dignas \u00e0 popula\u00e7\u00e3o mostra respeito com o dinheiro p\u00fablico e o resgate da cidadania dessas fam\u00edlias. \u201cEssa obra traz dignidade \u00e0s pessoas. Quando voc\u00ea consegue, como cidad\u00e3o que mora em situa\u00e7\u00e3o adversa, uma moradia de qualidade como essa, voc\u00ea traz a essa fam\u00edlia a dignidade esquecida durante d\u00e9cadas. Somos muito gratos por realizar esse sonho para centenas de pessoas em Manaus\u201d.<\/p>\n\n\n\n<p>O ent\u00e3o vice-presidente de Habita\u00e7\u00e3o e Assuntos Fundi\u00e1rios, Renato Queiroz, atual diretor executivo do Fundo Manaus Solid\u00e1ria (FMS), destacou que esse projeto \u00e9 a realiza\u00e7\u00e3o do sonho de muitas fam\u00edlias. \u201cRealizamos o sonho da casa pr\u00f3pria para pessoas que ganharam um novo cap\u00edtulo em suas vidas. E poder contribuir para este processo, \u00e9 fruto do trabalho da gest\u00e3o David Almeida, respeitando quem mais necessita de atendimento\u201d, completou.<\/p>\n\n\n\n<p><strong>Sonho realizado<\/strong><\/p>\n\n\n\n<p>Natural de Novo Aripuan\u00e3, Jane de Oliveira Melo, 35, \u00e9 a feliz propriet\u00e1ria de um apartamento no bloco 23, onde mora com as g\u00eameas, Ana Julia e Ana Clara, de 18 anos, e o ca\u00e7ula, de 12 anos. Jane se mudou para Manaus em 2016 para buscar melhores condi\u00e7\u00f5es de tratamento para as g\u00eameas, que foram diagnosticadas com l\u00fapus.<\/p>\n\n\n\n<p>Ela mora num im\u00f3vel adaptado e fez sua mudan\u00e7a em setembro de 2021, vivendo naquele tempo as emo\u00e7\u00f5es de realizar um sonho e a felicidade de ter alta das filhas do hospital, sendo que uma delas estava numa Unidade de Terapia Intensiva (UTI).<\/p>\n\n\n\n<figure class=\"wp-block-image size-full\"><img loading=\"lazy\" decoding=\"async\" width=\"799\" height=\"533\" src=\"https:\/\/www.manaus.am.gov.br\/implurb\/wp-content\/uploads\/sites\/13\/2023\/09\/53215994193_59771b4b61_c.jpg\" alt=\"\" class=\"wp-image-2457\" srcset=\"https:\/\/www.manaus.am.gov.br\/implurb\/wp-content\/uploads\/sites\/13\/2023\/09\/53215994193_59771b4b61_c.jpg 799w, https:\/\/www.manaus.am.gov.br\/implurb\/wp-content\/uploads\/sites\/13\/2023\/09\/53215994193_59771b4b61_c-300x200.jpg 300w, https:\/\/www.manaus.am.gov.br\/implurb\/wp-content\/uploads\/sites\/13\/2023\/09\/53215994193_59771b4b61_c-768x512.jpg 768w\" sizes=\"(max-width: 799px) 100vw, 799px\" \/><\/figure>\n\n\n\n<p>Passados 1.000 dias, o tratamento das Anas segue di\u00e1rio, constante, com mudan\u00e7as na mobilidade delas, uma est\u00e1 na cadeira de rodas e outra anda com aux\u00edlio de muleta. \u201cFoi uma coisa inexplic\u00e1vel e mudou muita coisa na minha vida, que est\u00e1 mais tranquila. Meu ca\u00e7ula est\u00e1 no sexto ano e eu cuido integralmente da Ana J\u00falia e da Ana Clara. Nunca fiquei t\u00e3o feliz na minha vida, como quando vi meu nome sorteado. Agrade\u00e7o por toda a ajuda da Prefeitura de Manaus, ao prefeito David Almeida, que Deus iluminou na hora certa. E que ele possa fazer ainda muito mais por mais pessoas que necessitam&#8221;, disse Jane.<\/p>\n\n\n\n<p>A fam\u00edlia n\u00e3o tem parentes na capital e sempre morou de aluguel. Antes de receber o apartamento adaptado, morava no Fazendinha, bairro Cidade de Deus. As adolescentes t\u00eam l\u00fapus eritematoso sist\u00eamico, uma doen\u00e7a autoimune, sem cura, mas com tratamento e medica\u00e7\u00e3o para aliviar os sintomas.<\/p>\n\n\n\n<p>Nascida em Manacapuru, Joicequele da Silva Lima, 33 anos, hoje v\u00ea sua filha Maria Clara, de 4 anos, brincando feliz e tem um suspiro de al\u00edvio do que viveu at\u00e9 ser uma das sorteadas para um apartamento no conjunto Manauara, no bloco 4. Sua fam\u00edlia \u00e9 do interior e ela foi criada na capital pelos av\u00f3s maternos. Mas \u00e9 no apartamento que conseguiu sua reden\u00e7\u00e3o, tem seu canto, como diz, e se dedica exclusivamente \u00e0 pequena, que tem diagn\u00f3stico de transtorno do espectro autista (TEA).<\/p>\n\n\n\n<p>\u201cA melhor coisa que tem na vida \u00e9 a gente ter nossa casa pr\u00f3pria. Eu n\u00e3o tinha minha casa, eu tenho uma filha pequena e a melhor coisa do mundo que aconteceu na minha vida foi eu ter sido sorteada para esse apartamento. Agrade\u00e7o a Deus todos os dias, porque \u00e9 um lar muito bom e eu sou muito grata. Meu lugar, meu espa\u00e7o\u201d, conta a dona de casa, que divide o im\u00f3vel com uma irm\u00e3.<\/p>\n\n\n\n<p>Antes, ela sempre morou de favor ou alugado. \u201cHoje a Maria tem o espa\u00e7o dela para brincar, para crescer saud\u00e1vel. Minha vida mudou para melhor. N\u00e3o tenho palavras para descrever o que sinto at\u00e9 hoje, al\u00e9m de muita gratid\u00e3o. E meu sonho \u00e9 dar um futuro bom para minha filha, minha prioridade\u201d.<\/p>\n\n\n\n<p><strong>Da rua para um im\u00f3vel pr\u00f3prio<\/strong><\/p>\n\n\n\n<p>Vindo para Manaus aos 17 anos, sem conhecer ningu\u00e9m, tendo sa\u00eddo de Manacapuru, Raimunda Ires Campos Carvalho, 60, \u00e9 propriet\u00e1ria de um apartamento no Manauara, no bloco 11. Foi um longo caminho desde que a adolescente chegou na capital e precisou dormir na rua at\u00e9 a mulher adulta que \u00e9 feliz, hoje, na sua pr\u00f3pria casa, orgulhosa do que conquistou.<\/p>\n\n\n\n<p>\u201cMorei alugado e de favor por v\u00e1rios anos. Antes de ser beneficiada, morava no Alvorada 2, tamb\u00e9m alugado. Fiquei muito tempo sozinha. Vivi na rua quando cheguei a Manaus, porque n\u00e3o tinha onde ficar. Arrumei um marido, mas ele me maltratava. Me separei e hoje tenho uma outra vida\u201d, disse Raimunda.<\/p>\n\n\n\n<p>M\u00e3e de 5 filhos, ela mora sozinha no conjunto, mas eventualmente recebe visitas das netas que viviam com ela, de 12 e 14 anos. \u201cFiz meu cadastro por volta de 2007. Recebi visita dos assistentes sociais, participei da sele\u00e7\u00e3o, mas ainda havia o sorteio e fiquei at\u00e9 desanimada, porque nunca achei que tivesse sorte. Mas quando vi meu nome, fiquei doida, sa\u00ed gritando no meio da rua. Ningu\u00e9m entendeu nada, mas eu era s\u00f3 felicidade. Sou feliz\u201d.<\/p>\n\n\n\n<p>Raimunda afirma que mudou muita coisa na sua trajet\u00f3ria nesses 1.000 dias: \u201cN\u00e3o pago mais aluguel, tenho o meu canto e sou muito agradecida\u201d. Hoje, sua maior dificuldade \u00e9 com a sa\u00fade, enfrentando um problema grave na coluna. \u201cQuando me mudei para este lugar maravilhoso, antes de entrar, me ajoelhei na porta de tanta felicidade\u201d.<\/p>\n\n\n\n<p>H\u00e1 mais de 40 anos vivendo em Manaus, o mineiro Gestal Augusto, 62 anos, viu sua vida desmoronar como um castelo de areia num dos piores momentos da humanidade, enfrentando a pandemia da Covid-19. A empresa onde trabalhava faliu, n\u00e3o pagou funcion\u00e1rios, ele ficou sem emprego, precisou largar a faculdade, perdeu a casa e quase foi morar na rua. \u201cDigo que eu sa\u00ed do inferno e fui para o c\u00e9u\u201d, comentou o auxiliar administrativo e ex-universit\u00e1rio de Pedagogia.<\/p>\n\n\n\n<figure class=\"wp-block-image size-large\"><img decoding=\"async\" src=\"https:\/\/www.manaus.am.gov.br\/implurb\/wp-content\/uploads\/sites\/13\/2023\/09\/2C9A5437-1024x683.jpg\" alt=\"\" class=\"wp-image-2456\" \/><\/figure>\n\n\n\n<p>Hoje, morador de um apartamento no bloco 5, da etapa B do Manauara, ele apostou todas as suas fichas na resili\u00eancia, no foco e na f\u00e9 de que \u00eda sair do fundo do po\u00e7o. \u201cMorava na Cachoeirinha, numa casa grande, mas a empresa faliu e fui morar de favor numa quitinete, numa invas\u00e3o. Tinha um cadastro feito e foram 12 anos de espera. Mas tamb\u00e9m busquei ajuda, fiz a atualiza\u00e7\u00e3o, mesmo estando no meio do caos da pandemia. Mesmo divorciado, sem emprego fixo, passei na sele\u00e7\u00e3o e quando vi meu nome sorteado, eu desabei. Vivia num lugar cheio de ratos, sem energia. Eu n\u00e3o tinha nada em Manaus\u201d, lembra Gestal.<\/p>\n\n\n\n<p>O auxiliar n\u00e3o esquece o atendimento que recebeu da equipe da Prefeitura de Manaus, dos t\u00e9cnicos aos assistentes sociais, de gente que n\u00e3o o conhecia e que teve sensibilidade e tratamento humano com sua hist\u00f3ria. \u201cEu n\u00e3o tinha recursos para fazer nem minha mudan\u00e7a, mas a prefeitura fez para quem n\u00e3o podia pagar um frete. Sempre fui um homem de f\u00e9 e acreditei. Contrariando as possibilidades, fui aben\u00e7oado entre milhares de pessoas. Na \u00e9poca da pandemia, ap\u00f3s ser demitido, emagreci 15 quilos, mas mantive o foco e fui resiliente. Foi minha prova de fogo. Fui no inferno, mas eu n\u00e3o cumprimentei ningu\u00e9m l\u00e1\u201d.<\/p>\n\n\n\n<p>Hoje, ele trabalha como <em>freelancer<\/em> para uma ag\u00eancia de comunica\u00e7\u00e3o e a palavra que usaria para definir a dist\u00e2ncia do passado \u00e9 gratid\u00e3o. Ele recorda que ainda enfrentou, na mesma \u00e9poca, um processo por crime cibern\u00e9tico, pelo uso do seu CPF por terceiros. Ele quase foi preso, mas como havia feito boletim de ocorr\u00eancia e a investiga\u00e7\u00e3o foi feita, descobriram que era uma quadrilha que praticava os crimes.<\/p>\n\n\n\n<p>\u201cEncontrei pessoas humanas na gest\u00e3o, sens\u00edveis, emp\u00e1ticas. Sou muito grato pela administra\u00e7\u00e3o municipal. Acredito na m\u00e3o divina, no ser supremo e o Senhor ouviu minhas preces, quando estava de joelhos, em l\u00e1grima\u201d, comenta Gestal.<\/p>\n\n\n\n<p>Morando no quinto andar, ele curte o apartamento, que acha um lugar de paz, ventilado e tranquilo, com acesso a um shopping e ao transporte p\u00fablico.<\/p>\n\n\n\n<p><strong>Conjunto<\/strong><\/p>\n\n\n\n<p>Uma das caracter\u00edsticas do conjunto Manauara, etapa B, \u00e9 ser pioneiro no Estado ao entregar apartamentos adaptados para Pessoas com Defici\u00eancia (PcDs). S\u00e3o 16 que apresentam funcionalidades que facilitam o deslocamento e a atividade dos moradores dentro dos seus im\u00f3veis.<\/p>\n\n\n\n<p>A adapta\u00e7\u00e3o foi feita sob encomenda para a Prefeitura de Manaus, adequando uma realidade de milhares de pessoas que apresentam algum tipo de defici\u00eancia, melhorando a qualidade de vida, cuidados e seguran\u00e7a.<\/p>\n\n\n\n<p>Cada apartamento tem sala de estar e jantar, dois quartos, <em>hall<\/em>, banho social adapt\u00e1vel, cozinha e \u00e1rea de servi\u00e7o. Os equipamentos comunit\u00e1rios que comp\u00f5em o conjunto incluem sal\u00e3o, clube social, copa\/bar, banheiros, quadra poliesportiva, quadra de areia, dois playgrounds, \u00e1rea verde, \u00e1rea de preserva\u00e7\u00e3o permanente e sistema vi\u00e1rio, incluindo vagas de estacionamento para visitantes e moradores. O empreendimento tem sistema de esgoto sanit\u00e1rio final para Esta\u00e7\u00e3o de Tratamento (ETE).<\/p>\n\n\n\n<p>Os moradores s\u00e3o isentos de Imposto Predial e Territorial Urbano (IPTU) e de Imposto de Transmiss\u00e3o de Bens Im\u00f3veis (ITBI), como medida da gest\u00e3o, por lei municipal.<\/p>\n\n\n\n<p>&#8212; &#8212; &#8212;<\/p>\n\n\n\n<p><strong>Texto &#8211; <\/strong>Claudia do Valle \/ Implurb<\/p>\n\n\n\n<p><strong>Fotos &#8211; <\/strong>Cl\u00f3vis Miranda e Phill Limma \/ Semcom&nbsp;<\/p>\n","protected":false},"excerpt":{"rendered":"","protected":false},"author":52,"featured_media":2460,"comment_status":"closed","ping_status":"closed","sticky":false,"template":"","format":"standard","meta":{"footnotes":""},"categories":[530],"tags":[31,546,15],"acf":[],"yoast_head":"<!-- This site is optimized with the Yoast SEO plugin v23.0 - https:\/\/yoast.com\/wordpress\/plugins\/seo\/ -->\n<title>1.000 dias que mudaram a vida de fam\u00edlias que viviam a incerteza de n\u00e3o ter um teto seguro<\/title>\n<meta name=\"description\" content=\"O sonho da casa pr\u00f3pria j\u00e1 \u00e9 realidade para centenas de fam\u00edlias da capital amazonense contempladas com a moradia popular do residencial.\" \/>\n<meta name=\"robots\" content=\"noindex, follow\" \/>\n<meta property=\"og:locale\" content=\"pt_BR\" \/>\n<meta property=\"og:type\" content=\"article\" \/>\n<meta property=\"og:title\" content=\"1.000 dias que mudaram a vida de fam\u00edlias que viviam a incerteza de n\u00e3o ter um teto seguro\" \/>\n<meta property=\"og:description\" content=\"O sonho da casa pr\u00f3pria j\u00e1 \u00e9 realidade para centenas de fam\u00edlias da capital amazonense contempladas com a moradia popular do residencial.\" \/>\n<meta property=\"og:url\" content=\"https:\/\/www.manaus.am.gov.br\/implurb\/1000-dias-que-mudaram-a-vida-de-familias-que-viviam-a-incerteza-de-nao-ter-um-teto-seguro\/\" \/>\n<meta property=\"og:site_name\" content=\"IMPLURB\" \/>\n<meta property=\"article:published_time\" content=\"2023-09-27T18:20:31+00:00\" \/>\n<meta property=\"og:image\" content=\"https:\/\/www.manaus.am.gov.br\/implurb\/wp-content\/uploads\/sites\/13\/2023\/09\/f1434d5a-23b2-4f2d-a9fe-b2e876db1bc7.jpg\" \/>\n\t<meta property=\"og:image:width\" content=\"823\" \/>\n\t<meta property=\"og:image:height\" content=\"592\" \/>\n\t<meta property=\"og:image:type\" content=\"image\/jpeg\" \/>\n<meta name=\"author\" content=\"csilveira\" \/>\n<meta name=\"twitter:card\" content=\"summary_large_image\" \/>\n<meta name=\"twitter:label1\" content=\"Written by\" \/>\n\t<meta name=\"twitter:data1\" content=\"csilveira\" \/>\n\t<meta name=\"twitter:label2\" content=\"Est. reading time\" \/>\n\t<meta name=\"twitter:data2\" content=\"11 minutos\" \/>\n<script type=\"application\/ld+json\" class=\"yoast-schema-graph\">{\"@context\":\"https:\/\/schema.org\",\"@graph\":[{\"@type\":\"WebPage\",\"@id\":\"https:\/\/www.manaus.am.gov.br\/implurb\/1000-dias-que-mudaram-a-vida-de-familias-que-viviam-a-incerteza-de-nao-ter-um-teto-seguro\/\",\"url\":\"https:\/\/www.manaus.am.gov.br\/implurb\/1000-dias-que-mudaram-a-vida-de-familias-que-viviam-a-incerteza-de-nao-ter-um-teto-seguro\/\",\"name\":\"1.000 dias que mudaram a vida de fam\u00edlias que viviam a incerteza de n\u00e3o ter um teto seguro\",\"isPartOf\":{\"@id\":\"https:\/\/www.manaus.am.gov.br\/implurb\/#website\"},\"primaryImageOfPage\":{\"@id\":\"https:\/\/www.manaus.am.gov.br\/implurb\/1000-dias-que-mudaram-a-vida-de-familias-que-viviam-a-incerteza-de-nao-ter-um-teto-seguro\/#primaryimage\"},\"image\":{\"@id\":\"https:\/\/www.manaus.am.gov.br\/implurb\/1000-dias-que-mudaram-a-vida-de-familias-que-viviam-a-incerteza-de-nao-ter-um-teto-seguro\/#primaryimage\"},\"thumbnailUrl\":\"https:\/\/www.manaus.am.gov.br\/implurb\/wp-content\/uploads\/sites\/13\/2023\/09\/f1434d5a-23b2-4f2d-a9fe-b2e876db1bc7.jpg\",\"datePublished\":\"2023-09-27T18:20:31+00:00\",\"dateModified\":\"2023-09-27T18:20:31+00:00\",\"author\":{\"@id\":\"https:\/\/www.manaus.am.gov.br\/implurb\/#\/schema\/person\/bfafc779be2e19b3d3ef4a59d418b606\"},\"description\":\"O sonho da casa pr\u00f3pria j\u00e1 \u00e9 realidade para centenas de fam\u00edlias da capital amazonense contempladas com a moradia popular do residencial.\",\"breadcrumb\":{\"@id\":\"https:\/\/www.manaus.am.gov.br\/implurb\/1000-dias-que-mudaram-a-vida-de-familias-que-viviam-a-incerteza-de-nao-ter-um-teto-seguro\/#breadcrumb\"},\"inLanguage\":\"pt-BR\",\"potentialAction\":[{\"@type\":\"ReadAction\",\"target\":[\"https:\/\/www.manaus.am.gov.br\/implurb\/1000-dias-que-mudaram-a-vida-de-familias-que-viviam-a-incerteza-de-nao-ter-um-teto-seguro\/\"]}]},{\"@type\":\"ImageObject\",\"inLanguage\":\"pt-BR\",\"@id\":\"https:\/\/www.manaus.am.gov.br\/implurb\/1000-dias-que-mudaram-a-vida-de-familias-que-viviam-a-incerteza-de-nao-ter-um-teto-seguro\/#primaryimage\",\"url\":\"https:\/\/www.manaus.am.gov.br\/implurb\/wp-content\/uploads\/sites\/13\/2023\/09\/f1434d5a-23b2-4f2d-a9fe-b2e876db1bc7.jpg\",\"contentUrl\":\"https:\/\/www.manaus.am.gov.br\/implurb\/wp-content\/uploads\/sites\/13\/2023\/09\/f1434d5a-23b2-4f2d-a9fe-b2e876db1bc7.jpg\",\"width\":823,\"height\":592},{\"@type\":\"BreadcrumbList\",\"@id\":\"https:\/\/www.manaus.am.gov.br\/implurb\/1000-dias-que-mudaram-a-vida-de-familias-que-viviam-a-incerteza-de-nao-ter-um-teto-seguro\/#breadcrumb\",\"itemListElement\":[{\"@type\":\"ListItem\",\"position\":1,\"name\":\"Home\",\"item\":\"https:\/\/www.manaus.am.gov.br\/implurb\/\"},{\"@type\":\"ListItem\",\"position\":2,\"name\":\"1.000 dias que mudaram a vida de fam\u00edlias que viviam a incerteza de n\u00e3o ter um teto seguro\"}]},{\"@type\":\"WebSite\",\"@id\":\"https:\/\/www.manaus.am.gov.br\/implurb\/#website\",\"url\":\"https:\/\/www.manaus.am.gov.br\/implurb\/\",\"name\":\"IMPLURB\",\"description\":\"Prefeitura de Manaus\",\"potentialAction\":[{\"@type\":\"SearchAction\",\"target\":{\"@type\":\"EntryPoint\",\"urlTemplate\":\"https:\/\/www.manaus.am.gov.br\/implurb\/?s={search_term_string}\"},\"query-input\":\"required name=search_term_string\"}],\"inLanguage\":\"pt-BR\"},{\"@type\":\"Person\",\"@id\":\"https:\/\/www.manaus.am.gov.br\/implurb\/#\/schema\/person\/bfafc779be2e19b3d3ef4a59d418b606\",\"name\":\"csilveira\",\"image\":{\"@type\":\"ImageObject\",\"inLanguage\":\"pt-BR\",\"@id\":\"https:\/\/www.manaus.am.gov.br\/implurb\/#\/schema\/person\/image\/\",\"url\":\"https:\/\/secure.gravatar.com\/avatar\/9c2e2f00138fcd35401c748bd030d3b5?s=96&d=mm&r=g\",\"contentUrl\":\"https:\/\/secure.gravatar.com\/avatar\/9c2e2f00138fcd35401c748bd030d3b5?s=96&d=mm&r=g\",\"caption\":\"csilveira\"}}]}<\/script>\n<!-- \/ Yoast SEO plugin. -->","yoast_head_json":{"title":"1.000 dias que mudaram a vida de fam\u00edlias que viviam a incerteza de n\u00e3o ter um teto seguro","description":"O sonho da casa pr\u00f3pria j\u00e1 \u00e9 realidade para centenas de fam\u00edlias da capital amazonense contempladas com a moradia popular do residencial.","robots":{"index":"noindex","follow":"follow"},"og_locale":"pt_BR","og_type":"article","og_title":"1.000 dias que mudaram a vida de fam\u00edlias que viviam a incerteza de n\u00e3o ter um teto seguro","og_description":"O sonho da casa pr\u00f3pria j\u00e1 \u00e9 realidade para centenas de fam\u00edlias da capital amazonense contempladas com a moradia popular do residencial.","og_url":"https:\/\/www.manaus.am.gov.br\/implurb\/1000-dias-que-mudaram-a-vida-de-familias-que-viviam-a-incerteza-de-nao-ter-um-teto-seguro\/","og_site_name":"IMPLURB","article_published_time":"2023-09-27T18:20:31+00:00","og_image":[{"width":823,"height":592,"url":"https:\/\/www.manaus.am.gov.br\/implurb\/wp-content\/uploads\/sites\/13\/2023\/09\/f1434d5a-23b2-4f2d-a9fe-b2e876db1bc7.jpg","type":"image\/jpeg"}],"author":"csilveira","twitter_card":"summary_large_image","twitter_misc":{"Written by":"csilveira","Est. reading time":"11 minutos"},"schema":{"@context":"https:\/\/schema.org","@graph":[{"@type":"WebPage","@id":"https:\/\/www.manaus.am.gov.br\/implurb\/1000-dias-que-mudaram-a-vida-de-familias-que-viviam-a-incerteza-de-nao-ter-um-teto-seguro\/","url":"https:\/\/www.manaus.am.gov.br\/implurb\/1000-dias-que-mudaram-a-vida-de-familias-que-viviam-a-incerteza-de-nao-ter-um-teto-seguro\/","name":"1.000 dias que mudaram a vida de fam\u00edlias que viviam a incerteza de n\u00e3o ter um teto seguro","isPartOf":{"@id":"https:\/\/www.manaus.am.gov.br\/implurb\/#website"},"primaryImageOfPage":{"@id":"https:\/\/www.manaus.am.gov.br\/implurb\/1000-dias-que-mudaram-a-vida-de-familias-que-viviam-a-incerteza-de-nao-ter-um-teto-seguro\/#primaryimage"},"image":{"@id":"https:\/\/www.manaus.am.gov.br\/implurb\/1000-dias-que-mudaram-a-vida-de-familias-que-viviam-a-incerteza-de-nao-ter-um-teto-seguro\/#primaryimage"},"thumbnailUrl":"https:\/\/www.manaus.am.gov.br\/implurb\/wp-content\/uploads\/sites\/13\/2023\/09\/f1434d5a-23b2-4f2d-a9fe-b2e876db1bc7.jpg","datePublished":"2023-09-27T18:20:31+00:00","dateModified":"2023-09-27T18:20:31+00:00","author":{"@id":"https:\/\/www.manaus.am.gov.br\/implurb\/#\/schema\/person\/bfafc779be2e19b3d3ef4a59d418b606"},"description":"O sonho da casa pr\u00f3pria j\u00e1 \u00e9 realidade para centenas de fam\u00edlias da capital amazonense contempladas com a moradia popular do residencial.","breadcrumb":{"@id":"https:\/\/www.manaus.am.gov.br\/implurb\/1000-dias-que-mudaram-a-vida-de-familias-que-viviam-a-incerteza-de-nao-ter-um-teto-seguro\/#breadcrumb"},"inLanguage":"pt-BR","potentialAction":[{"@type":"ReadAction","target":["https:\/\/www.manaus.am.gov.br\/implurb\/1000-dias-que-mudaram-a-vida-de-familias-que-viviam-a-incerteza-de-nao-ter-um-teto-seguro\/"]}]},{"@type":"ImageObject","inLanguage":"pt-BR","@id":"https:\/\/www.manaus.am.gov.br\/implurb\/1000-dias-que-mudaram-a-vida-de-familias-que-viviam-a-incerteza-de-nao-ter-um-teto-seguro\/#primaryimage","url":"https:\/\/www.manaus.am.gov.br\/implurb\/wp-content\/uploads\/sites\/13\/2023\/09\/f1434d5a-23b2-4f2d-a9fe-b2e876db1bc7.jpg","contentUrl":"https:\/\/www.manaus.am.gov.br\/implurb\/wp-content\/uploads\/sites\/13\/2023\/09\/f1434d5a-23b2-4f2d-a9fe-b2e876db1bc7.jpg","width":823,"height":592},{"@type":"BreadcrumbList","@id":"https:\/\/www.manaus.am.gov.br\/implurb\/1000-dias-que-mudaram-a-vida-de-familias-que-viviam-a-incerteza-de-nao-ter-um-teto-seguro\/#breadcrumb","itemListElement":[{"@type":"ListItem","position":1,"name":"Home","item":"https:\/\/www.manaus.am.gov.br\/implurb\/"},{"@type":"ListItem","position":2,"name":"1.000 dias que mudaram a vida de fam\u00edlias que viviam a incerteza de n\u00e3o ter um teto seguro"}]},{"@type":"WebSite","@id":"https:\/\/www.manaus.am.gov.br\/implurb\/#website","url":"https:\/\/www.manaus.am.gov.br\/implurb\/","name":"IMPLURB","description":"Prefeitura de Manaus","potentialAction":[{"@type":"SearchAction","target":{"@type":"EntryPoint","urlTemplate":"https:\/\/www.manaus.am.gov.br\/implurb\/?s={search_term_string}"},"query-input":"required name=search_term_string"}],"inLanguage":"pt-BR"},{"@type":"Person","@id":"https:\/\/www.manaus.am.gov.br\/implurb\/#\/schema\/person\/bfafc779be2e19b3d3ef4a59d418b606","name":"csilveira","image":{"@type":"ImageObject","inLanguage":"pt-BR","@id":"https:\/\/www.manaus.am.gov.br\/implurb\/#\/schema\/person\/image\/","url":"https:\/\/secure.gravatar.com\/avatar\/9c2e2f00138fcd35401c748bd030d3b5?s=96&d=mm&r=g","contentUrl":"https:\/\/secure.gravatar.com\/avatar\/9c2e2f00138fcd35401c748bd030d3b5?s=96&d=mm&r=g","caption":"csilveira"}}]}},"_links":{"self":[{"href":"https:\/\/www.manaus.am.gov.br\/implurb\/wp-json\/wp\/v2\/posts\/2455"}],"collection":[{"href":"https:\/\/www.manaus.am.gov.br\/implurb\/wp-json\/wp\/v2\/posts"}],"about":[{"href":"https:\/\/www.manaus.am.gov.br\/implurb\/wp-json\/wp\/v2\/types\/post"}],"author":[{"embeddable":true,"href":"https:\/\/www.manaus.am.gov.br\/implurb\/wp-json\/wp\/v2\/users\/52"}],"replies":[{"embeddable":true,"href":"https:\/\/www.manaus.am.gov.br\/implurb\/wp-json\/wp\/v2\/comments?post=2455"}],"version-history":[{"count":1,"href":"https:\/\/www.manaus.am.gov.br\/implurb\/wp-json\/wp\/v2\/posts\/2455\/revisions"}],"predecessor-version":[{"id":2461,"href":"https:\/\/www.manaus.am.gov.br\/implurb\/wp-json\/wp\/v2\/posts\/2455\/revisions\/2461"}],"wp:featuredmedia":[{"embeddable":true,"href":"https:\/\/www.manaus.am.gov.br\/implurb\/wp-json\/wp\/v2\/media\/2460"}],"wp:attachment":[{"href":"https:\/\/www.manaus.am.gov.br\/implurb\/wp-json\/wp\/v2\/media?parent=2455"}],"wp:term":[{"taxonomy":"category","embeddable":true,"href":"https:\/\/www.manaus.am.gov.br\/implurb\/wp-json\/wp\/v2\/categories?post=2455"},{"taxonomy":"post_tag","embeddable":true,"href":"https:\/\/www.manaus.am.gov.br\/implurb\/wp-json\/wp\/v2\/tags?post=2455"}],"curies":[{"name":"wp","href":"https:\/\/api.w.org\/{rel}","templated":true}]}}