{"id":2448,"date":"2023-09-26T19:50:02","date_gmt":"2023-09-26T23:50:02","guid":{"rendered":"https:\/\/www.manaus.am.gov.br\/implurb\/prefeito-assina-ordem-de-servico-do-parque-rosa-almeida-e-enfatiza-investimentos-no-turismo-nos-1-000-dias-de-sua-gestao\/"},"modified":"2023-09-26T22:25:29","modified_gmt":"2023-09-27T02:25:29","slug":"prefeito-assina-ordem-de-servico-do-parque-rosa-almeida-e-enfatiza-investimentos-no-turismo-nos-1-000-dias-de-sua-gestao","status":"publish","type":"post","link":"https:\/\/www.manaus.am.gov.br\/implurb\/prefeito-assina-ordem-de-servico-do-parque-rosa-almeida-e-enfatiza-investimentos-no-turismo-nos-1-000-dias-de-sua-gestao\/","title":{"rendered":"<strong>Prefeito assina ordem de servi\u00e7o do parque Rosa Almeida&nbsp;e enfatiza investimentos no turismo nos 1.000 dias de sua gest\u00e3o<\/strong>"},"content":{"rendered":"\n<p>O prefeito de Manaus, David Almeida, assinou, na tarde desta ter\u00e7a-feira, 26\/9, a ordem de servi\u00e7o para a constru\u00e7\u00e3o do parque Encontro das \u00c1guas Rosa Almeida, localizado no bairro Col\u00f4nia Ant\u00f4nio Aleixo, zona Leste. A obra, que tem o projeto assinado pelo premiado arquiteto Oscar Niemeyer, ser\u00e1 um marco para o turismo da capital amazonense, uma vez que contemplar\u00e1 um dos principais pontos tur\u00edsticos da cidade, e consolida os investimentos da gest\u00e3o no turismo em 1.000 dias de trabalho.<\/p>\n\n\n\n<p>O chefe do Executivo municipal ressaltou a import\u00e2ncia da realiza\u00e7\u00e3o desta obra que estava arquivada h\u00e1 17 anos.<\/p>\n\n\n\n<figure class=\"wp-block-image size-full\"><img loading=\"lazy\" decoding=\"async\" width=\"799\" height=\"533\" src=\"https:\/\/www.manaus.am.gov.br\/implurb\/wp-content\/uploads\/sites\/13\/2023\/09\/53215325347_fb3c97b561_c.jpg\" alt=\"\" class=\"wp-image-2451\" srcset=\"https:\/\/www.manaus.am.gov.br\/implurb\/wp-content\/uploads\/sites\/13\/2023\/09\/53215325347_fb3c97b561_c.jpg 799w, https:\/\/www.manaus.am.gov.br\/implurb\/wp-content\/uploads\/sites\/13\/2023\/09\/53215325347_fb3c97b561_c-300x200.jpg 300w, https:\/\/www.manaus.am.gov.br\/implurb\/wp-content\/uploads\/sites\/13\/2023\/09\/53215325347_fb3c97b561_c-768x512.jpg 768w\" sizes=\"(max-width: 799px) 100vw, 799px\" \/><\/figure>\n\n\n\n<p>\u201cA assinatura dessa ordem de servi\u00e7o, a primeira obra de Oscar Niemeyer no Norte do Brasil, nos d\u00e1 uma condi\u00e7\u00e3o diferenciada. Com prazo de 12 meses para a entrega, o mirante vai tornar esse local um dos lugares mais atrativos, mais visitados da cidade de Manaus. Fico muito feliz em poder autorizar essa obra, sendo de um ic\u00f4nico, um mestre da arquitetura brasileira e mundial, que agora ter\u00e1 a sua assinatura em Manaus\u201d, enfatizou Almeida.<\/p>\n\n\n\n<p>O projeto original de Niemeyer foi desenvolvido em 2005, no seu escrit\u00f3rio no Rio de Janeiro, contendo um&nbsp;museu e um restaurante que totalizam 1.800 metros quadrados de \u00e1rea, que ganhou amplia\u00e7\u00e3o e atualiza\u00e7\u00e3o, inclusive para acessibilidade universal, expandindo o conceito para parque urbano, desenvolvido pelo Instituto Municipal de Planejamento Urbano (Implurb), em 2021, totalizando uma \u00e1rea de implanta\u00e7\u00e3o de 17.533,18 metros quadrados.<\/p>\n\n\n\n<figure class=\"wp-block-image size-full\"><img loading=\"lazy\" decoding=\"async\" width=\"800\" height=\"450\" src=\"https:\/\/www.manaus.am.gov.br\/implurb\/wp-content\/uploads\/sites\/13\/2023\/09\/53215672596_0304fc403c_c.jpg\" alt=\"\" class=\"wp-image-2453\" srcset=\"https:\/\/www.manaus.am.gov.br\/implurb\/wp-content\/uploads\/sites\/13\/2023\/09\/53215672596_0304fc403c_c.jpg 800w, https:\/\/www.manaus.am.gov.br\/implurb\/wp-content\/uploads\/sites\/13\/2023\/09\/53215672596_0304fc403c_c-300x169.jpg 300w, https:\/\/www.manaus.am.gov.br\/implurb\/wp-content\/uploads\/sites\/13\/2023\/09\/53215672596_0304fc403c_c-768x432.jpg 768w\" sizes=\"(max-width: 800px) 100vw, 800px\" \/><\/figure>\n\n\n\n<p>O parque tem a fun\u00e7\u00e3o de se estabelecer como uma nova refer\u00eancia em op\u00e7\u00e3o de lazer, turismo local, nacional e internacional, aproveitando todo o potencial paisag\u00edstico natural oferecido pela \u00e1rea, que vai ganhar estrutura, mobili\u00e1rios urbanos e estacionamentos durante a obra, conciliando urbaniza\u00e7\u00e3o e o meio ambiente na Amaz\u00f4nia.<\/p>\n\n\n\n<p>De acordo com David Almeida, o novo ponto tur\u00edstico tem tudo para ser uma refer\u00eancia da cidade, surgindo como um segundo Teatro Amazonas, agora, na zona Leste.<\/p>\n\n\n\n<p>\u201cEsse \u00e9 um projeto bom para a cidade de Manaus, eu n\u00e3o sei porque n\u00e3o aproveitaram durante esses 17 anos. Eu estou feliz, porque na nossa gest\u00e3o n\u00f3s estamos dando a ordem de servi\u00e7o com o mesmo diretor-presidente do Implurb, que era o Carlos Valente na \u00e9poca. Portanto, se fosse f\u00e1cil, j\u00e1 teria sido feito e agora n\u00f3s estamos realizando uma obra de aproximadamente R$ 80 milh\u00f5es. Teremos uma atra\u00e7\u00e3o tur\u00edstica no Encontro das \u00c1guas com restaurantes, com toda uma infraestrutura montada que vai atrair muitos turistas para a cidade de Manaus. Ganhamos mais um equipamento tur\u00edstico, uma oportunidade de termos o 2\u00ba Teatro Amazonas dentro da cidade de Manaus\u201d, afirmou o prefeito.<\/p>\n\n\n\n<p>O projeto foi licitado, tendo como vencedor o Cons\u00f3rcio Encontro das \u00c1guas, formado pelas empresas F N Crespo Neto e Cia Ltda. e RED Engenharia Ltda., com prazo de execu\u00e7\u00e3o de 360 dias.<\/p>\n\n\n\n<figure class=\"wp-block-image size-full\"><img loading=\"lazy\" decoding=\"async\" width=\"800\" height=\"542\" src=\"https:\/\/www.manaus.am.gov.br\/implurb\/wp-content\/uploads\/sites\/13\/2023\/09\/53215325472_026d5b2f19_c.jpg\" alt=\"\" class=\"wp-image-2452\" srcset=\"https:\/\/www.manaus.am.gov.br\/implurb\/wp-content\/uploads\/sites\/13\/2023\/09\/53215325472_026d5b2f19_c.jpg 800w, https:\/\/www.manaus.am.gov.br\/implurb\/wp-content\/uploads\/sites\/13\/2023\/09\/53215325472_026d5b2f19_c-300x203.jpg 300w, https:\/\/www.manaus.am.gov.br\/implurb\/wp-content\/uploads\/sites\/13\/2023\/09\/53215325472_026d5b2f19_c-768x520.jpg 768w\" sizes=\"(max-width: 800px) 100vw, 800px\" \/><\/figure>\n\n\n\n<p>Para o diretor-presidente em exerc\u00edcio do Implurb, arquiteto e urbanista Claudemir Andrade, essa a\u00e7\u00e3o \u00e9 mais um acerto da atual gest\u00e3o municipal.<\/p>\n\n\n\n<p>\u201cA gente est\u00e1 aqui nesse ato, celebrando a assinatura da ordem de servi\u00e7o dessa obra t\u00e3o importante e t\u00e3o significativa que vai ser para a cidade de Manaus. N\u00f3s estamos falando de Oscar Niemeyer, o autor dos projetos de Bras\u00edlia, tem projetos em Belo Horizonte, S\u00e3o Paulo, Rio, em todo o mundo. \u00c9 o nosso \u00edcone da arquitetura brasileira, a nossa maior representa\u00e7\u00e3o, reconhecido mundialmente por todos os arquitetos e todas as institui\u00e7\u00f5es mundiais. Manaus foi agraciado e n\u00f3s vamos ter a oportunidade de construir uma das suas \u00faltimas obras projetadas, um grande parque \u00e0s margens do encontro das \u00e1guas. Manaus s\u00f3 tem que comemorar essa a\u00e7\u00e3o\u201d, destacou.<\/p>\n\n\n\n<p>O parque ter\u00e1 ainda guarita e \u00e1rea administrativa, p\u00f3rtico&nbsp;de&nbsp;entrada, espa\u00e7o multiuso, quiosques, banheiros p\u00fablicos e estacionamentos, com todo o espa\u00e7o prevendo acesso a Pessoas com Defici\u00eancia (PcDs). As \u00e1reas ao ar livre v\u00e3o incluir&nbsp;academia ao ar livre, playground e playpet.<\/p>\n\n\n\n<p>&#8212; &#8212; &#8212;<\/p>\n\n\n\n<p><strong>Texto<\/strong>&nbsp;&#8211;&nbsp;Claudia do Valle \/ Implurb e Thiago Fernando\/Semcom<\/p>\n\n\n\n<p><strong>Fotos<\/strong>&nbsp;\u2013 Dhieyzo Lemos e Cl\u00f3vis Miranda \/ Semcom<\/p>\n\n\n\n<p>Dispon\u00edveis em &#8211;&nbsp;<a href=\"https:\/\/flic.kr\/s\/aHBqjAWaeD\" target=\"_blank\" rel=\"noreferrer noopener\">https:\/\/flic.kr\/s\/aHBqjAWaeD<\/a><\/p>\n","protected":false},"excerpt":{"rendered":"","protected":false},"author":31,"featured_media":2449,"comment_status":"closed","ping_status":"closed","sticky":false,"template":"","format":"standard","meta":{"footnotes":""},"categories":[530],"tags":[545,350,222,162],"acf":[],"yoast_head":"<!-- This site is optimized with the Yoast SEO plugin v23.0 - https:\/\/yoast.com\/wordpress\/plugins\/seo\/ -->\n<title>Prefeito assina ordem de servi\u00e7o do parque Rosa Almeida&nbsp;e enfatiza investimentos no turismo nos 1.000 dias de sua gest\u00e3o - IMPLURB<\/title>\n<meta name=\"robots\" content=\"noindex, follow\" \/>\n<meta property=\"og:locale\" content=\"pt_BR\" \/>\n<meta property=\"og:type\" content=\"article\" \/>\n<meta property=\"og:title\" content=\"Prefeito assina ordem de servi\u00e7o do parque Rosa Almeida&nbsp;e enfatiza investimentos no turismo nos 1.000 dias de sua gest\u00e3o - IMPLURB\" \/>\n<meta property=\"og:url\" content=\"https:\/\/www.manaus.am.gov.br\/implurb\/prefeito-assina-ordem-de-servico-do-parque-rosa-almeida-e-enfatiza-investimentos-no-turismo-nos-1-000-dias-de-sua-gestao\/\" \/>\n<meta property=\"og:site_name\" content=\"IMPLURB\" \/>\n<meta property=\"article:published_time\" content=\"2023-09-26T23:50:02+00:00\" \/>\n<meta property=\"article:modified_time\" content=\"2023-09-27T02:25:29+00:00\" \/>\n<meta property=\"og:image\" content=\"https:\/\/www.manaus.am.gov.br\/implurb\/wp-content\/uploads\/sites\/13\/2023\/09\/SELO-1000-DIAS-1.jpg\" \/>\n\t<meta property=\"og:image:width\" content=\"823\" \/>\n\t<meta property=\"og:image:height\" content=\"592\" \/>\n\t<meta property=\"og:image:type\" content=\"image\/jpeg\" \/>\n<meta name=\"author\" content=\"Renata Felix\" \/>\n<meta name=\"twitter:card\" content=\"summary_large_image\" \/>\n<meta name=\"twitter:label1\" content=\"Written by\" \/>\n\t<meta name=\"twitter:data1\" content=\"Renata Felix\" \/>\n\t<meta name=\"twitter:label2\" content=\"Est. reading time\" \/>\n\t<meta name=\"twitter:data2\" content=\"4 minutos\" \/>\n<script type=\"application\/ld+json\" class=\"yoast-schema-graph\">{\"@context\":\"https:\/\/schema.org\",\"@graph\":[{\"@type\":\"WebPage\",\"@id\":\"https:\/\/www.manaus.am.gov.br\/implurb\/prefeito-assina-ordem-de-servico-do-parque-rosa-almeida-e-enfatiza-investimentos-no-turismo-nos-1-000-dias-de-sua-gestao\/\",\"url\":\"https:\/\/www.manaus.am.gov.br\/implurb\/prefeito-assina-ordem-de-servico-do-parque-rosa-almeida-e-enfatiza-investimentos-no-turismo-nos-1-000-dias-de-sua-gestao\/\",\"name\":\"Prefeito assina ordem de servi\u00e7o do parque Rosa Almeida&nbsp;e enfatiza investimentos no turismo nos 1.000 dias de sua gest\u00e3o - IMPLURB\",\"isPartOf\":{\"@id\":\"https:\/\/www.manaus.am.gov.br\/implurb\/#website\"},\"primaryImageOfPage\":{\"@id\":\"https:\/\/www.manaus.am.gov.br\/implurb\/prefeito-assina-ordem-de-servico-do-parque-rosa-almeida-e-enfatiza-investimentos-no-turismo-nos-1-000-dias-de-sua-gestao\/#primaryimage\"},\"image\":{\"@id\":\"https:\/\/www.manaus.am.gov.br\/implurb\/prefeito-assina-ordem-de-servico-do-parque-rosa-almeida-e-enfatiza-investimentos-no-turismo-nos-1-000-dias-de-sua-gestao\/#primaryimage\"},\"thumbnailUrl\":\"https:\/\/www.manaus.am.gov.br\/implurb\/wp-content\/uploads\/sites\/13\/2023\/09\/SELO-1000-DIAS-1.jpg\",\"datePublished\":\"2023-09-26T23:50:02+00:00\",\"dateModified\":\"2023-09-27T02:25:29+00:00\",\"author\":{\"@id\":\"https:\/\/www.manaus.am.gov.br\/implurb\/#\/schema\/person\/4eea2a8f78dc853097abb026f728aa06\"},\"breadcrumb\":{\"@id\":\"https:\/\/www.manaus.am.gov.br\/implurb\/prefeito-assina-ordem-de-servico-do-parque-rosa-almeida-e-enfatiza-investimentos-no-turismo-nos-1-000-dias-de-sua-gestao\/#breadcrumb\"},\"inLanguage\":\"pt-BR\",\"potentialAction\":[{\"@type\":\"ReadAction\",\"target\":[\"https:\/\/www.manaus.am.gov.br\/implurb\/prefeito-assina-ordem-de-servico-do-parque-rosa-almeida-e-enfatiza-investimentos-no-turismo-nos-1-000-dias-de-sua-gestao\/\"]}]},{\"@type\":\"ImageObject\",\"inLanguage\":\"pt-BR\",\"@id\":\"https:\/\/www.manaus.am.gov.br\/implurb\/prefeito-assina-ordem-de-servico-do-parque-rosa-almeida-e-enfatiza-investimentos-no-turismo-nos-1-000-dias-de-sua-gestao\/#primaryimage\",\"url\":\"https:\/\/www.manaus.am.gov.br\/implurb\/wp-content\/uploads\/sites\/13\/2023\/09\/SELO-1000-DIAS-1.jpg\",\"contentUrl\":\"https:\/\/www.manaus.am.gov.br\/implurb\/wp-content\/uploads\/sites\/13\/2023\/09\/SELO-1000-DIAS-1.jpg\",\"width\":823,\"height\":592},{\"@type\":\"BreadcrumbList\",\"@id\":\"https:\/\/www.manaus.am.gov.br\/implurb\/prefeito-assina-ordem-de-servico-do-parque-rosa-almeida-e-enfatiza-investimentos-no-turismo-nos-1-000-dias-de-sua-gestao\/#breadcrumb\",\"itemListElement\":[{\"@type\":\"ListItem\",\"position\":1,\"name\":\"Home\",\"item\":\"https:\/\/www.manaus.am.gov.br\/implurb\/\"},{\"@type\":\"ListItem\",\"position\":2,\"name\":\"Prefeito assina ordem de servi\u00e7o do parque Rosa Almeida&nbsp;e enfatiza investimentos no turismo nos 1.000 dias de sua gest\u00e3o\"}]},{\"@type\":\"WebSite\",\"@id\":\"https:\/\/www.manaus.am.gov.br\/implurb\/#website\",\"url\":\"https:\/\/www.manaus.am.gov.br\/implurb\/\",\"name\":\"IMPLURB\",\"description\":\"Prefeitura de Manaus\",\"potentialAction\":[{\"@type\":\"SearchAction\",\"target\":{\"@type\":\"EntryPoint\",\"urlTemplate\":\"https:\/\/www.manaus.am.gov.br\/implurb\/?s={search_term_string}\"},\"query-input\":\"required name=search_term_string\"}],\"inLanguage\":\"pt-BR\"},{\"@type\":\"Person\",\"@id\":\"https:\/\/www.manaus.am.gov.br\/implurb\/#\/schema\/person\/4eea2a8f78dc853097abb026f728aa06\",\"name\":\"Renata Felix\",\"image\":{\"@type\":\"ImageObject\",\"inLanguage\":\"pt-BR\",\"@id\":\"https:\/\/www.manaus.am.gov.br\/implurb\/#\/schema\/person\/image\/\",\"url\":\"https:\/\/secure.gravatar.com\/avatar\/3c196cf9d3b837b24c8edb2c50fd8f29?s=96&d=mm&r=g\",\"contentUrl\":\"https:\/\/secure.gravatar.com\/avatar\/3c196cf9d3b837b24c8edb2c50fd8f29?s=96&d=mm&r=g\",\"caption\":\"Renata Felix\"}}]}<\/script>\n<!-- \/ Yoast SEO plugin. -->","yoast_head_json":{"title":"Prefeito assina ordem de servi\u00e7o do parque Rosa Almeida&nbsp;e enfatiza investimentos no turismo nos 1.000 dias de sua gest\u00e3o - IMPLURB","robots":{"index":"noindex","follow":"follow"},"og_locale":"pt_BR","og_type":"article","og_title":"Prefeito assina ordem de servi\u00e7o do parque Rosa Almeida&nbsp;e enfatiza investimentos no turismo nos 1.000 dias de sua gest\u00e3o - IMPLURB","og_url":"https:\/\/www.manaus.am.gov.br\/implurb\/prefeito-assina-ordem-de-servico-do-parque-rosa-almeida-e-enfatiza-investimentos-no-turismo-nos-1-000-dias-de-sua-gestao\/","og_site_name":"IMPLURB","article_published_time":"2023-09-26T23:50:02+00:00","article_modified_time":"2023-09-27T02:25:29+00:00","og_image":[{"width":823,"height":592,"url":"https:\/\/www.manaus.am.gov.br\/implurb\/wp-content\/uploads\/sites\/13\/2023\/09\/SELO-1000-DIAS-1.jpg","type":"image\/jpeg"}],"author":"Renata Felix","twitter_card":"summary_large_image","twitter_misc":{"Written by":"Renata Felix","Est. reading time":"4 minutos"},"schema":{"@context":"https:\/\/schema.org","@graph":[{"@type":"WebPage","@id":"https:\/\/www.manaus.am.gov.br\/implurb\/prefeito-assina-ordem-de-servico-do-parque-rosa-almeida-e-enfatiza-investimentos-no-turismo-nos-1-000-dias-de-sua-gestao\/","url":"https:\/\/www.manaus.am.gov.br\/implurb\/prefeito-assina-ordem-de-servico-do-parque-rosa-almeida-e-enfatiza-investimentos-no-turismo-nos-1-000-dias-de-sua-gestao\/","name":"Prefeito assina ordem de servi\u00e7o do parque Rosa Almeida&nbsp;e enfatiza investimentos no turismo nos 1.000 dias de sua gest\u00e3o - IMPLURB","isPartOf":{"@id":"https:\/\/www.manaus.am.gov.br\/implurb\/#website"},"primaryImageOfPage":{"@id":"https:\/\/www.manaus.am.gov.br\/implurb\/prefeito-assina-ordem-de-servico-do-parque-rosa-almeida-e-enfatiza-investimentos-no-turismo-nos-1-000-dias-de-sua-gestao\/#primaryimage"},"image":{"@id":"https:\/\/www.manaus.am.gov.br\/implurb\/prefeito-assina-ordem-de-servico-do-parque-rosa-almeida-e-enfatiza-investimentos-no-turismo-nos-1-000-dias-de-sua-gestao\/#primaryimage"},"thumbnailUrl":"https:\/\/www.manaus.am.gov.br\/implurb\/wp-content\/uploads\/sites\/13\/2023\/09\/SELO-1000-DIAS-1.jpg","datePublished":"2023-09-26T23:50:02+00:00","dateModified":"2023-09-27T02:25:29+00:00","author":{"@id":"https:\/\/www.manaus.am.gov.br\/implurb\/#\/schema\/person\/4eea2a8f78dc853097abb026f728aa06"},"breadcrumb":{"@id":"https:\/\/www.manaus.am.gov.br\/implurb\/prefeito-assina-ordem-de-servico-do-parque-rosa-almeida-e-enfatiza-investimentos-no-turismo-nos-1-000-dias-de-sua-gestao\/#breadcrumb"},"inLanguage":"pt-BR","potentialAction":[{"@type":"ReadAction","target":["https:\/\/www.manaus.am.gov.br\/implurb\/prefeito-assina-ordem-de-servico-do-parque-rosa-almeida-e-enfatiza-investimentos-no-turismo-nos-1-000-dias-de-sua-gestao\/"]}]},{"@type":"ImageObject","inLanguage":"pt-BR","@id":"https:\/\/www.manaus.am.gov.br\/implurb\/prefeito-assina-ordem-de-servico-do-parque-rosa-almeida-e-enfatiza-investimentos-no-turismo-nos-1-000-dias-de-sua-gestao\/#primaryimage","url":"https:\/\/www.manaus.am.gov.br\/implurb\/wp-content\/uploads\/sites\/13\/2023\/09\/SELO-1000-DIAS-1.jpg","contentUrl":"https:\/\/www.manaus.am.gov.br\/implurb\/wp-content\/uploads\/sites\/13\/2023\/09\/SELO-1000-DIAS-1.jpg","width":823,"height":592},{"@type":"BreadcrumbList","@id":"https:\/\/www.manaus.am.gov.br\/implurb\/prefeito-assina-ordem-de-servico-do-parque-rosa-almeida-e-enfatiza-investimentos-no-turismo-nos-1-000-dias-de-sua-gestao\/#breadcrumb","itemListElement":[{"@type":"ListItem","position":1,"name":"Home","item":"https:\/\/www.manaus.am.gov.br\/implurb\/"},{"@type":"ListItem","position":2,"name":"Prefeito assina ordem de servi\u00e7o do parque Rosa Almeida&nbsp;e enfatiza investimentos no turismo nos 1.000 dias de sua gest\u00e3o"}]},{"@type":"WebSite","@id":"https:\/\/www.manaus.am.gov.br\/implurb\/#website","url":"https:\/\/www.manaus.am.gov.br\/implurb\/","name":"IMPLURB","description":"Prefeitura de Manaus","potentialAction":[{"@type":"SearchAction","target":{"@type":"EntryPoint","urlTemplate":"https:\/\/www.manaus.am.gov.br\/implurb\/?s={search_term_string}"},"query-input":"required name=search_term_string"}],"inLanguage":"pt-BR"},{"@type":"Person","@id":"https:\/\/www.manaus.am.gov.br\/implurb\/#\/schema\/person\/4eea2a8f78dc853097abb026f728aa06","name":"Renata Felix","image":{"@type":"ImageObject","inLanguage":"pt-BR","@id":"https:\/\/www.manaus.am.gov.br\/implurb\/#\/schema\/person\/image\/","url":"https:\/\/secure.gravatar.com\/avatar\/3c196cf9d3b837b24c8edb2c50fd8f29?s=96&d=mm&r=g","contentUrl":"https:\/\/secure.gravatar.com\/avatar\/3c196cf9d3b837b24c8edb2c50fd8f29?s=96&d=mm&r=g","caption":"Renata Felix"}}]}},"_links":{"self":[{"href":"https:\/\/www.manaus.am.gov.br\/implurb\/wp-json\/wp\/v2\/posts\/2448"}],"collection":[{"href":"https:\/\/www.manaus.am.gov.br\/implurb\/wp-json\/wp\/v2\/posts"}],"about":[{"href":"https:\/\/www.manaus.am.gov.br\/implurb\/wp-json\/wp\/v2\/types\/post"}],"author":[{"embeddable":true,"href":"https:\/\/www.manaus.am.gov.br\/implurb\/wp-json\/wp\/v2\/users\/31"}],"replies":[{"embeddable":true,"href":"https:\/\/www.manaus.am.gov.br\/implurb\/wp-json\/wp\/v2\/comments?post=2448"}],"version-history":[{"count":2,"href":"https:\/\/www.manaus.am.gov.br\/implurb\/wp-json\/wp\/v2\/posts\/2448\/revisions"}],"predecessor-version":[{"id":2454,"href":"https:\/\/www.manaus.am.gov.br\/implurb\/wp-json\/wp\/v2\/posts\/2448\/revisions\/2454"}],"wp:featuredmedia":[{"embeddable":true,"href":"https:\/\/www.manaus.am.gov.br\/implurb\/wp-json\/wp\/v2\/media\/2449"}],"wp:attachment":[{"href":"https:\/\/www.manaus.am.gov.br\/implurb\/wp-json\/wp\/v2\/media?parent=2448"}],"wp:term":[{"taxonomy":"category","embeddable":true,"href":"https:\/\/www.manaus.am.gov.br\/implurb\/wp-json\/wp\/v2\/categories?post=2448"},{"taxonomy":"post_tag","embeddable":true,"href":"https:\/\/www.manaus.am.gov.br\/implurb\/wp-json\/wp\/v2\/tags?post=2448"}],"curies":[{"name":"wp","href":"https:\/\/api.w.org\/{rel}","templated":true}]}}