{"id":2446,"date":"2023-09-26T12:33:09","date_gmt":"2023-09-26T16:33:09","guid":{"rendered":"https:\/\/www.manaus.am.gov.br\/implurb\/prefeitura-e-ugpe-realizam-visita-integrada-em-canteiro-de-obras-do-parque-amazonino-mendes\/"},"modified":"2023-09-26T12:33:09","modified_gmt":"2023-09-26T16:33:09","slug":"prefeitura-e-ugpe-realizam-visita-integrada-em-canteiro-de-obras-do-parque-amazonino-mendes","status":"publish","type":"post","link":"https:\/\/www.manaus.am.gov.br\/implurb\/prefeitura-e-ugpe-realizam-visita-integrada-em-canteiro-de-obras-do-parque-amazonino-mendes\/","title":{"rendered":"<strong>Prefeitura e UGPE realizam visita integrada em canteiro de obras do parque Amazonino Mendes<\/strong>"},"content":{"rendered":"\n<p>Com a proximidade da etapa final para entrega do primeiro trecho do parque Amazonino Mendes, localizado entre as zonas Leste e Norte da capital, as equipes t\u00e9cnicas da Prefeitura de Manaus e do governo do Estado realizaram, nesta ter\u00e7a-feira, 26\/9, a vistoria&nbsp;<em>in loco<\/em>&nbsp;para verificar pontos da constru\u00e7\u00e3o. O grupo de engenharia do Instituto Municipal de Planejamento Urbano (Implurb), autor do projeto, acompanhou a visita. A previs\u00e3o de inaugura\u00e7\u00e3o \u00e9 para o anivers\u00e1rio da cidade, em outubro.<\/p>\n\n\n\n<p>O parque, situado nas avenidas&nbsp;Isa\u00edas Vieiralves e Ol\u00edvia de Menezes Vieiralves, nos bairros Novo Aleixo e Tancredo Neves, \u00e9 resultado de um conv\u00eanio entre prefeitura e Estado, via&nbsp;Unidade Gestora de Projetos Especiais (UGPE), \u00f3rg\u00e3o vinculado \u00e0 Secretaria de Estado de Desenvolvimento Urbano e Metropolitano (Sedurb).<\/p>\n\n\n\n<p>\u201cEstamos nessa etapa de in\u00edcio de acabamento no trecho do plat\u00f4 B e foram verificados os servi\u00e7os nos tr\u00eas plat\u00f4s, em conjunto com os engenheiros da construtora Progresso, j\u00e1 que algumas frentes est\u00e3o em conclus\u00e3o e finaliza\u00e7\u00e3o, com a implanta\u00e7\u00e3o de gradis, das quadras e a regulariza\u00e7\u00e3o do piso. Os trabalhos tamb\u00e9m se concentram em ilumina\u00e7\u00e3o externa, confec\u00e7\u00e3o de uma galeria de drenagem e do estacionamento\u201d, comentou o diretor de Planejamento do Implurb, arquiteto e urbanista Pedro Paulo Cordeiro.<\/p>\n\n\n\n<p>O subcoordenador de engenharia da UGPE, Jo\u00e3o Benaion, lembrou que esta obra \u00e9 muito importante e que o trecho que ser\u00e1 inaugurado j\u00e1 vai promover melhoria na qualidade de vida da popula\u00e7\u00e3o, ampliando espa\u00e7os de lazer e desporto. \u201cAs obras est\u00e3o bem avan\u00e7adas, divididas em trechos, como no plat\u00f4 B, com quadras poliesportivas, \u00e1reas de quiosque gourmet, playgrounds, academia ao ar livre e o playpet, que \u00e9 uma inova\u00e7\u00e3o bem interessante para a popula\u00e7\u00e3o\u201d.<\/p>\n\n\n\n<p>No chamado plat\u00f4 C ser\u00e1 constru\u00edda a etapa c\u00eanica e interativa, j\u00e1 licitada e com ordem de servi\u00e7o assinada, que passa por regulariza\u00e7\u00e3o de lote e aterro do terreno.<\/p>\n\n\n\n<p><strong>Parceria<\/strong><\/p>\n\n\n\n<p>O parque Amazonino Mendes \u00e9 uma parceria da atual gest\u00e3o municipal com o governo do Estado e busca transformar a realidade dos moradores das zonas mais populosas da cidade. O parque ter\u00e1 ciclovia, faixa verde arborizada e a pista de caminhada, um conjunto que vai percorrer todos os equipamentos do novo espa\u00e7o p\u00fablico constru\u00eddo na gest\u00e3o do prefeito David Almeida, indo desde a estrutura urbana at\u00e9 o residencial, ligando mobili\u00e1rios de ponta a ponta.<\/p>\n\n\n\n<p>David Almeida anunciou a entrega da obra para outubro, e ela far\u00e1 parte das comemora\u00e7\u00f5es de anivers\u00e1rio da cidade de Manaus. A etapa que ser\u00e1 inaugurada tem cerca de 1 quil\u00f4metro de extens\u00e3o, incluindo desde quiosques gourmet, playground, quadras esportivas, pista de caminhada, ciclovia, estacionamentos, academia ao ar livre, espa\u00e7o multiuso e playpet.<\/p>\n\n\n\n<p>A terceira etapa de constru\u00e7\u00f5es no parque, a estrutura de um habitacional com 180 unidades, tem previs\u00e3o de conclus\u00e3o para junho de 2024, tendo o projeto recebido ajustes ap\u00f3s sondagens e terraplenagem no terreno. O habitacional est\u00e1 dividido em tr\u00eas blocos distintos de cinco pavimentos cada, com vagas de estacionamento para carros e motos. Entre os blocos ser\u00e3o constru\u00eddas cal\u00e7adas arborizadas e mais playgrounds.<\/p>\n\n\n\n<p>&#8212; &#8212; &#8212;<\/p>\n\n\n\n<p><strong>Texto<\/strong>&nbsp;\u2013 Claudia do Valle \/ Implurb<\/p>\n\n\n\n<p><strong>Fotos \u2013<\/strong> Divulga\u00e7\u00e3o \/ Implurb e Cl\u00f3vis Miranda \/ Semcom<\/p>\n\n\n\n<p><strong>Dispon\u00edveis em \u2013 <\/strong><a href=\"https:\/\/flic.kr\/s\/aHBqjAWaqz\">https:\/\/flic.kr\/s\/aHBqjAWaqz<\/a> e <a href=\"https:\/\/flic.kr\/s\/aHBqjAVJby\">https:\/\/flic.kr\/s\/aHBqjAVJby<\/a><\/p>\n","protected":false},"excerpt":{"rendered":"","protected":false},"author":39,"featured_media":2447,"comment_status":"closed","ping_status":"closed","sticky":false,"template":"","format":"standard","meta":{"footnotes":""},"categories":[17],"tags":[543,11,47,15,544],"acf":[],"yoast_head":"<!-- This site is optimized with the Yoast SEO plugin v23.0 - https:\/\/yoast.com\/wordpress\/plugins\/seo\/ -->\n<title>Prefeitura e UGPE realizam visita integrada em canteiro de obras do parque Amazonino Mendes<\/title>\n<meta name=\"description\" content=\"Com a proximidade da etapa final para entrega do primeiro trecho do parque Amazonino Mendes, localizado entre as zonas Leste e Norte da capital, as equipes t\u00e9cnicas da Prefeitura de Manaus e do governo do Estado realizaram, nesta ter\u00e7a-feira, 26\/9, a vistoria\u00a0in loco\u00a0para verificar pontos da constru\u00e7\u00e3o.\" \/>\n<meta name=\"robots\" content=\"noindex, follow\" \/>\n<meta property=\"og:locale\" content=\"pt_BR\" \/>\n<meta property=\"og:type\" content=\"article\" \/>\n<meta property=\"og:title\" content=\"Prefeitura e UGPE realizam visita integrada em canteiro de obras do parque Amazonino Mendes\" \/>\n<meta property=\"og:description\" content=\"Com a proximidade da etapa final para entrega do primeiro trecho do parque Amazonino Mendes, localizado entre as zonas Leste e Norte da capital, as equipes t\u00e9cnicas da Prefeitura de Manaus e do governo do Estado realizaram, nesta ter\u00e7a-feira, 26\/9, a vistoria\u00a0in loco\u00a0para verificar pontos da constru\u00e7\u00e3o.\" \/>\n<meta property=\"og:url\" content=\"https:\/\/www.manaus.am.gov.br\/implurb\/prefeitura-e-ugpe-realizam-visita-integrada-em-canteiro-de-obras-do-parque-amazonino-mendes\/\" \/>\n<meta property=\"og:site_name\" content=\"IMPLURB\" \/>\n<meta property=\"article:published_time\" content=\"2023-09-26T16:33:09+00:00\" \/>\n<meta property=\"og:image\" content=\"https:\/\/www.manaus.am.gov.br\/implurb\/wp-content\/uploads\/sites\/13\/2023\/09\/visita26.jpg\" \/>\n\t<meta property=\"og:image:width\" content=\"1280\" \/>\n\t<meta property=\"og:image:height\" content=\"960\" \/>\n\t<meta property=\"og:image:type\" content=\"image\/jpeg\" \/>\n<meta name=\"author\" content=\"Bruna Greco\" \/>\n<meta name=\"twitter:card\" content=\"summary_large_image\" \/>\n<meta name=\"twitter:label1\" content=\"Written by\" \/>\n\t<meta name=\"twitter:data1\" content=\"Bruna Greco\" \/>\n\t<meta name=\"twitter:label2\" content=\"Est. reading time\" \/>\n\t<meta name=\"twitter:data2\" content=\"3 minutos\" \/>\n<script type=\"application\/ld+json\" class=\"yoast-schema-graph\">{\"@context\":\"https:\/\/schema.org\",\"@graph\":[{\"@type\":\"WebPage\",\"@id\":\"https:\/\/www.manaus.am.gov.br\/implurb\/prefeitura-e-ugpe-realizam-visita-integrada-em-canteiro-de-obras-do-parque-amazonino-mendes\/\",\"url\":\"https:\/\/www.manaus.am.gov.br\/implurb\/prefeitura-e-ugpe-realizam-visita-integrada-em-canteiro-de-obras-do-parque-amazonino-mendes\/\",\"name\":\"Prefeitura e UGPE realizam visita integrada em canteiro de obras do parque Amazonino Mendes\",\"isPartOf\":{\"@id\":\"https:\/\/www.manaus.am.gov.br\/implurb\/#website\"},\"primaryImageOfPage\":{\"@id\":\"https:\/\/www.manaus.am.gov.br\/implurb\/prefeitura-e-ugpe-realizam-visita-integrada-em-canteiro-de-obras-do-parque-amazonino-mendes\/#primaryimage\"},\"image\":{\"@id\":\"https:\/\/www.manaus.am.gov.br\/implurb\/prefeitura-e-ugpe-realizam-visita-integrada-em-canteiro-de-obras-do-parque-amazonino-mendes\/#primaryimage\"},\"thumbnailUrl\":\"https:\/\/www.manaus.am.gov.br\/implurb\/wp-content\/uploads\/sites\/13\/2023\/09\/visita26.jpg\",\"datePublished\":\"2023-09-26T16:33:09+00:00\",\"dateModified\":\"2023-09-26T16:33:09+00:00\",\"author\":{\"@id\":\"https:\/\/www.manaus.am.gov.br\/implurb\/#\/schema\/person\/05d223aea2bf115f9883a6ff3683d81b\"},\"description\":\"Com a proximidade da etapa final para entrega do primeiro trecho do parque Amazonino Mendes, localizado entre as zonas Leste e Norte da capital, as equipes t\u00e9cnicas da Prefeitura de Manaus e do governo do Estado realizaram, nesta ter\u00e7a-feira, 26\/9, a vistoria\u00a0in loco\u00a0para verificar pontos da constru\u00e7\u00e3o.\",\"breadcrumb\":{\"@id\":\"https:\/\/www.manaus.am.gov.br\/implurb\/prefeitura-e-ugpe-realizam-visita-integrada-em-canteiro-de-obras-do-parque-amazonino-mendes\/#breadcrumb\"},\"inLanguage\":\"pt-BR\",\"potentialAction\":[{\"@type\":\"ReadAction\",\"target\":[\"https:\/\/www.manaus.am.gov.br\/implurb\/prefeitura-e-ugpe-realizam-visita-integrada-em-canteiro-de-obras-do-parque-amazonino-mendes\/\"]}]},{\"@type\":\"ImageObject\",\"inLanguage\":\"pt-BR\",\"@id\":\"https:\/\/www.manaus.am.gov.br\/implurb\/prefeitura-e-ugpe-realizam-visita-integrada-em-canteiro-de-obras-do-parque-amazonino-mendes\/#primaryimage\",\"url\":\"https:\/\/www.manaus.am.gov.br\/implurb\/wp-content\/uploads\/sites\/13\/2023\/09\/visita26.jpg\",\"contentUrl\":\"https:\/\/www.manaus.am.gov.br\/implurb\/wp-content\/uploads\/sites\/13\/2023\/09\/visita26.jpg\",\"width\":1280,\"height\":960},{\"@type\":\"BreadcrumbList\",\"@id\":\"https:\/\/www.manaus.am.gov.br\/implurb\/prefeitura-e-ugpe-realizam-visita-integrada-em-canteiro-de-obras-do-parque-amazonino-mendes\/#breadcrumb\",\"itemListElement\":[{\"@type\":\"ListItem\",\"position\":1,\"name\":\"Home\",\"item\":\"https:\/\/www.manaus.am.gov.br\/implurb\/\"},{\"@type\":\"ListItem\",\"position\":2,\"name\":\"Prefeitura e UGPE realizam visita integrada em canteiro de obras do parque Amazonino Mendes\"}]},{\"@type\":\"WebSite\",\"@id\":\"https:\/\/www.manaus.am.gov.br\/implurb\/#website\",\"url\":\"https:\/\/www.manaus.am.gov.br\/implurb\/\",\"name\":\"IMPLURB\",\"description\":\"Prefeitura de Manaus\",\"potentialAction\":[{\"@type\":\"SearchAction\",\"target\":{\"@type\":\"EntryPoint\",\"urlTemplate\":\"https:\/\/www.manaus.am.gov.br\/implurb\/?s={search_term_string}\"},\"query-input\":\"required name=search_term_string\"}],\"inLanguage\":\"pt-BR\"},{\"@type\":\"Person\",\"@id\":\"https:\/\/www.manaus.am.gov.br\/implurb\/#\/schema\/person\/05d223aea2bf115f9883a6ff3683d81b\",\"name\":\"Bruna Greco\",\"image\":{\"@type\":\"ImageObject\",\"inLanguage\":\"pt-BR\",\"@id\":\"https:\/\/www.manaus.am.gov.br\/implurb\/#\/schema\/person\/image\/\",\"url\":\"https:\/\/secure.gravatar.com\/avatar\/9c877d1a6adc2a055330e5c09a8653ce?s=96&d=mm&r=g\",\"contentUrl\":\"https:\/\/secure.gravatar.com\/avatar\/9c877d1a6adc2a055330e5c09a8653ce?s=96&d=mm&r=g\",\"caption\":\"Bruna Greco\"}}]}<\/script>\n<!-- \/ Yoast SEO plugin. -->","yoast_head_json":{"title":"Prefeitura e UGPE realizam visita integrada em canteiro de obras do parque Amazonino Mendes","description":"Com a proximidade da etapa final para entrega do primeiro trecho do parque Amazonino Mendes, localizado entre as zonas Leste e Norte da capital, as equipes t\u00e9cnicas da Prefeitura de Manaus e do governo do Estado realizaram, nesta ter\u00e7a-feira, 26\/9, a vistoria\u00a0in loco\u00a0para verificar pontos da constru\u00e7\u00e3o.","robots":{"index":"noindex","follow":"follow"},"og_locale":"pt_BR","og_type":"article","og_title":"Prefeitura e UGPE realizam visita integrada em canteiro de obras do parque Amazonino Mendes","og_description":"Com a proximidade da etapa final para entrega do primeiro trecho do parque Amazonino Mendes, localizado entre as zonas Leste e Norte da capital, as equipes t\u00e9cnicas da Prefeitura de Manaus e do governo do Estado realizaram, nesta ter\u00e7a-feira, 26\/9, a vistoria\u00a0in loco\u00a0para verificar pontos da constru\u00e7\u00e3o.","og_url":"https:\/\/www.manaus.am.gov.br\/implurb\/prefeitura-e-ugpe-realizam-visita-integrada-em-canteiro-de-obras-do-parque-amazonino-mendes\/","og_site_name":"IMPLURB","article_published_time":"2023-09-26T16:33:09+00:00","og_image":[{"width":1280,"height":960,"url":"https:\/\/www.manaus.am.gov.br\/implurb\/wp-content\/uploads\/sites\/13\/2023\/09\/visita26.jpg","type":"image\/jpeg"}],"author":"Bruna Greco","twitter_card":"summary_large_image","twitter_misc":{"Written by":"Bruna Greco","Est. reading time":"3 minutos"},"schema":{"@context":"https:\/\/schema.org","@graph":[{"@type":"WebPage","@id":"https:\/\/www.manaus.am.gov.br\/implurb\/prefeitura-e-ugpe-realizam-visita-integrada-em-canteiro-de-obras-do-parque-amazonino-mendes\/","url":"https:\/\/www.manaus.am.gov.br\/implurb\/prefeitura-e-ugpe-realizam-visita-integrada-em-canteiro-de-obras-do-parque-amazonino-mendes\/","name":"Prefeitura e UGPE realizam visita integrada em canteiro de obras do parque Amazonino Mendes","isPartOf":{"@id":"https:\/\/www.manaus.am.gov.br\/implurb\/#website"},"primaryImageOfPage":{"@id":"https:\/\/www.manaus.am.gov.br\/implurb\/prefeitura-e-ugpe-realizam-visita-integrada-em-canteiro-de-obras-do-parque-amazonino-mendes\/#primaryimage"},"image":{"@id":"https:\/\/www.manaus.am.gov.br\/implurb\/prefeitura-e-ugpe-realizam-visita-integrada-em-canteiro-de-obras-do-parque-amazonino-mendes\/#primaryimage"},"thumbnailUrl":"https:\/\/www.manaus.am.gov.br\/implurb\/wp-content\/uploads\/sites\/13\/2023\/09\/visita26.jpg","datePublished":"2023-09-26T16:33:09+00:00","dateModified":"2023-09-26T16:33:09+00:00","author":{"@id":"https:\/\/www.manaus.am.gov.br\/implurb\/#\/schema\/person\/05d223aea2bf115f9883a6ff3683d81b"},"description":"Com a proximidade da etapa final para entrega do primeiro trecho do parque Amazonino Mendes, localizado entre as zonas Leste e Norte da capital, as equipes t\u00e9cnicas da Prefeitura de Manaus e do governo do Estado realizaram, nesta ter\u00e7a-feira, 26\/9, a vistoria\u00a0in loco\u00a0para verificar pontos da constru\u00e7\u00e3o.","breadcrumb":{"@id":"https:\/\/www.manaus.am.gov.br\/implurb\/prefeitura-e-ugpe-realizam-visita-integrada-em-canteiro-de-obras-do-parque-amazonino-mendes\/#breadcrumb"},"inLanguage":"pt-BR","potentialAction":[{"@type":"ReadAction","target":["https:\/\/www.manaus.am.gov.br\/implurb\/prefeitura-e-ugpe-realizam-visita-integrada-em-canteiro-de-obras-do-parque-amazonino-mendes\/"]}]},{"@type":"ImageObject","inLanguage":"pt-BR","@id":"https:\/\/www.manaus.am.gov.br\/implurb\/prefeitura-e-ugpe-realizam-visita-integrada-em-canteiro-de-obras-do-parque-amazonino-mendes\/#primaryimage","url":"https:\/\/www.manaus.am.gov.br\/implurb\/wp-content\/uploads\/sites\/13\/2023\/09\/visita26.jpg","contentUrl":"https:\/\/www.manaus.am.gov.br\/implurb\/wp-content\/uploads\/sites\/13\/2023\/09\/visita26.jpg","width":1280,"height":960},{"@type":"BreadcrumbList","@id":"https:\/\/www.manaus.am.gov.br\/implurb\/prefeitura-e-ugpe-realizam-visita-integrada-em-canteiro-de-obras-do-parque-amazonino-mendes\/#breadcrumb","itemListElement":[{"@type":"ListItem","position":1,"name":"Home","item":"https:\/\/www.manaus.am.gov.br\/implurb\/"},{"@type":"ListItem","position":2,"name":"Prefeitura e UGPE realizam visita integrada em canteiro de obras do parque Amazonino Mendes"}]},{"@type":"WebSite","@id":"https:\/\/www.manaus.am.gov.br\/implurb\/#website","url":"https:\/\/www.manaus.am.gov.br\/implurb\/","name":"IMPLURB","description":"Prefeitura de Manaus","potentialAction":[{"@type":"SearchAction","target":{"@type":"EntryPoint","urlTemplate":"https:\/\/www.manaus.am.gov.br\/implurb\/?s={search_term_string}"},"query-input":"required name=search_term_string"}],"inLanguage":"pt-BR"},{"@type":"Person","@id":"https:\/\/www.manaus.am.gov.br\/implurb\/#\/schema\/person\/05d223aea2bf115f9883a6ff3683d81b","name":"Bruna Greco","image":{"@type":"ImageObject","inLanguage":"pt-BR","@id":"https:\/\/www.manaus.am.gov.br\/implurb\/#\/schema\/person\/image\/","url":"https:\/\/secure.gravatar.com\/avatar\/9c877d1a6adc2a055330e5c09a8653ce?s=96&d=mm&r=g","contentUrl":"https:\/\/secure.gravatar.com\/avatar\/9c877d1a6adc2a055330e5c09a8653ce?s=96&d=mm&r=g","caption":"Bruna Greco"}}]}},"_links":{"self":[{"href":"https:\/\/www.manaus.am.gov.br\/implurb\/wp-json\/wp\/v2\/posts\/2446"}],"collection":[{"href":"https:\/\/www.manaus.am.gov.br\/implurb\/wp-json\/wp\/v2\/posts"}],"about":[{"href":"https:\/\/www.manaus.am.gov.br\/implurb\/wp-json\/wp\/v2\/types\/post"}],"author":[{"embeddable":true,"href":"https:\/\/www.manaus.am.gov.br\/implurb\/wp-json\/wp\/v2\/users\/39"}],"replies":[{"embeddable":true,"href":"https:\/\/www.manaus.am.gov.br\/implurb\/wp-json\/wp\/v2\/comments?post=2446"}],"version-history":[{"count":0,"href":"https:\/\/www.manaus.am.gov.br\/implurb\/wp-json\/wp\/v2\/posts\/2446\/revisions"}],"wp:featuredmedia":[{"embeddable":true,"href":"https:\/\/www.manaus.am.gov.br\/implurb\/wp-json\/wp\/v2\/media\/2447"}],"wp:attachment":[{"href":"https:\/\/www.manaus.am.gov.br\/implurb\/wp-json\/wp\/v2\/media?parent=2446"}],"wp:term":[{"taxonomy":"category","embeddable":true,"href":"https:\/\/www.manaus.am.gov.br\/implurb\/wp-json\/wp\/v2\/categories?post=2446"},{"taxonomy":"post_tag","embeddable":true,"href":"https:\/\/www.manaus.am.gov.br\/implurb\/wp-json\/wp\/v2\/tags?post=2446"}],"curies":[{"name":"wp","href":"https:\/\/api.w.org\/{rel}","templated":true}]}}