{"id":2440,"date":"2023-09-26T08:48:27","date_gmt":"2023-09-26T12:48:27","guid":{"rendered":"https:\/\/www.manaus.am.gov.br\/implurb\/com-reabilitacao-e-obras-em-curso-prefeitura-de-manaus-impulsiona-para-ocupacap-do-centro-historico\/"},"modified":"2023-11-08T16:20:41","modified_gmt":"2023-11-08T20:20:41","slug":"com-reabilitacao-e-obras-em-curso-prefeitura-de-manaus-impulsiona-para-ocupacap-do-centro-historico","status":"publish","type":"post","link":"https:\/\/www.manaus.am.gov.br\/implurb\/com-reabilitacao-e-obras-em-curso-prefeitura-de-manaus-impulsiona-para-ocupacap-do-centro-historico\/","title":{"rendered":"<strong>Com reabilita\u00e7\u00e3o e obras em curso, Prefeitura de Manaus impulsiona para ocupa\u00e7\u00e3o do centro hist\u00f3rico<\/strong>"},"content":{"rendered":"\n<figure class=\"wp-block-image size-full\"><img decoding=\"async\" src=\"https:\/\/www.manaus.am.gov.br\/wp-content\/uploads\/2023\/09\/selo1000dias.png\" alt=\"\" class=\"wp-image-227963\"\/><\/figure>\n\n\n\n<p>Manifesta\u00e7\u00f5es culturais e ancestrais, e a energia que emana da floresta, fazem da Amaz\u00f4nia um lugar singular, \u00fanico e apaixonante. E essa paix\u00e3o tem repert\u00f3rios que v\u00e3o desde a valoriza\u00e7\u00e3o urban\u00edstica da cidade que viveu a Belle \u00c9poque, patrimonial e hist\u00f3rica, at\u00e9 sabores, texturas e aromas da gastronomia amaz\u00f4nica.<\/p>\n\n\n\n<p>E \u00e9 na reabilita\u00e7\u00e3o do centro hist\u00f3rico que a Prefeitura de Manaus, nos \u00faltimos 1.000 dias de gest\u00e3o do prefeito David Almeida, busca promover encontros de sabores e saberes, como no programa \u201cNosso Centro\u201d, com tr\u00eas obras j\u00e1 em constru\u00e7\u00e3o no in\u00edcio da avenida 7 de Setembro, Centro, zona Sul.<\/p>\n\n\n\n<p>O projeto arquitet\u00f4nico \u00e9 do Instituto Municipal de Planejamento Urbano (Implurb), com aprova\u00e7\u00e3o do Instituto de Patrim\u00f4nio Hist\u00f3rico e Art\u00edstico Nacional (Iphan) Amazonas (processo n\u00ba 01490.000103\/2022-81).&nbsp;<\/p>\n\n\n\n<p><strong>Central<\/strong><\/p>\n\n\n\n<p>A regi\u00e3o central de Manaus \u00e9 importante parte da hist\u00f3ria contada por seus edif\u00edcios, muitos erguidos na Belle \u00c9poque, em meio a resid\u00eancias e ruas de intenso com\u00e9rcio. Al\u00e9m da beleza arquitet\u00f4nica, tem a beleza de viver, trabalhar, cozinhar e ocupar esses casar\u00f5es e pr\u00e9dios, mantendo a hist\u00f3ria ou escrevendo novos cap\u00edtulos.<\/p>\n\n\n\n<p>Apostando na reabilita\u00e7\u00e3o do centro hist\u00f3rico para devolver vida e ebuli\u00e7\u00e3o ao local, que tem farta infraestrutura e oferta de transporte e servi\u00e7os, a prefeitura est\u00e1 construindo o mirante L\u00facia Almeida, o casar\u00e3o Thiago de Mello e o largo de S\u00e3o Vicente, para dar ocupa\u00e7\u00e3o ao territ\u00f3rio que hoje abriga um com\u00e9rcio ainda em <em>frisson, <\/em>que movimenta quase 100 mil postos de trabalho, principalmente no hor\u00e1rio comercial.<\/p>\n\n\n\n<figure class=\"wp-block-image size-full\"><img loading=\"lazy\" decoding=\"async\" width=\"799\" height=\"533\" src=\"https:\/\/www.manaus.am.gov.br\/implurb\/wp-content\/uploads\/sites\/13\/2023\/09\/Trabalhadores_Obras-Nosso-Centro-1.jpg\" alt=\"\" class=\"wp-image-2443\" srcset=\"https:\/\/www.manaus.am.gov.br\/implurb\/wp-content\/uploads\/sites\/13\/2023\/09\/Trabalhadores_Obras-Nosso-Centro-1.jpg 799w, https:\/\/www.manaus.am.gov.br\/implurb\/wp-content\/uploads\/sites\/13\/2023\/09\/Trabalhadores_Obras-Nosso-Centro-1-300x200.jpg 300w, https:\/\/www.manaus.am.gov.br\/implurb\/wp-content\/uploads\/sites\/13\/2023\/09\/Trabalhadores_Obras-Nosso-Centro-1-768x512.jpg 768w\" sizes=\"(max-width: 799px) 100vw, 799px\" \/><\/figure>\n\n\n\n<p>\u201cPara n\u00f3s, trabalhar no Centro, \u00e9 dar vida \u00e0 hist\u00f3ria e n\u00e3o deixar a hist\u00f3ria morrer. \u00c9 cuidar do patrim\u00f4nio hist\u00f3rico, cozinhando dentro desses casar\u00f5es, povoando, mantendo vivo, com ocupa\u00e7\u00e3o, com o viver, consumindo esses espa\u00e7os e essas hist\u00f3rias\u201d, afirma a chef paulista D\u00e9bora Shornik, do restaurante Caxiri, apaixonada pela Amaz\u00f4nia e que trabalha com o alimento como uma manifesta\u00e7\u00e3o cultural e ancestral.<\/p>\n\n\n\n<p>Ela v\u00ea como essencial que Manaus tenha essa identidade de reabilita\u00e7\u00e3o, para quem mora na cidade e para quem a visita, como acontece em outros pa\u00edses e locais do Brasil. \u201cVejo como um movimento e a\u00e7\u00f5es de muita import\u00e2ncia, de ter essa identidade, que mescla ind\u00edgenas e n\u00e3o ind\u00edgenas, que \u00e9 meu objetivo maior e sonho, o que fa\u00e7o no Caxiri. \u00c9 uma forma de apropria\u00e7\u00e3o da cidade, dando espa\u00e7o para todos, e fortalecer as iniciativas j\u00e1 existentes\u201d, completa a chef, lembrando de espa\u00e7os gastron\u00f4micos no Centro, como o restaurante Biat\u00fcwi, primeira casa de comida ind\u00edgena do Brasil.<\/p>\n\n\n\n<p>E o Biat\u00fcwi fica na mesma rua, a Bernardo Ramos, onde est\u00e1 sendo constru\u00eddo o largo de S\u00e3o Vicente e onde passa por revitaliza\u00e7\u00e3o e conserva\u00e7\u00e3o o casar\u00e3o Thiago de Mello. Ali, a comida \u00e9 feita por ind\u00edgenas, de acordo com suas tradi\u00e7\u00f5es, para nutrir corpo e alma, em casario roxo e branco e seus janel\u00f5es adornados por azulejos.<\/p>\n\n\n\n<p>O prefeito de Manaus, David Almeida, destacou que essas obras s\u00e3o o resgate do centro hist\u00f3rico da cidade de Manaus, com a volta da popula\u00e7\u00e3o para o Centro. &#8220;Muito em breve, teremos um lugar maravilhoso, apraz\u00edvel, com gastronomia, com turismo, entretenimento. Teremos o maior e o melhor ponto de vista do p\u00f4r do sol, contemplando a ponte. E vai fazer com que n\u00f3s possamos resgatar a tradi\u00e7\u00e3o do centro da cidade de Manaus. Isso faz parte do projeto &#8216;Nosso Centro'&#8221;.<\/p>\n\n\n\n<p><strong>Um sonho realizado<\/strong><\/p>\n\n\n\n<p>Para a chef do Caxiri, o Biat\u00fcwi \u00e9 um grande orgulho, um sonho colocado em pr\u00e1tica com o coletivo do restaurante, a partir da uni\u00e3o de for\u00e7as. D\u00e9bora veio ao Amazonas pela primeira vez em 2012 e fincou os p\u00e9s na regi\u00e3o no ano seguinte, ap\u00f3s se apaixonar pelo rio Negro e pela energia relacionada \u00e0 floresta e \u00e0 forma de vida simples.<\/p>\n\n\n\n<p>Para o arquiteto, urbanista e engenheiro mec\u00e2nico F\u00e1bio Peso, 47 anos, as obras no Centro v\u00e3o agregar bastante para a cidade e tirar o territ\u00f3rio do ostracismo que se encontra, al\u00e9m de dar ao espa\u00e7o mudan\u00e7as, melhorias e diversidade de usos.<\/p>\n\n\n\n<p>\u201cOs ganhos ser\u00e3o diversos e as decis\u00f5es foram bem acertadas no sentido de dar vida \u00e0quela \u00e1rea. Teremos a volta da popula\u00e7\u00e3o a esses locais que v\u00e3o movimentar a economia local. Fiquei muito satisfeito com o que vi e com toda a explica\u00e7\u00e3o t\u00e9cnica e sociocultural da equipe do Implurb. \u00c9 preciso conhecer isso que est\u00e1 acontecendo. A municipalidade est\u00e1 de parab\u00e9ns pelas iniciativas de preservar a hist\u00f3ria da cidade\u201d, comenta o profissional.<\/p>\n\n\n\n<p><strong>\u201cNosso Centro\u201d<\/strong><\/p>\n\n\n\n<p>Al\u00e9m das obras, a prefeitura lan\u00e7ou, este ano, o projeto de educa\u00e7\u00e3o patrimonial, o \u201cVivendo o Nosso Centro\u201d, um tour cultural, patrimonial e educativo realizado na regi\u00e3o e com passagem pelos canteiros de obras, do qual F\u00e1bio Peso participou.<\/p>\n\n\n\n<figure class=\"wp-block-image size-full\"><img loading=\"lazy\" decoding=\"async\" width=\"799\" height=\"533\" src=\"https:\/\/www.manaus.am.gov.br\/implurb\/wp-content\/uploads\/sites\/13\/2023\/09\/53191331377_3c32b9db9d_c.jpg\" alt=\"\" class=\"wp-image-2442\" srcset=\"https:\/\/www.manaus.am.gov.br\/implurb\/wp-content\/uploads\/sites\/13\/2023\/09\/53191331377_3c32b9db9d_c.jpg 799w, https:\/\/www.manaus.am.gov.br\/implurb\/wp-content\/uploads\/sites\/13\/2023\/09\/53191331377_3c32b9db9d_c-300x200.jpg 300w, https:\/\/www.manaus.am.gov.br\/implurb\/wp-content\/uploads\/sites\/13\/2023\/09\/53191331377_3c32b9db9d_c-768x512.jpg 768w\" sizes=\"(max-width: 799px) 100vw, 799px\" \/><\/figure>\n\n\n\n<p>\u201cComo sou da \u00e1rea da arquitetura, a visita veio rechear meu pr\u00f3prio vocabul\u00e1rio hist\u00f3rico no sentido de reviver o Centro, trazendo informa\u00e7\u00f5es importantes da ancestralidade, historicidade, da cidade em si. Temos uma capital-Estado e os novos projetos que est\u00e3o sendo desenvolvidos apontam para muitos ganhos para Manaus e a popula\u00e7\u00e3o\u201d, afirma.<\/p>\n\n\n\n<p>O programa busca meios de promover reformas e recupera\u00e7\u00e3o de im\u00f3veis abandonados ou sem uso, criando novas \u00e1reas de qualidade, como as que j\u00e1 est\u00e3o em obras com o mirante L\u00facia Almeida, largo de S\u00e3o Vicente e casar\u00e3o Thiago de Mello.<\/p>\n\n\n\n<p>Com uma s\u00e9rie de 37 interven\u00e7\u00f5es desenhadas para quatro etapas, o programa \u00e9 desenvolvido pelo Implurb, tendo tr\u00eas eixos focais: \u201cMais Vida\u201d, \u201cMais Neg\u00f3cios\u201d e \u201cMais Hist\u00f3ria&#8221;.<\/p>\n\n\n\n<p>Nos eixos est\u00e3o uma s\u00e9rie de a\u00e7\u00f5es para melhoria da governan\u00e7a, incentivos fiscais, inova\u00e7\u00e3o, habita\u00e7\u00e3o de interesse social e investimentos p\u00fablicos, envolvendo ainda a promo\u00e7\u00e3o de eventos culturais, reformas e a amplia\u00e7\u00e3o da seguran\u00e7a.<\/p>\n\n\n\n<p>A grande \u00e1rea de interven\u00e7\u00e3o se localiza em \u00e1rea de tombamento federal, na vizinhan\u00e7a de outros edif\u00edcios hist\u00f3ricos, como o Centro Cultural \u00d3scar Ramos, Museu da Cidade de Manaus, pra\u00e7a Dom Pedro II, Casar\u00e3o da Inova\u00e7\u00e3o Cassina, Pal\u00e1cio Rio Branco, dentre outros.<\/p>\n\n\n\n<p><strong>Tradi\u00e7\u00f5es e saberes da cultura<\/strong><\/p>\n\n\n\n<p><strong><br><\/strong>Al\u00e9m de ajudar a sequenciar a hist\u00f3ria, o patrim\u00f4nio hist\u00f3rico est\u00e1 repleto de informa\u00e7\u00f5es sobre tradi\u00e7\u00f5es e saberes da cultura de um povo.<\/p>\n\n\n\n<p>\u201cQuando o prefeito David Almeida montou seu plano de governo, ele deu destaque ao Centro e teve in\u00edcio o \u2018Nosso Centro\u2019, com seus eixos. E estamos com parte dele em desenvolvimento, com as obras, oferecendo novas instala\u00e7\u00f5es, atra\u00e7\u00e3o para o turismo, opera\u00e7\u00f5es de gastronomia, lazer e cultura naquele ponto. Outro eixo \u00e9 o de desenvolver programas habitacionais e contamos com a Secretaria Municipal de Habita\u00e7\u00e3o e Regulariza\u00e7\u00e3o Fundi\u00e1ria (Semhaf); e um terceiro tem foco na melhoria do potencial construtivo para a \u00e1rea\u201d, explicou o diretor-presidente do Implurb, engenheiro Carlos Valente.<\/p>\n\n\n\n<p>Os tr\u00eas eixos envolvem cria\u00e7\u00e3o de incentivos fiscais, tratamentos diferenciados e toda uma vida \u00e0 regi\u00e3o, com opera\u00e7\u00f5es de gastronomia, turismo, cultura, contempla\u00e7\u00e3o e de habita\u00e7\u00e3o de interesse social. \u201cE tudo isto j\u00e1 est\u00e1 dentro do \u2018Nosso Centro\u2019. O prefeito David Almeida n\u00e3o mediu esfor\u00e7os com as obras e est\u00e1 com uma s\u00e9rie de propostas apresentadas ao governo federal, para que possamos avan\u00e7ar ainda mais na reabilita\u00e7\u00e3o do centro de Manaus\u201d, disse Valente.<\/p>\n\n\n\n<p>Um grande diferencial do programa de Manaus \u00e9 ter a conex\u00e3o com a paisagem natural, que \u00e9 o rio, e a outra com o patrim\u00f4nio hist\u00f3rico. Em suas diretrizes est\u00e1 proporcionar a reocupa\u00e7\u00e3o da \u00e1rea central, um bairro dotado de uma das melhores infraestruturas urbanas da capital. Em todas as interven\u00e7\u00f5es realizadas em centros hist\u00f3ricos, no Brasil e em outros pa\u00edses, se verifica que inicialmente h\u00e1 um investimento do poder p\u00fablico, fazendo o resgate das \u00e1reas, e posteriormente a iniciativa privada d\u00e1 continuidade.<\/p>\n\n\n\n<p>E a previs\u00e3o \u00e9 ter outras interven\u00e7\u00f5es agregadas, como a reforma da pra\u00e7a XV de Novembro, o Museu do Porto e projetos habitacionais.<\/p>\n\n\n\n<p>&#8212; &#8212; &#8212;<\/p>\n\n\n\n<p><strong>Texto<\/strong> \u2013 Claudia do Valle\/Implurb<\/p>\n\n\n\n<p><strong>Fotos<\/strong> \u2013 Phill Lima e Cl\u00f3vis Miranda \/ Semcom<\/p>\n","protected":false},"excerpt":{"rendered":"","protected":false},"author":52,"featured_media":2441,"comment_status":"closed","ping_status":"closed","sticky":false,"template":"","format":"standard","meta":{"footnotes":""},"categories":[530],"tags":[542,79,210,15],"acf":[],"yoast_head":"<!-- This site is optimized with the Yoast SEO plugin v23.0 - https:\/\/yoast.com\/wordpress\/plugins\/seo\/ -->\n<title>Com reabilita\u00e7\u00e3o e obras em curso, Prefeitura de Manaus impulsiona para ocupa\u00e7\u00e3o do centro hist\u00f3rico<\/title>\n<meta name=\"description\" content=\"Manifesta\u00e7\u00f5es culturais e ancestrais, e a energia que emana da floresta, fazem da Amaz\u00f4nia um lugar singular, \u00fanico e apaixonante.\" \/>\n<meta name=\"robots\" content=\"noindex, follow\" \/>\n<meta property=\"og:locale\" content=\"pt_BR\" \/>\n<meta property=\"og:type\" content=\"article\" \/>\n<meta property=\"og:title\" content=\"Com reabilita\u00e7\u00e3o e obras em curso, Prefeitura de Manaus impulsiona para ocupa\u00e7\u00e3o do centro hist\u00f3rico\" \/>\n<meta property=\"og:description\" content=\"Manifesta\u00e7\u00f5es culturais e ancestrais, e a energia que emana da floresta, fazem da Amaz\u00f4nia um lugar singular, \u00fanico e apaixonante.\" \/>\n<meta property=\"og:url\" content=\"https:\/\/www.manaus.am.gov.br\/implurb\/com-reabilitacao-e-obras-em-curso-prefeitura-de-manaus-impulsiona-para-ocupacap-do-centro-historico\/\" \/>\n<meta property=\"og:site_name\" content=\"IMPLURB\" \/>\n<meta property=\"article:published_time\" content=\"2023-09-26T12:48:27+00:00\" \/>\n<meta property=\"article:modified_time\" content=\"2023-11-08T20:20:41+00:00\" \/>\n<meta property=\"og:image\" content=\"https:\/\/www.manaus.am.gov.br\/implurb\/wp-content\/uploads\/sites\/13\/2023\/09\/cb98bb65-3a4f-4dc4-91bf-24d86c333cff-1.jpg\" \/>\n\t<meta property=\"og:image:width\" content=\"823\" \/>\n\t<meta property=\"og:image:height\" content=\"592\" \/>\n\t<meta property=\"og:image:type\" content=\"image\/jpeg\" \/>\n<meta name=\"author\" content=\"csilveira\" \/>\n<meta name=\"twitter:card\" content=\"summary_large_image\" \/>\n<meta name=\"twitter:label1\" content=\"Written by\" \/>\n\t<meta name=\"twitter:data1\" content=\"csilveira\" \/>\n\t<meta name=\"twitter:label2\" content=\"Est. reading time\" \/>\n\t<meta name=\"twitter:data2\" content=\"8 minutos\" \/>\n<script type=\"application\/ld+json\" class=\"yoast-schema-graph\">{\"@context\":\"https:\/\/schema.org\",\"@graph\":[{\"@type\":\"WebPage\",\"@id\":\"https:\/\/www.manaus.am.gov.br\/implurb\/com-reabilitacao-e-obras-em-curso-prefeitura-de-manaus-impulsiona-para-ocupacap-do-centro-historico\/\",\"url\":\"https:\/\/www.manaus.am.gov.br\/implurb\/com-reabilitacao-e-obras-em-curso-prefeitura-de-manaus-impulsiona-para-ocupacap-do-centro-historico\/\",\"name\":\"Com reabilita\u00e7\u00e3o e obras em curso, Prefeitura de Manaus impulsiona para ocupa\u00e7\u00e3o do centro hist\u00f3rico\",\"isPartOf\":{\"@id\":\"https:\/\/www.manaus.am.gov.br\/implurb\/#website\"},\"primaryImageOfPage\":{\"@id\":\"https:\/\/www.manaus.am.gov.br\/implurb\/com-reabilitacao-e-obras-em-curso-prefeitura-de-manaus-impulsiona-para-ocupacap-do-centro-historico\/#primaryimage\"},\"image\":{\"@id\":\"https:\/\/www.manaus.am.gov.br\/implurb\/com-reabilitacao-e-obras-em-curso-prefeitura-de-manaus-impulsiona-para-ocupacap-do-centro-historico\/#primaryimage\"},\"thumbnailUrl\":\"https:\/\/www.manaus.am.gov.br\/implurb\/wp-content\/uploads\/sites\/13\/2023\/09\/cb98bb65-3a4f-4dc4-91bf-24d86c333cff-1.jpg\",\"datePublished\":\"2023-09-26T12:48:27+00:00\",\"dateModified\":\"2023-11-08T20:20:41+00:00\",\"author\":{\"@id\":\"https:\/\/www.manaus.am.gov.br\/implurb\/#\/schema\/person\/bfafc779be2e19b3d3ef4a59d418b606\"},\"description\":\"Manifesta\u00e7\u00f5es culturais e ancestrais, e a energia que emana da floresta, fazem da Amaz\u00f4nia um lugar singular, \u00fanico e apaixonante.\",\"breadcrumb\":{\"@id\":\"https:\/\/www.manaus.am.gov.br\/implurb\/com-reabilitacao-e-obras-em-curso-prefeitura-de-manaus-impulsiona-para-ocupacap-do-centro-historico\/#breadcrumb\"},\"inLanguage\":\"pt-BR\",\"potentialAction\":[{\"@type\":\"ReadAction\",\"target\":[\"https:\/\/www.manaus.am.gov.br\/implurb\/com-reabilitacao-e-obras-em-curso-prefeitura-de-manaus-impulsiona-para-ocupacap-do-centro-historico\/\"]}]},{\"@type\":\"ImageObject\",\"inLanguage\":\"pt-BR\",\"@id\":\"https:\/\/www.manaus.am.gov.br\/implurb\/com-reabilitacao-e-obras-em-curso-prefeitura-de-manaus-impulsiona-para-ocupacap-do-centro-historico\/#primaryimage\",\"url\":\"https:\/\/www.manaus.am.gov.br\/implurb\/wp-content\/uploads\/sites\/13\/2023\/09\/cb98bb65-3a4f-4dc4-91bf-24d86c333cff-1.jpg\",\"contentUrl\":\"https:\/\/www.manaus.am.gov.br\/implurb\/wp-content\/uploads\/sites\/13\/2023\/09\/cb98bb65-3a4f-4dc4-91bf-24d86c333cff-1.jpg\",\"width\":823,\"height\":592},{\"@type\":\"BreadcrumbList\",\"@id\":\"https:\/\/www.manaus.am.gov.br\/implurb\/com-reabilitacao-e-obras-em-curso-prefeitura-de-manaus-impulsiona-para-ocupacap-do-centro-historico\/#breadcrumb\",\"itemListElement\":[{\"@type\":\"ListItem\",\"position\":1,\"name\":\"Home\",\"item\":\"https:\/\/www.manaus.am.gov.br\/implurb\/\"},{\"@type\":\"ListItem\",\"position\":2,\"name\":\"Com reabilita\u00e7\u00e3o e obras em curso, Prefeitura de Manaus impulsiona para ocupa\u00e7\u00e3o do centro hist\u00f3rico\"}]},{\"@type\":\"WebSite\",\"@id\":\"https:\/\/www.manaus.am.gov.br\/implurb\/#website\",\"url\":\"https:\/\/www.manaus.am.gov.br\/implurb\/\",\"name\":\"IMPLURB\",\"description\":\"Prefeitura de Manaus\",\"potentialAction\":[{\"@type\":\"SearchAction\",\"target\":{\"@type\":\"EntryPoint\",\"urlTemplate\":\"https:\/\/www.manaus.am.gov.br\/implurb\/?s={search_term_string}\"},\"query-input\":\"required name=search_term_string\"}],\"inLanguage\":\"pt-BR\"},{\"@type\":\"Person\",\"@id\":\"https:\/\/www.manaus.am.gov.br\/implurb\/#\/schema\/person\/bfafc779be2e19b3d3ef4a59d418b606\",\"name\":\"csilveira\",\"image\":{\"@type\":\"ImageObject\",\"inLanguage\":\"pt-BR\",\"@id\":\"https:\/\/www.manaus.am.gov.br\/implurb\/#\/schema\/person\/image\/\",\"url\":\"https:\/\/secure.gravatar.com\/avatar\/9c2e2f00138fcd35401c748bd030d3b5?s=96&d=mm&r=g\",\"contentUrl\":\"https:\/\/secure.gravatar.com\/avatar\/9c2e2f00138fcd35401c748bd030d3b5?s=96&d=mm&r=g\",\"caption\":\"csilveira\"}}]}<\/script>\n<!-- \/ Yoast SEO plugin. -->","yoast_head_json":{"title":"Com reabilita\u00e7\u00e3o e obras em curso, Prefeitura de Manaus impulsiona para ocupa\u00e7\u00e3o do centro hist\u00f3rico","description":"Manifesta\u00e7\u00f5es culturais e ancestrais, e a energia que emana da floresta, fazem da Amaz\u00f4nia um lugar singular, \u00fanico e apaixonante.","robots":{"index":"noindex","follow":"follow"},"og_locale":"pt_BR","og_type":"article","og_title":"Com reabilita\u00e7\u00e3o e obras em curso, Prefeitura de Manaus impulsiona para ocupa\u00e7\u00e3o do centro hist\u00f3rico","og_description":"Manifesta\u00e7\u00f5es culturais e ancestrais, e a energia que emana da floresta, fazem da Amaz\u00f4nia um lugar singular, \u00fanico e apaixonante.","og_url":"https:\/\/www.manaus.am.gov.br\/implurb\/com-reabilitacao-e-obras-em-curso-prefeitura-de-manaus-impulsiona-para-ocupacap-do-centro-historico\/","og_site_name":"IMPLURB","article_published_time":"2023-09-26T12:48:27+00:00","article_modified_time":"2023-11-08T20:20:41+00:00","og_image":[{"width":823,"height":592,"url":"https:\/\/www.manaus.am.gov.br\/implurb\/wp-content\/uploads\/sites\/13\/2023\/09\/cb98bb65-3a4f-4dc4-91bf-24d86c333cff-1.jpg","type":"image\/jpeg"}],"author":"csilveira","twitter_card":"summary_large_image","twitter_misc":{"Written by":"csilveira","Est. reading time":"8 minutos"},"schema":{"@context":"https:\/\/schema.org","@graph":[{"@type":"WebPage","@id":"https:\/\/www.manaus.am.gov.br\/implurb\/com-reabilitacao-e-obras-em-curso-prefeitura-de-manaus-impulsiona-para-ocupacap-do-centro-historico\/","url":"https:\/\/www.manaus.am.gov.br\/implurb\/com-reabilitacao-e-obras-em-curso-prefeitura-de-manaus-impulsiona-para-ocupacap-do-centro-historico\/","name":"Com reabilita\u00e7\u00e3o e obras em curso, Prefeitura de Manaus impulsiona para ocupa\u00e7\u00e3o do centro hist\u00f3rico","isPartOf":{"@id":"https:\/\/www.manaus.am.gov.br\/implurb\/#website"},"primaryImageOfPage":{"@id":"https:\/\/www.manaus.am.gov.br\/implurb\/com-reabilitacao-e-obras-em-curso-prefeitura-de-manaus-impulsiona-para-ocupacap-do-centro-historico\/#primaryimage"},"image":{"@id":"https:\/\/www.manaus.am.gov.br\/implurb\/com-reabilitacao-e-obras-em-curso-prefeitura-de-manaus-impulsiona-para-ocupacap-do-centro-historico\/#primaryimage"},"thumbnailUrl":"https:\/\/www.manaus.am.gov.br\/implurb\/wp-content\/uploads\/sites\/13\/2023\/09\/cb98bb65-3a4f-4dc4-91bf-24d86c333cff-1.jpg","datePublished":"2023-09-26T12:48:27+00:00","dateModified":"2023-11-08T20:20:41+00:00","author":{"@id":"https:\/\/www.manaus.am.gov.br\/implurb\/#\/schema\/person\/bfafc779be2e19b3d3ef4a59d418b606"},"description":"Manifesta\u00e7\u00f5es culturais e ancestrais, e a energia que emana da floresta, fazem da Amaz\u00f4nia um lugar singular, \u00fanico e apaixonante.","breadcrumb":{"@id":"https:\/\/www.manaus.am.gov.br\/implurb\/com-reabilitacao-e-obras-em-curso-prefeitura-de-manaus-impulsiona-para-ocupacap-do-centro-historico\/#breadcrumb"},"inLanguage":"pt-BR","potentialAction":[{"@type":"ReadAction","target":["https:\/\/www.manaus.am.gov.br\/implurb\/com-reabilitacao-e-obras-em-curso-prefeitura-de-manaus-impulsiona-para-ocupacap-do-centro-historico\/"]}]},{"@type":"ImageObject","inLanguage":"pt-BR","@id":"https:\/\/www.manaus.am.gov.br\/implurb\/com-reabilitacao-e-obras-em-curso-prefeitura-de-manaus-impulsiona-para-ocupacap-do-centro-historico\/#primaryimage","url":"https:\/\/www.manaus.am.gov.br\/implurb\/wp-content\/uploads\/sites\/13\/2023\/09\/cb98bb65-3a4f-4dc4-91bf-24d86c333cff-1.jpg","contentUrl":"https:\/\/www.manaus.am.gov.br\/implurb\/wp-content\/uploads\/sites\/13\/2023\/09\/cb98bb65-3a4f-4dc4-91bf-24d86c333cff-1.jpg","width":823,"height":592},{"@type":"BreadcrumbList","@id":"https:\/\/www.manaus.am.gov.br\/implurb\/com-reabilitacao-e-obras-em-curso-prefeitura-de-manaus-impulsiona-para-ocupacap-do-centro-historico\/#breadcrumb","itemListElement":[{"@type":"ListItem","position":1,"name":"Home","item":"https:\/\/www.manaus.am.gov.br\/implurb\/"},{"@type":"ListItem","position":2,"name":"Com reabilita\u00e7\u00e3o e obras em curso, Prefeitura de Manaus impulsiona para ocupa\u00e7\u00e3o do centro hist\u00f3rico"}]},{"@type":"WebSite","@id":"https:\/\/www.manaus.am.gov.br\/implurb\/#website","url":"https:\/\/www.manaus.am.gov.br\/implurb\/","name":"IMPLURB","description":"Prefeitura de Manaus","potentialAction":[{"@type":"SearchAction","target":{"@type":"EntryPoint","urlTemplate":"https:\/\/www.manaus.am.gov.br\/implurb\/?s={search_term_string}"},"query-input":"required name=search_term_string"}],"inLanguage":"pt-BR"},{"@type":"Person","@id":"https:\/\/www.manaus.am.gov.br\/implurb\/#\/schema\/person\/bfafc779be2e19b3d3ef4a59d418b606","name":"csilveira","image":{"@type":"ImageObject","inLanguage":"pt-BR","@id":"https:\/\/www.manaus.am.gov.br\/implurb\/#\/schema\/person\/image\/","url":"https:\/\/secure.gravatar.com\/avatar\/9c2e2f00138fcd35401c748bd030d3b5?s=96&d=mm&r=g","contentUrl":"https:\/\/secure.gravatar.com\/avatar\/9c2e2f00138fcd35401c748bd030d3b5?s=96&d=mm&r=g","caption":"csilveira"}}]}},"_links":{"self":[{"href":"https:\/\/www.manaus.am.gov.br\/implurb\/wp-json\/wp\/v2\/posts\/2440"}],"collection":[{"href":"https:\/\/www.manaus.am.gov.br\/implurb\/wp-json\/wp\/v2\/posts"}],"about":[{"href":"https:\/\/www.manaus.am.gov.br\/implurb\/wp-json\/wp\/v2\/types\/post"}],"author":[{"embeddable":true,"href":"https:\/\/www.manaus.am.gov.br\/implurb\/wp-json\/wp\/v2\/users\/52"}],"replies":[{"embeddable":true,"href":"https:\/\/www.manaus.am.gov.br\/implurb\/wp-json\/wp\/v2\/comments?post=2440"}],"version-history":[{"count":3,"href":"https:\/\/www.manaus.am.gov.br\/implurb\/wp-json\/wp\/v2\/posts\/2440\/revisions"}],"predecessor-version":[{"id":2659,"href":"https:\/\/www.manaus.am.gov.br\/implurb\/wp-json\/wp\/v2\/posts\/2440\/revisions\/2659"}],"wp:featuredmedia":[{"embeddable":true,"href":"https:\/\/www.manaus.am.gov.br\/implurb\/wp-json\/wp\/v2\/media\/2441"}],"wp:attachment":[{"href":"https:\/\/www.manaus.am.gov.br\/implurb\/wp-json\/wp\/v2\/media?parent=2440"}],"wp:term":[{"taxonomy":"category","embeddable":true,"href":"https:\/\/www.manaus.am.gov.br\/implurb\/wp-json\/wp\/v2\/categories?post=2440"},{"taxonomy":"post_tag","embeddable":true,"href":"https:\/\/www.manaus.am.gov.br\/implurb\/wp-json\/wp\/v2\/tags?post=2440"}],"curies":[{"name":"wp","href":"https:\/\/api.w.org\/{rel}","templated":true}]}}