{"id":2375,"date":"2023-09-02T13:52:38","date_gmt":"2023-09-02T17:52:38","guid":{"rendered":"https:\/\/www.manaus.am.gov.br\/implurb\/vivendo-o-nosso-centro-leva-segunda-turma-para-roteiro-na-area-de-revitalizacao-da-prefeitura-de-manaus\/"},"modified":"2023-09-02T13:52:40","modified_gmt":"2023-09-02T17:52:40","slug":"vivendo-o-nosso-centro-leva-segunda-turma-para-roteiro-na-area-de-revitalizacao-da-prefeitura-de-manaus","status":"publish","type":"post","link":"https:\/\/www.manaus.am.gov.br\/implurb\/vivendo-o-nosso-centro-leva-segunda-turma-para-roteiro-na-area-de-revitalizacao-da-prefeitura-de-manaus\/","title":{"rendered":"<strong>\u2018Vivendo o Nosso Centro\u2019 leva segunda turma para\u00a0roteiro\u00a0na \u00e1rea de revitaliza\u00e7\u00e3o da Prefeitura de Manaus<\/strong>"},"content":{"rendered":"\n<p>Na capital amazonense em pleno ver\u00e3o amaz\u00f4nico, a paulista M\u00e1rcia Zanusso, de 64 anos, e o filho Felipe, de S\u00e3o Bernardo do Campo (SP), tiveram um olhar diferenciado sobre o centro hist\u00f3rico da cidade, participando da segunda visita t\u00e9cnica da Prefeitura de Manaus dentro do programa &#8220;Nosso Centro&#8221;, com a educa\u00e7\u00e3o patrimonial &#8220;Vivendo o Nosso Centro&#8221;.<\/p>\n\n\n\n<p>O&nbsp;<em>tour<\/em>&nbsp;foi realizado neste s\u00e1bado, 2\/9, de 8h30 \u00e0s 11h30, e mesmo com a proximidade do feriado prolongado, mais de 30 pessoas estiveram presentes fazendo o roteiro patrimonial, hist\u00f3rico, arquitet\u00f4nico e cultural, al\u00e9m de acompanharem como andam as obras do &#8220;Nosso Centro&#8221;, lan\u00e7adas pelo prefeito David Almeida, que ser\u00e3o entregues em dezembro deste ano.<\/p>\n\n\n\n<p>&#8220;Vim visitar Manaus pela primeira vez, meu filho est\u00e1 na cidade trabalhando na \u00e1rea do meio ambiente. Apesar de ter muita informa\u00e7\u00e3o, de ter feito a visita ao museu da cidade, participar da visita t\u00e9cnica com especialistas \u00e9 muito mais rico e apaixonante. E conhecer esse projeto da prefeitura, de fazer a popula\u00e7\u00e3o dar valor para sua cidade, conhecer sua hist\u00f3ria, e de se envolver, \u00e9 fant\u00e1stico. Eu n\u00e3o conhecia esse trabalho e foi muito bom poder participar&#8221;, explicou M\u00e1rcia.<\/p>\n\n\n\n<p>A estudante de arquitetura Samantha Gomes tamb\u00e9m se juntou ao grupo e destacou a import\u00e2ncia do valor patrimonial e hist\u00f3rico \u00e0s edifica\u00e7\u00f5es e refer\u00eancias arquitet\u00f4nicas da capital.<\/p>\n\n\n\n<p>&#8220;Sempre esperei ter nos pontos tur\u00edsticos e no Centro, principalmente nos casar\u00f5es,&nbsp;essa explica\u00e7\u00e3o mais arquitet\u00f4nica&nbsp;e finalmente teve esse encontro e eu n\u00e3o poderia perder esta oportunidade. Sou apaixonada pelo Centro e esse roteiro era o que faltava para mostrar ao p\u00fablico os aspectos hist\u00f3ricos, arqueol\u00f3gicos e arquitet\u00f4nicos deste belo conjunto da cidade&#8221;, comentou a universit\u00e1ria.<\/p>\n\n\n\n<p>O circuito passa por edifica\u00e7\u00f5es, bens tombados, pra\u00e7as e ruas, em um&nbsp;<em>tour<\/em>&nbsp;montado por t\u00e9cnicos do Instituto Municipal de Planejamento Urbano (Implurb), com apoio da Funda\u00e7\u00e3o Municipal de Cultura, Turismo e Eventos (Manauscult), da Secretaria Municipal do Trabalho, Empreendedorismo e Inova\u00e7\u00e3o (Semtepi), e da Comiss\u00e3o&nbsp;T\u00e9cnica para Implementa\u00e7\u00e3o e Revitaliza\u00e7\u00e3o do Centro Hist\u00f3rico de Manaus.<\/p>\n\n\n\n<p>A participa\u00e7\u00e3o \u00e9 feita mediante inscri\u00e7\u00e3o pr\u00e9via, para grupos de at\u00e9 25 pessoas, para realizar o&nbsp;<em>tour<\/em>&nbsp;patrimonial, cultural e educativo em espa\u00e7os da capital. As visitas v\u00e3o ocorrer at\u00e9 novembro, sempre aos s\u00e1bados, com ponto de encontro na pra\u00e7a Dom Pedro II.<\/p>\n\n\n\n<p>Para os interessados em participar do programa, a equipe da Ger\u00eancia de Patrim\u00f4nio Hist\u00f3rico (GPH) faz a divulga\u00e7\u00e3o do&nbsp;<em>link<\/em>&nbsp;para as inscri\u00e7\u00f5es 10 dias antes de cada s\u00e1bado. O pr\u00f3ximo&nbsp;<em>link<\/em><em>,<\/em>&nbsp;para a visita do dia 16\/9, ser\u00e1 divulgado no Instagram do&nbsp;Implurb&nbsp;na pr\u00f3xima quarta-feira, dia 6\/9, \u00e0s 12h.<\/p>\n\n\n\n<p>O diretor de Planejamento Urbano do Implurb, arquiteto e urbanista Pedro Paulo Cordeiro, participa do&nbsp;<em>tour<\/em>&nbsp;guiado, mostrando a import\u00e2ncia do programa, as interven\u00e7\u00f5es que est\u00e3o sendo realizadas e os eixos do trabalho, com foco em atrair mais vida, mais neg\u00f3cios e mais hist\u00f3ria para o territ\u00f3rio.<\/p>\n\n\n\n<p>&#8220;Um desses eixos se encaixa exatamente nas visitas. \u00c9 necess\u00e1rio se conhecer o Centro, a hist\u00f3ria, o que que ocorreu aqui nessa \u00e1rea e as interven\u00e7\u00f5es que est\u00e3o sendo realizadas para, l\u00f3gico, vivenciar o espa\u00e7o, ter este pertencimento. Por isso o nome do programa &#8216;Nosso Centro&#8217;, porque ele \u00e9 uma constru\u00e7\u00e3o coletiva, \u00e9 de todos&#8221;, afirmou.<\/p>\n\n\n\n<p>O arquiteto lembrou que, a partir de dezembro, Manaus j\u00e1 come\u00e7a a vivenciar a revitaliza\u00e7\u00e3o com o conjunto de obras sendo entregues, al\u00e9m de poder admirar o potencial natural \u00e0s margens do rio Negro. &#8220;O programa visa promover essa intera\u00e7\u00e3o entre a paisagem natural e o que pode ser constru\u00eddo&#8221;.<\/p>\n\n\n\n<p><strong>Obras<\/strong><\/p>\n\n\n\n<p>A prefeitura realiza, atualmente, tr\u00eas obras urban\u00edsticas no&nbsp;Centro, que est\u00e3o previstas para serem inauguradas em dezembro deste ano: mirante L\u00facia Almeida, casar\u00e3o Thiago de Mello e largo de S\u00e3o Vicente. O circuito passa pelos pontos de obras, mas antes, seu in\u00edcio acontece na pra\u00e7a Dom Pedro II, seguindo para o Museu da Cidade de Manaus (Muma), no pa\u00e7o da Liberdade, e rua Bernardo Ramos. O grupo passa pelas primeiras interven\u00e7\u00f5es do \u201cNosso&nbsp;Centro\u201d, com uma passagem pela travessa Carolina. O circuito finaliza com uma ida ao Pal\u00e1cio Rio Branco.<\/p>\n\n\n\n<p>Em todos os pontos \u00e9 feita contextualiza\u00e7\u00e3o hist\u00f3rica e arquitet\u00f4nica com \u00eanfase nos estilos e tipologias e, no caso das interven\u00e7\u00f5es em curso pela prefeitura, a \u00eanfase ser\u00e1 no tipo de constru\u00e7\u00e3o e adapta\u00e7\u00e3o ao novo uso.<\/p>\n\n\n\n<p><br><strong>Territ\u00f3rio<\/strong><\/p>\n\n\n\n<p><br>A revitaliza\u00e7\u00e3o, requalifica\u00e7\u00e3o e regenera\u00e7\u00e3o do Centro Hist\u00f3rico de Manaus tem como foco o melhor aproveitamento da regi\u00e3o central, local que guarda valorosa riqueza cultural e patrimonial. O \u201cNosso&nbsp;Centro\u201d visa o resgate econ\u00f4mico da \u00e1rea, envolvendo a\u00e7\u00f5es de economia, turismo, hist\u00f3ria, empreendedorismo, cultura, arte e habita\u00e7\u00e3o.<\/p>\n\n\n\n<p><strong>Pr\u00f3ximas datas (sempre aos s\u00e1bados)<\/strong><\/p>\n\n\n\n<p>16 de setembro<\/p>\n\n\n\n<p>30 de setembro<\/p>\n\n\n\n<p>14 de outubro<\/p>\n\n\n\n<p>28 de outubro<\/p>\n\n\n\n<p>11 de novembro<\/p>\n\n\n\n<p>25 de novembro<\/p>\n\n\n\n<p>&#8212; &#8212; &#8212;<\/p>\n\n\n\n<p><strong>Texto &#8211;<\/strong> Cl\u00e1udia do Valle \/ Implurb<\/p>\n\n\n\n<p><strong>Fotos &#8211;<\/strong> Divulga\u00e7\u00e3o \/ Implurb<\/p>\n\n\n\n<p><strong>Dispon\u00edveis em <\/strong>\u2013 <a href=\"https:\/\/flic.kr\/s\/aHBqjATeip\">https:\/\/flic.kr\/s\/aHBqjATeip<\/a><\/p>\n","protected":false},"excerpt":{"rendered":"","protected":false},"author":39,"featured_media":2376,"comment_status":"closed","ping_status":"closed","sticky":false,"template":"","format":"standard","meta":{"footnotes":""},"categories":[17],"tags":[387,357,11,15,391,506,507],"acf":[],"yoast_head":"<!-- This site is optimized with the Yoast SEO plugin v23.0 - https:\/\/yoast.com\/wordpress\/plugins\/seo\/ -->\n<title>\u2018Vivendo o Nosso Centro\u2019 leva segunda turma para roteiro na \u00e1rea de revitaliza\u00e7\u00e3o da Prefeitura de Manaus<\/title>\n<meta name=\"description\" content=\"Na capital amazonense em pleno ver\u00e3o amaz\u00f4nico, a paulista M\u00e1rcia Zanusso, de 64 anos, e o filho Felipe, de S\u00e3o Bernardo do Campo (SP), tiveram um olhar diferenciado sobre o centro hist\u00f3rico da cidade, participando da segunda visita t\u00e9cnica da Prefeitura de Manaus dentro do programa &quot;Nosso Centro&quot;, com a educa\u00e7\u00e3o patrimonial &quot;Vivendo o Nosso Centro&quot;.\" \/>\n<meta name=\"robots\" content=\"noindex, follow\" \/>\n<meta property=\"og:locale\" content=\"pt_BR\" \/>\n<meta property=\"og:type\" content=\"article\" \/>\n<meta property=\"og:title\" content=\"\u2018Vivendo o Nosso Centro\u2019 leva segunda turma para roteiro na \u00e1rea de revitaliza\u00e7\u00e3o da Prefeitura de Manaus\" \/>\n<meta property=\"og:description\" content=\"Na capital amazonense em pleno ver\u00e3o amaz\u00f4nico, a paulista M\u00e1rcia Zanusso, de 64 anos, e o filho Felipe, de S\u00e3o Bernardo do Campo (SP), tiveram um olhar diferenciado sobre o centro hist\u00f3rico da cidade, participando da segunda visita t\u00e9cnica da Prefeitura de Manaus dentro do programa &quot;Nosso Centro&quot;, com a educa\u00e7\u00e3o patrimonial &quot;Vivendo o Nosso Centro&quot;.\" \/>\n<meta property=\"og:url\" content=\"https:\/\/www.manaus.am.gov.br\/implurb\/vivendo-o-nosso-centro-leva-segunda-turma-para-roteiro-na-area-de-revitalizacao-da-prefeitura-de-manaus\/\" \/>\n<meta property=\"og:site_name\" content=\"IMPLURB\" \/>\n<meta property=\"article:published_time\" content=\"2023-09-02T17:52:38+00:00\" \/>\n<meta property=\"article:modified_time\" content=\"2023-09-02T17:52:40+00:00\" \/>\n<meta property=\"og:image\" content=\"https:\/\/www.manaus.am.gov.br\/implurb\/wp-content\/uploads\/sites\/13\/2023\/09\/centro29.jpg\" \/>\n\t<meta property=\"og:image:width\" content=\"1600\" \/>\n\t<meta property=\"og:image:height\" content=\"1200\" \/>\n\t<meta property=\"og:image:type\" content=\"image\/jpeg\" \/>\n<meta name=\"author\" content=\"Bruna Greco\" \/>\n<meta name=\"twitter:card\" content=\"summary_large_image\" \/>\n<meta name=\"twitter:label1\" content=\"Written by\" \/>\n\t<meta name=\"twitter:data1\" content=\"Bruna Greco\" \/>\n\t<meta name=\"twitter:label2\" content=\"Est. reading time\" \/>\n\t<meta name=\"twitter:data2\" content=\"5 minutos\" \/>\n<script type=\"application\/ld+json\" class=\"yoast-schema-graph\">{\"@context\":\"https:\/\/schema.org\",\"@graph\":[{\"@type\":\"WebPage\",\"@id\":\"https:\/\/www.manaus.am.gov.br\/implurb\/vivendo-o-nosso-centro-leva-segunda-turma-para-roteiro-na-area-de-revitalizacao-da-prefeitura-de-manaus\/\",\"url\":\"https:\/\/www.manaus.am.gov.br\/implurb\/vivendo-o-nosso-centro-leva-segunda-turma-para-roteiro-na-area-de-revitalizacao-da-prefeitura-de-manaus\/\",\"name\":\"\u2018Vivendo o Nosso Centro\u2019 leva segunda turma para roteiro na \u00e1rea de revitaliza\u00e7\u00e3o da Prefeitura de Manaus\",\"isPartOf\":{\"@id\":\"https:\/\/www.manaus.am.gov.br\/implurb\/#website\"},\"primaryImageOfPage\":{\"@id\":\"https:\/\/www.manaus.am.gov.br\/implurb\/vivendo-o-nosso-centro-leva-segunda-turma-para-roteiro-na-area-de-revitalizacao-da-prefeitura-de-manaus\/#primaryimage\"},\"image\":{\"@id\":\"https:\/\/www.manaus.am.gov.br\/implurb\/vivendo-o-nosso-centro-leva-segunda-turma-para-roteiro-na-area-de-revitalizacao-da-prefeitura-de-manaus\/#primaryimage\"},\"thumbnailUrl\":\"https:\/\/www.manaus.am.gov.br\/implurb\/wp-content\/uploads\/sites\/13\/2023\/09\/centro29.jpg\",\"datePublished\":\"2023-09-02T17:52:38+00:00\",\"dateModified\":\"2023-09-02T17:52:40+00:00\",\"author\":{\"@id\":\"https:\/\/www.manaus.am.gov.br\/implurb\/#\/schema\/person\/05d223aea2bf115f9883a6ff3683d81b\"},\"description\":\"Na capital amazonense em pleno ver\u00e3o amaz\u00f4nico, a paulista M\u00e1rcia Zanusso, de 64 anos, e o filho Felipe, de S\u00e3o Bernardo do Campo (SP), tiveram um olhar diferenciado sobre o centro hist\u00f3rico da cidade, participando da segunda visita t\u00e9cnica da Prefeitura de Manaus dentro do programa \\\"Nosso Centro\\\", com a educa\u00e7\u00e3o patrimonial \\\"Vivendo o Nosso Centro\\\".\",\"breadcrumb\":{\"@id\":\"https:\/\/www.manaus.am.gov.br\/implurb\/vivendo-o-nosso-centro-leva-segunda-turma-para-roteiro-na-area-de-revitalizacao-da-prefeitura-de-manaus\/#breadcrumb\"},\"inLanguage\":\"pt-BR\",\"potentialAction\":[{\"@type\":\"ReadAction\",\"target\":[\"https:\/\/www.manaus.am.gov.br\/implurb\/vivendo-o-nosso-centro-leva-segunda-turma-para-roteiro-na-area-de-revitalizacao-da-prefeitura-de-manaus\/\"]}]},{\"@type\":\"ImageObject\",\"inLanguage\":\"pt-BR\",\"@id\":\"https:\/\/www.manaus.am.gov.br\/implurb\/vivendo-o-nosso-centro-leva-segunda-turma-para-roteiro-na-area-de-revitalizacao-da-prefeitura-de-manaus\/#primaryimage\",\"url\":\"https:\/\/www.manaus.am.gov.br\/implurb\/wp-content\/uploads\/sites\/13\/2023\/09\/centro29.jpg\",\"contentUrl\":\"https:\/\/www.manaus.am.gov.br\/implurb\/wp-content\/uploads\/sites\/13\/2023\/09\/centro29.jpg\",\"width\":1600,\"height\":1200},{\"@type\":\"BreadcrumbList\",\"@id\":\"https:\/\/www.manaus.am.gov.br\/implurb\/vivendo-o-nosso-centro-leva-segunda-turma-para-roteiro-na-area-de-revitalizacao-da-prefeitura-de-manaus\/#breadcrumb\",\"itemListElement\":[{\"@type\":\"ListItem\",\"position\":1,\"name\":\"Home\",\"item\":\"https:\/\/www.manaus.am.gov.br\/implurb\/\"},{\"@type\":\"ListItem\",\"position\":2,\"name\":\"\u2018Vivendo o Nosso Centro\u2019 leva segunda turma para\u00a0roteiro\u00a0na \u00e1rea de revitaliza\u00e7\u00e3o da Prefeitura de Manaus\"}]},{\"@type\":\"WebSite\",\"@id\":\"https:\/\/www.manaus.am.gov.br\/implurb\/#website\",\"url\":\"https:\/\/www.manaus.am.gov.br\/implurb\/\",\"name\":\"IMPLURB\",\"description\":\"Prefeitura de Manaus\",\"potentialAction\":[{\"@type\":\"SearchAction\",\"target\":{\"@type\":\"EntryPoint\",\"urlTemplate\":\"https:\/\/www.manaus.am.gov.br\/implurb\/?s={search_term_string}\"},\"query-input\":\"required name=search_term_string\"}],\"inLanguage\":\"pt-BR\"},{\"@type\":\"Person\",\"@id\":\"https:\/\/www.manaus.am.gov.br\/implurb\/#\/schema\/person\/05d223aea2bf115f9883a6ff3683d81b\",\"name\":\"Bruna Greco\",\"image\":{\"@type\":\"ImageObject\",\"inLanguage\":\"pt-BR\",\"@id\":\"https:\/\/www.manaus.am.gov.br\/implurb\/#\/schema\/person\/image\/\",\"url\":\"https:\/\/secure.gravatar.com\/avatar\/9c877d1a6adc2a055330e5c09a8653ce?s=96&d=mm&r=g\",\"contentUrl\":\"https:\/\/secure.gravatar.com\/avatar\/9c877d1a6adc2a055330e5c09a8653ce?s=96&d=mm&r=g\",\"caption\":\"Bruna Greco\"}}]}<\/script>\n<!-- \/ Yoast SEO plugin. -->","yoast_head_json":{"title":"\u2018Vivendo o Nosso Centro\u2019 leva segunda turma para roteiro na \u00e1rea de revitaliza\u00e7\u00e3o da Prefeitura de Manaus","description":"Na capital amazonense em pleno ver\u00e3o amaz\u00f4nico, a paulista M\u00e1rcia Zanusso, de 64 anos, e o filho Felipe, de S\u00e3o Bernardo do Campo (SP), tiveram um olhar diferenciado sobre o centro hist\u00f3rico da cidade, participando da segunda visita t\u00e9cnica da Prefeitura de Manaus dentro do programa \"Nosso Centro\", com a educa\u00e7\u00e3o patrimonial \"Vivendo o Nosso Centro\".","robots":{"index":"noindex","follow":"follow"},"og_locale":"pt_BR","og_type":"article","og_title":"\u2018Vivendo o Nosso Centro\u2019 leva segunda turma para roteiro na \u00e1rea de revitaliza\u00e7\u00e3o da Prefeitura de Manaus","og_description":"Na capital amazonense em pleno ver\u00e3o amaz\u00f4nico, a paulista M\u00e1rcia Zanusso, de 64 anos, e o filho Felipe, de S\u00e3o Bernardo do Campo (SP), tiveram um olhar diferenciado sobre o centro hist\u00f3rico da cidade, participando da segunda visita t\u00e9cnica da Prefeitura de Manaus dentro do programa \"Nosso Centro\", com a educa\u00e7\u00e3o patrimonial \"Vivendo o Nosso Centro\".","og_url":"https:\/\/www.manaus.am.gov.br\/implurb\/vivendo-o-nosso-centro-leva-segunda-turma-para-roteiro-na-area-de-revitalizacao-da-prefeitura-de-manaus\/","og_site_name":"IMPLURB","article_published_time":"2023-09-02T17:52:38+00:00","article_modified_time":"2023-09-02T17:52:40+00:00","og_image":[{"width":1600,"height":1200,"url":"https:\/\/www.manaus.am.gov.br\/implurb\/wp-content\/uploads\/sites\/13\/2023\/09\/centro29.jpg","type":"image\/jpeg"}],"author":"Bruna Greco","twitter_card":"summary_large_image","twitter_misc":{"Written by":"Bruna Greco","Est. reading time":"5 minutos"},"schema":{"@context":"https:\/\/schema.org","@graph":[{"@type":"WebPage","@id":"https:\/\/www.manaus.am.gov.br\/implurb\/vivendo-o-nosso-centro-leva-segunda-turma-para-roteiro-na-area-de-revitalizacao-da-prefeitura-de-manaus\/","url":"https:\/\/www.manaus.am.gov.br\/implurb\/vivendo-o-nosso-centro-leva-segunda-turma-para-roteiro-na-area-de-revitalizacao-da-prefeitura-de-manaus\/","name":"\u2018Vivendo o Nosso Centro\u2019 leva segunda turma para roteiro na \u00e1rea de revitaliza\u00e7\u00e3o da Prefeitura de Manaus","isPartOf":{"@id":"https:\/\/www.manaus.am.gov.br\/implurb\/#website"},"primaryImageOfPage":{"@id":"https:\/\/www.manaus.am.gov.br\/implurb\/vivendo-o-nosso-centro-leva-segunda-turma-para-roteiro-na-area-de-revitalizacao-da-prefeitura-de-manaus\/#primaryimage"},"image":{"@id":"https:\/\/www.manaus.am.gov.br\/implurb\/vivendo-o-nosso-centro-leva-segunda-turma-para-roteiro-na-area-de-revitalizacao-da-prefeitura-de-manaus\/#primaryimage"},"thumbnailUrl":"https:\/\/www.manaus.am.gov.br\/implurb\/wp-content\/uploads\/sites\/13\/2023\/09\/centro29.jpg","datePublished":"2023-09-02T17:52:38+00:00","dateModified":"2023-09-02T17:52:40+00:00","author":{"@id":"https:\/\/www.manaus.am.gov.br\/implurb\/#\/schema\/person\/05d223aea2bf115f9883a6ff3683d81b"},"description":"Na capital amazonense em pleno ver\u00e3o amaz\u00f4nico, a paulista M\u00e1rcia Zanusso, de 64 anos, e o filho Felipe, de S\u00e3o Bernardo do Campo (SP), tiveram um olhar diferenciado sobre o centro hist\u00f3rico da cidade, participando da segunda visita t\u00e9cnica da Prefeitura de Manaus dentro do programa \"Nosso Centro\", com a educa\u00e7\u00e3o patrimonial \"Vivendo o Nosso Centro\".","breadcrumb":{"@id":"https:\/\/www.manaus.am.gov.br\/implurb\/vivendo-o-nosso-centro-leva-segunda-turma-para-roteiro-na-area-de-revitalizacao-da-prefeitura-de-manaus\/#breadcrumb"},"inLanguage":"pt-BR","potentialAction":[{"@type":"ReadAction","target":["https:\/\/www.manaus.am.gov.br\/implurb\/vivendo-o-nosso-centro-leva-segunda-turma-para-roteiro-na-area-de-revitalizacao-da-prefeitura-de-manaus\/"]}]},{"@type":"ImageObject","inLanguage":"pt-BR","@id":"https:\/\/www.manaus.am.gov.br\/implurb\/vivendo-o-nosso-centro-leva-segunda-turma-para-roteiro-na-area-de-revitalizacao-da-prefeitura-de-manaus\/#primaryimage","url":"https:\/\/www.manaus.am.gov.br\/implurb\/wp-content\/uploads\/sites\/13\/2023\/09\/centro29.jpg","contentUrl":"https:\/\/www.manaus.am.gov.br\/implurb\/wp-content\/uploads\/sites\/13\/2023\/09\/centro29.jpg","width":1600,"height":1200},{"@type":"BreadcrumbList","@id":"https:\/\/www.manaus.am.gov.br\/implurb\/vivendo-o-nosso-centro-leva-segunda-turma-para-roteiro-na-area-de-revitalizacao-da-prefeitura-de-manaus\/#breadcrumb","itemListElement":[{"@type":"ListItem","position":1,"name":"Home","item":"https:\/\/www.manaus.am.gov.br\/implurb\/"},{"@type":"ListItem","position":2,"name":"\u2018Vivendo o Nosso Centro\u2019 leva segunda turma para\u00a0roteiro\u00a0na \u00e1rea de revitaliza\u00e7\u00e3o da Prefeitura de Manaus"}]},{"@type":"WebSite","@id":"https:\/\/www.manaus.am.gov.br\/implurb\/#website","url":"https:\/\/www.manaus.am.gov.br\/implurb\/","name":"IMPLURB","description":"Prefeitura de Manaus","potentialAction":[{"@type":"SearchAction","target":{"@type":"EntryPoint","urlTemplate":"https:\/\/www.manaus.am.gov.br\/implurb\/?s={search_term_string}"},"query-input":"required name=search_term_string"}],"inLanguage":"pt-BR"},{"@type":"Person","@id":"https:\/\/www.manaus.am.gov.br\/implurb\/#\/schema\/person\/05d223aea2bf115f9883a6ff3683d81b","name":"Bruna Greco","image":{"@type":"ImageObject","inLanguage":"pt-BR","@id":"https:\/\/www.manaus.am.gov.br\/implurb\/#\/schema\/person\/image\/","url":"https:\/\/secure.gravatar.com\/avatar\/9c877d1a6adc2a055330e5c09a8653ce?s=96&d=mm&r=g","contentUrl":"https:\/\/secure.gravatar.com\/avatar\/9c877d1a6adc2a055330e5c09a8653ce?s=96&d=mm&r=g","caption":"Bruna Greco"}}]}},"_links":{"self":[{"href":"https:\/\/www.manaus.am.gov.br\/implurb\/wp-json\/wp\/v2\/posts\/2375"}],"collection":[{"href":"https:\/\/www.manaus.am.gov.br\/implurb\/wp-json\/wp\/v2\/posts"}],"about":[{"href":"https:\/\/www.manaus.am.gov.br\/implurb\/wp-json\/wp\/v2\/types\/post"}],"author":[{"embeddable":true,"href":"https:\/\/www.manaus.am.gov.br\/implurb\/wp-json\/wp\/v2\/users\/39"}],"replies":[{"embeddable":true,"href":"https:\/\/www.manaus.am.gov.br\/implurb\/wp-json\/wp\/v2\/comments?post=2375"}],"version-history":[{"count":0,"href":"https:\/\/www.manaus.am.gov.br\/implurb\/wp-json\/wp\/v2\/posts\/2375\/revisions"}],"wp:featuredmedia":[{"embeddable":true,"href":"https:\/\/www.manaus.am.gov.br\/implurb\/wp-json\/wp\/v2\/media\/2376"}],"wp:attachment":[{"href":"https:\/\/www.manaus.am.gov.br\/implurb\/wp-json\/wp\/v2\/media?parent=2375"}],"wp:term":[{"taxonomy":"category","embeddable":true,"href":"https:\/\/www.manaus.am.gov.br\/implurb\/wp-json\/wp\/v2\/categories?post=2375"},{"taxonomy":"post_tag","embeddable":true,"href":"https:\/\/www.manaus.am.gov.br\/implurb\/wp-json\/wp\/v2\/tags?post=2375"}],"curies":[{"name":"wp","href":"https:\/\/api.w.org\/{rel}","templated":true}]}}