{"id":2366,"date":"2023-09-01T13:21:00","date_gmt":"2023-09-01T17:21:00","guid":{"rendered":"https:\/\/www.manaus.am.gov.br\/implurb\/prefeito-vistoria-obras-do-parque-amazonino-mendes\/"},"modified":"2023-09-01T13:42:04","modified_gmt":"2023-09-01T17:42:04","slug":"prefeito-vistoria-obras-do-parque-amazonino-mendes","status":"publish","type":"post","link":"https:\/\/www.manaus.am.gov.br\/implurb\/prefeito-vistoria-obras-do-parque-amazonino-mendes\/","title":{"rendered":"<strong>Prefeito vistoria obras do Parque Amazonino Mendes<\/strong>"},"content":{"rendered":"\n<p>O prefeito de Manaus, David Almeida, realizou, na manh\u00e3 desta sexta-feira, 1\u00ba\/9, mais uma vistoria na constru\u00e7\u00e3o do Parque Amazonino Mendes, localizado entre as avenidas Isa\u00edas Vieiralves e Ol\u00edvia de Menezes Vieiralves, nos bairros Novo Aleixo e Tancredo Neves, na divis\u00e3o entre as zonas mais populosas da cidade, Norte e Leste.<\/p>\n\n\n\n<p>O local ter\u00e1 mais de 1,8 quil\u00f4metros de comprimento, sendo o maior parque linear da cidade, e vai impulsionar o turismo e a economia na regi\u00e3o, como destacou o chefe do Executivo municipal.<\/p>\n\n\n\n<p>\u201cN\u00f3s vamos atrair o turismo e o entretenimento para as zonas Norte e Leste. Esse aqui \u00e9 o maior parque linear da cidade com 1.800 metros de extens\u00e3o, divididos em tr\u00eas etapas onde vamos ter Caps (Centro de Aten\u00e7\u00e3o Psicossocial), habitacional, \u00e1rea de esporte, lazer, gastronomia, pets, \u00e1rea de caminhada, ciclovia, tudo isso para proporcionar aos moradores da cidade, em especial das zonas Norte e Leste, uma melhor qualidade de vida\u201d, enfatizou Almeida.<\/p>\n\n\n\n<p>Para presentear a popula\u00e7\u00e3o manauara, David Almeida anunciou que a primeira etapa do parque est\u00e1 prevista para ser entregue no pr\u00f3ximo dia 24 de outubro, data em que a capital amazonense comemora 354 anos.<\/p>\n\n\n\n<p>Acompanhado pelo diretor-presidente do Instituto Municipal de Mobilidade Urbana (Implurb), Carlos Valente, o prefeito de Manaus acompanhou o andamento das tr\u00eas etapas, que est\u00e3o em ritmo acelerado com a chegada do ver\u00e3o amaz\u00f4nico.<\/p>\n\n\n\n<p>O Parque Amazonino Mendes tem o projeto assinado pelo Implurb e foi financiado gra\u00e7as a uma parceria entre a Prefeitura de Manaus e o Governo do Amazonas.<\/p>\n\n\n\n<p>&#8212; &#8212; &#8212;<\/p>\n\n\n\n<p><strong>Texto <\/strong>&#8211; Thiago Fernando \/ Semcom<\/p>\n\n\n\n<p><strong>Fotos \u2013 <\/strong>Dhyeizo Lemos \/ Semcom<\/p>\n\n\n\n<p><strong>Dispon\u00edveis em &#8211; <\/strong><a href=\"https:\/\/flic.kr\/s\/aHBqjAT8cX\">https:\/\/flic.kr\/s\/aHBqjAT8cX<\/a><\/p>\n","protected":false},"excerpt":{"rendered":"","protected":false},"author":39,"featured_media":2367,"comment_status":"closed","ping_status":"closed","sticky":false,"template":"","format":"standard","meta":{"footnotes":""},"categories":[45],"tags":[495,496,31,497,47,15],"acf":[],"yoast_head":"<!-- This site is optimized with the Yoast SEO plugin v23.0 - https:\/\/yoast.com\/wordpress\/plugins\/seo\/ -->\n<title>Prefeito vistoria obras do Parque Amazonino Mendes<\/title>\n<meta name=\"description\" content=\"O prefeito de Manaus, David Almeida, realizou, na manh\u00e3 desta sexta-feira, 1\u00ba\/9, mais uma vistoria na constru\u00e7\u00e3o do Parque Amazonino Mendes, localizado entre as avenidas Isa\u00edas Vieiralves e Ol\u00edvia de Menezes Vieiralves, nos bairros Novo Aleixo e Tancredo Neves, na divis\u00e3o entre as zonas mais populosas da cidade, Norte e Leste.\" \/>\n<meta name=\"robots\" content=\"noindex, follow\" \/>\n<meta property=\"og:locale\" content=\"pt_BR\" \/>\n<meta property=\"og:type\" content=\"article\" \/>\n<meta property=\"og:title\" content=\"Prefeito vistoria obras do Parque Amazonino Mendes\" \/>\n<meta property=\"og:description\" content=\"O prefeito de Manaus, David Almeida, realizou, na manh\u00e3 desta sexta-feira, 1\u00ba\/9, mais uma vistoria na constru\u00e7\u00e3o do Parque Amazonino Mendes, localizado entre as avenidas Isa\u00edas Vieiralves e Ol\u00edvia de Menezes Vieiralves, nos bairros Novo Aleixo e Tancredo Neves, na divis\u00e3o entre as zonas mais populosas da cidade, Norte e Leste.\" \/>\n<meta property=\"og:url\" content=\"https:\/\/www.manaus.am.gov.br\/implurb\/prefeito-vistoria-obras-do-parque-amazonino-mendes\/\" \/>\n<meta property=\"og:site_name\" content=\"IMPLURB\" \/>\n<meta property=\"article:published_time\" content=\"2023-09-01T17:21:00+00:00\" \/>\n<meta property=\"article:modified_time\" content=\"2023-09-01T17:42:04+00:00\" \/>\n<meta property=\"og:image\" content=\"https:\/\/www.manaus.am.gov.br\/implurb\/wp-content\/uploads\/sites\/13\/2023\/09\/53157596548_2189da8a3c_k.jpg\" \/>\n\t<meta property=\"og:image:width\" content=\"2048\" \/>\n\t<meta property=\"og:image:height\" content=\"1536\" \/>\n\t<meta property=\"og:image:type\" content=\"image\/jpeg\" \/>\n<meta name=\"author\" content=\"Bruna Greco\" \/>\n<meta name=\"twitter:card\" content=\"summary_large_image\" \/>\n<meta name=\"twitter:label1\" content=\"Written by\" \/>\n\t<meta name=\"twitter:data1\" content=\"Bruna Greco\" \/>\n\t<meta name=\"twitter:label2\" content=\"Est. reading time\" \/>\n\t<meta name=\"twitter:data2\" content=\"2 minutos\" \/>\n<script type=\"application\/ld+json\" class=\"yoast-schema-graph\">{\"@context\":\"https:\/\/schema.org\",\"@graph\":[{\"@type\":\"WebPage\",\"@id\":\"https:\/\/www.manaus.am.gov.br\/implurb\/prefeito-vistoria-obras-do-parque-amazonino-mendes\/\",\"url\":\"https:\/\/www.manaus.am.gov.br\/implurb\/prefeito-vistoria-obras-do-parque-amazonino-mendes\/\",\"name\":\"Prefeito vistoria obras do Parque Amazonino Mendes\",\"isPartOf\":{\"@id\":\"https:\/\/www.manaus.am.gov.br\/implurb\/#website\"},\"primaryImageOfPage\":{\"@id\":\"https:\/\/www.manaus.am.gov.br\/implurb\/prefeito-vistoria-obras-do-parque-amazonino-mendes\/#primaryimage\"},\"image\":{\"@id\":\"https:\/\/www.manaus.am.gov.br\/implurb\/prefeito-vistoria-obras-do-parque-amazonino-mendes\/#primaryimage\"},\"thumbnailUrl\":\"https:\/\/www.manaus.am.gov.br\/implurb\/wp-content\/uploads\/sites\/13\/2023\/09\/53157596548_2189da8a3c_k.jpg\",\"datePublished\":\"2023-09-01T17:21:00+00:00\",\"dateModified\":\"2023-09-01T17:42:04+00:00\",\"author\":{\"@id\":\"https:\/\/www.manaus.am.gov.br\/implurb\/#\/schema\/person\/05d223aea2bf115f9883a6ff3683d81b\"},\"description\":\"O prefeito de Manaus, David Almeida, realizou, na manh\u00e3 desta sexta-feira, 1\u00ba\/9, mais uma vistoria na constru\u00e7\u00e3o do Parque Amazonino Mendes, localizado entre as avenidas Isa\u00edas Vieiralves e Ol\u00edvia de Menezes Vieiralves, nos bairros Novo Aleixo e Tancredo Neves, na divis\u00e3o entre as zonas mais populosas da cidade, Norte e Leste.\",\"breadcrumb\":{\"@id\":\"https:\/\/www.manaus.am.gov.br\/implurb\/prefeito-vistoria-obras-do-parque-amazonino-mendes\/#breadcrumb\"},\"inLanguage\":\"pt-BR\",\"potentialAction\":[{\"@type\":\"ReadAction\",\"target\":[\"https:\/\/www.manaus.am.gov.br\/implurb\/prefeito-vistoria-obras-do-parque-amazonino-mendes\/\"]}]},{\"@type\":\"ImageObject\",\"inLanguage\":\"pt-BR\",\"@id\":\"https:\/\/www.manaus.am.gov.br\/implurb\/prefeito-vistoria-obras-do-parque-amazonino-mendes\/#primaryimage\",\"url\":\"https:\/\/www.manaus.am.gov.br\/implurb\/wp-content\/uploads\/sites\/13\/2023\/09\/53157596548_2189da8a3c_k.jpg\",\"contentUrl\":\"https:\/\/www.manaus.am.gov.br\/implurb\/wp-content\/uploads\/sites\/13\/2023\/09\/53157596548_2189da8a3c_k.jpg\",\"width\":2048,\"height\":1536},{\"@type\":\"BreadcrumbList\",\"@id\":\"https:\/\/www.manaus.am.gov.br\/implurb\/prefeito-vistoria-obras-do-parque-amazonino-mendes\/#breadcrumb\",\"itemListElement\":[{\"@type\":\"ListItem\",\"position\":1,\"name\":\"Home\",\"item\":\"https:\/\/www.manaus.am.gov.br\/implurb\/\"},{\"@type\":\"ListItem\",\"position\":2,\"name\":\"Prefeito vistoria obras do Parque Amazonino Mendes\"}]},{\"@type\":\"WebSite\",\"@id\":\"https:\/\/www.manaus.am.gov.br\/implurb\/#website\",\"url\":\"https:\/\/www.manaus.am.gov.br\/implurb\/\",\"name\":\"IMPLURB\",\"description\":\"Prefeitura de Manaus\",\"potentialAction\":[{\"@type\":\"SearchAction\",\"target\":{\"@type\":\"EntryPoint\",\"urlTemplate\":\"https:\/\/www.manaus.am.gov.br\/implurb\/?s={search_term_string}\"},\"query-input\":\"required name=search_term_string\"}],\"inLanguage\":\"pt-BR\"},{\"@type\":\"Person\",\"@id\":\"https:\/\/www.manaus.am.gov.br\/implurb\/#\/schema\/person\/05d223aea2bf115f9883a6ff3683d81b\",\"name\":\"Bruna Greco\",\"image\":{\"@type\":\"ImageObject\",\"inLanguage\":\"pt-BR\",\"@id\":\"https:\/\/www.manaus.am.gov.br\/implurb\/#\/schema\/person\/image\/\",\"url\":\"https:\/\/secure.gravatar.com\/avatar\/9c877d1a6adc2a055330e5c09a8653ce?s=96&d=mm&r=g\",\"contentUrl\":\"https:\/\/secure.gravatar.com\/avatar\/9c877d1a6adc2a055330e5c09a8653ce?s=96&d=mm&r=g\",\"caption\":\"Bruna Greco\"}}]}<\/script>\n<!-- \/ Yoast SEO plugin. -->","yoast_head_json":{"title":"Prefeito vistoria obras do Parque Amazonino Mendes","description":"O prefeito de Manaus, David Almeida, realizou, na manh\u00e3 desta sexta-feira, 1\u00ba\/9, mais uma vistoria na constru\u00e7\u00e3o do Parque Amazonino Mendes, localizado entre as avenidas Isa\u00edas Vieiralves e Ol\u00edvia de Menezes Vieiralves, nos bairros Novo Aleixo e Tancredo Neves, na divis\u00e3o entre as zonas mais populosas da cidade, Norte e Leste.","robots":{"index":"noindex","follow":"follow"},"og_locale":"pt_BR","og_type":"article","og_title":"Prefeito vistoria obras do Parque Amazonino Mendes","og_description":"O prefeito de Manaus, David Almeida, realizou, na manh\u00e3 desta sexta-feira, 1\u00ba\/9, mais uma vistoria na constru\u00e7\u00e3o do Parque Amazonino Mendes, localizado entre as avenidas Isa\u00edas Vieiralves e Ol\u00edvia de Menezes Vieiralves, nos bairros Novo Aleixo e Tancredo Neves, na divis\u00e3o entre as zonas mais populosas da cidade, Norte e Leste.","og_url":"https:\/\/www.manaus.am.gov.br\/implurb\/prefeito-vistoria-obras-do-parque-amazonino-mendes\/","og_site_name":"IMPLURB","article_published_time":"2023-09-01T17:21:00+00:00","article_modified_time":"2023-09-01T17:42:04+00:00","og_image":[{"width":2048,"height":1536,"url":"https:\/\/www.manaus.am.gov.br\/implurb\/wp-content\/uploads\/sites\/13\/2023\/09\/53157596548_2189da8a3c_k.jpg","type":"image\/jpeg"}],"author":"Bruna Greco","twitter_card":"summary_large_image","twitter_misc":{"Written by":"Bruna Greco","Est. reading time":"2 minutos"},"schema":{"@context":"https:\/\/schema.org","@graph":[{"@type":"WebPage","@id":"https:\/\/www.manaus.am.gov.br\/implurb\/prefeito-vistoria-obras-do-parque-amazonino-mendes\/","url":"https:\/\/www.manaus.am.gov.br\/implurb\/prefeito-vistoria-obras-do-parque-amazonino-mendes\/","name":"Prefeito vistoria obras do Parque Amazonino Mendes","isPartOf":{"@id":"https:\/\/www.manaus.am.gov.br\/implurb\/#website"},"primaryImageOfPage":{"@id":"https:\/\/www.manaus.am.gov.br\/implurb\/prefeito-vistoria-obras-do-parque-amazonino-mendes\/#primaryimage"},"image":{"@id":"https:\/\/www.manaus.am.gov.br\/implurb\/prefeito-vistoria-obras-do-parque-amazonino-mendes\/#primaryimage"},"thumbnailUrl":"https:\/\/www.manaus.am.gov.br\/implurb\/wp-content\/uploads\/sites\/13\/2023\/09\/53157596548_2189da8a3c_k.jpg","datePublished":"2023-09-01T17:21:00+00:00","dateModified":"2023-09-01T17:42:04+00:00","author":{"@id":"https:\/\/www.manaus.am.gov.br\/implurb\/#\/schema\/person\/05d223aea2bf115f9883a6ff3683d81b"},"description":"O prefeito de Manaus, David Almeida, realizou, na manh\u00e3 desta sexta-feira, 1\u00ba\/9, mais uma vistoria na constru\u00e7\u00e3o do Parque Amazonino Mendes, localizado entre as avenidas Isa\u00edas Vieiralves e Ol\u00edvia de Menezes Vieiralves, nos bairros Novo Aleixo e Tancredo Neves, na divis\u00e3o entre as zonas mais populosas da cidade, Norte e Leste.","breadcrumb":{"@id":"https:\/\/www.manaus.am.gov.br\/implurb\/prefeito-vistoria-obras-do-parque-amazonino-mendes\/#breadcrumb"},"inLanguage":"pt-BR","potentialAction":[{"@type":"ReadAction","target":["https:\/\/www.manaus.am.gov.br\/implurb\/prefeito-vistoria-obras-do-parque-amazonino-mendes\/"]}]},{"@type":"ImageObject","inLanguage":"pt-BR","@id":"https:\/\/www.manaus.am.gov.br\/implurb\/prefeito-vistoria-obras-do-parque-amazonino-mendes\/#primaryimage","url":"https:\/\/www.manaus.am.gov.br\/implurb\/wp-content\/uploads\/sites\/13\/2023\/09\/53157596548_2189da8a3c_k.jpg","contentUrl":"https:\/\/www.manaus.am.gov.br\/implurb\/wp-content\/uploads\/sites\/13\/2023\/09\/53157596548_2189da8a3c_k.jpg","width":2048,"height":1536},{"@type":"BreadcrumbList","@id":"https:\/\/www.manaus.am.gov.br\/implurb\/prefeito-vistoria-obras-do-parque-amazonino-mendes\/#breadcrumb","itemListElement":[{"@type":"ListItem","position":1,"name":"Home","item":"https:\/\/www.manaus.am.gov.br\/implurb\/"},{"@type":"ListItem","position":2,"name":"Prefeito vistoria obras do Parque Amazonino Mendes"}]},{"@type":"WebSite","@id":"https:\/\/www.manaus.am.gov.br\/implurb\/#website","url":"https:\/\/www.manaus.am.gov.br\/implurb\/","name":"IMPLURB","description":"Prefeitura de Manaus","potentialAction":[{"@type":"SearchAction","target":{"@type":"EntryPoint","urlTemplate":"https:\/\/www.manaus.am.gov.br\/implurb\/?s={search_term_string}"},"query-input":"required name=search_term_string"}],"inLanguage":"pt-BR"},{"@type":"Person","@id":"https:\/\/www.manaus.am.gov.br\/implurb\/#\/schema\/person\/05d223aea2bf115f9883a6ff3683d81b","name":"Bruna Greco","image":{"@type":"ImageObject","inLanguage":"pt-BR","@id":"https:\/\/www.manaus.am.gov.br\/implurb\/#\/schema\/person\/image\/","url":"https:\/\/secure.gravatar.com\/avatar\/9c877d1a6adc2a055330e5c09a8653ce?s=96&d=mm&r=g","contentUrl":"https:\/\/secure.gravatar.com\/avatar\/9c877d1a6adc2a055330e5c09a8653ce?s=96&d=mm&r=g","caption":"Bruna Greco"}}]}},"_links":{"self":[{"href":"https:\/\/www.manaus.am.gov.br\/implurb\/wp-json\/wp\/v2\/posts\/2366"}],"collection":[{"href":"https:\/\/www.manaus.am.gov.br\/implurb\/wp-json\/wp\/v2\/posts"}],"about":[{"href":"https:\/\/www.manaus.am.gov.br\/implurb\/wp-json\/wp\/v2\/types\/post"}],"author":[{"embeddable":true,"href":"https:\/\/www.manaus.am.gov.br\/implurb\/wp-json\/wp\/v2\/users\/39"}],"replies":[{"embeddable":true,"href":"https:\/\/www.manaus.am.gov.br\/implurb\/wp-json\/wp\/v2\/comments?post=2366"}],"version-history":[{"count":1,"href":"https:\/\/www.manaus.am.gov.br\/implurb\/wp-json\/wp\/v2\/posts\/2366\/revisions"}],"predecessor-version":[{"id":2368,"href":"https:\/\/www.manaus.am.gov.br\/implurb\/wp-json\/wp\/v2\/posts\/2366\/revisions\/2368"}],"wp:featuredmedia":[{"embeddable":true,"href":"https:\/\/www.manaus.am.gov.br\/implurb\/wp-json\/wp\/v2\/media\/2367"}],"wp:attachment":[{"href":"https:\/\/www.manaus.am.gov.br\/implurb\/wp-json\/wp\/v2\/media?parent=2366"}],"wp:term":[{"taxonomy":"category","embeddable":true,"href":"https:\/\/www.manaus.am.gov.br\/implurb\/wp-json\/wp\/v2\/categories?post=2366"},{"taxonomy":"post_tag","embeddable":true,"href":"https:\/\/www.manaus.am.gov.br\/implurb\/wp-json\/wp\/v2\/tags?post=2366"}],"curies":[{"name":"wp","href":"https:\/\/api.w.org\/{rel}","templated":true}]}}