{"id":2328,"date":"2023-08-23T13:10:45","date_gmt":"2023-08-23T17:10:45","guid":{"rendered":"https:\/\/www.manaus.am.gov.br\/implurb\/obras-da-prefeitura-no-centro-e-no-parque-amazonino-mendes-aquecem-mercado-de-trabalho\/"},"modified":"2023-08-23T13:10:49","modified_gmt":"2023-08-23T17:10:49","slug":"obras-da-prefeitura-no-centro-e-no-parque-amazonino-mendes-aquecem-mercado-de-trabalho","status":"publish","type":"post","link":"https:\/\/www.manaus.am.gov.br\/implurb\/obras-da-prefeitura-no-centro-e-no-parque-amazonino-mendes-aquecem-mercado-de-trabalho\/","title":{"rendered":"<strong>Obras da prefeitura no Centro e no parque Amazonino Mendes aquecem mercado de trabalho<\/strong>"},"content":{"rendered":"\n<p>Duas grandes frentes de obra na capital avan\u00e7am para a constru\u00e7\u00e3o de novas \u00e1reas p\u00fablicas com a assinatura da Prefeitura de Manaus, movimentando a economia local com a contrata\u00e7\u00e3o de oper\u00e1rios e m\u00e3o de obra especializada. Somando as interven\u00e7\u00f5es, os canteiros t\u00eam 240 pessoas ocupadas.<\/p>\n\n\n\n<p>No complexo de S\u00e3o Vicente, no in\u00edcio da avenida 7 de Setembro, Centro, os projetos desenvolvidos pelo Instituto Municipal de Planejamento Urbano (Implurb) est\u00e3o com canteiros somando 150 oper\u00e1rios, que atuam nas interven\u00e7\u00f5es do mirante L\u00facia Almeida, casar\u00e3o Thiago de Mello e largo de S\u00e3o Vicente. As obras s\u00e3o as primeiras do programa \u201cNosso Centro\u201d, lan\u00e7ado em 2021 pelo prefeito David Almeida.<\/p>\n\n\n\n<p>A RED Engenharia vai contratando m\u00e3o de obra, conforme avan\u00e7a nos servi\u00e7os nas tr\u00eas frentes do complexo. A empresa foi a vencedora da licita\u00e7\u00e3o, que tem prazo de execu\u00e7\u00e3o de 300 dias. A inaugura\u00e7\u00e3o est\u00e1 prevista para dezembro deste ano.<\/p>\n\n\n\n<p>Segundo o diretor-presidente do Instituto Municipal de Planejamento Urbano (Implurb), Carlos Valente, as obras est\u00e3o bem avan\u00e7adas, em ambas as frentes. Al\u00e9m de serem projetos urbanos estruturantes e de impacto, ainda tem a promo\u00e7\u00e3o de emprego e renda desde os canteiros, com um mix de profissionais envolvidos, durante e depois das interven\u00e7\u00f5es. Fora os contratados, tem toda uma cadeia que funciona com servi\u00e7os, aquisi\u00e7\u00e3o de mercadorias, fornecimento de alimenta\u00e7\u00e3o, entre outros.<\/p>\n\n\n\n<p>\u201cE, quando estiverem conclu\u00eddas, com as opera\u00e7\u00f5es de restaurante, quiosques, de turismo, lazer e outras, a previs\u00e3o \u00e9 de gera\u00e7\u00e3o de at\u00e9 600 postos diretos e indiretos, de apoio, log\u00edstica e servi\u00e7os\u201d, comentou Valente.<\/p>\n\n\n\n<p>No parque linear Amazonino Mendes, que est\u00e1 em constru\u00e7\u00e3o entre as zonas Norte e Leste, nas avenidas Isa\u00edas Vieiralves e Ol\u00edvia de Menezes Vieiralves, nos bairros Novo Aleixo e Tancredo Neves, s\u00e3o empregadas, atualmente, 90 pessoas pela construtora Progresso Ltda.<\/p>\n\n\n\n<p>Espera-se uma rotatividade de at\u00e9 200 empregos diretos na empreitada, ao longo do cronograma, e mais 600 diretos e indiretos para seu funcionamento completo. O parque ter\u00e1 opera\u00e7\u00f5es de quiosques&nbsp;<em>gourmet<\/em>, atividades de zumba&nbsp;a shows, um Centro de Atendimento Psicossocial (Caps), e todo um entorno que vai movimentar neg\u00f3cios e servi\u00e7os.<\/p>\n\n\n\n<p>O parque \u00e9 resultado de um conv\u00eanio firmado entre prefeitura e governo do Estado, no ano passado, com 2 quil\u00f4metros de extens\u00e3o. A estimativa \u00e9 que o espa\u00e7o seja entregue em dezembro de 2023 e o prazo de constru\u00e7\u00e3o \u00e9 de 360 dias corridos.<\/p>\n\n\n\n<p><strong>Mirante<\/strong><\/p>\n\n\n\n<p>E onde os rios Negro e Solim\u00f5es n\u00e3o se misturam, para o futuro mirante Rosa Almeida, no Encontro das \u00c1guas, por ter uma escala menor, a perspectiva \u00e9 de se gerar at\u00e9 200 vagas diretas na constru\u00e7\u00e3o. O mirante est\u00e1 pronto para ser licitado.<\/p>\n\n\n\n<p>Para sua inaugura\u00e7\u00e3o e funcionamento, se estima uma m\u00e9dia de 150 postos diretos e indiretos, em apoio, log\u00edstica, restaurante, quiosque, lazer, alimenta\u00e7\u00e3o e neg\u00f3cios ligados ao turismo. \u201cEssa \u00e9 uma importante contribui\u00e7\u00e3o do prefeito David Almeida na gera\u00e7\u00e3o de emprego e renda na cidade de Manaus, com melhorias de empregabilidade para a popula\u00e7\u00e3o\u201d, disse o diretor-presidente.<\/p>\n\n\n\n<p>&#8212; &#8212; &#8212;<\/p>\n\n\n\n<p><strong>Texto<\/strong>&nbsp;\u2013 Claudia do Valle \/ Implurb<\/p>\n\n\n\n<p><strong>Fotos<\/strong> &#8211; Cl\u00f3vis Miranda\/Semcom e Jo\u00e3o Viana\/Semcom<\/p>\n","protected":false},"excerpt":{"rendered":"","protected":false},"author":23,"featured_media":2329,"comment_status":"closed","ping_status":"closed","sticky":false,"template":"","format":"standard","meta":{"footnotes":""},"categories":[478],"tags":[479,480,481,11,482,483,13,46,15],"acf":[],"yoast_head":"<!-- This site is optimized with the Yoast SEO plugin v23.0 - https:\/\/yoast.com\/wordpress\/plugins\/seo\/ -->\n<title>Obras da prefeitura no Centro e no parque Amazonino Mendes aquecem mercado de trabalho<\/title>\n<meta name=\"description\" content=\"Duas grandes frentes de obra na capital avan\u00e7am para a constru\u00e7\u00e3o de novas \u00e1reas p\u00fablicas com a assinatura da Prefeitura de Manaus, movimentando a economia local com a contrata\u00e7\u00e3o de oper\u00e1rios e m\u00e3o de obra especializada. Somando as interven\u00e7\u00f5es, os canteiros t\u00eam 240 pessoas ocupadas.\" \/>\n<meta name=\"robots\" content=\"noindex, follow\" \/>\n<meta property=\"og:locale\" content=\"pt_BR\" \/>\n<meta property=\"og:type\" content=\"article\" \/>\n<meta property=\"og:title\" content=\"Obras da prefeitura no Centro e no parque Amazonino Mendes aquecem mercado de trabalho\" \/>\n<meta property=\"og:description\" content=\"Duas grandes frentes de obra na capital avan\u00e7am para a constru\u00e7\u00e3o de novas \u00e1reas p\u00fablicas com a assinatura da Prefeitura de Manaus, movimentando a economia local com a contrata\u00e7\u00e3o de oper\u00e1rios e m\u00e3o de obra especializada. Somando as interven\u00e7\u00f5es, os canteiros t\u00eam 240 pessoas ocupadas.\" \/>\n<meta property=\"og:url\" content=\"https:\/\/www.manaus.am.gov.br\/implurb\/obras-da-prefeitura-no-centro-e-no-parque-amazonino-mendes-aquecem-mercado-de-trabalho\/\" \/>\n<meta property=\"og:site_name\" content=\"IMPLURB\" \/>\n<meta property=\"article:published_time\" content=\"2023-08-23T17:10:45+00:00\" \/>\n<meta property=\"article:modified_time\" content=\"2023-08-23T17:10:49+00:00\" \/>\n<meta property=\"og:image\" content=\"https:\/\/www.manaus.am.gov.br\/implurb\/wp-content\/uploads\/sites\/13\/2023\/08\/canteiros9.jpg\" \/>\n\t<meta property=\"og:image:width\" content=\"2048\" \/>\n\t<meta property=\"og:image:height\" content=\"1365\" \/>\n\t<meta property=\"og:image:type\" content=\"image\/jpeg\" \/>\n<meta name=\"author\" content=\"Adriana Costa\" \/>\n<meta name=\"twitter:card\" content=\"summary_large_image\" \/>\n<meta name=\"twitter:label1\" content=\"Written by\" \/>\n\t<meta name=\"twitter:data1\" content=\"Adriana Costa\" \/>\n\t<meta name=\"twitter:label2\" content=\"Est. reading time\" \/>\n\t<meta name=\"twitter:data2\" content=\"3 minutos\" \/>\n<script type=\"application\/ld+json\" class=\"yoast-schema-graph\">{\"@context\":\"https:\/\/schema.org\",\"@graph\":[{\"@type\":\"WebPage\",\"@id\":\"https:\/\/www.manaus.am.gov.br\/implurb\/obras-da-prefeitura-no-centro-e-no-parque-amazonino-mendes-aquecem-mercado-de-trabalho\/\",\"url\":\"https:\/\/www.manaus.am.gov.br\/implurb\/obras-da-prefeitura-no-centro-e-no-parque-amazonino-mendes-aquecem-mercado-de-trabalho\/\",\"name\":\"Obras da prefeitura no Centro e no parque Amazonino Mendes aquecem mercado de trabalho\",\"isPartOf\":{\"@id\":\"https:\/\/www.manaus.am.gov.br\/implurb\/#website\"},\"primaryImageOfPage\":{\"@id\":\"https:\/\/www.manaus.am.gov.br\/implurb\/obras-da-prefeitura-no-centro-e-no-parque-amazonino-mendes-aquecem-mercado-de-trabalho\/#primaryimage\"},\"image\":{\"@id\":\"https:\/\/www.manaus.am.gov.br\/implurb\/obras-da-prefeitura-no-centro-e-no-parque-amazonino-mendes-aquecem-mercado-de-trabalho\/#primaryimage\"},\"thumbnailUrl\":\"https:\/\/www.manaus.am.gov.br\/implurb\/wp-content\/uploads\/sites\/13\/2023\/08\/canteiros9.jpg\",\"datePublished\":\"2023-08-23T17:10:45+00:00\",\"dateModified\":\"2023-08-23T17:10:49+00:00\",\"author\":{\"@id\":\"https:\/\/www.manaus.am.gov.br\/implurb\/#\/schema\/person\/4e49f4e267757a06ca072ec61b2b9968\"},\"description\":\"Duas grandes frentes de obra na capital avan\u00e7am para a constru\u00e7\u00e3o de novas \u00e1reas p\u00fablicas com a assinatura da Prefeitura de Manaus, movimentando a economia local com a contrata\u00e7\u00e3o de oper\u00e1rios e m\u00e3o de obra especializada. Somando as interven\u00e7\u00f5es, os canteiros t\u00eam 240 pessoas ocupadas.\",\"breadcrumb\":{\"@id\":\"https:\/\/www.manaus.am.gov.br\/implurb\/obras-da-prefeitura-no-centro-e-no-parque-amazonino-mendes-aquecem-mercado-de-trabalho\/#breadcrumb\"},\"inLanguage\":\"pt-BR\",\"potentialAction\":[{\"@type\":\"ReadAction\",\"target\":[\"https:\/\/www.manaus.am.gov.br\/implurb\/obras-da-prefeitura-no-centro-e-no-parque-amazonino-mendes-aquecem-mercado-de-trabalho\/\"]}]},{\"@type\":\"ImageObject\",\"inLanguage\":\"pt-BR\",\"@id\":\"https:\/\/www.manaus.am.gov.br\/implurb\/obras-da-prefeitura-no-centro-e-no-parque-amazonino-mendes-aquecem-mercado-de-trabalho\/#primaryimage\",\"url\":\"https:\/\/www.manaus.am.gov.br\/implurb\/wp-content\/uploads\/sites\/13\/2023\/08\/canteiros9.jpg\",\"contentUrl\":\"https:\/\/www.manaus.am.gov.br\/implurb\/wp-content\/uploads\/sites\/13\/2023\/08\/canteiros9.jpg\",\"width\":2048,\"height\":1365},{\"@type\":\"BreadcrumbList\",\"@id\":\"https:\/\/www.manaus.am.gov.br\/implurb\/obras-da-prefeitura-no-centro-e-no-parque-amazonino-mendes-aquecem-mercado-de-trabalho\/#breadcrumb\",\"itemListElement\":[{\"@type\":\"ListItem\",\"position\":1,\"name\":\"Home\",\"item\":\"https:\/\/www.manaus.am.gov.br\/implurb\/\"},{\"@type\":\"ListItem\",\"position\":2,\"name\":\"Obras da prefeitura no Centro e no parque Amazonino Mendes aquecem mercado de trabalho\"}]},{\"@type\":\"WebSite\",\"@id\":\"https:\/\/www.manaus.am.gov.br\/implurb\/#website\",\"url\":\"https:\/\/www.manaus.am.gov.br\/implurb\/\",\"name\":\"IMPLURB\",\"description\":\"Prefeitura de Manaus\",\"potentialAction\":[{\"@type\":\"SearchAction\",\"target\":{\"@type\":\"EntryPoint\",\"urlTemplate\":\"https:\/\/www.manaus.am.gov.br\/implurb\/?s={search_term_string}\"},\"query-input\":\"required name=search_term_string\"}],\"inLanguage\":\"pt-BR\"},{\"@type\":\"Person\",\"@id\":\"https:\/\/www.manaus.am.gov.br\/implurb\/#\/schema\/person\/4e49f4e267757a06ca072ec61b2b9968\",\"name\":\"Adriana Costa\",\"image\":{\"@type\":\"ImageObject\",\"inLanguage\":\"pt-BR\",\"@id\":\"https:\/\/www.manaus.am.gov.br\/implurb\/#\/schema\/person\/image\/\",\"url\":\"https:\/\/secure.gravatar.com\/avatar\/576258617ef7194f718179e766d57bd4?s=96&d=mm&r=g\",\"contentUrl\":\"https:\/\/secure.gravatar.com\/avatar\/576258617ef7194f718179e766d57bd4?s=96&d=mm&r=g\",\"caption\":\"Adriana Costa\"}}]}<\/script>\n<!-- \/ Yoast SEO plugin. -->","yoast_head_json":{"title":"Obras da prefeitura no Centro e no parque Amazonino Mendes aquecem mercado de trabalho","description":"Duas grandes frentes de obra na capital avan\u00e7am para a constru\u00e7\u00e3o de novas \u00e1reas p\u00fablicas com a assinatura da Prefeitura de Manaus, movimentando a economia local com a contrata\u00e7\u00e3o de oper\u00e1rios e m\u00e3o de obra especializada. Somando as interven\u00e7\u00f5es, os canteiros t\u00eam 240 pessoas ocupadas.","robots":{"index":"noindex","follow":"follow"},"og_locale":"pt_BR","og_type":"article","og_title":"Obras da prefeitura no Centro e no parque Amazonino Mendes aquecem mercado de trabalho","og_description":"Duas grandes frentes de obra na capital avan\u00e7am para a constru\u00e7\u00e3o de novas \u00e1reas p\u00fablicas com a assinatura da Prefeitura de Manaus, movimentando a economia local com a contrata\u00e7\u00e3o de oper\u00e1rios e m\u00e3o de obra especializada. Somando as interven\u00e7\u00f5es, os canteiros t\u00eam 240 pessoas ocupadas.","og_url":"https:\/\/www.manaus.am.gov.br\/implurb\/obras-da-prefeitura-no-centro-e-no-parque-amazonino-mendes-aquecem-mercado-de-trabalho\/","og_site_name":"IMPLURB","article_published_time":"2023-08-23T17:10:45+00:00","article_modified_time":"2023-08-23T17:10:49+00:00","og_image":[{"width":2048,"height":1365,"url":"https:\/\/www.manaus.am.gov.br\/implurb\/wp-content\/uploads\/sites\/13\/2023\/08\/canteiros9.jpg","type":"image\/jpeg"}],"author":"Adriana Costa","twitter_card":"summary_large_image","twitter_misc":{"Written by":"Adriana Costa","Est. reading time":"3 minutos"},"schema":{"@context":"https:\/\/schema.org","@graph":[{"@type":"WebPage","@id":"https:\/\/www.manaus.am.gov.br\/implurb\/obras-da-prefeitura-no-centro-e-no-parque-amazonino-mendes-aquecem-mercado-de-trabalho\/","url":"https:\/\/www.manaus.am.gov.br\/implurb\/obras-da-prefeitura-no-centro-e-no-parque-amazonino-mendes-aquecem-mercado-de-trabalho\/","name":"Obras da prefeitura no Centro e no parque Amazonino Mendes aquecem mercado de trabalho","isPartOf":{"@id":"https:\/\/www.manaus.am.gov.br\/implurb\/#website"},"primaryImageOfPage":{"@id":"https:\/\/www.manaus.am.gov.br\/implurb\/obras-da-prefeitura-no-centro-e-no-parque-amazonino-mendes-aquecem-mercado-de-trabalho\/#primaryimage"},"image":{"@id":"https:\/\/www.manaus.am.gov.br\/implurb\/obras-da-prefeitura-no-centro-e-no-parque-amazonino-mendes-aquecem-mercado-de-trabalho\/#primaryimage"},"thumbnailUrl":"https:\/\/www.manaus.am.gov.br\/implurb\/wp-content\/uploads\/sites\/13\/2023\/08\/canteiros9.jpg","datePublished":"2023-08-23T17:10:45+00:00","dateModified":"2023-08-23T17:10:49+00:00","author":{"@id":"https:\/\/www.manaus.am.gov.br\/implurb\/#\/schema\/person\/4e49f4e267757a06ca072ec61b2b9968"},"description":"Duas grandes frentes de obra na capital avan\u00e7am para a constru\u00e7\u00e3o de novas \u00e1reas p\u00fablicas com a assinatura da Prefeitura de Manaus, movimentando a economia local com a contrata\u00e7\u00e3o de oper\u00e1rios e m\u00e3o de obra especializada. Somando as interven\u00e7\u00f5es, os canteiros t\u00eam 240 pessoas ocupadas.","breadcrumb":{"@id":"https:\/\/www.manaus.am.gov.br\/implurb\/obras-da-prefeitura-no-centro-e-no-parque-amazonino-mendes-aquecem-mercado-de-trabalho\/#breadcrumb"},"inLanguage":"pt-BR","potentialAction":[{"@type":"ReadAction","target":["https:\/\/www.manaus.am.gov.br\/implurb\/obras-da-prefeitura-no-centro-e-no-parque-amazonino-mendes-aquecem-mercado-de-trabalho\/"]}]},{"@type":"ImageObject","inLanguage":"pt-BR","@id":"https:\/\/www.manaus.am.gov.br\/implurb\/obras-da-prefeitura-no-centro-e-no-parque-amazonino-mendes-aquecem-mercado-de-trabalho\/#primaryimage","url":"https:\/\/www.manaus.am.gov.br\/implurb\/wp-content\/uploads\/sites\/13\/2023\/08\/canteiros9.jpg","contentUrl":"https:\/\/www.manaus.am.gov.br\/implurb\/wp-content\/uploads\/sites\/13\/2023\/08\/canteiros9.jpg","width":2048,"height":1365},{"@type":"BreadcrumbList","@id":"https:\/\/www.manaus.am.gov.br\/implurb\/obras-da-prefeitura-no-centro-e-no-parque-amazonino-mendes-aquecem-mercado-de-trabalho\/#breadcrumb","itemListElement":[{"@type":"ListItem","position":1,"name":"Home","item":"https:\/\/www.manaus.am.gov.br\/implurb\/"},{"@type":"ListItem","position":2,"name":"Obras da prefeitura no Centro e no parque Amazonino Mendes aquecem mercado de trabalho"}]},{"@type":"WebSite","@id":"https:\/\/www.manaus.am.gov.br\/implurb\/#website","url":"https:\/\/www.manaus.am.gov.br\/implurb\/","name":"IMPLURB","description":"Prefeitura de Manaus","potentialAction":[{"@type":"SearchAction","target":{"@type":"EntryPoint","urlTemplate":"https:\/\/www.manaus.am.gov.br\/implurb\/?s={search_term_string}"},"query-input":"required name=search_term_string"}],"inLanguage":"pt-BR"},{"@type":"Person","@id":"https:\/\/www.manaus.am.gov.br\/implurb\/#\/schema\/person\/4e49f4e267757a06ca072ec61b2b9968","name":"Adriana Costa","image":{"@type":"ImageObject","inLanguage":"pt-BR","@id":"https:\/\/www.manaus.am.gov.br\/implurb\/#\/schema\/person\/image\/","url":"https:\/\/secure.gravatar.com\/avatar\/576258617ef7194f718179e766d57bd4?s=96&d=mm&r=g","contentUrl":"https:\/\/secure.gravatar.com\/avatar\/576258617ef7194f718179e766d57bd4?s=96&d=mm&r=g","caption":"Adriana Costa"}}]}},"_links":{"self":[{"href":"https:\/\/www.manaus.am.gov.br\/implurb\/wp-json\/wp\/v2\/posts\/2328"}],"collection":[{"href":"https:\/\/www.manaus.am.gov.br\/implurb\/wp-json\/wp\/v2\/posts"}],"about":[{"href":"https:\/\/www.manaus.am.gov.br\/implurb\/wp-json\/wp\/v2\/types\/post"}],"author":[{"embeddable":true,"href":"https:\/\/www.manaus.am.gov.br\/implurb\/wp-json\/wp\/v2\/users\/23"}],"replies":[{"embeddable":true,"href":"https:\/\/www.manaus.am.gov.br\/implurb\/wp-json\/wp\/v2\/comments?post=2328"}],"version-history":[{"count":0,"href":"https:\/\/www.manaus.am.gov.br\/implurb\/wp-json\/wp\/v2\/posts\/2328\/revisions"}],"wp:featuredmedia":[{"embeddable":true,"href":"https:\/\/www.manaus.am.gov.br\/implurb\/wp-json\/wp\/v2\/media\/2329"}],"wp:attachment":[{"href":"https:\/\/www.manaus.am.gov.br\/implurb\/wp-json\/wp\/v2\/media?parent=2328"}],"wp:term":[{"taxonomy":"category","embeddable":true,"href":"https:\/\/www.manaus.am.gov.br\/implurb\/wp-json\/wp\/v2\/categories?post=2328"},{"taxonomy":"post_tag","embeddable":true,"href":"https:\/\/www.manaus.am.gov.br\/implurb\/wp-json\/wp\/v2\/tags?post=2328"}],"curies":[{"name":"wp","href":"https:\/\/api.w.org\/{rel}","templated":true}]}}