{"id":2323,"date":"2023-08-22T17:14:57","date_gmt":"2023-08-22T21:14:57","guid":{"rendered":"https:\/\/www.manaus.am.gov.br\/implurb\/prefeito-vistoria-construcao-de-pier-flutuante-do-mirante-lucia-almeida\/"},"modified":"2023-08-22T17:34:54","modified_gmt":"2023-08-22T21:34:54","slug":"prefeito-vistoria-construcao-de-pier-flutuante-do-mirante-lucia-almeida","status":"publish","type":"post","link":"https:\/\/www.manaus.am.gov.br\/implurb\/prefeito-vistoria-construcao-de-pier-flutuante-do-mirante-lucia-almeida\/","title":{"rendered":"<strong>Prefeito vistoria constru\u00e7\u00e3o de p\u00eder flutuante do mirante L\u00facia Almeida<\/strong>"},"content":{"rendered":"\n<p>O prefeito de Manaus, David Almeida, ao lado do titular do Instituto Municipal de Planejamento Urbano (Implurb), Carlos Valente, fiscalizou, na tarde desta ter\u00e7a-feira, 22\/8, a constru\u00e7\u00e3o da estrutura met\u00e1lica que ligar\u00e1 o mirante L\u00facia Almeida ao p\u00eder tur\u00edstico que servir\u00e1 de porta de entrada para os turistas no centro hist\u00f3rico da cidade. As obras fazem parte do projeto \u201cNosso Centro\u201d, que busca revitalizar a parte central da capital amazonense.<\/p>\n\n\n\n<p>David Almeida explicou que essas estruturas met\u00e1licas de 195 metros v\u00e3o servir para ligar o Mirante L\u00facia Almeida com o p\u00eder tur\u00edstico que ser\u00e1 constru\u00eddo a partir de mar\u00e7o de 2024, possibilitando assim que o turista desembarque na Ilha de S\u00e3o Vicente e j\u00e1 passe a vivenciar uma parte da hist\u00f3ria de Manaus.<\/p>\n\n\n\n<p>\u201cEssas estruturas ser\u00e3o agregadas ao Mirante L\u00facia Almeida e v\u00e3o ligar ao p\u00eder tur\u00edstico. Essa ser\u00e1 uma nova op\u00e7\u00e3o aos turistas que v\u00e3o chegar a cidade, podendo desembarcar no Largo da Ilha de S\u00e3o Vicente, tendo uma experi\u00eancia diferente, j\u00e1 conhecendo uma das \u00e1reas mais importantes da cidade, um espa\u00e7o onde Manaus come\u00e7ou a ser constru\u00edda\u201d, enfatizou Almeida.<\/p>\n\n\n\n<p>A \u00e1rea total do mirante \u00e9 de 4,9 mil metros quadrados e o pr\u00e9dio ser\u00e1 o primeiro espa\u00e7o multigeracional vertical da capital. Simultaneamente, s\u00e3o feitas a infraestrutura de el\u00e9trica e l\u00f3gica e pintura do steel deck.<\/p>\n\n\n\n<p>Hoje, o local \u00e9 um canteiro gigante com v\u00e1rias frentes de obras, com oper\u00e1rios trabalhando desde concretagem de pilares, embo\u00e7o e acabamento de vigas no primeiro e segundo pavimentos at\u00e9 execu\u00e7\u00e3o de contrapiso e revestimento nos banheiros, passando pela constru\u00e7\u00e3o do hall do elevador central do im\u00f3vel.<\/p>\n\n\n\n<p>Para Carlos Valente, a obra \u00e9 mais um \u2018gol de placa\u2019 da atual gest\u00e3o municipal que busca resgatar o centro hist\u00f3rico de Manaus, modernizando os espa\u00e7os p\u00fablicos, tornando-os atrativos aos turistas e moradores da cidade.<\/p>\n\n\n\n<p>\u201cEsse p\u00eder tur\u00edstico \u00e9 parte integrante de todo esfor\u00e7o determinando pelo prefeito David Almeida para que fa\u00e7amos a mudan\u00e7a da hist\u00f3ria do centro de Manaus. Muitas gest\u00f5es prometeram isso, mas foi o prefeito David Almeida que aportou recursos para tirar esse projeto do papel. J\u00e1 no dia 23 de dezembro entregamos a primeira etapa e, mais ou menos em maio, o p\u00eder ser\u00e1 entregue\u201d, afirmou Valente.<\/p>\n\n\n\n<p>&#8212; &#8212; &#8212;<\/p>\n\n\n\n<p><strong>Texto &#8211; <\/strong>Thiago Fernando \/ Semcom<\/p>\n\n\n\n<p><strong>Fotos \u2013 <\/strong>Dhyeizo Lemos \/ Semcom<\/p>\n\n\n\n<p><strong>Dispon\u00edveis em &#8211; <\/strong><a href=\"https:\/\/flic.kr\/s\/aHBqjARZAP\">https:\/\/flic.kr\/s\/aHBqjARZAP<\/a><\/p>\n","protected":false},"excerpt":{"rendered":"","protected":false},"author":39,"featured_media":2324,"comment_status":"closed","ping_status":"closed","sticky":false,"template":"","format":"standard","meta":{"footnotes":""},"categories":[37],"tags":[474,31,475,476,11,13,59,15,477],"acf":[],"yoast_head":"<!-- This site is optimized with the Yoast SEO plugin v23.0 - https:\/\/yoast.com\/wordpress\/plugins\/seo\/ -->\n<title>Prefeito vistoria constru\u00e7\u00e3o de p\u00eder flutuante do mirante L\u00facia Almeida<\/title>\n<meta name=\"description\" content=\"O prefeito de Manaus, David Almeida, ao lado do titular do Instituto Municipal de Planejamento Urbano (Implurb), Carlos Valente, fiscalizou, na tarde desta ter\u00e7a-feira, 22\/8, a constru\u00e7\u00e3o da estrutura met\u00e1lica que ligar\u00e1 o mirante L\u00facia Almeida ao p\u00eder tur\u00edstico que servir\u00e1 de porta de entrada para os turistas no centro hist\u00f3rico da cidade.\" \/>\n<meta name=\"robots\" content=\"noindex, follow\" \/>\n<meta property=\"og:locale\" content=\"pt_BR\" \/>\n<meta property=\"og:type\" content=\"article\" \/>\n<meta property=\"og:title\" content=\"Prefeito vistoria constru\u00e7\u00e3o de p\u00eder flutuante do mirante L\u00facia Almeida\" \/>\n<meta property=\"og:description\" content=\"O prefeito de Manaus, David Almeida, ao lado do titular do Instituto Municipal de Planejamento Urbano (Implurb), Carlos Valente, fiscalizou, na tarde desta ter\u00e7a-feira, 22\/8, a constru\u00e7\u00e3o da estrutura met\u00e1lica que ligar\u00e1 o mirante L\u00facia Almeida ao p\u00eder tur\u00edstico que servir\u00e1 de porta de entrada para os turistas no centro hist\u00f3rico da cidade.\" \/>\n<meta property=\"og:url\" content=\"https:\/\/www.manaus.am.gov.br\/implurb\/prefeito-vistoria-construcao-de-pier-flutuante-do-mirante-lucia-almeida\/\" \/>\n<meta property=\"og:site_name\" content=\"IMPLURB\" \/>\n<meta property=\"article:published_time\" content=\"2023-08-22T21:14:57+00:00\" \/>\n<meta property=\"article:modified_time\" content=\"2023-08-22T21:34:54+00:00\" \/>\n<meta property=\"og:image\" content=\"https:\/\/www.manaus.am.gov.br\/implurb\/wp-content\/uploads\/sites\/13\/2023\/08\/53134523387_9d179c4421_k.jpg\" \/>\n\t<meta property=\"og:image:width\" content=\"2048\" \/>\n\t<meta property=\"og:image:height\" content=\"1409\" \/>\n\t<meta property=\"og:image:type\" content=\"image\/jpeg\" \/>\n<meta name=\"author\" content=\"Bruna Greco\" \/>\n<meta name=\"twitter:card\" content=\"summary_large_image\" \/>\n<meta name=\"twitter:label1\" content=\"Written by\" \/>\n\t<meta name=\"twitter:data1\" content=\"Bruna Greco\" \/>\n\t<meta name=\"twitter:label2\" content=\"Est. reading time\" \/>\n\t<meta name=\"twitter:data2\" content=\"3 minutos\" \/>\n<script type=\"application\/ld+json\" class=\"yoast-schema-graph\">{\"@context\":\"https:\/\/schema.org\",\"@graph\":[{\"@type\":\"WebPage\",\"@id\":\"https:\/\/www.manaus.am.gov.br\/implurb\/prefeito-vistoria-construcao-de-pier-flutuante-do-mirante-lucia-almeida\/\",\"url\":\"https:\/\/www.manaus.am.gov.br\/implurb\/prefeito-vistoria-construcao-de-pier-flutuante-do-mirante-lucia-almeida\/\",\"name\":\"Prefeito vistoria constru\u00e7\u00e3o de p\u00eder flutuante do mirante L\u00facia Almeida\",\"isPartOf\":{\"@id\":\"https:\/\/www.manaus.am.gov.br\/implurb\/#website\"},\"primaryImageOfPage\":{\"@id\":\"https:\/\/www.manaus.am.gov.br\/implurb\/prefeito-vistoria-construcao-de-pier-flutuante-do-mirante-lucia-almeida\/#primaryimage\"},\"image\":{\"@id\":\"https:\/\/www.manaus.am.gov.br\/implurb\/prefeito-vistoria-construcao-de-pier-flutuante-do-mirante-lucia-almeida\/#primaryimage\"},\"thumbnailUrl\":\"https:\/\/www.manaus.am.gov.br\/implurb\/wp-content\/uploads\/sites\/13\/2023\/08\/53134523387_9d179c4421_k.jpg\",\"datePublished\":\"2023-08-22T21:14:57+00:00\",\"dateModified\":\"2023-08-22T21:34:54+00:00\",\"author\":{\"@id\":\"https:\/\/www.manaus.am.gov.br\/implurb\/#\/schema\/person\/05d223aea2bf115f9883a6ff3683d81b\"},\"description\":\"O prefeito de Manaus, David Almeida, ao lado do titular do Instituto Municipal de Planejamento Urbano (Implurb), Carlos Valente, fiscalizou, na tarde desta ter\u00e7a-feira, 22\/8, a constru\u00e7\u00e3o da estrutura met\u00e1lica que ligar\u00e1 o mirante L\u00facia Almeida ao p\u00eder tur\u00edstico que servir\u00e1 de porta de entrada para os turistas no centro hist\u00f3rico da cidade.\",\"breadcrumb\":{\"@id\":\"https:\/\/www.manaus.am.gov.br\/implurb\/prefeito-vistoria-construcao-de-pier-flutuante-do-mirante-lucia-almeida\/#breadcrumb\"},\"inLanguage\":\"pt-BR\",\"potentialAction\":[{\"@type\":\"ReadAction\",\"target\":[\"https:\/\/www.manaus.am.gov.br\/implurb\/prefeito-vistoria-construcao-de-pier-flutuante-do-mirante-lucia-almeida\/\"]}]},{\"@type\":\"ImageObject\",\"inLanguage\":\"pt-BR\",\"@id\":\"https:\/\/www.manaus.am.gov.br\/implurb\/prefeito-vistoria-construcao-de-pier-flutuante-do-mirante-lucia-almeida\/#primaryimage\",\"url\":\"https:\/\/www.manaus.am.gov.br\/implurb\/wp-content\/uploads\/sites\/13\/2023\/08\/53134523387_9d179c4421_k.jpg\",\"contentUrl\":\"https:\/\/www.manaus.am.gov.br\/implurb\/wp-content\/uploads\/sites\/13\/2023\/08\/53134523387_9d179c4421_k.jpg\",\"width\":2048,\"height\":1409},{\"@type\":\"BreadcrumbList\",\"@id\":\"https:\/\/www.manaus.am.gov.br\/implurb\/prefeito-vistoria-construcao-de-pier-flutuante-do-mirante-lucia-almeida\/#breadcrumb\",\"itemListElement\":[{\"@type\":\"ListItem\",\"position\":1,\"name\":\"Home\",\"item\":\"https:\/\/www.manaus.am.gov.br\/implurb\/\"},{\"@type\":\"ListItem\",\"position\":2,\"name\":\"Prefeito vistoria constru\u00e7\u00e3o de p\u00eder flutuante do mirante L\u00facia Almeida\"}]},{\"@type\":\"WebSite\",\"@id\":\"https:\/\/www.manaus.am.gov.br\/implurb\/#website\",\"url\":\"https:\/\/www.manaus.am.gov.br\/implurb\/\",\"name\":\"IMPLURB\",\"description\":\"Prefeitura de Manaus\",\"potentialAction\":[{\"@type\":\"SearchAction\",\"target\":{\"@type\":\"EntryPoint\",\"urlTemplate\":\"https:\/\/www.manaus.am.gov.br\/implurb\/?s={search_term_string}\"},\"query-input\":\"required name=search_term_string\"}],\"inLanguage\":\"pt-BR\"},{\"@type\":\"Person\",\"@id\":\"https:\/\/www.manaus.am.gov.br\/implurb\/#\/schema\/person\/05d223aea2bf115f9883a6ff3683d81b\",\"name\":\"Bruna Greco\",\"image\":{\"@type\":\"ImageObject\",\"inLanguage\":\"pt-BR\",\"@id\":\"https:\/\/www.manaus.am.gov.br\/implurb\/#\/schema\/person\/image\/\",\"url\":\"https:\/\/secure.gravatar.com\/avatar\/9c877d1a6adc2a055330e5c09a8653ce?s=96&d=mm&r=g\",\"contentUrl\":\"https:\/\/secure.gravatar.com\/avatar\/9c877d1a6adc2a055330e5c09a8653ce?s=96&d=mm&r=g\",\"caption\":\"Bruna Greco\"}}]}<\/script>\n<!-- \/ Yoast SEO plugin. -->","yoast_head_json":{"title":"Prefeito vistoria constru\u00e7\u00e3o de p\u00eder flutuante do mirante L\u00facia Almeida","description":"O prefeito de Manaus, David Almeida, ao lado do titular do Instituto Municipal de Planejamento Urbano (Implurb), Carlos Valente, fiscalizou, na tarde desta ter\u00e7a-feira, 22\/8, a constru\u00e7\u00e3o da estrutura met\u00e1lica que ligar\u00e1 o mirante L\u00facia Almeida ao p\u00eder tur\u00edstico que servir\u00e1 de porta de entrada para os turistas no centro hist\u00f3rico da cidade.","robots":{"index":"noindex","follow":"follow"},"og_locale":"pt_BR","og_type":"article","og_title":"Prefeito vistoria constru\u00e7\u00e3o de p\u00eder flutuante do mirante L\u00facia Almeida","og_description":"O prefeito de Manaus, David Almeida, ao lado do titular do Instituto Municipal de Planejamento Urbano (Implurb), Carlos Valente, fiscalizou, na tarde desta ter\u00e7a-feira, 22\/8, a constru\u00e7\u00e3o da estrutura met\u00e1lica que ligar\u00e1 o mirante L\u00facia Almeida ao p\u00eder tur\u00edstico que servir\u00e1 de porta de entrada para os turistas no centro hist\u00f3rico da cidade.","og_url":"https:\/\/www.manaus.am.gov.br\/implurb\/prefeito-vistoria-construcao-de-pier-flutuante-do-mirante-lucia-almeida\/","og_site_name":"IMPLURB","article_published_time":"2023-08-22T21:14:57+00:00","article_modified_time":"2023-08-22T21:34:54+00:00","og_image":[{"width":2048,"height":1409,"url":"https:\/\/www.manaus.am.gov.br\/implurb\/wp-content\/uploads\/sites\/13\/2023\/08\/53134523387_9d179c4421_k.jpg","type":"image\/jpeg"}],"author":"Bruna Greco","twitter_card":"summary_large_image","twitter_misc":{"Written by":"Bruna Greco","Est. reading time":"3 minutos"},"schema":{"@context":"https:\/\/schema.org","@graph":[{"@type":"WebPage","@id":"https:\/\/www.manaus.am.gov.br\/implurb\/prefeito-vistoria-construcao-de-pier-flutuante-do-mirante-lucia-almeida\/","url":"https:\/\/www.manaus.am.gov.br\/implurb\/prefeito-vistoria-construcao-de-pier-flutuante-do-mirante-lucia-almeida\/","name":"Prefeito vistoria constru\u00e7\u00e3o de p\u00eder flutuante do mirante L\u00facia Almeida","isPartOf":{"@id":"https:\/\/www.manaus.am.gov.br\/implurb\/#website"},"primaryImageOfPage":{"@id":"https:\/\/www.manaus.am.gov.br\/implurb\/prefeito-vistoria-construcao-de-pier-flutuante-do-mirante-lucia-almeida\/#primaryimage"},"image":{"@id":"https:\/\/www.manaus.am.gov.br\/implurb\/prefeito-vistoria-construcao-de-pier-flutuante-do-mirante-lucia-almeida\/#primaryimage"},"thumbnailUrl":"https:\/\/www.manaus.am.gov.br\/implurb\/wp-content\/uploads\/sites\/13\/2023\/08\/53134523387_9d179c4421_k.jpg","datePublished":"2023-08-22T21:14:57+00:00","dateModified":"2023-08-22T21:34:54+00:00","author":{"@id":"https:\/\/www.manaus.am.gov.br\/implurb\/#\/schema\/person\/05d223aea2bf115f9883a6ff3683d81b"},"description":"O prefeito de Manaus, David Almeida, ao lado do titular do Instituto Municipal de Planejamento Urbano (Implurb), Carlos Valente, fiscalizou, na tarde desta ter\u00e7a-feira, 22\/8, a constru\u00e7\u00e3o da estrutura met\u00e1lica que ligar\u00e1 o mirante L\u00facia Almeida ao p\u00eder tur\u00edstico que servir\u00e1 de porta de entrada para os turistas no centro hist\u00f3rico da cidade.","breadcrumb":{"@id":"https:\/\/www.manaus.am.gov.br\/implurb\/prefeito-vistoria-construcao-de-pier-flutuante-do-mirante-lucia-almeida\/#breadcrumb"},"inLanguage":"pt-BR","potentialAction":[{"@type":"ReadAction","target":["https:\/\/www.manaus.am.gov.br\/implurb\/prefeito-vistoria-construcao-de-pier-flutuante-do-mirante-lucia-almeida\/"]}]},{"@type":"ImageObject","inLanguage":"pt-BR","@id":"https:\/\/www.manaus.am.gov.br\/implurb\/prefeito-vistoria-construcao-de-pier-flutuante-do-mirante-lucia-almeida\/#primaryimage","url":"https:\/\/www.manaus.am.gov.br\/implurb\/wp-content\/uploads\/sites\/13\/2023\/08\/53134523387_9d179c4421_k.jpg","contentUrl":"https:\/\/www.manaus.am.gov.br\/implurb\/wp-content\/uploads\/sites\/13\/2023\/08\/53134523387_9d179c4421_k.jpg","width":2048,"height":1409},{"@type":"BreadcrumbList","@id":"https:\/\/www.manaus.am.gov.br\/implurb\/prefeito-vistoria-construcao-de-pier-flutuante-do-mirante-lucia-almeida\/#breadcrumb","itemListElement":[{"@type":"ListItem","position":1,"name":"Home","item":"https:\/\/www.manaus.am.gov.br\/implurb\/"},{"@type":"ListItem","position":2,"name":"Prefeito vistoria constru\u00e7\u00e3o de p\u00eder flutuante do mirante L\u00facia Almeida"}]},{"@type":"WebSite","@id":"https:\/\/www.manaus.am.gov.br\/implurb\/#website","url":"https:\/\/www.manaus.am.gov.br\/implurb\/","name":"IMPLURB","description":"Prefeitura de Manaus","potentialAction":[{"@type":"SearchAction","target":{"@type":"EntryPoint","urlTemplate":"https:\/\/www.manaus.am.gov.br\/implurb\/?s={search_term_string}"},"query-input":"required name=search_term_string"}],"inLanguage":"pt-BR"},{"@type":"Person","@id":"https:\/\/www.manaus.am.gov.br\/implurb\/#\/schema\/person\/05d223aea2bf115f9883a6ff3683d81b","name":"Bruna Greco","image":{"@type":"ImageObject","inLanguage":"pt-BR","@id":"https:\/\/www.manaus.am.gov.br\/implurb\/#\/schema\/person\/image\/","url":"https:\/\/secure.gravatar.com\/avatar\/9c877d1a6adc2a055330e5c09a8653ce?s=96&d=mm&r=g","contentUrl":"https:\/\/secure.gravatar.com\/avatar\/9c877d1a6adc2a055330e5c09a8653ce?s=96&d=mm&r=g","caption":"Bruna Greco"}}]}},"_links":{"self":[{"href":"https:\/\/www.manaus.am.gov.br\/implurb\/wp-json\/wp\/v2\/posts\/2323"}],"collection":[{"href":"https:\/\/www.manaus.am.gov.br\/implurb\/wp-json\/wp\/v2\/posts"}],"about":[{"href":"https:\/\/www.manaus.am.gov.br\/implurb\/wp-json\/wp\/v2\/types\/post"}],"author":[{"embeddable":true,"href":"https:\/\/www.manaus.am.gov.br\/implurb\/wp-json\/wp\/v2\/users\/39"}],"replies":[{"embeddable":true,"href":"https:\/\/www.manaus.am.gov.br\/implurb\/wp-json\/wp\/v2\/comments?post=2323"}],"version-history":[{"count":1,"href":"https:\/\/www.manaus.am.gov.br\/implurb\/wp-json\/wp\/v2\/posts\/2323\/revisions"}],"predecessor-version":[{"id":2325,"href":"https:\/\/www.manaus.am.gov.br\/implurb\/wp-json\/wp\/v2\/posts\/2323\/revisions\/2325"}],"wp:featuredmedia":[{"embeddable":true,"href":"https:\/\/www.manaus.am.gov.br\/implurb\/wp-json\/wp\/v2\/media\/2324"}],"wp:attachment":[{"href":"https:\/\/www.manaus.am.gov.br\/implurb\/wp-json\/wp\/v2\/media?parent=2323"}],"wp:term":[{"taxonomy":"category","embeddable":true,"href":"https:\/\/www.manaus.am.gov.br\/implurb\/wp-json\/wp\/v2\/categories?post=2323"},{"taxonomy":"post_tag","embeddable":true,"href":"https:\/\/www.manaus.am.gov.br\/implurb\/wp-json\/wp\/v2\/tags?post=2323"}],"curies":[{"name":"wp","href":"https:\/\/api.w.org\/{rel}","templated":true}]}}