{"id":2304,"date":"2023-08-17T13:22:53","date_gmt":"2023-08-17T17:22:53","guid":{"rendered":"https:\/\/www.manaus.am.gov.br\/implurb\/prefeitura-e-creci-am-comecam-despoluicao-visual-na-capital-em-tres-avenidas\/"},"modified":"2023-08-17T13:31:01","modified_gmt":"2023-08-17T17:31:01","slug":"prefeitura-e-creci-am-comecam-despoluicao-visual-na-capital-em-tres-avenidas","status":"publish","type":"post","link":"https:\/\/www.manaus.am.gov.br\/implurb\/prefeitura-e-creci-am-comecam-despoluicao-visual-na-capital-em-tres-avenidas\/","title":{"rendered":"<strong>Prefeitura e Creci-AM come\u00e7am despolui\u00e7\u00e3o visual na capital em tr\u00eas avenidas<\/strong>"},"content":{"rendered":"\n<p>As avenidas Dr. Theom\u00e1rio Pinto, Pedro Teixeira e Jacira Reis, nas zonas Centro-Oeste e Centro-Sul, foram as primeiras a receber a opera\u00e7\u00e3o \u201cLimpa Manaus\u201d de despolui\u00e7\u00e3o visual, realizada pela Prefeitura de Manaus, nesta quinta-feira, 17\/8, com a retirada de dezenas de engenhos publicit\u00e1rios e publicidades irregulares e ilegais instalados em locais proibidos e n\u00e3o pass\u00edveis de regulariza\u00e7\u00e3o.<\/p>\n\n\n\n<p>Em parceria com o&nbsp;Conselho Regional de Corretores de Im\u00f3veis do Estado do Amazonas (Creci-AM), o&nbsp;Instituto Municipal de Planejamento Urbano (Implurb) deu in\u00edcio \u00e0s a\u00e7\u00f5es, que ser\u00e3o semanais, contando com apoio das secretarias municipais de Seguran\u00e7a P\u00fablica e Defesa Social (Semseg) e de Limpeza Urbana (Semulsp), al\u00e9m do Instituto Municipal de Mobilidade Urbana (IMMU).<\/p>\n\n\n\n<p>J\u00e1 est\u00e3o agendadas rotas at\u00e9 o m\u00eas de setembro. As empresas e pessoas f\u00edsicas ou jur\u00eddicas que fazem publicidade irregular, em locais como postes, \u00e1rvores, logradouros p\u00fablicos, cal\u00e7adas, sinaliza\u00e7\u00e3o de tr\u00e2nsito, pontes, viadutos, passarelas e outros espa\u00e7os similares, est\u00e3o sujeitas ainda a aplica\u00e7\u00e3o de multas pela infra\u00e7\u00e3o, variando de quatro UFMs (Unidade Fiscal do Munic\u00edpio), R$ 315,16, at\u00e9 70 UFMs, R$ 9.433,90, conforme o C\u00f3digo de Posturas da cidade, da Lei Complementar 005\/2014.<\/p>\n\n\n\n<p>\u201cEsse \u00e9 o primeiro dia da a\u00e7\u00e3o, que vai se repetir toda quinta-feira e que tem como finalidade deixar a cidade livre da polui\u00e7\u00e3o visual e que \u00e9 proibida, como o uso de postes e \u00e1rvores. Algumas placas, como cavaletes e fl\u00e2mulas, colocados nas cal\u00e7adas, podem oferecer risco a pedestres. Ent\u00e3o, pedimos o apoio da popula\u00e7\u00e3o, de comerciantes e lojistas para que n\u00e3o usem o espa\u00e7o p\u00fablico de forma irregular e, em caso de d\u00favida, procurem a Ger\u00eancia de Engenhos Publicit\u00e1rios (GEP) do Implurb para a devida orienta\u00e7\u00e3o\u201d, explicou a gerente do setor, a arquiteta Naiara Freitas.<\/p>\n\n\n\n<p>Para o presidente do Creci-AM, Paulo Carvalho, a parceria com o Implurb e a prefeitura \u00e9 importante para a sociedade manauara entender o alerta contra a polui\u00e7\u00e3o visual e a publicidade irregular, especialmente envolvendo an\u00fancios de im\u00f3veis.<\/p>\n\n\n\n<p>\u201cSe perceber, nas placas, banners e an\u00fancios de im\u00f3veis, se nota que n\u00e3o tem o n\u00famero do Creci dos profissionais. Se n\u00e3o tem o n\u00famero, al\u00e9m de ser proibido o local, se pode suspeitar de um golpe, de um crime de estelionato. O corretor que se preza, ele coloca o seu Creci e usa outros meios para anunciar seus servi\u00e7os, n\u00e3o usando postes e \u00e1rvores, onde h\u00e1 proibi\u00e7\u00e3o\u201d, comentou Carvalho.<\/p>\n\n\n\n<p><strong>Proibi\u00e7\u00e3o<\/strong><\/p>\n\n\n\n<p>Como publicidades em postes, por exemplo, s\u00e3o proibidas, n\u00e3o h\u00e1 como regularizar, as a\u00e7\u00f5es ser\u00e3o de retirada, n\u00e3o havendo necessidade de notifica\u00e7\u00e3o, uma vez que a ilegalidade \u00e9 de conhecimento p\u00fablico.<\/p>\n\n\n\n<p>\u201cEsse tipo de publicidade, com tanta tecnologia e servi\u00e7os \u00e0 disposi\u00e7\u00e3o, \u00e9 intoler\u00e1vel. A diretriz do prefeito David Almeida \u00e9 ter uma cidade atrativa para neg\u00f3cios, turismo e de qualidade para os habitantes, e n\u00e3o se pode ter essas publicidades irregulares, que s\u00f3 fazem sujar Manaus\u201d, comentou o diretor-presidente do Implurb, engenheiro Carlos Valente.<\/p>\n\n\n\n<p>J\u00e1 h\u00e1 uma orienta\u00e7\u00e3o para que os agentes da Semulsp, sempre que estiverem realizando servi\u00e7os de capinagem, varri\u00e7\u00e3o e os mutir\u00f5es de limpeza di\u00e1rios, possam fazer essa retirada dos postes e das \u00e1reas irregulares.<\/p>\n\n\n\n<p>\u00c9 proibido, por exemplo, instalar engenhos em leitos dos rios, igarap\u00e9s, praias; postes de ilumina\u00e7\u00e3o p\u00fablica ou rede de telefonia, faixas ou placas acopladas \u00e0 sinaliza\u00e7\u00e3o de tr\u00e2nsito; obras p\u00fablicas, como pontes, viadutos, passarelas, al\u00e9m de est\u00e1tuas, esculturas, monumentos e bancos em logradouros e similares; no passeio p\u00fablico, salvo quando os mobili\u00e1rios urbanos s\u00e3o regulariz\u00e1veis e n\u00e3o prejudiquem a mobilidade urbana, mantendo-se livre o m\u00ednimo de 1,5 metro de passeio, inclusive no espa\u00e7o a\u00e9reo, entre outros.<\/p>\n\n\n\n<p>Os cavaletes, em geral, descumprem este \u00faltimo item, porque s\u00e3o colocados nas cal\u00e7adas e n\u00e3o s\u00e3o, dessa forma, pass\u00edveis de regulariza\u00e7\u00e3o, podendo ser apreendidos imediatamente.<\/p>\n\n\n\n<p>A regulamenta\u00e7\u00e3o dos engenhos \u00e9 prevista no Plano Diretor, no C\u00f3digo de Posturas de Manaus (Lei 005\/2014), que define quais tipos de publicidade podem ser regularizadas e lista os tipos e locais expressamente proibidos de instala\u00e7\u00e3o. Os licenciamentos de engenhos s\u00e3o feitos pela GEP.<\/p>\n\n\n\n<p><strong>Fiscaliza\u00e7\u00e3o<\/strong><\/p>\n\n\n\n<p>Den\u00fancias sobre obras irregulares, obstru\u00e7\u00f5es de logradouro, invas\u00e3o de \u00e1rea p\u00fablica e afins s\u00e3o atendidas pelo n\u00famero do Disque Den\u00fancia, o (92) 3673-9305, de segunda a sexta-feira, das 8h \u00e0s 14h, exceto feriados e pontos facultativos e, por e-mail, para o&nbsp;<a href=\"mailto:disquedenuncia.implurb@manaus.am.gov.br\" target=\"_blank\" rel=\"noreferrer noopener\">disquedenuncia.implurb@manaus.am.gov.br<\/a><\/p>\n\n\n\n<p>&#8212; &#8212; &#8212;<\/p>\n\n\n\n<p><strong>Texto &#8211;&nbsp;<\/strong>Claudia do Valle \/ Implurb<\/p>\n\n\n\n<p><strong>Fotos &#8211;<\/strong>&nbsp;Phill Lima \/ Semcom e&nbsp;Divulga\u00e7\u00e3o \/ Implurb<\/p>\n\n\n\n<p><strong>Dispon\u00edveis em &#8211;<\/strong>&nbsp;<a href=\"https:\/\/flic.kr\/s\/aHBqjARoLD\" target=\"_blank\" rel=\"noreferrer noopener\">https:\/\/flic.kr\/s\/aHBqjARoLD<\/a><\/p>\n","protected":false},"excerpt":{"rendered":"","protected":false},"author":24,"featured_media":2305,"comment_status":"closed","ping_status":"closed","sticky":false,"template":"","format":"standard","meta":{"footnotes":""},"categories":[412],"tags":[28,374,31,416,377,11,433,86,434,435,436,15,437,344,345,420],"acf":[],"yoast_head":"<!-- This site is optimized with the Yoast SEO plugin v23.0 - https:\/\/yoast.com\/wordpress\/plugins\/seo\/ -->\n<title>Prefeitura e Creci-AM come\u00e7am despolui\u00e7\u00e3o visual na capital em tr\u00eas avenidas - IMPLURB<\/title>\n<meta name=\"description\" content=\"As avenidas Dr. Theom\u00e1rio Pinto, Pedro Teixeira e Jacira Reis, nas zonas Centro-Oeste e Centro-Sul, foram as primeiras a receber a opera\u00e7\u00e3o \u201cLimpa Manaus\u201d de despolui\u00e7\u00e3o visual, realizada pela Prefeitura de Manaus, nesta quinta-feira, 17\/8, com a retirada de dezenas de engenhos publicit\u00e1rios e publicidades irregulares e ilegais instalados em locais proibidos e n\u00e3o pass\u00edveis de regulariza\u00e7\u00e3o.\" \/>\n<meta name=\"robots\" content=\"noindex, follow\" \/>\n<meta property=\"og:locale\" content=\"pt_BR\" \/>\n<meta property=\"og:type\" content=\"article\" \/>\n<meta property=\"og:title\" content=\"Prefeitura e Creci-AM come\u00e7am despolui\u00e7\u00e3o visual na capital em tr\u00eas avenidas - IMPLURB\" \/>\n<meta property=\"og:description\" content=\"As avenidas Dr. Theom\u00e1rio Pinto, Pedro Teixeira e Jacira Reis, nas zonas Centro-Oeste e Centro-Sul, foram as primeiras a receber a opera\u00e7\u00e3o \u201cLimpa Manaus\u201d de despolui\u00e7\u00e3o visual, realizada pela Prefeitura de Manaus, nesta quinta-feira, 17\/8, com a retirada de dezenas de engenhos publicit\u00e1rios e publicidades irregulares e ilegais instalados em locais proibidos e n\u00e3o pass\u00edveis de regulariza\u00e7\u00e3o.\" \/>\n<meta property=\"og:url\" content=\"https:\/\/www.manaus.am.gov.br\/implurb\/prefeitura-e-creci-am-comecam-despoluicao-visual-na-capital-em-tres-avenidas\/\" \/>\n<meta property=\"og:site_name\" content=\"IMPLURB\" \/>\n<meta property=\"article:published_time\" content=\"2023-08-17T17:22:53+00:00\" \/>\n<meta property=\"article:modified_time\" content=\"2023-08-17T17:31:01+00:00\" \/>\n<meta property=\"og:image\" content=\"https:\/\/www.manaus.am.gov.br\/implurb\/wp-content\/uploads\/sites\/13\/2023\/08\/limpa2.jpg\" \/>\n\t<meta property=\"og:image:width\" content=\"1024\" \/>\n\t<meta property=\"og:image:height\" content=\"768\" \/>\n\t<meta property=\"og:image:type\" content=\"image\/jpeg\" \/>\n<meta name=\"author\" content=\"Cl\u00e1udia Barbosa\" \/>\n<meta name=\"twitter:card\" content=\"summary_large_image\" \/>\n<meta name=\"twitter:label1\" content=\"Written by\" \/>\n\t<meta name=\"twitter:data1\" content=\"Cl\u00e1udia Barbosa\" \/>\n\t<meta name=\"twitter:label2\" content=\"Est. reading time\" \/>\n\t<meta name=\"twitter:data2\" content=\"4 minutos\" \/>\n<script type=\"application\/ld+json\" class=\"yoast-schema-graph\">{\"@context\":\"https:\/\/schema.org\",\"@graph\":[{\"@type\":\"WebPage\",\"@id\":\"https:\/\/www.manaus.am.gov.br\/implurb\/prefeitura-e-creci-am-comecam-despoluicao-visual-na-capital-em-tres-avenidas\/\",\"url\":\"https:\/\/www.manaus.am.gov.br\/implurb\/prefeitura-e-creci-am-comecam-despoluicao-visual-na-capital-em-tres-avenidas\/\",\"name\":\"Prefeitura e Creci-AM come\u00e7am despolui\u00e7\u00e3o visual na capital em tr\u00eas avenidas - IMPLURB\",\"isPartOf\":{\"@id\":\"https:\/\/www.manaus.am.gov.br\/implurb\/#website\"},\"primaryImageOfPage\":{\"@id\":\"https:\/\/www.manaus.am.gov.br\/implurb\/prefeitura-e-creci-am-comecam-despoluicao-visual-na-capital-em-tres-avenidas\/#primaryimage\"},\"image\":{\"@id\":\"https:\/\/www.manaus.am.gov.br\/implurb\/prefeitura-e-creci-am-comecam-despoluicao-visual-na-capital-em-tres-avenidas\/#primaryimage\"},\"thumbnailUrl\":\"https:\/\/www.manaus.am.gov.br\/implurb\/wp-content\/uploads\/sites\/13\/2023\/08\/limpa2.jpg\",\"datePublished\":\"2023-08-17T17:22:53+00:00\",\"dateModified\":\"2023-08-17T17:31:01+00:00\",\"author\":{\"@id\":\"https:\/\/www.manaus.am.gov.br\/implurb\/#\/schema\/person\/d0a166b5031154c33c77794ddc9a827e\"},\"description\":\"As avenidas Dr. Theom\u00e1rio Pinto, Pedro Teixeira e Jacira Reis, nas zonas Centro-Oeste e Centro-Sul, foram as primeiras a receber a opera\u00e7\u00e3o \u201cLimpa Manaus\u201d de despolui\u00e7\u00e3o visual, realizada pela Prefeitura de Manaus, nesta quinta-feira, 17\/8, com a retirada de dezenas de engenhos publicit\u00e1rios e publicidades irregulares e ilegais instalados em locais proibidos e n\u00e3o pass\u00edveis de regulariza\u00e7\u00e3o.\",\"breadcrumb\":{\"@id\":\"https:\/\/www.manaus.am.gov.br\/implurb\/prefeitura-e-creci-am-comecam-despoluicao-visual-na-capital-em-tres-avenidas\/#breadcrumb\"},\"inLanguage\":\"pt-BR\",\"potentialAction\":[{\"@type\":\"ReadAction\",\"target\":[\"https:\/\/www.manaus.am.gov.br\/implurb\/prefeitura-e-creci-am-comecam-despoluicao-visual-na-capital-em-tres-avenidas\/\"]}]},{\"@type\":\"ImageObject\",\"inLanguage\":\"pt-BR\",\"@id\":\"https:\/\/www.manaus.am.gov.br\/implurb\/prefeitura-e-creci-am-comecam-despoluicao-visual-na-capital-em-tres-avenidas\/#primaryimage\",\"url\":\"https:\/\/www.manaus.am.gov.br\/implurb\/wp-content\/uploads\/sites\/13\/2023\/08\/limpa2.jpg\",\"contentUrl\":\"https:\/\/www.manaus.am.gov.br\/implurb\/wp-content\/uploads\/sites\/13\/2023\/08\/limpa2.jpg\",\"width\":1024,\"height\":768},{\"@type\":\"BreadcrumbList\",\"@id\":\"https:\/\/www.manaus.am.gov.br\/implurb\/prefeitura-e-creci-am-comecam-despoluicao-visual-na-capital-em-tres-avenidas\/#breadcrumb\",\"itemListElement\":[{\"@type\":\"ListItem\",\"position\":1,\"name\":\"Home\",\"item\":\"https:\/\/www.manaus.am.gov.br\/implurb\/\"},{\"@type\":\"ListItem\",\"position\":2,\"name\":\"Prefeitura e Creci-AM come\u00e7am despolui\u00e7\u00e3o visual na capital em tr\u00eas avenidas\"}]},{\"@type\":\"WebSite\",\"@id\":\"https:\/\/www.manaus.am.gov.br\/implurb\/#website\",\"url\":\"https:\/\/www.manaus.am.gov.br\/implurb\/\",\"name\":\"IMPLURB\",\"description\":\"Prefeitura de Manaus\",\"potentialAction\":[{\"@type\":\"SearchAction\",\"target\":{\"@type\":\"EntryPoint\",\"urlTemplate\":\"https:\/\/www.manaus.am.gov.br\/implurb\/?s={search_term_string}\"},\"query-input\":\"required name=search_term_string\"}],\"inLanguage\":\"pt-BR\"},{\"@type\":\"Person\",\"@id\":\"https:\/\/www.manaus.am.gov.br\/implurb\/#\/schema\/person\/d0a166b5031154c33c77794ddc9a827e\",\"name\":\"Cl\u00e1udia Barbosa\",\"image\":{\"@type\":\"ImageObject\",\"inLanguage\":\"pt-BR\",\"@id\":\"https:\/\/www.manaus.am.gov.br\/implurb\/#\/schema\/person\/image\/\",\"url\":\"https:\/\/secure.gravatar.com\/avatar\/42958a1cf007f1a00534009218c72590?s=96&d=mm&r=g\",\"contentUrl\":\"https:\/\/secure.gravatar.com\/avatar\/42958a1cf007f1a00534009218c72590?s=96&d=mm&r=g\",\"caption\":\"Cl\u00e1udia Barbosa\"}}]}<\/script>\n<!-- \/ Yoast SEO plugin. -->","yoast_head_json":{"title":"Prefeitura e Creci-AM come\u00e7am despolui\u00e7\u00e3o visual na capital em tr\u00eas avenidas - IMPLURB","description":"As avenidas Dr. Theom\u00e1rio Pinto, Pedro Teixeira e Jacira Reis, nas zonas Centro-Oeste e Centro-Sul, foram as primeiras a receber a opera\u00e7\u00e3o \u201cLimpa Manaus\u201d de despolui\u00e7\u00e3o visual, realizada pela Prefeitura de Manaus, nesta quinta-feira, 17\/8, com a retirada de dezenas de engenhos publicit\u00e1rios e publicidades irregulares e ilegais instalados em locais proibidos e n\u00e3o pass\u00edveis de regulariza\u00e7\u00e3o.","robots":{"index":"noindex","follow":"follow"},"og_locale":"pt_BR","og_type":"article","og_title":"Prefeitura e Creci-AM come\u00e7am despolui\u00e7\u00e3o visual na capital em tr\u00eas avenidas - IMPLURB","og_description":"As avenidas Dr. Theom\u00e1rio Pinto, Pedro Teixeira e Jacira Reis, nas zonas Centro-Oeste e Centro-Sul, foram as primeiras a receber a opera\u00e7\u00e3o \u201cLimpa Manaus\u201d de despolui\u00e7\u00e3o visual, realizada pela Prefeitura de Manaus, nesta quinta-feira, 17\/8, com a retirada de dezenas de engenhos publicit\u00e1rios e publicidades irregulares e ilegais instalados em locais proibidos e n\u00e3o pass\u00edveis de regulariza\u00e7\u00e3o.","og_url":"https:\/\/www.manaus.am.gov.br\/implurb\/prefeitura-e-creci-am-comecam-despoluicao-visual-na-capital-em-tres-avenidas\/","og_site_name":"IMPLURB","article_published_time":"2023-08-17T17:22:53+00:00","article_modified_time":"2023-08-17T17:31:01+00:00","og_image":[{"width":1024,"height":768,"url":"https:\/\/www.manaus.am.gov.br\/implurb\/wp-content\/uploads\/sites\/13\/2023\/08\/limpa2.jpg","type":"image\/jpeg"}],"author":"Cl\u00e1udia Barbosa","twitter_card":"summary_large_image","twitter_misc":{"Written by":"Cl\u00e1udia Barbosa","Est. reading time":"4 minutos"},"schema":{"@context":"https:\/\/schema.org","@graph":[{"@type":"WebPage","@id":"https:\/\/www.manaus.am.gov.br\/implurb\/prefeitura-e-creci-am-comecam-despoluicao-visual-na-capital-em-tres-avenidas\/","url":"https:\/\/www.manaus.am.gov.br\/implurb\/prefeitura-e-creci-am-comecam-despoluicao-visual-na-capital-em-tres-avenidas\/","name":"Prefeitura e Creci-AM come\u00e7am despolui\u00e7\u00e3o visual na capital em tr\u00eas avenidas - IMPLURB","isPartOf":{"@id":"https:\/\/www.manaus.am.gov.br\/implurb\/#website"},"primaryImageOfPage":{"@id":"https:\/\/www.manaus.am.gov.br\/implurb\/prefeitura-e-creci-am-comecam-despoluicao-visual-na-capital-em-tres-avenidas\/#primaryimage"},"image":{"@id":"https:\/\/www.manaus.am.gov.br\/implurb\/prefeitura-e-creci-am-comecam-despoluicao-visual-na-capital-em-tres-avenidas\/#primaryimage"},"thumbnailUrl":"https:\/\/www.manaus.am.gov.br\/implurb\/wp-content\/uploads\/sites\/13\/2023\/08\/limpa2.jpg","datePublished":"2023-08-17T17:22:53+00:00","dateModified":"2023-08-17T17:31:01+00:00","author":{"@id":"https:\/\/www.manaus.am.gov.br\/implurb\/#\/schema\/person\/d0a166b5031154c33c77794ddc9a827e"},"description":"As avenidas Dr. Theom\u00e1rio Pinto, Pedro Teixeira e Jacira Reis, nas zonas Centro-Oeste e Centro-Sul, foram as primeiras a receber a opera\u00e7\u00e3o \u201cLimpa Manaus\u201d de despolui\u00e7\u00e3o visual, realizada pela Prefeitura de Manaus, nesta quinta-feira, 17\/8, com a retirada de dezenas de engenhos publicit\u00e1rios e publicidades irregulares e ilegais instalados em locais proibidos e n\u00e3o pass\u00edveis de regulariza\u00e7\u00e3o.","breadcrumb":{"@id":"https:\/\/www.manaus.am.gov.br\/implurb\/prefeitura-e-creci-am-comecam-despoluicao-visual-na-capital-em-tres-avenidas\/#breadcrumb"},"inLanguage":"pt-BR","potentialAction":[{"@type":"ReadAction","target":["https:\/\/www.manaus.am.gov.br\/implurb\/prefeitura-e-creci-am-comecam-despoluicao-visual-na-capital-em-tres-avenidas\/"]}]},{"@type":"ImageObject","inLanguage":"pt-BR","@id":"https:\/\/www.manaus.am.gov.br\/implurb\/prefeitura-e-creci-am-comecam-despoluicao-visual-na-capital-em-tres-avenidas\/#primaryimage","url":"https:\/\/www.manaus.am.gov.br\/implurb\/wp-content\/uploads\/sites\/13\/2023\/08\/limpa2.jpg","contentUrl":"https:\/\/www.manaus.am.gov.br\/implurb\/wp-content\/uploads\/sites\/13\/2023\/08\/limpa2.jpg","width":1024,"height":768},{"@type":"BreadcrumbList","@id":"https:\/\/www.manaus.am.gov.br\/implurb\/prefeitura-e-creci-am-comecam-despoluicao-visual-na-capital-em-tres-avenidas\/#breadcrumb","itemListElement":[{"@type":"ListItem","position":1,"name":"Home","item":"https:\/\/www.manaus.am.gov.br\/implurb\/"},{"@type":"ListItem","position":2,"name":"Prefeitura e Creci-AM come\u00e7am despolui\u00e7\u00e3o visual na capital em tr\u00eas avenidas"}]},{"@type":"WebSite","@id":"https:\/\/www.manaus.am.gov.br\/implurb\/#website","url":"https:\/\/www.manaus.am.gov.br\/implurb\/","name":"IMPLURB","description":"Prefeitura de Manaus","potentialAction":[{"@type":"SearchAction","target":{"@type":"EntryPoint","urlTemplate":"https:\/\/www.manaus.am.gov.br\/implurb\/?s={search_term_string}"},"query-input":"required name=search_term_string"}],"inLanguage":"pt-BR"},{"@type":"Person","@id":"https:\/\/www.manaus.am.gov.br\/implurb\/#\/schema\/person\/d0a166b5031154c33c77794ddc9a827e","name":"Cl\u00e1udia Barbosa","image":{"@type":"ImageObject","inLanguage":"pt-BR","@id":"https:\/\/www.manaus.am.gov.br\/implurb\/#\/schema\/person\/image\/","url":"https:\/\/secure.gravatar.com\/avatar\/42958a1cf007f1a00534009218c72590?s=96&d=mm&r=g","contentUrl":"https:\/\/secure.gravatar.com\/avatar\/42958a1cf007f1a00534009218c72590?s=96&d=mm&r=g","caption":"Cl\u00e1udia Barbosa"}}]}},"_links":{"self":[{"href":"https:\/\/www.manaus.am.gov.br\/implurb\/wp-json\/wp\/v2\/posts\/2304"}],"collection":[{"href":"https:\/\/www.manaus.am.gov.br\/implurb\/wp-json\/wp\/v2\/posts"}],"about":[{"href":"https:\/\/www.manaus.am.gov.br\/implurb\/wp-json\/wp\/v2\/types\/post"}],"author":[{"embeddable":true,"href":"https:\/\/www.manaus.am.gov.br\/implurb\/wp-json\/wp\/v2\/users\/24"}],"replies":[{"embeddable":true,"href":"https:\/\/www.manaus.am.gov.br\/implurb\/wp-json\/wp\/v2\/comments?post=2304"}],"version-history":[{"count":1,"href":"https:\/\/www.manaus.am.gov.br\/implurb\/wp-json\/wp\/v2\/posts\/2304\/revisions"}],"predecessor-version":[{"id":2306,"href":"https:\/\/www.manaus.am.gov.br\/implurb\/wp-json\/wp\/v2\/posts\/2304\/revisions\/2306"}],"wp:featuredmedia":[{"embeddable":true,"href":"https:\/\/www.manaus.am.gov.br\/implurb\/wp-json\/wp\/v2\/media\/2305"}],"wp:attachment":[{"href":"https:\/\/www.manaus.am.gov.br\/implurb\/wp-json\/wp\/v2\/media?parent=2304"}],"wp:term":[{"taxonomy":"category","embeddable":true,"href":"https:\/\/www.manaus.am.gov.br\/implurb\/wp-json\/wp\/v2\/categories?post=2304"},{"taxonomy":"post_tag","embeddable":true,"href":"https:\/\/www.manaus.am.gov.br\/implurb\/wp-json\/wp\/v2\/tags?post=2304"}],"curies":[{"name":"wp","href":"https:\/\/api.w.org\/{rel}","templated":true}]}}