{"id":2296,"date":"2023-08-16T12:59:46","date_gmt":"2023-08-16T16:59:46","guid":{"rendered":"https:\/\/www.manaus.am.gov.br\/implurb\/prefeitura-e-creci-am-iniciam-limpa-manaus-para-fazer-despoluicao-visual-de-publicidade-irregular\/"},"modified":"2023-08-16T12:59:47","modified_gmt":"2023-08-16T16:59:47","slug":"prefeitura-e-creci-am-iniciam-limpa-manaus-para-fazer-despoluicao-visual-de-publicidade-irregular","status":"publish","type":"post","link":"https:\/\/www.manaus.am.gov.br\/implurb\/prefeitura-e-creci-am-iniciam-limpa-manaus-para-fazer-despoluicao-visual-de-publicidade-irregular\/","title":{"rendered":"<strong>Prefeitura e Creci-AM iniciam \u2018Limpa Manaus\u2019 para fazer despolui\u00e7\u00e3o visual de publicidade irregular<\/strong>"},"content":{"rendered":"\n<p>Nesta quinta-feira, 17\/8, a Prefeitura de Manaus, via Instituto Municipal de Planejamento Urbano (Implurb), em parceria com o&nbsp;Conselho Regional de Corretores de Im\u00f3veis do Estado do Amazonas (Creci-AM), inicia a opera\u00e7\u00e3o \u201cLimpa Manaus\u201d, para fazer a\u00e7\u00f5es de despolui\u00e7\u00e3o visual com retirada de&nbsp;faixas, banners e engenhos publicit\u00e1rios em locais de uso proibido ou irregulares, conforme prev\u00ea o Plano Diretor da capital.<\/p>\n\n\n\n<p>As a\u00e7\u00f5es v\u00e3o ocorrer sempre \u00e0s quintas-feiras, semanalmente, em v\u00e1rios pontos da cidade, iniciando pelas zonas Centro-Oeste e Centro-Sul. J\u00e1 est\u00e3o agendadas rotas at\u00e9 o m\u00eas de setembro. Integram o \u201cLimpa Manaus\u201d ainda as secretarias municipais de Seguran\u00e7a P\u00fablica e Defesa Social (Semseg) e a de Limpeza Urbana (Semulsp), al\u00e9m do Instituto Municipal de Mobilidade Urbana (IMMU).<\/p>\n\n\n\n<p>Implurb, Creci-AM e as secretarias colaboradoras montaram uma agenda conjunta para realizar opera\u00e7\u00f5es de rotina na capital para retirar a publicidade de locais proibidos e n\u00e3o permitidos. \u201cEstamos numa cidade que tamb\u00e9m \u00e9 tur\u00edstica e essa polui\u00e7\u00e3o visual prejudica a todos\u201d, disse o presidente do Creci-AM, Paulo Carvalho.<\/p>\n\n\n\n<p>Como essas publicidades em postes, por exemplo, n\u00e3o s\u00e3o pass\u00edveis de regulariza\u00e7\u00e3o pelo Implurb, as a\u00e7\u00f5es ser\u00e3o de retirada, n\u00e3o havendo necessidade de notifica\u00e7\u00e3o, uma vez que a ilegalidade \u00e9 de conhecimento p\u00fablico.<\/p>\n\n\n\n<p>\u201cEsse tipo de publicidade, com tanta tecnologia e servi\u00e7os \u00e0 disposi\u00e7\u00e3o, \u00e9 intoler\u00e1vel. A diretriz do prefeito David Almeida \u00e9 ter uma cidade atrativa para neg\u00f3cios, turismo e de qualidade para os habitantes, e n\u00e3o se pode ter essas publicidades irregulares, que s\u00f3 fazem sujar Manaus\u201d, comentou o diretor-presidente do Implurb, engenheiro Carlos Valente.<\/p>\n\n\n\n<p>J\u00e1 h\u00e1 uma orienta\u00e7\u00e3o para que os agentes da Semulsp, sempre que estiverem realizando servi\u00e7os de capinagem, varri\u00e7\u00e3o e os mutir\u00f5es de limpeza di\u00e1rios, possam fazer essa retirada dos postes e das \u00e1reas irregulares.<\/p>\n\n\n\n<p>Galhardetes, placas, cavaletes, faixas, banners, barras de ferro, pneus, lambe-lambe e uma s\u00e9rie de itens ser\u00e3o removidos de diversos bairros nas zonas da capital.<\/p>\n\n\n\n<p><strong>Proibi\u00e7\u00e3o<\/strong><\/p>\n\n\n\n<p>\u00c9 proibido, por exemplo, instalar engenhos em leitos dos rios, igarap\u00e9s, praias, postes de ilumina\u00e7\u00e3o p\u00fablica ou rede de telefonia, faixas ou placas acopladas \u00e0 sinaliza\u00e7\u00e3o de tr\u00e2nsito, obras p\u00fablicas, como pontes, viadutos, passarelas, al\u00e9m de est\u00e1tuas, esculturas, monumentos e bancos em logradouros e similares, no passeio p\u00fablico, salvo quando os mobili\u00e1rios urbanos s\u00e3o regulariz\u00e1veis e n\u00e3o prejudiquem a mobilidade urbana, mantendo-se livre o m\u00ednimo de 1,5 metro de passeio, inclusive no espa\u00e7o a\u00e9reo, entre outros.<\/p>\n\n\n\n<p>Os cavaletes, em geral, descumprem este \u00faltimo item, porque s\u00e3o colocados nas cal\u00e7adas e n\u00e3o s\u00e3o, dessa forma, pass\u00edveis de regulariza\u00e7\u00e3o, podendo ser apreendidos imediatamente.<\/p>\n\n\n\n<p><strong>Notifica\u00e7\u00e3o<\/strong><\/p>\n\n\n\n<p>O Plano Diretor de Manaus, no C\u00f3digo de Posturas (Lei 005\/2014), prev\u00ea aplica\u00e7\u00e3o de infra\u00e7\u00e3o para a irregularidade, que pode variar de 4 UFMs (Unidade Fiscal do Munic\u00edpio). A UFM, hoje, est\u00e1 cotada a R$ 134,77. No caso de reincid\u00eancia, a multa \u00e9 dobrada.<\/p>\n\n\n\n<p>A regulamenta\u00e7\u00e3o dos engenhos \u00e9 prevista no Plano Diretor, no C\u00f3digo de Posturas de Manaus (Lei 005\/2014), que define quais tipos de publicidade podem ser regularizadas e lista os tipos e locais expressamente proibidos de instala\u00e7\u00e3o. Os licenciamentos de engenhos s\u00e3o feitos pela Ger\u00eancia de Engenhos Publicit\u00e1rios (GEP), no&nbsp;Implurb.<\/p>\n\n\n\n<p><strong>Fiscaliza\u00e7\u00e3o<\/strong><\/p>\n\n\n\n<p>Den\u00fancias sobre obras irregulares, obstru\u00e7\u00f5es de logradouro, invas\u00e3o de \u00e1rea p\u00fablica e afins s\u00e3o atendidas pelo n\u00famero do Disque Den\u00fancia, o (92) 3673-9305, de segunda a sexta-feira, das 8h \u00e0s 14h, exceto feriados e pontos facultativos e, por e-mail, para o&nbsp;<a href=\"mailto:disquedenuncia.implurb@manaus.am.gov.br\" target=\"_blank\" rel=\"noreferrer noopener\">disquedenuncia.implurb@manaus.am.gov.br<\/a><\/p>\n\n\n\n<p>&#8212; &#8212; &#8212;<\/p>\n\n\n\n<p><strong>Texto &#8211;&nbsp;<\/strong>Claudia do Valle \/ Implurb<\/p>\n\n\n\n<p><strong>Fotos &#8211;<\/strong>&nbsp;Divulga\u00e7\u00e3o \/ Implurb<\/p>\n","protected":false},"excerpt":{"rendered":"","protected":false},"author":24,"featured_media":2297,"comment_status":"closed","ping_status":"closed","sticky":false,"template":"","format":"standard","meta":{"footnotes":""},"categories":[412],"tags":[413,414,415,31,416,417,418,377,11,86,419,15,345,420],"acf":[],"yoast_head":"<!-- This site is optimized with the Yoast SEO plugin v23.0 - https:\/\/yoast.com\/wordpress\/plugins\/seo\/ -->\n<title>Prefeitura e Creci-AM iniciam \u2018Limpa Manaus\u2019 para fazer despolui\u00e7\u00e3o visual de publicidade irregular - IMPLURB<\/title>\n<meta name=\"description\" content=\"Nesta quinta-feira, 17\/8, a Prefeitura de Manaus, via Instituto Municipal de Planejamento Urbano (Implurb), em parceria com o\u00a0Conselho Regional de Corretores de Im\u00f3veis do Estado do Amazonas (Creci-AM), inicia a opera\u00e7\u00e3o \u201cLimpa Manaus\u201d, para fazer a\u00e7\u00f5es de despolui\u00e7\u00e3o visual com retirada de\u00a0faixas, banners e engenhos publicit\u00e1rios em locais de uso proibido ou irregulares, conforme prev\u00ea o Plano Diretor da capital.\" \/>\n<meta name=\"robots\" content=\"noindex, follow\" \/>\n<meta property=\"og:locale\" content=\"pt_BR\" \/>\n<meta property=\"og:type\" content=\"article\" \/>\n<meta property=\"og:title\" content=\"Prefeitura e Creci-AM iniciam \u2018Limpa Manaus\u2019 para fazer despolui\u00e7\u00e3o visual de publicidade irregular - IMPLURB\" \/>\n<meta property=\"og:description\" content=\"Nesta quinta-feira, 17\/8, a Prefeitura de Manaus, via Instituto Municipal de Planejamento Urbano (Implurb), em parceria com o\u00a0Conselho Regional de Corretores de Im\u00f3veis do Estado do Amazonas (Creci-AM), inicia a opera\u00e7\u00e3o \u201cLimpa Manaus\u201d, para fazer a\u00e7\u00f5es de despolui\u00e7\u00e3o visual com retirada de\u00a0faixas, banners e engenhos publicit\u00e1rios em locais de uso proibido ou irregulares, conforme prev\u00ea o Plano Diretor da capital.\" \/>\n<meta property=\"og:url\" content=\"https:\/\/www.manaus.am.gov.br\/implurb\/prefeitura-e-creci-am-iniciam-limpa-manaus-para-fazer-despoluicao-visual-de-publicidade-irregular\/\" \/>\n<meta property=\"og:site_name\" content=\"IMPLURB\" \/>\n<meta property=\"article:published_time\" content=\"2023-08-16T16:59:46+00:00\" \/>\n<meta property=\"article:modified_time\" content=\"2023-08-16T16:59:47+00:00\" \/>\n<meta property=\"og:image\" content=\"https:\/\/www.manaus.am.gov.br\/implurb\/wp-content\/uploads\/sites\/13\/2023\/08\/Prefeitura-e-Creci-AM-iniciam-\u2018Limpa-Manaus-para-fazer-despoluicao-visual-de-publicidade-irregular-2.jpg\" \/>\n\t<meta property=\"og:image:width\" content=\"1280\" \/>\n\t<meta property=\"og:image:height\" content=\"853\" \/>\n\t<meta property=\"og:image:type\" content=\"image\/jpeg\" \/>\n<meta name=\"author\" content=\"Cl\u00e1udia Barbosa\" \/>\n<meta name=\"twitter:card\" content=\"summary_large_image\" \/>\n<meta name=\"twitter:label1\" content=\"Written by\" \/>\n\t<meta name=\"twitter:data1\" content=\"Cl\u00e1udia Barbosa\" \/>\n\t<meta name=\"twitter:label2\" content=\"Est. reading time\" \/>\n\t<meta name=\"twitter:data2\" content=\"4 minutos\" \/>\n<script type=\"application\/ld+json\" class=\"yoast-schema-graph\">{\"@context\":\"https:\/\/schema.org\",\"@graph\":[{\"@type\":\"WebPage\",\"@id\":\"https:\/\/www.manaus.am.gov.br\/implurb\/prefeitura-e-creci-am-iniciam-limpa-manaus-para-fazer-despoluicao-visual-de-publicidade-irregular\/\",\"url\":\"https:\/\/www.manaus.am.gov.br\/implurb\/prefeitura-e-creci-am-iniciam-limpa-manaus-para-fazer-despoluicao-visual-de-publicidade-irregular\/\",\"name\":\"Prefeitura e Creci-AM iniciam \u2018Limpa Manaus\u2019 para fazer despolui\u00e7\u00e3o visual de publicidade irregular - IMPLURB\",\"isPartOf\":{\"@id\":\"https:\/\/www.manaus.am.gov.br\/implurb\/#website\"},\"primaryImageOfPage\":{\"@id\":\"https:\/\/www.manaus.am.gov.br\/implurb\/prefeitura-e-creci-am-iniciam-limpa-manaus-para-fazer-despoluicao-visual-de-publicidade-irregular\/#primaryimage\"},\"image\":{\"@id\":\"https:\/\/www.manaus.am.gov.br\/implurb\/prefeitura-e-creci-am-iniciam-limpa-manaus-para-fazer-despoluicao-visual-de-publicidade-irregular\/#primaryimage\"},\"thumbnailUrl\":\"https:\/\/www.manaus.am.gov.br\/implurb\/wp-content\/uploads\/sites\/13\/2023\/08\/Prefeitura-e-Creci-AM-iniciam-\u2018Limpa-Manaus-para-fazer-despoluicao-visual-de-publicidade-irregular-2.jpg\",\"datePublished\":\"2023-08-16T16:59:46+00:00\",\"dateModified\":\"2023-08-16T16:59:47+00:00\",\"author\":{\"@id\":\"https:\/\/www.manaus.am.gov.br\/implurb\/#\/schema\/person\/d0a166b5031154c33c77794ddc9a827e\"},\"description\":\"Nesta quinta-feira, 17\/8, a Prefeitura de Manaus, via Instituto Municipal de Planejamento Urbano (Implurb), em parceria com o\u00a0Conselho Regional de Corretores de Im\u00f3veis do Estado do Amazonas (Creci-AM), inicia a opera\u00e7\u00e3o \u201cLimpa Manaus\u201d, para fazer a\u00e7\u00f5es de despolui\u00e7\u00e3o visual com retirada de\u00a0faixas, banners e engenhos publicit\u00e1rios em locais de uso proibido ou irregulares, conforme prev\u00ea o Plano Diretor da capital.\",\"breadcrumb\":{\"@id\":\"https:\/\/www.manaus.am.gov.br\/implurb\/prefeitura-e-creci-am-iniciam-limpa-manaus-para-fazer-despoluicao-visual-de-publicidade-irregular\/#breadcrumb\"},\"inLanguage\":\"pt-BR\",\"potentialAction\":[{\"@type\":\"ReadAction\",\"target\":[\"https:\/\/www.manaus.am.gov.br\/implurb\/prefeitura-e-creci-am-iniciam-limpa-manaus-para-fazer-despoluicao-visual-de-publicidade-irregular\/\"]}]},{\"@type\":\"ImageObject\",\"inLanguage\":\"pt-BR\",\"@id\":\"https:\/\/www.manaus.am.gov.br\/implurb\/prefeitura-e-creci-am-iniciam-limpa-manaus-para-fazer-despoluicao-visual-de-publicidade-irregular\/#primaryimage\",\"url\":\"https:\/\/www.manaus.am.gov.br\/implurb\/wp-content\/uploads\/sites\/13\/2023\/08\/Prefeitura-e-Creci-AM-iniciam-\u2018Limpa-Manaus-para-fazer-despoluicao-visual-de-publicidade-irregular-2.jpg\",\"contentUrl\":\"https:\/\/www.manaus.am.gov.br\/implurb\/wp-content\/uploads\/sites\/13\/2023\/08\/Prefeitura-e-Creci-AM-iniciam-\u2018Limpa-Manaus-para-fazer-despoluicao-visual-de-publicidade-irregular-2.jpg\",\"width\":1280,\"height\":853},{\"@type\":\"BreadcrumbList\",\"@id\":\"https:\/\/www.manaus.am.gov.br\/implurb\/prefeitura-e-creci-am-iniciam-limpa-manaus-para-fazer-despoluicao-visual-de-publicidade-irregular\/#breadcrumb\",\"itemListElement\":[{\"@type\":\"ListItem\",\"position\":1,\"name\":\"Home\",\"item\":\"https:\/\/www.manaus.am.gov.br\/implurb\/\"},{\"@type\":\"ListItem\",\"position\":2,\"name\":\"Prefeitura e Creci-AM iniciam \u2018Limpa Manaus\u2019 para fazer despolui\u00e7\u00e3o visual de publicidade irregular\"}]},{\"@type\":\"WebSite\",\"@id\":\"https:\/\/www.manaus.am.gov.br\/implurb\/#website\",\"url\":\"https:\/\/www.manaus.am.gov.br\/implurb\/\",\"name\":\"IMPLURB\",\"description\":\"Prefeitura de Manaus\",\"potentialAction\":[{\"@type\":\"SearchAction\",\"target\":{\"@type\":\"EntryPoint\",\"urlTemplate\":\"https:\/\/www.manaus.am.gov.br\/implurb\/?s={search_term_string}\"},\"query-input\":\"required name=search_term_string\"}],\"inLanguage\":\"pt-BR\"},{\"@type\":\"Person\",\"@id\":\"https:\/\/www.manaus.am.gov.br\/implurb\/#\/schema\/person\/d0a166b5031154c33c77794ddc9a827e\",\"name\":\"Cl\u00e1udia Barbosa\",\"image\":{\"@type\":\"ImageObject\",\"inLanguage\":\"pt-BR\",\"@id\":\"https:\/\/www.manaus.am.gov.br\/implurb\/#\/schema\/person\/image\/\",\"url\":\"https:\/\/secure.gravatar.com\/avatar\/42958a1cf007f1a00534009218c72590?s=96&d=mm&r=g\",\"contentUrl\":\"https:\/\/secure.gravatar.com\/avatar\/42958a1cf007f1a00534009218c72590?s=96&d=mm&r=g\",\"caption\":\"Cl\u00e1udia Barbosa\"}}]}<\/script>\n<!-- \/ Yoast SEO plugin. -->","yoast_head_json":{"title":"Prefeitura e Creci-AM iniciam \u2018Limpa Manaus\u2019 para fazer despolui\u00e7\u00e3o visual de publicidade irregular - IMPLURB","description":"Nesta quinta-feira, 17\/8, a Prefeitura de Manaus, via Instituto Municipal de Planejamento Urbano (Implurb), em parceria com o\u00a0Conselho Regional de Corretores de Im\u00f3veis do Estado do Amazonas (Creci-AM), inicia a opera\u00e7\u00e3o \u201cLimpa Manaus\u201d, para fazer a\u00e7\u00f5es de despolui\u00e7\u00e3o visual com retirada de\u00a0faixas, banners e engenhos publicit\u00e1rios em locais de uso proibido ou irregulares, conforme prev\u00ea o Plano Diretor da capital.","robots":{"index":"noindex","follow":"follow"},"og_locale":"pt_BR","og_type":"article","og_title":"Prefeitura e Creci-AM iniciam \u2018Limpa Manaus\u2019 para fazer despolui\u00e7\u00e3o visual de publicidade irregular - IMPLURB","og_description":"Nesta quinta-feira, 17\/8, a Prefeitura de Manaus, via Instituto Municipal de Planejamento Urbano (Implurb), em parceria com o\u00a0Conselho Regional de Corretores de Im\u00f3veis do Estado do Amazonas (Creci-AM), inicia a opera\u00e7\u00e3o \u201cLimpa Manaus\u201d, para fazer a\u00e7\u00f5es de despolui\u00e7\u00e3o visual com retirada de\u00a0faixas, banners e engenhos publicit\u00e1rios em locais de uso proibido ou irregulares, conforme prev\u00ea o Plano Diretor da capital.","og_url":"https:\/\/www.manaus.am.gov.br\/implurb\/prefeitura-e-creci-am-iniciam-limpa-manaus-para-fazer-despoluicao-visual-de-publicidade-irregular\/","og_site_name":"IMPLURB","article_published_time":"2023-08-16T16:59:46+00:00","article_modified_time":"2023-08-16T16:59:47+00:00","og_image":[{"width":1280,"height":853,"url":"https:\/\/www.manaus.am.gov.br\/implurb\/wp-content\/uploads\/sites\/13\/2023\/08\/Prefeitura-e-Creci-AM-iniciam-\u2018Limpa-Manaus-para-fazer-despoluicao-visual-de-publicidade-irregular-2.jpg","type":"image\/jpeg"}],"author":"Cl\u00e1udia Barbosa","twitter_card":"summary_large_image","twitter_misc":{"Written by":"Cl\u00e1udia Barbosa","Est. reading time":"4 minutos"},"schema":{"@context":"https:\/\/schema.org","@graph":[{"@type":"WebPage","@id":"https:\/\/www.manaus.am.gov.br\/implurb\/prefeitura-e-creci-am-iniciam-limpa-manaus-para-fazer-despoluicao-visual-de-publicidade-irregular\/","url":"https:\/\/www.manaus.am.gov.br\/implurb\/prefeitura-e-creci-am-iniciam-limpa-manaus-para-fazer-despoluicao-visual-de-publicidade-irregular\/","name":"Prefeitura e Creci-AM iniciam \u2018Limpa Manaus\u2019 para fazer despolui\u00e7\u00e3o visual de publicidade irregular - IMPLURB","isPartOf":{"@id":"https:\/\/www.manaus.am.gov.br\/implurb\/#website"},"primaryImageOfPage":{"@id":"https:\/\/www.manaus.am.gov.br\/implurb\/prefeitura-e-creci-am-iniciam-limpa-manaus-para-fazer-despoluicao-visual-de-publicidade-irregular\/#primaryimage"},"image":{"@id":"https:\/\/www.manaus.am.gov.br\/implurb\/prefeitura-e-creci-am-iniciam-limpa-manaus-para-fazer-despoluicao-visual-de-publicidade-irregular\/#primaryimage"},"thumbnailUrl":"https:\/\/www.manaus.am.gov.br\/implurb\/wp-content\/uploads\/sites\/13\/2023\/08\/Prefeitura-e-Creci-AM-iniciam-\u2018Limpa-Manaus-para-fazer-despoluicao-visual-de-publicidade-irregular-2.jpg","datePublished":"2023-08-16T16:59:46+00:00","dateModified":"2023-08-16T16:59:47+00:00","author":{"@id":"https:\/\/www.manaus.am.gov.br\/implurb\/#\/schema\/person\/d0a166b5031154c33c77794ddc9a827e"},"description":"Nesta quinta-feira, 17\/8, a Prefeitura de Manaus, via Instituto Municipal de Planejamento Urbano (Implurb), em parceria com o\u00a0Conselho Regional de Corretores de Im\u00f3veis do Estado do Amazonas (Creci-AM), inicia a opera\u00e7\u00e3o \u201cLimpa Manaus\u201d, para fazer a\u00e7\u00f5es de despolui\u00e7\u00e3o visual com retirada de\u00a0faixas, banners e engenhos publicit\u00e1rios em locais de uso proibido ou irregulares, conforme prev\u00ea o Plano Diretor da capital.","breadcrumb":{"@id":"https:\/\/www.manaus.am.gov.br\/implurb\/prefeitura-e-creci-am-iniciam-limpa-manaus-para-fazer-despoluicao-visual-de-publicidade-irregular\/#breadcrumb"},"inLanguage":"pt-BR","potentialAction":[{"@type":"ReadAction","target":["https:\/\/www.manaus.am.gov.br\/implurb\/prefeitura-e-creci-am-iniciam-limpa-manaus-para-fazer-despoluicao-visual-de-publicidade-irregular\/"]}]},{"@type":"ImageObject","inLanguage":"pt-BR","@id":"https:\/\/www.manaus.am.gov.br\/implurb\/prefeitura-e-creci-am-iniciam-limpa-manaus-para-fazer-despoluicao-visual-de-publicidade-irregular\/#primaryimage","url":"https:\/\/www.manaus.am.gov.br\/implurb\/wp-content\/uploads\/sites\/13\/2023\/08\/Prefeitura-e-Creci-AM-iniciam-\u2018Limpa-Manaus-para-fazer-despoluicao-visual-de-publicidade-irregular-2.jpg","contentUrl":"https:\/\/www.manaus.am.gov.br\/implurb\/wp-content\/uploads\/sites\/13\/2023\/08\/Prefeitura-e-Creci-AM-iniciam-\u2018Limpa-Manaus-para-fazer-despoluicao-visual-de-publicidade-irregular-2.jpg","width":1280,"height":853},{"@type":"BreadcrumbList","@id":"https:\/\/www.manaus.am.gov.br\/implurb\/prefeitura-e-creci-am-iniciam-limpa-manaus-para-fazer-despoluicao-visual-de-publicidade-irregular\/#breadcrumb","itemListElement":[{"@type":"ListItem","position":1,"name":"Home","item":"https:\/\/www.manaus.am.gov.br\/implurb\/"},{"@type":"ListItem","position":2,"name":"Prefeitura e Creci-AM iniciam \u2018Limpa Manaus\u2019 para fazer despolui\u00e7\u00e3o visual de publicidade irregular"}]},{"@type":"WebSite","@id":"https:\/\/www.manaus.am.gov.br\/implurb\/#website","url":"https:\/\/www.manaus.am.gov.br\/implurb\/","name":"IMPLURB","description":"Prefeitura de Manaus","potentialAction":[{"@type":"SearchAction","target":{"@type":"EntryPoint","urlTemplate":"https:\/\/www.manaus.am.gov.br\/implurb\/?s={search_term_string}"},"query-input":"required name=search_term_string"}],"inLanguage":"pt-BR"},{"@type":"Person","@id":"https:\/\/www.manaus.am.gov.br\/implurb\/#\/schema\/person\/d0a166b5031154c33c77794ddc9a827e","name":"Cl\u00e1udia Barbosa","image":{"@type":"ImageObject","inLanguage":"pt-BR","@id":"https:\/\/www.manaus.am.gov.br\/implurb\/#\/schema\/person\/image\/","url":"https:\/\/secure.gravatar.com\/avatar\/42958a1cf007f1a00534009218c72590?s=96&d=mm&r=g","contentUrl":"https:\/\/secure.gravatar.com\/avatar\/42958a1cf007f1a00534009218c72590?s=96&d=mm&r=g","caption":"Cl\u00e1udia Barbosa"}}]}},"_links":{"self":[{"href":"https:\/\/www.manaus.am.gov.br\/implurb\/wp-json\/wp\/v2\/posts\/2296"}],"collection":[{"href":"https:\/\/www.manaus.am.gov.br\/implurb\/wp-json\/wp\/v2\/posts"}],"about":[{"href":"https:\/\/www.manaus.am.gov.br\/implurb\/wp-json\/wp\/v2\/types\/post"}],"author":[{"embeddable":true,"href":"https:\/\/www.manaus.am.gov.br\/implurb\/wp-json\/wp\/v2\/users\/24"}],"replies":[{"embeddable":true,"href":"https:\/\/www.manaus.am.gov.br\/implurb\/wp-json\/wp\/v2\/comments?post=2296"}],"version-history":[{"count":0,"href":"https:\/\/www.manaus.am.gov.br\/implurb\/wp-json\/wp\/v2\/posts\/2296\/revisions"}],"wp:featuredmedia":[{"embeddable":true,"href":"https:\/\/www.manaus.am.gov.br\/implurb\/wp-json\/wp\/v2\/media\/2297"}],"wp:attachment":[{"href":"https:\/\/www.manaus.am.gov.br\/implurb\/wp-json\/wp\/v2\/media?parent=2296"}],"wp:term":[{"taxonomy":"category","embeddable":true,"href":"https:\/\/www.manaus.am.gov.br\/implurb\/wp-json\/wp\/v2\/categories?post=2296"},{"taxonomy":"post_tag","embeddable":true,"href":"https:\/\/www.manaus.am.gov.br\/implurb\/wp-json\/wp\/v2\/tags?post=2296"}],"curies":[{"name":"wp","href":"https:\/\/api.w.org\/{rel}","templated":true}]}}