{"id":2287,"date":"2023-08-12T15:03:16","date_gmt":"2023-08-12T19:03:16","guid":{"rendered":"https:\/\/www.manaus.am.gov.br\/implurb\/prefeitura-de-manaus-movimenta-area-central-com-roteiro-de-educacao-patrimonial-do-nosso-centro\/"},"modified":"2023-08-12T15:03:16","modified_gmt":"2023-08-12T19:03:16","slug":"prefeitura-de-manaus-movimenta-area-central-com-roteiro-de-educacao-patrimonial-do-nosso-centro","status":"publish","type":"post","link":"https:\/\/www.manaus.am.gov.br\/implurb\/prefeitura-de-manaus-movimenta-area-central-com-roteiro-de-educacao-patrimonial-do-nosso-centro\/","title":{"rendered":"<strong>Prefeitura de Manaus movimenta \u00e1rea central com roteiro de educa\u00e7\u00e3o patrimonial do \u2018Nosso Centro\u2019<\/strong>"},"content":{"rendered":"\n<p>Em um dia ensolarado de agosto, a Prefeitura de Manaus iniciou, neste s\u00e1bado, 12\/8, a sua agenda de educa\u00e7\u00e3o patrimonial com roteiro pelo centro antigo da capital, para que a popula\u00e7\u00e3o possa ser parte e tenha pertencimento do territ\u00f3rio.<\/p>\n\n\n\n<p>Foi uma visita com um contorno de mergulho na hist\u00f3ria, cultura, arqueologia e beleza de diversos im\u00f3veis tombados, mas tamb\u00e9m um olhar para o presente e o futuro, com as obras do programa \u201cNosso Centro\u201d, lan\u00e7ado pelo prefeito David Almeida. O projeto de educa\u00e7\u00e3o patrimonial \u00e9 o \u201cVivendo o Nosso Centro\u201d e a participa\u00e7\u00e3o \u00e9 gratuita.<\/p>\n\n\n\n<p>Para o diretor do Instituto Municipal de Planejamento Urbano (Implurb), arquiteto e urbanista Pedro Paulo Cordeiro, o resultado da primeira visita n\u00e3o poderia ser melhor, com uma grande participa\u00e7\u00e3o de inscritos e servidores p\u00fablicos.<\/p>\n\n\n\n<p>\u201cPara sentir a din\u00e2mica e por quest\u00e3o de seguran\u00e7a, j\u00e1 que tamb\u00e9m temos circula\u00e7\u00e3o perto de obras e monumentos, acabamos por limitar o n\u00famero de pessoas. Mas um ponto interessante foi a participa\u00e7\u00e3o de funcion\u00e1rios p\u00fablicos, inicialmente do Implurb, at\u00e9 para conhecerem mais da cidade e do que estamos desenvolvendo na \u00e1rea de planejamento. E tamb\u00e9m a participa\u00e7\u00e3o popular, com uma diversidade de pessoas de v\u00e1rias \u00e1reas e faixas de idade\u201d, comentou.<\/p>\n\n\n\n<p>Segundo o arquiteto, \u00e9 essa a inten\u00e7\u00e3o do projeto, de promover a diversidade e pluralidade de pessoas para ver, conhecer e compartilhar informa\u00e7\u00f5es. \u201cEnt\u00e3o, o \u2018Nosso Centro\u2019 \u00e9 isso, \u00e9 \u2018Mais Vida\u2019, viver o Centro, passear, conhecer, divulgar\u201d, disse.<\/p>\n\n\n\n<figure class=\"wp-block-gallery has-nested-images columns-default is-cropped wp-block-gallery-1 is-layout-flex wp-block-gallery-is-layout-flex\">\n<figure class=\"wp-block-image size-large\"><img loading=\"lazy\" decoding=\"async\" width=\"800\" height=\"450\" data-id=\"2288\" src=\"https:\/\/www.manaus.am.gov.br\/implurb\/wp-content\/uploads\/sites\/13\/2023\/08\/53111773178_3bdd3b96ea_c.jpg\" alt=\"\" class=\"wp-image-2288\" srcset=\"https:\/\/www.manaus.am.gov.br\/implurb\/wp-content\/uploads\/sites\/13\/2023\/08\/53111773178_3bdd3b96ea_c.jpg 800w, https:\/\/www.manaus.am.gov.br\/implurb\/wp-content\/uploads\/sites\/13\/2023\/08\/53111773178_3bdd3b96ea_c-300x169.jpg 300w, https:\/\/www.manaus.am.gov.br\/implurb\/wp-content\/uploads\/sites\/13\/2023\/08\/53111773178_3bdd3b96ea_c-768x432.jpg 768w\" sizes=\"(max-width: 800px) 100vw, 800px\" \/><\/figure>\n<\/figure>\n\n\n\n<p>Na coordena\u00e7\u00e3o da educa\u00e7\u00e3o patrimonial, a gerente de Patrim\u00f4nio Hist\u00f3rico (GPH) do Implurb, arquiteta e urbanista Melissa Toledo, ficou feliz de ter uma plateia heterog\u00eanea, desde estudantes de qu\u00edmica, edifica\u00e7\u00e3o, engenharia e hist\u00f3ria at\u00e9 professores.<\/p>\n\n\n\n<p>\u201cE fizemos o roteiro passando pela pra\u00e7a Dom Pedro 2\u00b0, Museu da Cidade, rua Bernardo Ramos, pelas obras de reabilita\u00e7\u00e3o do Centro, um investimento da prefeitura, finalizando no Pal\u00e1cio Rio Branco. Falamos do \u2018Nosso Centro\u2019, mas tamb\u00e9m o mostramos, com suas quest\u00f5es hist\u00f3ricas, arquitet\u00f4nicas e urbanas, enquanto um circuito monumental\u201d, afirmou.<\/p>\n\n\n\n<p>O administrador Andr\u00e9 Mau\u00e9s foi um dos participantes do primeiro tour patrimonial e achou \u00f3tima a iniciativa da gest\u00e3o para promover a valoriza\u00e7\u00e3o do patrim\u00f4nio e cultura locais.<\/p>\n\n\n\n<p>\u201cA gente s\u00f3 valoriza aquilo que a gente conhece e foi muito boa essa iniciativa para podermos ver quais s\u00e3o os projetos que est\u00e3o em andamento e todo o potencial que o Centro tem. A gente sonha acordado para quando essas obras estiverem prontas. E, mais do que as obras em si, toda a vida que vai ter no entorno, e n\u00e3o somente com mais turistas, mas principalmente com a popula\u00e7\u00e3o local aproveitando. Foi uma \u00f3tima manh\u00e3\u201d, comentou.<\/p>\n\n\n\n<p><strong>Visitas<\/strong><\/p>\n\n\n\n<p>As visitas s\u00e3o abertas ao p\u00fablico, mas para grupos de 25 pessoas, com pr\u00e9-inscri\u00e7\u00e3o. Ao final de cada visita, os participantes v\u00e3o receber um certificado de atividade extracurricular complementar. A educa\u00e7\u00e3o patrimonial conta com apoio da Funda\u00e7\u00e3o Municipal de Cultura, Turismo e Eventos (Manauscult).<\/p>\n\n\n\n<p>A interven\u00e7\u00e3o do \u201cNosso Centro&#8221; tem as primeiras obras neste momento, com duas constru\u00e7\u00f5es emblem\u00e1ticas, o mirante L\u00facia Almeida e o casar\u00e3o Thiago de Mello.<\/p>\n\n\n\n<figure class=\"wp-block-gallery has-nested-images columns-default is-cropped wp-block-gallery-2 is-layout-flex wp-block-gallery-is-layout-flex\">\n<figure class=\"wp-block-image size-large\"><img loading=\"lazy\" decoding=\"async\" width=\"450\" height=\"800\" data-id=\"2289\" src=\"https:\/\/www.manaus.am.gov.br\/implurb\/wp-content\/uploads\/sites\/13\/2023\/08\/53111770173_97744f4b91_c.jpg\" alt=\"\" class=\"wp-image-2289\" srcset=\"https:\/\/www.manaus.am.gov.br\/implurb\/wp-content\/uploads\/sites\/13\/2023\/08\/53111770173_97744f4b91_c.jpg 450w, https:\/\/www.manaus.am.gov.br\/implurb\/wp-content\/uploads\/sites\/13\/2023\/08\/53111770173_97744f4b91_c-169x300.jpg 169w\" sizes=\"(max-width: 450px) 100vw, 450px\" \/><\/figure>\n<\/figure>\n\n\n\n<p>\u201cO Vivendo o Nosso Centro\u201d ter\u00e1 oito visitas, sempre aos s\u00e1bados, para atender estudantes, profissionais e sociedade em geral, para que possam ter a vis\u00e3o do Centro antigo e ajudar a escrever parte da hist\u00f3ria do programa \u201cNosso Centro\u201d com esta imers\u00e3o e experi\u00eancia por edifica\u00e7\u00f5es, bens tombados, pra\u00e7as e ruas da capital.<\/p>\n\n\n\n<p>O roteiro ter\u00e1 visitas nos dias 26 de agosto, 16 de setembro, 30 de setembro, 14 de outubro, 28 de outubro, 11 de novembro e 25 de novembro. As inscri\u00e7\u00f5es s\u00e3o gratuitas e os grupos de cada dia comportam 25 pessoas. Os links para inscri\u00e7\u00e3o ser\u00e3o divulgados dez dias antes de cada visita nas redes sociais do instituto.<\/p>\n\n\n\n<p><strong>Centro<\/strong><\/p>\n\n\n\n<p>O centro hist\u00f3rico \u00e9 tombado pelo Instituto do Patrim\u00f4nio Hist\u00f3rico e Art\u00edstico Nacional (Iphan) desde 2012, segundo o qual \u201capresenta uma por\u00e7\u00e3o urbana formada por edifica\u00e7\u00f5es do per\u00edodo \u00e1ureo mescladas a edif\u00edcios modernos\u201d. Sua \u00e1rea tombada \u201crepresenta um dos maiores testemunhos de uma fase econ\u00f4mica \u00edmpar no Brasil: o per\u00edodo da borracha\u201d.<\/p>\n\n\n\n<p>A regi\u00e3o central de Manaus \u00e9 uma mem\u00f3ria vis\u00edvel da heran\u00e7a edificada, do patrim\u00f4nio cultural e da ancestralidade amaz\u00f4nica, exibida em toda sua beleza, tanto estrutural quanto decorativa. E essa importante parte da hist\u00f3ria \u00e9 contada por seus edif\u00edcios, muitos erguidos na Belle \u00c9poque, criando uma rela\u00e7\u00e3o de afeto para muitos manauaras, carregada de cultura, em meio a resid\u00eancias e ruas de intenso com\u00e9rcio.<\/p>\n\n\n\n<p>&#8212; &#8212; &#8212;<\/p>\n\n\n\n<p><strong>Texto<\/strong> &#8211; Cl\u00e1udia do Valle<\/p>\n\n\n\n<p><strong>Fotos<\/strong> &#8211; Jo\u00e3o Viana \/ Semcom<\/p>\n\n\n\n<p>Dispon\u00edveis em \u2013 <a href=\"https:\/\/flic.kr\/s\/aHBqjAQRwF\">https:\/\/flic.kr\/s\/aHBqjAQRwF<\/a><\/p>\n","protected":false},"excerpt":{"rendered":"","protected":false},"author":31,"featured_media":2290,"comment_status":"closed","ping_status":"closed","sticky":false,"template":"","format":"standard","meta":{"footnotes":""},"categories":[411],"tags":[142,14,368,300],"acf":[],"yoast_head":"<!-- This site is optimized with the Yoast SEO plugin v23.0 - https:\/\/yoast.com\/wordpress\/plugins\/seo\/ -->\n<title>Prefeitura de Manaus movimenta \u00e1rea central com roteiro de educa\u00e7\u00e3o patrimonial do \u2018Nosso Centro\u2019 - IMPLURB<\/title>\n<meta name=\"robots\" content=\"noindex, follow\" \/>\n<meta property=\"og:locale\" content=\"pt_BR\" \/>\n<meta property=\"og:type\" content=\"article\" \/>\n<meta property=\"og:title\" content=\"Prefeitura de Manaus movimenta \u00e1rea central com roteiro de educa\u00e7\u00e3o patrimonial do \u2018Nosso Centro\u2019 - IMPLURB\" \/>\n<meta property=\"og:url\" content=\"https:\/\/www.manaus.am.gov.br\/implurb\/prefeitura-de-manaus-movimenta-area-central-com-roteiro-de-educacao-patrimonial-do-nosso-centro\/\" \/>\n<meta property=\"og:site_name\" content=\"IMPLURB\" \/>\n<meta property=\"article:published_time\" content=\"2023-08-12T19:03:16+00:00\" \/>\n<meta property=\"og:image\" content=\"https:\/\/www.manaus.am.gov.br\/implurb\/wp-content\/uploads\/sites\/13\/2023\/08\/53110691922_c9bbeb4c9f_c.jpg\" \/>\n\t<meta property=\"og:image:width\" content=\"800\" \/>\n\t<meta property=\"og:image:height\" content=\"450\" \/>\n\t<meta property=\"og:image:type\" content=\"image\/jpeg\" \/>\n<meta name=\"author\" content=\"Renata Felix\" \/>\n<meta name=\"twitter:card\" content=\"summary_large_image\" \/>\n<meta name=\"twitter:label1\" content=\"Written by\" \/>\n\t<meta name=\"twitter:data1\" content=\"Renata Felix\" \/>\n\t<meta name=\"twitter:label2\" content=\"Est. reading time\" \/>\n\t<meta name=\"twitter:data2\" content=\"5 minutos\" \/>\n<script type=\"application\/ld+json\" class=\"yoast-schema-graph\">{\"@context\":\"https:\/\/schema.org\",\"@graph\":[{\"@type\":\"WebPage\",\"@id\":\"https:\/\/www.manaus.am.gov.br\/implurb\/prefeitura-de-manaus-movimenta-area-central-com-roteiro-de-educacao-patrimonial-do-nosso-centro\/\",\"url\":\"https:\/\/www.manaus.am.gov.br\/implurb\/prefeitura-de-manaus-movimenta-area-central-com-roteiro-de-educacao-patrimonial-do-nosso-centro\/\",\"name\":\"Prefeitura de Manaus movimenta \u00e1rea central com roteiro de educa\u00e7\u00e3o patrimonial do \u2018Nosso Centro\u2019 - IMPLURB\",\"isPartOf\":{\"@id\":\"https:\/\/www.manaus.am.gov.br\/implurb\/#website\"},\"primaryImageOfPage\":{\"@id\":\"https:\/\/www.manaus.am.gov.br\/implurb\/prefeitura-de-manaus-movimenta-area-central-com-roteiro-de-educacao-patrimonial-do-nosso-centro\/#primaryimage\"},\"image\":{\"@id\":\"https:\/\/www.manaus.am.gov.br\/implurb\/prefeitura-de-manaus-movimenta-area-central-com-roteiro-de-educacao-patrimonial-do-nosso-centro\/#primaryimage\"},\"thumbnailUrl\":\"https:\/\/www.manaus.am.gov.br\/implurb\/wp-content\/uploads\/sites\/13\/2023\/08\/53110691922_c9bbeb4c9f_c.jpg\",\"datePublished\":\"2023-08-12T19:03:16+00:00\",\"dateModified\":\"2023-08-12T19:03:16+00:00\",\"author\":{\"@id\":\"https:\/\/www.manaus.am.gov.br\/implurb\/#\/schema\/person\/4eea2a8f78dc853097abb026f728aa06\"},\"breadcrumb\":{\"@id\":\"https:\/\/www.manaus.am.gov.br\/implurb\/prefeitura-de-manaus-movimenta-area-central-com-roteiro-de-educacao-patrimonial-do-nosso-centro\/#breadcrumb\"},\"inLanguage\":\"pt-BR\",\"potentialAction\":[{\"@type\":\"ReadAction\",\"target\":[\"https:\/\/www.manaus.am.gov.br\/implurb\/prefeitura-de-manaus-movimenta-area-central-com-roteiro-de-educacao-patrimonial-do-nosso-centro\/\"]}]},{\"@type\":\"ImageObject\",\"inLanguage\":\"pt-BR\",\"@id\":\"https:\/\/www.manaus.am.gov.br\/implurb\/prefeitura-de-manaus-movimenta-area-central-com-roteiro-de-educacao-patrimonial-do-nosso-centro\/#primaryimage\",\"url\":\"https:\/\/www.manaus.am.gov.br\/implurb\/wp-content\/uploads\/sites\/13\/2023\/08\/53110691922_c9bbeb4c9f_c.jpg\",\"contentUrl\":\"https:\/\/www.manaus.am.gov.br\/implurb\/wp-content\/uploads\/sites\/13\/2023\/08\/53110691922_c9bbeb4c9f_c.jpg\",\"width\":800,\"height\":450},{\"@type\":\"BreadcrumbList\",\"@id\":\"https:\/\/www.manaus.am.gov.br\/implurb\/prefeitura-de-manaus-movimenta-area-central-com-roteiro-de-educacao-patrimonial-do-nosso-centro\/#breadcrumb\",\"itemListElement\":[{\"@type\":\"ListItem\",\"position\":1,\"name\":\"Home\",\"item\":\"https:\/\/www.manaus.am.gov.br\/implurb\/\"},{\"@type\":\"ListItem\",\"position\":2,\"name\":\"Prefeitura de Manaus movimenta \u00e1rea central com roteiro de educa\u00e7\u00e3o patrimonial do \u2018Nosso Centro\u2019\"}]},{\"@type\":\"WebSite\",\"@id\":\"https:\/\/www.manaus.am.gov.br\/implurb\/#website\",\"url\":\"https:\/\/www.manaus.am.gov.br\/implurb\/\",\"name\":\"IMPLURB\",\"description\":\"Prefeitura de Manaus\",\"potentialAction\":[{\"@type\":\"SearchAction\",\"target\":{\"@type\":\"EntryPoint\",\"urlTemplate\":\"https:\/\/www.manaus.am.gov.br\/implurb\/?s={search_term_string}\"},\"query-input\":\"required name=search_term_string\"}],\"inLanguage\":\"pt-BR\"},{\"@type\":\"Person\",\"@id\":\"https:\/\/www.manaus.am.gov.br\/implurb\/#\/schema\/person\/4eea2a8f78dc853097abb026f728aa06\",\"name\":\"Renata Felix\",\"image\":{\"@type\":\"ImageObject\",\"inLanguage\":\"pt-BR\",\"@id\":\"https:\/\/www.manaus.am.gov.br\/implurb\/#\/schema\/person\/image\/\",\"url\":\"https:\/\/secure.gravatar.com\/avatar\/3c196cf9d3b837b24c8edb2c50fd8f29?s=96&d=mm&r=g\",\"contentUrl\":\"https:\/\/secure.gravatar.com\/avatar\/3c196cf9d3b837b24c8edb2c50fd8f29?s=96&d=mm&r=g\",\"caption\":\"Renata Felix\"}}]}<\/script>\n<!-- \/ Yoast SEO plugin. -->","yoast_head_json":{"title":"Prefeitura de Manaus movimenta \u00e1rea central com roteiro de educa\u00e7\u00e3o patrimonial do \u2018Nosso Centro\u2019 - IMPLURB","robots":{"index":"noindex","follow":"follow"},"og_locale":"pt_BR","og_type":"article","og_title":"Prefeitura de Manaus movimenta \u00e1rea central com roteiro de educa\u00e7\u00e3o patrimonial do \u2018Nosso Centro\u2019 - IMPLURB","og_url":"https:\/\/www.manaus.am.gov.br\/implurb\/prefeitura-de-manaus-movimenta-area-central-com-roteiro-de-educacao-patrimonial-do-nosso-centro\/","og_site_name":"IMPLURB","article_published_time":"2023-08-12T19:03:16+00:00","og_image":[{"width":800,"height":450,"url":"https:\/\/www.manaus.am.gov.br\/implurb\/wp-content\/uploads\/sites\/13\/2023\/08\/53110691922_c9bbeb4c9f_c.jpg","type":"image\/jpeg"}],"author":"Renata Felix","twitter_card":"summary_large_image","twitter_misc":{"Written by":"Renata Felix","Est. reading time":"5 minutos"},"schema":{"@context":"https:\/\/schema.org","@graph":[{"@type":"WebPage","@id":"https:\/\/www.manaus.am.gov.br\/implurb\/prefeitura-de-manaus-movimenta-area-central-com-roteiro-de-educacao-patrimonial-do-nosso-centro\/","url":"https:\/\/www.manaus.am.gov.br\/implurb\/prefeitura-de-manaus-movimenta-area-central-com-roteiro-de-educacao-patrimonial-do-nosso-centro\/","name":"Prefeitura de Manaus movimenta \u00e1rea central com roteiro de educa\u00e7\u00e3o patrimonial do \u2018Nosso Centro\u2019 - IMPLURB","isPartOf":{"@id":"https:\/\/www.manaus.am.gov.br\/implurb\/#website"},"primaryImageOfPage":{"@id":"https:\/\/www.manaus.am.gov.br\/implurb\/prefeitura-de-manaus-movimenta-area-central-com-roteiro-de-educacao-patrimonial-do-nosso-centro\/#primaryimage"},"image":{"@id":"https:\/\/www.manaus.am.gov.br\/implurb\/prefeitura-de-manaus-movimenta-area-central-com-roteiro-de-educacao-patrimonial-do-nosso-centro\/#primaryimage"},"thumbnailUrl":"https:\/\/www.manaus.am.gov.br\/implurb\/wp-content\/uploads\/sites\/13\/2023\/08\/53110691922_c9bbeb4c9f_c.jpg","datePublished":"2023-08-12T19:03:16+00:00","dateModified":"2023-08-12T19:03:16+00:00","author":{"@id":"https:\/\/www.manaus.am.gov.br\/implurb\/#\/schema\/person\/4eea2a8f78dc853097abb026f728aa06"},"breadcrumb":{"@id":"https:\/\/www.manaus.am.gov.br\/implurb\/prefeitura-de-manaus-movimenta-area-central-com-roteiro-de-educacao-patrimonial-do-nosso-centro\/#breadcrumb"},"inLanguage":"pt-BR","potentialAction":[{"@type":"ReadAction","target":["https:\/\/www.manaus.am.gov.br\/implurb\/prefeitura-de-manaus-movimenta-area-central-com-roteiro-de-educacao-patrimonial-do-nosso-centro\/"]}]},{"@type":"ImageObject","inLanguage":"pt-BR","@id":"https:\/\/www.manaus.am.gov.br\/implurb\/prefeitura-de-manaus-movimenta-area-central-com-roteiro-de-educacao-patrimonial-do-nosso-centro\/#primaryimage","url":"https:\/\/www.manaus.am.gov.br\/implurb\/wp-content\/uploads\/sites\/13\/2023\/08\/53110691922_c9bbeb4c9f_c.jpg","contentUrl":"https:\/\/www.manaus.am.gov.br\/implurb\/wp-content\/uploads\/sites\/13\/2023\/08\/53110691922_c9bbeb4c9f_c.jpg","width":800,"height":450},{"@type":"BreadcrumbList","@id":"https:\/\/www.manaus.am.gov.br\/implurb\/prefeitura-de-manaus-movimenta-area-central-com-roteiro-de-educacao-patrimonial-do-nosso-centro\/#breadcrumb","itemListElement":[{"@type":"ListItem","position":1,"name":"Home","item":"https:\/\/www.manaus.am.gov.br\/implurb\/"},{"@type":"ListItem","position":2,"name":"Prefeitura de Manaus movimenta \u00e1rea central com roteiro de educa\u00e7\u00e3o patrimonial do \u2018Nosso Centro\u2019"}]},{"@type":"WebSite","@id":"https:\/\/www.manaus.am.gov.br\/implurb\/#website","url":"https:\/\/www.manaus.am.gov.br\/implurb\/","name":"IMPLURB","description":"Prefeitura de Manaus","potentialAction":[{"@type":"SearchAction","target":{"@type":"EntryPoint","urlTemplate":"https:\/\/www.manaus.am.gov.br\/implurb\/?s={search_term_string}"},"query-input":"required name=search_term_string"}],"inLanguage":"pt-BR"},{"@type":"Person","@id":"https:\/\/www.manaus.am.gov.br\/implurb\/#\/schema\/person\/4eea2a8f78dc853097abb026f728aa06","name":"Renata Felix","image":{"@type":"ImageObject","inLanguage":"pt-BR","@id":"https:\/\/www.manaus.am.gov.br\/implurb\/#\/schema\/person\/image\/","url":"https:\/\/secure.gravatar.com\/avatar\/3c196cf9d3b837b24c8edb2c50fd8f29?s=96&d=mm&r=g","contentUrl":"https:\/\/secure.gravatar.com\/avatar\/3c196cf9d3b837b24c8edb2c50fd8f29?s=96&d=mm&r=g","caption":"Renata Felix"}}]}},"_links":{"self":[{"href":"https:\/\/www.manaus.am.gov.br\/implurb\/wp-json\/wp\/v2\/posts\/2287"}],"collection":[{"href":"https:\/\/www.manaus.am.gov.br\/implurb\/wp-json\/wp\/v2\/posts"}],"about":[{"href":"https:\/\/www.manaus.am.gov.br\/implurb\/wp-json\/wp\/v2\/types\/post"}],"author":[{"embeddable":true,"href":"https:\/\/www.manaus.am.gov.br\/implurb\/wp-json\/wp\/v2\/users\/31"}],"replies":[{"embeddable":true,"href":"https:\/\/www.manaus.am.gov.br\/implurb\/wp-json\/wp\/v2\/comments?post=2287"}],"version-history":[{"count":1,"href":"https:\/\/www.manaus.am.gov.br\/implurb\/wp-json\/wp\/v2\/posts\/2287\/revisions"}],"predecessor-version":[{"id":2291,"href":"https:\/\/www.manaus.am.gov.br\/implurb\/wp-json\/wp\/v2\/posts\/2287\/revisions\/2291"}],"wp:featuredmedia":[{"embeddable":true,"href":"https:\/\/www.manaus.am.gov.br\/implurb\/wp-json\/wp\/v2\/media\/2290"}],"wp:attachment":[{"href":"https:\/\/www.manaus.am.gov.br\/implurb\/wp-json\/wp\/v2\/media?parent=2287"}],"wp:term":[{"taxonomy":"category","embeddable":true,"href":"https:\/\/www.manaus.am.gov.br\/implurb\/wp-json\/wp\/v2\/categories?post=2287"},{"taxonomy":"post_tag","embeddable":true,"href":"https:\/\/www.manaus.am.gov.br\/implurb\/wp-json\/wp\/v2\/tags?post=2287"}],"curies":[{"name":"wp","href":"https:\/\/api.w.org\/{rel}","templated":true}]}}