{"id":2185,"date":"2023-08-07T14:09:21","date_gmt":"2023-08-07T18:09:21","guid":{"rendered":"https:\/\/www.manaus.am.gov.br\/implurb\/prefeitura-de-manaus-participa-de-reinauguracao-de-sede-do-iphan-e-da-posse-da-nova-superintendente\/"},"modified":"2023-08-07T14:09:23","modified_gmt":"2023-08-07T18:09:23","slug":"prefeitura-de-manaus-participa-de-reinauguracao-de-sede-do-iphan-e-da-posse-da-nova-superintendente","status":"publish","type":"post","link":"https:\/\/www.manaus.am.gov.br\/implurb\/prefeitura-de-manaus-participa-de-reinauguracao-de-sede-do-iphan-e-da-posse-da-nova-superintendente\/","title":{"rendered":"<strong>Prefeitura de Manaus participa de reinaugura\u00e7\u00e3o de sede do Iphan e da posse da nova superintendente<\/strong>"},"content":{"rendered":"\n<p>Todo o conjunto flutuante decorrente do porto de Manaus e conhecido como \u201croadway\u201d desde os ingleses na Amaz\u00f4nia, assim como os pr\u00e9dios onde funcionava a administra\u00e7\u00e3o portu\u00e1ria, \u00e9 tombado como patrim\u00f4nio hist\u00f3rico nacional.&nbsp;E nesta segunda-feira, 7\/8, foi reinaugurado um dos casarios desse conjunto, no n\u00famero 13 da travessa Vivaldo Lima, a sede do&nbsp;Instituto do Patrim\u00f4nio Hist\u00f3rico e Art\u00edstico Nacional (Iphan), no Centro, representante do per\u00edodo de luxo e riqueza vivido por Manaus durante a fase \u00e1urea da borracha (1890 a 1910).<\/p>\n\n\n\n<p>A reinaugura\u00e7\u00e3o contou com a posse da nova superintendente regional, a historiadora Beatriz Calheiro, e com a presen\u00e7a do presidente do Iphan de Bras\u00edlia, Leandro Grass, e diversas autoridades municipais, estaduais, federais e de entidades ligadas \u00e0 cultura, ao patrim\u00f4nio e \u00e0 preserva\u00e7\u00e3o.<\/p>\n\n\n\n<p>A Prefeitura de Manaus, via Instituto Municipal de Planejamento Urbano (Implurb), \u00e9 parte integrante das a\u00e7\u00f5es do Iphan-AM na reabilita\u00e7\u00e3o do centro hist\u00f3rico da capital, com trabalhos conjuntos de salvaguarda do patrim\u00f4nio, desde projetos de revitaliza\u00e7\u00e3o at\u00e9 fiscaliza\u00e7\u00e3o, al\u00e9m de&nbsp;trabalho gerencial, interinstitucional e multidisciplinar, voltado para \u00e0s comunidades e preserva\u00e7\u00e3o dos monumentos tombados na capital do Estado.<\/p>\n\n\n\n<p>\u201cEsse lugar tem rela\u00e7\u00e3o com a identidade amaz\u00f4nica, de valoriza\u00e7\u00e3o do patrim\u00f4nio imaterial, do arqueol\u00f3gico, mas, acima de tudo, do nosso povo se ver, se ver na hist\u00f3ria, reconhecer aqui o nosso legado, tanto daqueles que trabalharam para desenvolver a nossa cultura quanto para garantir que futuras gera\u00e7\u00f5es possam valorizar a hist\u00f3ria do nosso Estado. O Iphan-AM tem o papel de ajudar nesse fomento, nessa valoriza\u00e7\u00e3o, e tem seus parceiros pr\u00f3ximos, como o Implurb\u201d, comentou Beatriz.<\/p>\n\n\n\n<p>Ainda sobre a parceria, a superintendente afirmou ter certeza de que a gest\u00e3o compartilhada \u00e9 que pode garantir a valoriza\u00e7\u00e3o do patrim\u00f4nio hist\u00f3rico do Amazonas. \u201cSem d\u00favida, Manaus tem um papel fundamental nisso e o munic\u00edpio tem sido parceiro, desde a fiscaliza\u00e7\u00e3o at\u00e9 mesmo na a\u00e7\u00e3o de projetos. Temos um acordo de coopera\u00e7\u00e3o t\u00e9cnica que possibilita o interc\u00e2mbio entre as nossas partes t\u00e9cnicas. E a garantia de que esse patrim\u00f4nio, de fato, vai poder ser pensado e que a gente n\u00e3o vai fazer isso de forma isolada, vai fazer de forma parceira, fortalecendo o trabalho dessas organiza\u00e7\u00f5es\u201d, ressaltou.<\/p>\n\n\n\n<p>O vice-presidente do Implurb, arquiteto e urbanista Claudemir Andrade, lembrou que este momento \u00e9 importante para dar ainda mais visibilidade ao trabalho da gest\u00e3o David Almeida, como o de reabilita\u00e7\u00e3o proposto pelo programa \u201cNosso Centro\u201d.<\/p>\n\n\n\n<p>\u201cE \u00e9 fundamental ter um instituto com um novo governo iniciando, que \u00e9 do presidente Luiz In\u00e1cio Lula da Silva, e onde voc\u00ea tem o governo federal alinhado tamb\u00e9m com a import\u00e2ncia que tem o nosso centro hist\u00f3rico. Nosso interesse \u00e9 conjunto e estamos alinhados com os projetos e os programas, de maneira a transformar a cidade, de revitalizar o territ\u00f3rio, de trazer a hist\u00f3ria e mem\u00f3ria de volta, com \u00eaxito nas interven\u00e7\u00f5es\u201d, afirmou Claudemir.<\/p>\n\n\n\n<p>Para ele, a parceria n\u00e3o acontece se as institui\u00e7\u00f5es n\u00e3o estiverem devidamente alinhadas. \u201cE temos a alegria da recupera\u00e7\u00e3o de uma unidade hist\u00f3rica, como \u00e9 a sede do Iphan. Passou por uma reforma, momentos delicados em rela\u00e7\u00e3o a recursos, mas finalmente temos seu retorno, deste pr\u00e9dio bel\u00edssimo que Manaus tem, e que passar\u00e1 a ser aberta e dispon\u00edvel para a popula\u00e7\u00e3o\u201d, salientou o vice-presidente do Implurb.<\/p>\n\n\n\n<p>Durante um discurso intenso e com foco na Amaz\u00f4nia e patrim\u00f4nio, que tem como prioridade os povos ind\u00edgenas e de matriz africana, o presidente do Iphan nacional, Leandro Grass, agradeceu a todos os servidores do \u00f3rg\u00e3o no Amazonas que ajudaram a evitar que o pr\u00e9dio fosse interditado definitivamente e que pudesse, hoje, reabrir suas portas.<\/p>\n\n\n\n<p>\u201cSe existem pol\u00edticas e a\u00e7\u00f5es do patrim\u00f4nio cultural nesse momento, foi porque esses servidores conseguiram resistir, conseguiram sustentar minimamente aquilo que era poss\u00edvel. E quero agradecer a Beatriz, que n\u00e3o poderia ser outra melhor para estar aqui, escolhida, que tem forma\u00e7\u00e3o, compet\u00eancia, representatividade. Algu\u00e9m que \u00e9 fundamental para este resgate das pol\u00edticas p\u00fablicas do Brasil. Destruir as coisas \u00e9 muito f\u00e1cil. Assinar um papel, fazer um decreto, desfazendo, cortando, reduzindo, diminuindo, \u00e9 muito f\u00e1cil. Isso \u00e9 para os covardes. Agora reconstruir, colocar de p\u00e9 de novo, revitalizar, restaurar, n\u00e3o \u00e9 para todo mundo. Todos voc\u00eas que est\u00e3o aqui s\u00e3o parte desta reconstru\u00e7\u00e3o\u201d, afirmou o presidente.<\/p>\n\n\n\n<p>Grass adiantou que a regi\u00e3o amaz\u00f4nica \u00e9 prioridade no di\u00e1logo nacional para pactuar a\u00e7\u00f5es dos bens de toda a sociedade. \u201cE n\u00e3o h\u00e1 pol\u00edtica no patrim\u00f4nio cultural sem a pol\u00edtica colaborativa com a prefeitura, com o governo estadual e com o Iphan, al\u00e9m da sociedade. Quero parabenizar a Prefeitura de Manaus pelo programa \u2018Nosso Centro\u2019, estivemos em Bras\u00edlia discutindo o plano urbano e tenho certeza de que vai ser bem-sucedido\u201d, afirmou.<\/p>\n\n\n\n<p><strong>Visita<\/strong><\/p>\n\n\n\n<p>O presidente do Iphan de Bras\u00edlia, Leandro Grass, est\u00e1 na capital amazonense para agenda que prev\u00ea visita \u00e0s obras do poder p\u00fablico municipal, do programa \u201cNosso Centro\u201d, lan\u00e7ado em 2021 pelo prefeito David Almeida, com as interven\u00e7\u00f5es no mirante L\u00facia Almeida, casar\u00e3o Thiago de Mello e largo de S\u00e3o Vicente.<\/p>\n\n\n\n<p>Ap\u00f3s o tour pelas obras, agendado para \u00e0s 9h, Grass e equipe tem encontro marcado com \u00f3rg\u00e3os e secretarias municipais relacionadas ao \u201cNosso Centro\u201d, com coordena\u00e7\u00e3o do Instituto Municipal de Planejamento Urbano (Implurb). A reuni\u00e3o acontece no Casar\u00e3o da Inova\u00e7\u00e3o Cassina, no Centro.<\/p>\n\n\n\n<p>Para o diretor-presidente da autarquia, Carlos Valente, a vinda do presidente do Iphan refor\u00e7a a import\u00e2ncia que a gest\u00e3o do prefeito est\u00e1 dando \u00e0 \u00e1rea central da capital, com visita\u00e7\u00f5es e apresenta\u00e7\u00e3o dos projetos com foco na \u00e1rea do patrim\u00f4nio hist\u00f3rico, art\u00edstico e cultural da cidade.<\/p>\n\n\n\n<p>\u201c\u00c9 fundamental criar mais vida e viv\u00eancia na regi\u00e3o central, que passa por revitaliza\u00e7\u00e3o, que \u00e9 uma \u00e1rea bonita e bastante interessante arquitetonicamente e urbanisticamente, al\u00e9m de toda hist\u00f3ria que contempla. E temos o interesse do Iphan&nbsp;no programa e uma s\u00e9rie de propostas e planos da prefeitura foram apresentados ao governo federal para somar esfor\u00e7os na reabilita\u00e7\u00e3o e renova\u00e7\u00e3o\u201d, destacou o gestor do Implurb.<\/p>\n\n\n\n<p><strong>Sede reaberta<\/strong><\/p>\n\n\n\n<p>A sede do Iphan-AM foi constru\u00edda em 1870 e usada inicialmente como resid\u00eancia nos pavimentos superiores e oficina mec\u00e2nica e fundi\u00e7\u00e3o a vapor, no t\u00e9rreo. Ela tem caracter\u00edsticas gerais da arquitetura ecl\u00e9tica que marcou, de uma forma geral, a arquitetura brasileira e em especial, a manauara, entre as \u00faltimas d\u00e9cadas do s\u00e9culo 19 e as primeiras do s\u00e9culo 20. A edifica\u00e7\u00e3o tem arquitetura influenciada pelo modelo de chal\u00e9s, muito em voga no final do s\u00e9culo 19.<\/p>\n\n\n\n<p>Em 1987, o edif\u00edcio passou a sediar o Iphan-AM. Mesmo n\u00e3o sendo tombado individualmente, o im\u00f3vel localiza-se em \u00e1rea tombada, definida pelo Iphan (notifica\u00e7\u00e3o publicada no Di\u00e1rio Oficial da Uni\u00e3o n\u00ba 222, se\u00e7\u00e3o 3, de 22\/11\/2010).<\/p>\n\n\n\n<p>&#8212; &#8212; &#8212;<\/p>\n\n\n\n<p><strong>Texto &#8211;&nbsp;<\/strong>Claudia do Valle \/ Implurb<\/p>\n\n\n\n<p><strong>Fotos &#8211;<\/strong>&nbsp;Jo\u00e3o Viana \/ Semcom<\/p>\n\n\n\n<p><strong>Dispon\u00edveis em &#8211; <\/strong><a href=\"https:\/\/flic.kr\/s\/aHBqjAQdTZ\">https:\/\/flic.kr\/s\/aHBqjAQdTZ<\/a><\/p>\n","protected":false},"excerpt":{"rendered":"","protected":false},"author":24,"featured_media":2186,"comment_status":"closed","ping_status":"closed","sticky":false,"template":"","format":"standard","meta":{"footnotes":""},"categories":[228],"tags":[83,31,392,11,393,86,39,385,394,15,395,396],"acf":[],"yoast_head":"<!-- This site is optimized with the Yoast SEO plugin v23.0 - https:\/\/yoast.com\/wordpress\/plugins\/seo\/ -->\n<title>Prefeitura de Manaus participa de reinaugura\u00e7\u00e3o de sede do Iphan e da posse da nova superintendente - IMPLURB<\/title>\n<meta name=\"description\" content=\"Todo o conjunto flutuante decorrente do porto de Manaus e conhecido como \u201croadway\u201d desde os ingleses na Amaz\u00f4nia, assim como os pr\u00e9dios onde funcionava a administra\u00e7\u00e3o portu\u00e1ria, \u00e9 tombado como patrim\u00f4nio hist\u00f3rico nacional.\u00a0\" \/>\n<meta name=\"robots\" content=\"noindex, follow\" \/>\n<meta property=\"og:locale\" content=\"pt_BR\" \/>\n<meta property=\"og:type\" content=\"article\" \/>\n<meta property=\"og:title\" content=\"Prefeitura de Manaus participa de reinaugura\u00e7\u00e3o de sede do Iphan e da posse da nova superintendente - IMPLURB\" \/>\n<meta property=\"og:description\" content=\"Todo o conjunto flutuante decorrente do porto de Manaus e conhecido como \u201croadway\u201d desde os ingleses na Amaz\u00f4nia, assim como os pr\u00e9dios onde funcionava a administra\u00e7\u00e3o portu\u00e1ria, \u00e9 tombado como patrim\u00f4nio hist\u00f3rico nacional.\u00a0\" \/>\n<meta property=\"og:url\" content=\"https:\/\/www.manaus.am.gov.br\/implurb\/prefeitura-de-manaus-participa-de-reinauguracao-de-sede-do-iphan-e-da-posse-da-nova-superintendente\/\" \/>\n<meta property=\"og:site_name\" content=\"IMPLURB\" \/>\n<meta property=\"article:published_time\" content=\"2023-08-07T18:09:21+00:00\" \/>\n<meta property=\"article:modified_time\" content=\"2023-08-07T18:09:23+00:00\" \/>\n<meta property=\"og:image\" content=\"https:\/\/www.manaus.am.gov.br\/implurb\/wp-content\/uploads\/sites\/13\/2023\/08\/53100567030_6654a011d0_o.jpg\" \/>\n\t<meta property=\"og:image:width\" content=\"6240\" \/>\n\t<meta property=\"og:image:height\" content=\"4160\" \/>\n\t<meta property=\"og:image:type\" content=\"image\/jpeg\" \/>\n<meta name=\"author\" content=\"Cl\u00e1udia Barbosa\" \/>\n<meta name=\"twitter:card\" content=\"summary_large_image\" \/>\n<meta name=\"twitter:label1\" content=\"Written by\" \/>\n\t<meta name=\"twitter:data1\" content=\"Cl\u00e1udia Barbosa\" \/>\n\t<meta name=\"twitter:label2\" content=\"Est. reading time\" \/>\n\t<meta name=\"twitter:data2\" content=\"7 minutos\" \/>\n<script type=\"application\/ld+json\" class=\"yoast-schema-graph\">{\"@context\":\"https:\/\/schema.org\",\"@graph\":[{\"@type\":\"WebPage\",\"@id\":\"https:\/\/www.manaus.am.gov.br\/implurb\/prefeitura-de-manaus-participa-de-reinauguracao-de-sede-do-iphan-e-da-posse-da-nova-superintendente\/\",\"url\":\"https:\/\/www.manaus.am.gov.br\/implurb\/prefeitura-de-manaus-participa-de-reinauguracao-de-sede-do-iphan-e-da-posse-da-nova-superintendente\/\",\"name\":\"Prefeitura de Manaus participa de reinaugura\u00e7\u00e3o de sede do Iphan e da posse da nova superintendente - IMPLURB\",\"isPartOf\":{\"@id\":\"https:\/\/www.manaus.am.gov.br\/implurb\/#website\"},\"primaryImageOfPage\":{\"@id\":\"https:\/\/www.manaus.am.gov.br\/implurb\/prefeitura-de-manaus-participa-de-reinauguracao-de-sede-do-iphan-e-da-posse-da-nova-superintendente\/#primaryimage\"},\"image\":{\"@id\":\"https:\/\/www.manaus.am.gov.br\/implurb\/prefeitura-de-manaus-participa-de-reinauguracao-de-sede-do-iphan-e-da-posse-da-nova-superintendente\/#primaryimage\"},\"thumbnailUrl\":\"https:\/\/www.manaus.am.gov.br\/implurb\/wp-content\/uploads\/sites\/13\/2023\/08\/53100567030_6654a011d0_o.jpg\",\"datePublished\":\"2023-08-07T18:09:21+00:00\",\"dateModified\":\"2023-08-07T18:09:23+00:00\",\"author\":{\"@id\":\"https:\/\/www.manaus.am.gov.br\/implurb\/#\/schema\/person\/d0a166b5031154c33c77794ddc9a827e\"},\"description\":\"Todo o conjunto flutuante decorrente do porto de Manaus e conhecido como \u201croadway\u201d desde os ingleses na Amaz\u00f4nia, assim como os pr\u00e9dios onde funcionava a administra\u00e7\u00e3o portu\u00e1ria, \u00e9 tombado como patrim\u00f4nio hist\u00f3rico nacional.\u00a0\",\"breadcrumb\":{\"@id\":\"https:\/\/www.manaus.am.gov.br\/implurb\/prefeitura-de-manaus-participa-de-reinauguracao-de-sede-do-iphan-e-da-posse-da-nova-superintendente\/#breadcrumb\"},\"inLanguage\":\"pt-BR\",\"potentialAction\":[{\"@type\":\"ReadAction\",\"target\":[\"https:\/\/www.manaus.am.gov.br\/implurb\/prefeitura-de-manaus-participa-de-reinauguracao-de-sede-do-iphan-e-da-posse-da-nova-superintendente\/\"]}]},{\"@type\":\"ImageObject\",\"inLanguage\":\"pt-BR\",\"@id\":\"https:\/\/www.manaus.am.gov.br\/implurb\/prefeitura-de-manaus-participa-de-reinauguracao-de-sede-do-iphan-e-da-posse-da-nova-superintendente\/#primaryimage\",\"url\":\"https:\/\/www.manaus.am.gov.br\/implurb\/wp-content\/uploads\/sites\/13\/2023\/08\/53100567030_6654a011d0_o.jpg\",\"contentUrl\":\"https:\/\/www.manaus.am.gov.br\/implurb\/wp-content\/uploads\/sites\/13\/2023\/08\/53100567030_6654a011d0_o.jpg\",\"width\":6240,\"height\":4160},{\"@type\":\"BreadcrumbList\",\"@id\":\"https:\/\/www.manaus.am.gov.br\/implurb\/prefeitura-de-manaus-participa-de-reinauguracao-de-sede-do-iphan-e-da-posse-da-nova-superintendente\/#breadcrumb\",\"itemListElement\":[{\"@type\":\"ListItem\",\"position\":1,\"name\":\"Home\",\"item\":\"https:\/\/www.manaus.am.gov.br\/implurb\/\"},{\"@type\":\"ListItem\",\"position\":2,\"name\":\"Prefeitura de Manaus participa de reinaugura\u00e7\u00e3o de sede do Iphan e da posse da nova superintendente\"}]},{\"@type\":\"WebSite\",\"@id\":\"https:\/\/www.manaus.am.gov.br\/implurb\/#website\",\"url\":\"https:\/\/www.manaus.am.gov.br\/implurb\/\",\"name\":\"IMPLURB\",\"description\":\"Prefeitura de Manaus\",\"potentialAction\":[{\"@type\":\"SearchAction\",\"target\":{\"@type\":\"EntryPoint\",\"urlTemplate\":\"https:\/\/www.manaus.am.gov.br\/implurb\/?s={search_term_string}\"},\"query-input\":\"required name=search_term_string\"}],\"inLanguage\":\"pt-BR\"},{\"@type\":\"Person\",\"@id\":\"https:\/\/www.manaus.am.gov.br\/implurb\/#\/schema\/person\/d0a166b5031154c33c77794ddc9a827e\",\"name\":\"Cl\u00e1udia Barbosa\",\"image\":{\"@type\":\"ImageObject\",\"inLanguage\":\"pt-BR\",\"@id\":\"https:\/\/www.manaus.am.gov.br\/implurb\/#\/schema\/person\/image\/\",\"url\":\"https:\/\/secure.gravatar.com\/avatar\/42958a1cf007f1a00534009218c72590?s=96&d=mm&r=g\",\"contentUrl\":\"https:\/\/secure.gravatar.com\/avatar\/42958a1cf007f1a00534009218c72590?s=96&d=mm&r=g\",\"caption\":\"Cl\u00e1udia Barbosa\"}}]}<\/script>\n<!-- \/ Yoast SEO plugin. -->","yoast_head_json":{"title":"Prefeitura de Manaus participa de reinaugura\u00e7\u00e3o de sede do Iphan e da posse da nova superintendente - IMPLURB","description":"Todo o conjunto flutuante decorrente do porto de Manaus e conhecido como \u201croadway\u201d desde os ingleses na Amaz\u00f4nia, assim como os pr\u00e9dios onde funcionava a administra\u00e7\u00e3o portu\u00e1ria, \u00e9 tombado como patrim\u00f4nio hist\u00f3rico nacional.\u00a0","robots":{"index":"noindex","follow":"follow"},"og_locale":"pt_BR","og_type":"article","og_title":"Prefeitura de Manaus participa de reinaugura\u00e7\u00e3o de sede do Iphan e da posse da nova superintendente - IMPLURB","og_description":"Todo o conjunto flutuante decorrente do porto de Manaus e conhecido como \u201croadway\u201d desde os ingleses na Amaz\u00f4nia, assim como os pr\u00e9dios onde funcionava a administra\u00e7\u00e3o portu\u00e1ria, \u00e9 tombado como patrim\u00f4nio hist\u00f3rico nacional.\u00a0","og_url":"https:\/\/www.manaus.am.gov.br\/implurb\/prefeitura-de-manaus-participa-de-reinauguracao-de-sede-do-iphan-e-da-posse-da-nova-superintendente\/","og_site_name":"IMPLURB","article_published_time":"2023-08-07T18:09:21+00:00","article_modified_time":"2023-08-07T18:09:23+00:00","og_image":[{"url":"https:\/\/www.manaus.am.gov.br\/implurb\/wp-content\/uploads\/sites\/13\/2023\/08\/53100567030_6654a011d0_o.jpg","width":6240,"height":4160,"type":"image\/jpeg"}],"author":"Cl\u00e1udia Barbosa","twitter_card":"summary_large_image","twitter_misc":{"Written by":"Cl\u00e1udia Barbosa","Est. reading time":"7 minutos"},"schema":{"@context":"https:\/\/schema.org","@graph":[{"@type":"WebPage","@id":"https:\/\/www.manaus.am.gov.br\/implurb\/prefeitura-de-manaus-participa-de-reinauguracao-de-sede-do-iphan-e-da-posse-da-nova-superintendente\/","url":"https:\/\/www.manaus.am.gov.br\/implurb\/prefeitura-de-manaus-participa-de-reinauguracao-de-sede-do-iphan-e-da-posse-da-nova-superintendente\/","name":"Prefeitura de Manaus participa de reinaugura\u00e7\u00e3o de sede do Iphan e da posse da nova superintendente - IMPLURB","isPartOf":{"@id":"https:\/\/www.manaus.am.gov.br\/implurb\/#website"},"primaryImageOfPage":{"@id":"https:\/\/www.manaus.am.gov.br\/implurb\/prefeitura-de-manaus-participa-de-reinauguracao-de-sede-do-iphan-e-da-posse-da-nova-superintendente\/#primaryimage"},"image":{"@id":"https:\/\/www.manaus.am.gov.br\/implurb\/prefeitura-de-manaus-participa-de-reinauguracao-de-sede-do-iphan-e-da-posse-da-nova-superintendente\/#primaryimage"},"thumbnailUrl":"https:\/\/www.manaus.am.gov.br\/implurb\/wp-content\/uploads\/sites\/13\/2023\/08\/53100567030_6654a011d0_o.jpg","datePublished":"2023-08-07T18:09:21+00:00","dateModified":"2023-08-07T18:09:23+00:00","author":{"@id":"https:\/\/www.manaus.am.gov.br\/implurb\/#\/schema\/person\/d0a166b5031154c33c77794ddc9a827e"},"description":"Todo o conjunto flutuante decorrente do porto de Manaus e conhecido como \u201croadway\u201d desde os ingleses na Amaz\u00f4nia, assim como os pr\u00e9dios onde funcionava a administra\u00e7\u00e3o portu\u00e1ria, \u00e9 tombado como patrim\u00f4nio hist\u00f3rico nacional.\u00a0","breadcrumb":{"@id":"https:\/\/www.manaus.am.gov.br\/implurb\/prefeitura-de-manaus-participa-de-reinauguracao-de-sede-do-iphan-e-da-posse-da-nova-superintendente\/#breadcrumb"},"inLanguage":"pt-BR","potentialAction":[{"@type":"ReadAction","target":["https:\/\/www.manaus.am.gov.br\/implurb\/prefeitura-de-manaus-participa-de-reinauguracao-de-sede-do-iphan-e-da-posse-da-nova-superintendente\/"]}]},{"@type":"ImageObject","inLanguage":"pt-BR","@id":"https:\/\/www.manaus.am.gov.br\/implurb\/prefeitura-de-manaus-participa-de-reinauguracao-de-sede-do-iphan-e-da-posse-da-nova-superintendente\/#primaryimage","url":"https:\/\/www.manaus.am.gov.br\/implurb\/wp-content\/uploads\/sites\/13\/2023\/08\/53100567030_6654a011d0_o.jpg","contentUrl":"https:\/\/www.manaus.am.gov.br\/implurb\/wp-content\/uploads\/sites\/13\/2023\/08\/53100567030_6654a011d0_o.jpg","width":6240,"height":4160},{"@type":"BreadcrumbList","@id":"https:\/\/www.manaus.am.gov.br\/implurb\/prefeitura-de-manaus-participa-de-reinauguracao-de-sede-do-iphan-e-da-posse-da-nova-superintendente\/#breadcrumb","itemListElement":[{"@type":"ListItem","position":1,"name":"Home","item":"https:\/\/www.manaus.am.gov.br\/implurb\/"},{"@type":"ListItem","position":2,"name":"Prefeitura de Manaus participa de reinaugura\u00e7\u00e3o de sede do Iphan e da posse da nova superintendente"}]},{"@type":"WebSite","@id":"https:\/\/www.manaus.am.gov.br\/implurb\/#website","url":"https:\/\/www.manaus.am.gov.br\/implurb\/","name":"IMPLURB","description":"Prefeitura de Manaus","potentialAction":[{"@type":"SearchAction","target":{"@type":"EntryPoint","urlTemplate":"https:\/\/www.manaus.am.gov.br\/implurb\/?s={search_term_string}"},"query-input":"required name=search_term_string"}],"inLanguage":"pt-BR"},{"@type":"Person","@id":"https:\/\/www.manaus.am.gov.br\/implurb\/#\/schema\/person\/d0a166b5031154c33c77794ddc9a827e","name":"Cl\u00e1udia Barbosa","image":{"@type":"ImageObject","inLanguage":"pt-BR","@id":"https:\/\/www.manaus.am.gov.br\/implurb\/#\/schema\/person\/image\/","url":"https:\/\/secure.gravatar.com\/avatar\/42958a1cf007f1a00534009218c72590?s=96&d=mm&r=g","contentUrl":"https:\/\/secure.gravatar.com\/avatar\/42958a1cf007f1a00534009218c72590?s=96&d=mm&r=g","caption":"Cl\u00e1udia Barbosa"}}]}},"_links":{"self":[{"href":"https:\/\/www.manaus.am.gov.br\/implurb\/wp-json\/wp\/v2\/posts\/2185"}],"collection":[{"href":"https:\/\/www.manaus.am.gov.br\/implurb\/wp-json\/wp\/v2\/posts"}],"about":[{"href":"https:\/\/www.manaus.am.gov.br\/implurb\/wp-json\/wp\/v2\/types\/post"}],"author":[{"embeddable":true,"href":"https:\/\/www.manaus.am.gov.br\/implurb\/wp-json\/wp\/v2\/users\/24"}],"replies":[{"embeddable":true,"href":"https:\/\/www.manaus.am.gov.br\/implurb\/wp-json\/wp\/v2\/comments?post=2185"}],"version-history":[{"count":0,"href":"https:\/\/www.manaus.am.gov.br\/implurb\/wp-json\/wp\/v2\/posts\/2185\/revisions"}],"wp:featuredmedia":[{"embeddable":true,"href":"https:\/\/www.manaus.am.gov.br\/implurb\/wp-json\/wp\/v2\/media\/2186"}],"wp:attachment":[{"href":"https:\/\/www.manaus.am.gov.br\/implurb\/wp-json\/wp\/v2\/media?parent=2185"}],"wp:term":[{"taxonomy":"category","embeddable":true,"href":"https:\/\/www.manaus.am.gov.br\/implurb\/wp-json\/wp\/v2\/categories?post=2185"},{"taxonomy":"post_tag","embeddable":true,"href":"https:\/\/www.manaus.am.gov.br\/implurb\/wp-json\/wp\/v2\/tags?post=2185"}],"curies":[{"name":"wp","href":"https:\/\/api.w.org\/{rel}","templated":true}]}}