{"id":198,"date":"2023-05-22T19:48:40","date_gmt":"2023-05-22T23:48:40","guid":{"rendered":"https:\/\/www.manaus.am.gov.br\/implurb\/prefeito-destaca-construcao-de-grandes-espacos-para-impulsionar-o-turismo-em-manaus\/"},"modified":"2023-05-22T19:48:42","modified_gmt":"2023-05-22T23:48:42","slug":"prefeito-destaca-construcao-de-grandes-espacos-para-impulsionar-o-turismo-em-manaus","status":"publish","type":"post","link":"https:\/\/www.manaus.am.gov.br\/implurb\/prefeito-destaca-construcao-de-grandes-espacos-para-impulsionar-o-turismo-em-manaus\/","title":{"rendered":"<strong>Prefeito destaca constru\u00e7\u00e3o de grandes espa\u00e7os para impulsionar o turismo em Manaus<\/strong>"},"content":{"rendered":"\n<p>Com intuito de expandir o turismo na capital amazonense, o prefeito de Manaus, David Almeida, destacou que a constru\u00e7\u00e3o do Mirante Encontro das \u00c1guas Rosa Almeida, tamb\u00e9m ir\u00e1 impulsionar a economia local e estimular o turismo fora do eixo central da capital. A declara\u00e7\u00e3o ocorreu na tarde desta segunda-feira, 22\/5, durante a vistoria na \u00e1rea onde o local ser\u00e1 constru\u00eddo, na avenida Desembargador An\u00edsio Jobim, Col\u00f4nia Ant\u00f4nio Aleixo, zona Leste.<\/p>\n\n\n\n<p>Na ocasi\u00e3o, o chefe do Executivo municipal assegurou que o espa\u00e7o ser\u00e1 refer\u00eancia em op\u00e7\u00e3o de lazer, turismo local, nacional e internacional, aproveitando todo o potencial paisag\u00edstico natural oferecido pela \u00e1rea.<\/p>\n\n\n\n<p>\u201c\u00c9 a principal atra\u00e7\u00e3o que n\u00f3s temos na nossa cidade com rela\u00e7\u00e3o a natureza, n\u00f3s temos o maior encontro das \u00e1guas do mundo e n\u00f3s n\u00e3o t\u00ednhamos uma obra que contemplasse esse espa\u00e7o e o mirante Rosa Almeida, com obra arquitet\u00f4nica de Oscar Niemeyer, vai atrair muitos turistas para a cidade de Manaus. N\u00e3o tenho d\u00favida de que esse ser\u00e1 um dos pontos mais visitados de Manaus com restaurantes, lanchonetes, parques, espa\u00e7o para skate. N\u00f3s vamos transformar a vida da cidade de Manaus para que n\u00f3s possamos ter acesso ao rio de frente, contemplando uma das maiores belezas naturais do mundo que \u00e9 o Encontro das \u00c1guas\u201d, disse Almeida.<\/p>\n\n\n\n<p>Hoje, o projeto tem duas interven\u00e7\u00f5es: uma que leva assinatura do internacionalmente conhecido arquiteto Oscar Niemeyer (falecido em 2012), uma das suas \u00faltimas cria\u00e7\u00f5es ainda em vida e o seu \u00fanico trabalho assinado para a regi\u00e3o Norte; e outra complementar, dando ao espa\u00e7o a composi\u00e7\u00e3o de um parque, desenvolvido pelo Instituto Municipal de Planejamento Urbano (Implurb).<\/p>\n\n\n\n<p>Para construir o parque ser\u00e1 necess\u00e1rio a implanta\u00e7\u00e3o de edifica\u00e7\u00f5es, mobili\u00e1rios urbanos, infraestrutura e estacionamentos. Sua execu\u00e7\u00e3o prev\u00ea que se transforme de uma \u00e1rea sem uso em um territ\u00f3rio de op\u00e7\u00e3o de lazer, observa\u00e7\u00e3o da natureza \u2013 o Encontro das \u00c1guas \u2013 e turismo com potencial de paisagem \u00fanico.<\/p>\n\n\n\n<p>O diretor-presidente do Implurb, Carlos Valente, explicou que o projeto passa pela fase final de readequa\u00e7\u00e3o.<\/p>\n\n\n\n<p>\u201cN\u00f3s estamos finalizando a readequa\u00e7\u00e3o do projeto em fun\u00e7\u00e3o de detalhes de geologia e estamos encaminhando j\u00e1 na segunda-feira para a comiss\u00e3o de licita\u00e7\u00e3o para ser retomado o processo, e a gente acredita que j\u00e1 em julho estaremos encaminhando ao prefeito para que ele possa dar a ordem de servi\u00e7o e a obra possa ser iniciada, com a previs\u00e3o de entrega para final de maio do ano que vem\u201d, concluiu Valente.&nbsp;<\/p>\n\n\n\n<p>&#8212; &#8212; &#8212;<\/p>\n\n\n\n<p><strong>Texto &#8211;<\/strong> Beathriz Torres \/ Semcom e Divulga\u00e7\u00e3o \/ Implurb<\/p>\n\n\n\n<p><strong>Fotos \u2013 <\/strong>Dhyeizo Lemos \/ Semcom<\/p>\n\n\n\n<p><strong>Dispon\u00edveis em &#8211; <\/strong><a href=\"https:\/\/flic.kr\/s\/aHBqjAEP5t\">https:\/\/flic.kr\/s\/aHBqjAEP5t<\/a><\/p>\n","protected":false},"excerpt":{"rendered":"","protected":false},"author":39,"featured_media":199,"comment_status":"closed","ping_status":"closed","sticky":false,"template":"","format":"standard","meta":{"footnotes":""},"categories":[55],"tags":[56,31,11,57,58,59,15],"acf":[],"yoast_head":"<!-- This site is optimized with the Yoast SEO plugin v23.0 - https:\/\/yoast.com\/wordpress\/plugins\/seo\/ -->\n<title>Prefeito destaca constru\u00e7\u00e3o de grandes espa\u00e7os para impulsionar o turismo em Manaus<\/title>\n<meta name=\"description\" content=\"Com intuito de expandir o turismo na capital amazonense, o prefeito de Manaus, David Almeida, destacou que a constru\u00e7\u00e3o do Mirante Encontro das \u00c1guas Rosa Almeida, tamb\u00e9m ir\u00e1 impulsionar a economia local e estimular o turismo fora do eixo central da capital.\" \/>\n<meta name=\"robots\" content=\"noindex, follow\" \/>\n<meta property=\"og:locale\" content=\"pt_BR\" \/>\n<meta property=\"og:type\" content=\"article\" \/>\n<meta property=\"og:title\" content=\"Prefeito destaca constru\u00e7\u00e3o de grandes espa\u00e7os para impulsionar o turismo em Manaus\" \/>\n<meta property=\"og:description\" content=\"Com intuito de expandir o turismo na capital amazonense, o prefeito de Manaus, David Almeida, destacou que a constru\u00e7\u00e3o do Mirante Encontro das \u00c1guas Rosa Almeida, tamb\u00e9m ir\u00e1 impulsionar a economia local e estimular o turismo fora do eixo central da capital.\" \/>\n<meta property=\"og:url\" content=\"https:\/\/www.manaus.am.gov.br\/implurb\/prefeito-destaca-construcao-de-grandes-espacos-para-impulsionar-o-turismo-em-manaus\/\" \/>\n<meta property=\"og:site_name\" content=\"IMPLURB\" \/>\n<meta property=\"article:published_time\" content=\"2023-05-22T23:48:40+00:00\" \/>\n<meta property=\"article:modified_time\" content=\"2023-05-22T23:48:42+00:00\" \/>\n<meta property=\"og:image\" content=\"https:\/\/www.manaus.am.gov.br\/implurb\/wp-content\/uploads\/sites\/13\/2023\/05\/PMB03346-scaled.jpg\" \/>\n\t<meta property=\"og:image:width\" content=\"2560\" \/>\n\t<meta property=\"og:image:height\" content=\"1707\" \/>\n\t<meta property=\"og:image:type\" content=\"image\/jpeg\" \/>\n<meta name=\"author\" content=\"Bruna Greco\" \/>\n<meta name=\"twitter:card\" content=\"summary_large_image\" \/>\n<meta name=\"twitter:label1\" content=\"Written by\" \/>\n\t<meta name=\"twitter:data1\" content=\"Bruna Greco\" \/>\n\t<meta name=\"twitter:label2\" content=\"Est. reading time\" \/>\n\t<meta name=\"twitter:data2\" content=\"3 minutos\" \/>\n<script type=\"application\/ld+json\" class=\"yoast-schema-graph\">{\"@context\":\"https:\/\/schema.org\",\"@graph\":[{\"@type\":\"WebPage\",\"@id\":\"https:\/\/www.manaus.am.gov.br\/implurb\/prefeito-destaca-construcao-de-grandes-espacos-para-impulsionar-o-turismo-em-manaus\/\",\"url\":\"https:\/\/www.manaus.am.gov.br\/implurb\/prefeito-destaca-construcao-de-grandes-espacos-para-impulsionar-o-turismo-em-manaus\/\",\"name\":\"Prefeito destaca constru\u00e7\u00e3o de grandes espa\u00e7os para impulsionar o turismo em Manaus\",\"isPartOf\":{\"@id\":\"https:\/\/www.manaus.am.gov.br\/implurb\/#website\"},\"primaryImageOfPage\":{\"@id\":\"https:\/\/www.manaus.am.gov.br\/implurb\/prefeito-destaca-construcao-de-grandes-espacos-para-impulsionar-o-turismo-em-manaus\/#primaryimage\"},\"image\":{\"@id\":\"https:\/\/www.manaus.am.gov.br\/implurb\/prefeito-destaca-construcao-de-grandes-espacos-para-impulsionar-o-turismo-em-manaus\/#primaryimage\"},\"thumbnailUrl\":\"https:\/\/www.manaus.am.gov.br\/implurb\/wp-content\/uploads\/sites\/13\/2023\/05\/PMB03346-scaled.jpg\",\"datePublished\":\"2023-05-22T23:48:40+00:00\",\"dateModified\":\"2023-05-22T23:48:42+00:00\",\"author\":{\"@id\":\"https:\/\/www.manaus.am.gov.br\/implurb\/#\/schema\/person\/05d223aea2bf115f9883a6ff3683d81b\"},\"description\":\"Com intuito de expandir o turismo na capital amazonense, o prefeito de Manaus, David Almeida, destacou que a constru\u00e7\u00e3o do Mirante Encontro das \u00c1guas Rosa Almeida, tamb\u00e9m ir\u00e1 impulsionar a economia local e estimular o turismo fora do eixo central da capital.\",\"breadcrumb\":{\"@id\":\"https:\/\/www.manaus.am.gov.br\/implurb\/prefeito-destaca-construcao-de-grandes-espacos-para-impulsionar-o-turismo-em-manaus\/#breadcrumb\"},\"inLanguage\":\"pt-BR\",\"potentialAction\":[{\"@type\":\"ReadAction\",\"target\":[\"https:\/\/www.manaus.am.gov.br\/implurb\/prefeito-destaca-construcao-de-grandes-espacos-para-impulsionar-o-turismo-em-manaus\/\"]}]},{\"@type\":\"ImageObject\",\"inLanguage\":\"pt-BR\",\"@id\":\"https:\/\/www.manaus.am.gov.br\/implurb\/prefeito-destaca-construcao-de-grandes-espacos-para-impulsionar-o-turismo-em-manaus\/#primaryimage\",\"url\":\"https:\/\/www.manaus.am.gov.br\/implurb\/wp-content\/uploads\/sites\/13\/2023\/05\/PMB03346-scaled.jpg\",\"contentUrl\":\"https:\/\/www.manaus.am.gov.br\/implurb\/wp-content\/uploads\/sites\/13\/2023\/05\/PMB03346-scaled.jpg\",\"width\":2560,\"height\":1707},{\"@type\":\"BreadcrumbList\",\"@id\":\"https:\/\/www.manaus.am.gov.br\/implurb\/prefeito-destaca-construcao-de-grandes-espacos-para-impulsionar-o-turismo-em-manaus\/#breadcrumb\",\"itemListElement\":[{\"@type\":\"ListItem\",\"position\":1,\"name\":\"Home\",\"item\":\"https:\/\/www.manaus.am.gov.br\/implurb\/\"},{\"@type\":\"ListItem\",\"position\":2,\"name\":\"Prefeito destaca constru\u00e7\u00e3o de grandes espa\u00e7os para impulsionar o turismo em Manaus\"}]},{\"@type\":\"WebSite\",\"@id\":\"https:\/\/www.manaus.am.gov.br\/implurb\/#website\",\"url\":\"https:\/\/www.manaus.am.gov.br\/implurb\/\",\"name\":\"IMPLURB\",\"description\":\"Prefeitura de Manaus\",\"potentialAction\":[{\"@type\":\"SearchAction\",\"target\":{\"@type\":\"EntryPoint\",\"urlTemplate\":\"https:\/\/www.manaus.am.gov.br\/implurb\/?s={search_term_string}\"},\"query-input\":\"required name=search_term_string\"}],\"inLanguage\":\"pt-BR\"},{\"@type\":\"Person\",\"@id\":\"https:\/\/www.manaus.am.gov.br\/implurb\/#\/schema\/person\/05d223aea2bf115f9883a6ff3683d81b\",\"name\":\"Bruna Greco\",\"image\":{\"@type\":\"ImageObject\",\"inLanguage\":\"pt-BR\",\"@id\":\"https:\/\/www.manaus.am.gov.br\/implurb\/#\/schema\/person\/image\/\",\"url\":\"https:\/\/secure.gravatar.com\/avatar\/9c877d1a6adc2a055330e5c09a8653ce?s=96&d=mm&r=g\",\"contentUrl\":\"https:\/\/secure.gravatar.com\/avatar\/9c877d1a6adc2a055330e5c09a8653ce?s=96&d=mm&r=g\",\"caption\":\"Bruna Greco\"}}]}<\/script>\n<!-- \/ Yoast SEO plugin. -->","yoast_head_json":{"title":"Prefeito destaca constru\u00e7\u00e3o de grandes espa\u00e7os para impulsionar o turismo em Manaus","description":"Com intuito de expandir o turismo na capital amazonense, o prefeito de Manaus, David Almeida, destacou que a constru\u00e7\u00e3o do Mirante Encontro das \u00c1guas Rosa Almeida, tamb\u00e9m ir\u00e1 impulsionar a economia local e estimular o turismo fora do eixo central da capital.","robots":{"index":"noindex","follow":"follow"},"og_locale":"pt_BR","og_type":"article","og_title":"Prefeito destaca constru\u00e7\u00e3o de grandes espa\u00e7os para impulsionar o turismo em Manaus","og_description":"Com intuito de expandir o turismo na capital amazonense, o prefeito de Manaus, David Almeida, destacou que a constru\u00e7\u00e3o do Mirante Encontro das \u00c1guas Rosa Almeida, tamb\u00e9m ir\u00e1 impulsionar a economia local e estimular o turismo fora do eixo central da capital.","og_url":"https:\/\/www.manaus.am.gov.br\/implurb\/prefeito-destaca-construcao-de-grandes-espacos-para-impulsionar-o-turismo-em-manaus\/","og_site_name":"IMPLURB","article_published_time":"2023-05-22T23:48:40+00:00","article_modified_time":"2023-05-22T23:48:42+00:00","og_image":[{"width":2560,"height":1707,"url":"https:\/\/www.manaus.am.gov.br\/implurb\/wp-content\/uploads\/sites\/13\/2023\/05\/PMB03346-scaled.jpg","type":"image\/jpeg"}],"author":"Bruna Greco","twitter_card":"summary_large_image","twitter_misc":{"Written by":"Bruna Greco","Est. reading time":"3 minutos"},"schema":{"@context":"https:\/\/schema.org","@graph":[{"@type":"WebPage","@id":"https:\/\/www.manaus.am.gov.br\/implurb\/prefeito-destaca-construcao-de-grandes-espacos-para-impulsionar-o-turismo-em-manaus\/","url":"https:\/\/www.manaus.am.gov.br\/implurb\/prefeito-destaca-construcao-de-grandes-espacos-para-impulsionar-o-turismo-em-manaus\/","name":"Prefeito destaca constru\u00e7\u00e3o de grandes espa\u00e7os para impulsionar o turismo em Manaus","isPartOf":{"@id":"https:\/\/www.manaus.am.gov.br\/implurb\/#website"},"primaryImageOfPage":{"@id":"https:\/\/www.manaus.am.gov.br\/implurb\/prefeito-destaca-construcao-de-grandes-espacos-para-impulsionar-o-turismo-em-manaus\/#primaryimage"},"image":{"@id":"https:\/\/www.manaus.am.gov.br\/implurb\/prefeito-destaca-construcao-de-grandes-espacos-para-impulsionar-o-turismo-em-manaus\/#primaryimage"},"thumbnailUrl":"https:\/\/www.manaus.am.gov.br\/implurb\/wp-content\/uploads\/sites\/13\/2023\/05\/PMB03346-scaled.jpg","datePublished":"2023-05-22T23:48:40+00:00","dateModified":"2023-05-22T23:48:42+00:00","author":{"@id":"https:\/\/www.manaus.am.gov.br\/implurb\/#\/schema\/person\/05d223aea2bf115f9883a6ff3683d81b"},"description":"Com intuito de expandir o turismo na capital amazonense, o prefeito de Manaus, David Almeida, destacou que a constru\u00e7\u00e3o do Mirante Encontro das \u00c1guas Rosa Almeida, tamb\u00e9m ir\u00e1 impulsionar a economia local e estimular o turismo fora do eixo central da capital.","breadcrumb":{"@id":"https:\/\/www.manaus.am.gov.br\/implurb\/prefeito-destaca-construcao-de-grandes-espacos-para-impulsionar-o-turismo-em-manaus\/#breadcrumb"},"inLanguage":"pt-BR","potentialAction":[{"@type":"ReadAction","target":["https:\/\/www.manaus.am.gov.br\/implurb\/prefeito-destaca-construcao-de-grandes-espacos-para-impulsionar-o-turismo-em-manaus\/"]}]},{"@type":"ImageObject","inLanguage":"pt-BR","@id":"https:\/\/www.manaus.am.gov.br\/implurb\/prefeito-destaca-construcao-de-grandes-espacos-para-impulsionar-o-turismo-em-manaus\/#primaryimage","url":"https:\/\/www.manaus.am.gov.br\/implurb\/wp-content\/uploads\/sites\/13\/2023\/05\/PMB03346-scaled.jpg","contentUrl":"https:\/\/www.manaus.am.gov.br\/implurb\/wp-content\/uploads\/sites\/13\/2023\/05\/PMB03346-scaled.jpg","width":2560,"height":1707},{"@type":"BreadcrumbList","@id":"https:\/\/www.manaus.am.gov.br\/implurb\/prefeito-destaca-construcao-de-grandes-espacos-para-impulsionar-o-turismo-em-manaus\/#breadcrumb","itemListElement":[{"@type":"ListItem","position":1,"name":"Home","item":"https:\/\/www.manaus.am.gov.br\/implurb\/"},{"@type":"ListItem","position":2,"name":"Prefeito destaca constru\u00e7\u00e3o de grandes espa\u00e7os para impulsionar o turismo em Manaus"}]},{"@type":"WebSite","@id":"https:\/\/www.manaus.am.gov.br\/implurb\/#website","url":"https:\/\/www.manaus.am.gov.br\/implurb\/","name":"IMPLURB","description":"Prefeitura de Manaus","potentialAction":[{"@type":"SearchAction","target":{"@type":"EntryPoint","urlTemplate":"https:\/\/www.manaus.am.gov.br\/implurb\/?s={search_term_string}"},"query-input":"required name=search_term_string"}],"inLanguage":"pt-BR"},{"@type":"Person","@id":"https:\/\/www.manaus.am.gov.br\/implurb\/#\/schema\/person\/05d223aea2bf115f9883a6ff3683d81b","name":"Bruna Greco","image":{"@type":"ImageObject","inLanguage":"pt-BR","@id":"https:\/\/www.manaus.am.gov.br\/implurb\/#\/schema\/person\/image\/","url":"https:\/\/secure.gravatar.com\/avatar\/9c877d1a6adc2a055330e5c09a8653ce?s=96&d=mm&r=g","contentUrl":"https:\/\/secure.gravatar.com\/avatar\/9c877d1a6adc2a055330e5c09a8653ce?s=96&d=mm&r=g","caption":"Bruna Greco"}}]}},"_links":{"self":[{"href":"https:\/\/www.manaus.am.gov.br\/implurb\/wp-json\/wp\/v2\/posts\/198"}],"collection":[{"href":"https:\/\/www.manaus.am.gov.br\/implurb\/wp-json\/wp\/v2\/posts"}],"about":[{"href":"https:\/\/www.manaus.am.gov.br\/implurb\/wp-json\/wp\/v2\/types\/post"}],"author":[{"embeddable":true,"href":"https:\/\/www.manaus.am.gov.br\/implurb\/wp-json\/wp\/v2\/users\/39"}],"replies":[{"embeddable":true,"href":"https:\/\/www.manaus.am.gov.br\/implurb\/wp-json\/wp\/v2\/comments?post=198"}],"version-history":[{"count":0,"href":"https:\/\/www.manaus.am.gov.br\/implurb\/wp-json\/wp\/v2\/posts\/198\/revisions"}],"wp:featuredmedia":[{"embeddable":true,"href":"https:\/\/www.manaus.am.gov.br\/implurb\/wp-json\/wp\/v2\/media\/199"}],"wp:attachment":[{"href":"https:\/\/www.manaus.am.gov.br\/implurb\/wp-json\/wp\/v2\/media?parent=198"}],"wp:term":[{"taxonomy":"category","embeddable":true,"href":"https:\/\/www.manaus.am.gov.br\/implurb\/wp-json\/wp\/v2\/categories?post=198"},{"taxonomy":"post_tag","embeddable":true,"href":"https:\/\/www.manaus.am.gov.br\/implurb\/wp-json\/wp\/v2\/tags?post=198"}],"curies":[{"name":"wp","href":"https:\/\/api.w.org\/{rel}","templated":true}]}}