{"id":194,"date":"2023-05-22T12:44:54","date_gmt":"2023-05-22T16:44:54","guid":{"rendered":"https:\/\/www.manaus.am.gov.br\/implurb\/prefeito-destaca-avanco-das-obras-do-parque-amazonino-mendes\/"},"modified":"2023-05-22T12:44:55","modified_gmt":"2023-05-22T16:44:55","slug":"prefeito-destaca-avanco-das-obras-do-parque-amazonino-mendes","status":"publish","type":"post","link":"https:\/\/www.manaus.am.gov.br\/implurb\/prefeito-destaca-avanco-das-obras-do-parque-amazonino-mendes\/","title":{"rendered":"<strong>Prefeito destaca avan\u00e7o das obras do parque Amazonino Mendes<\/strong>"},"content":{"rendered":"\n<p>O prefeito de Manaus, David Almeida, vistoriou, na manh\u00e3 desta segunda-feira, 22\/5, o andamento das obras do parque Amazonino Mendes, antigo Gigantes da Floresta, localizado entre as avenidas Isa\u00edas Vieiralves e Ol\u00edvia de Menezes Vieiralves, nos bairros Novo Aleixo e Tancredo Neves, na divis\u00e3o entre as zonas mais populosas da cidade. O parque \u00e9 resultado de um conv\u00eanio firmado entre Prefeitura de Manaus e governo do Amazonas, e vai contar com mais de 2 quil\u00f4metros de extens\u00e3o com diversas atra\u00e7\u00f5es para o lazer e turismo, sendo uma \u201cmola\u201d impulsionadora para a economia da regi\u00e3o.<\/p>\n\n\n\n<p>No local, o chefe do Executivo municipal destacou que a obra busca transformar a realidade dos moradores, mudando o eixo tur\u00edstico para as zonas Norte e Leste da capital. David acentuou ainda que a estimativa \u00e9 de que o espa\u00e7o seja entregue em outubro deste ano.<\/p>\n\n\n\n<p>\u201cEsse \u00e9 o primeiro parque tem\u00e1tico da cidade de Manaus. O maior da cidade que est\u00e1 sendo constru\u00eddo, as obras j\u00e1 est\u00e3o a todo vapor, m\u00e1quinas e homens trabalhando dia e noite, e n\u00f3s vamos entregar essa primeira etapa no anivers\u00e1rio de Manaus, dia 24 de outubro. Essa primeira etapa ter\u00e1 quadras, ciclovias, ciclofaixas,&nbsp;<em>playgroud<\/em>&nbsp;e espa\u00e7o&nbsp;<em>pet<\/em>. N\u00f3s teremos uma infinidade de atra\u00e7\u00f5es para a popula\u00e7\u00e3o da nossa cidade. Vale ressaltar que essa primeira etapa do parque Amazonino Mendes \u00e9 uma parceria da prefeitura com o governo do Amazonas, recursos do Estado e da prefeitura sendo investidos aqui entre as zonas Norte e Leste, para melhor servir a popula\u00e7\u00e3o da cidade de Manaus\u201d, assegurou Almeida.<\/p>\n\n\n\n<p>As obras avan\u00e7am com arma\u00e7\u00e3o das lajes dos quiosques&nbsp;<em>gourmet<\/em>&nbsp;e de estruturas das quadras de areia e poliesportiva. As interven\u00e7\u00f5es s\u00e3o feitas em frentes distintas com o objetivo de concluir trechos do parque linear de mais de 2 quil\u00f4metros de extens\u00e3o. A obra foi licitada ainda no ano passado, tendo como vencedora a empresa construtora Progresso Ltda., dentro da concorr\u00eancia p\u00fablica 012\/2022, realizada pela Comiss\u00e3o Municipal de Licita\u00e7\u00e3o (CML), no valor de R$ 47.738,779,20. Para atender todas as faixas et\u00e1rias e grupos, a prefeitura projetou espa\u00e7os para Pessoas com Defici\u00eancia (PcDs) e com mobilidade reduzida, como um&nbsp;<em>playground<\/em>&nbsp;inclusivo e um&nbsp;<em>play pet<\/em>. Zumbas, shows e apresenta\u00e7\u00f5es culturais tamb\u00e9m ter\u00e3o \u00e1rea reservada no parque.<\/p>\n\n\n\n<p>Na extremidade oposta ao conjunto habitacional, ser\u00e1 implantado o parque tem\u00e1tico com esculturas de grandes dimens\u00f5es alusivas \u00e0 natureza amaz\u00f4nica, com uma diversidade de cen\u00e1rios interativos. Os espa\u00e7os ter\u00e3o ilumina\u00e7\u00e3o c\u00eanica direcionada, como tamb\u00e9m alguns v\u00e3o contar com \u00e1reas molhadas com jatos d&#8217;\u00e1gua.<\/p>\n\n\n\n<p>&#8212; &#8212; &#8212;<\/p>\n\n\n\n<p><strong>Texto<\/strong>&nbsp;\u2013 Beathriz Torres \/ Semcom e Divulga\u00e7\u00e3o \/ Implurb<\/p>\n\n\n\n<p><strong>Fotos<\/strong>&nbsp;\u2013 Dhyeizo Lemos\/Semcom<\/p>\n\n\n\n<p><strong>Dispon\u00edveis em &#8211;&nbsp;<\/strong><a href=\"https:\/\/flic.kr\/s\/aHBqjAEKPs\">https:\/\/flic.kr\/s\/aHBqjAEKPs<\/a><\/p>\n","protected":false},"excerpt":{"rendered":"","protected":false},"author":23,"featured_media":195,"comment_status":"closed","ping_status":"closed","sticky":false,"template":"","format":"standard","meta":{"footnotes":""},"categories":[45],"tags":[11,46,47,48,36,15,49],"acf":[],"yoast_head":"<!-- This site is optimized with the Yoast SEO plugin v23.0 - https:\/\/yoast.com\/wordpress\/plugins\/seo\/ -->\n<title>Prefeito destaca avan\u00e7o das obras do parque Amazonino Mendes<\/title>\n<meta name=\"description\" content=\"O prefeito de Manaus, David Almeida, vistoriou, na manh\u00e3 desta segunda-feira, 22\/5, o andamento das obras do parque Amazonino Mendes, antigo Gigantes da Floresta, localizado entre as avenidas Isa\u00edas Vieiralves e Ol\u00edvia de Menezes Vieiralves, nos bairros Novo Aleixo e Tancredo Neves, na divis\u00e3o entre as zonas mais populosas da cidade. O parque \u00e9 resultado de um conv\u00eanio firmado entre Prefeitura de Manaus e governo do Amazonas, e vai contar com mais de 2 quil\u00f4metros de extens\u00e3o com diversas atra\u00e7\u00f5es para o lazer e turismo, sendo uma \u201cmola\u201d impulsionadora para a economia da regi\u00e3o.\" \/>\n<meta name=\"robots\" content=\"noindex, follow\" \/>\n<meta property=\"og:locale\" content=\"pt_BR\" \/>\n<meta property=\"og:type\" content=\"article\" \/>\n<meta property=\"og:title\" content=\"Prefeito destaca avan\u00e7o das obras do parque Amazonino Mendes\" \/>\n<meta property=\"og:description\" content=\"O prefeito de Manaus, David Almeida, vistoriou, na manh\u00e3 desta segunda-feira, 22\/5, o andamento das obras do parque Amazonino Mendes, antigo Gigantes da Floresta, localizado entre as avenidas Isa\u00edas Vieiralves e Ol\u00edvia de Menezes Vieiralves, nos bairros Novo Aleixo e Tancredo Neves, na divis\u00e3o entre as zonas mais populosas da cidade. O parque \u00e9 resultado de um conv\u00eanio firmado entre Prefeitura de Manaus e governo do Amazonas, e vai contar com mais de 2 quil\u00f4metros de extens\u00e3o com diversas atra\u00e7\u00f5es para o lazer e turismo, sendo uma \u201cmola\u201d impulsionadora para a economia da regi\u00e3o.\" \/>\n<meta property=\"og:url\" content=\"https:\/\/www.manaus.am.gov.br\/implurb\/prefeito-destaca-avanco-das-obras-do-parque-amazonino-mendes\/\" \/>\n<meta property=\"og:site_name\" content=\"IMPLURB\" \/>\n<meta property=\"article:published_time\" content=\"2023-05-22T16:44:54+00:00\" \/>\n<meta property=\"article:modified_time\" content=\"2023-05-22T16:44:55+00:00\" \/>\n<meta property=\"og:image\" content=\"https:\/\/www.manaus.am.gov.br\/implurb\/wp-content\/uploads\/sites\/13\/2023\/05\/52917394429_1eebfd72c7_c.jpg\" \/>\n\t<meta property=\"og:image:width\" content=\"799\" \/>\n\t<meta property=\"og:image:height\" content=\"533\" \/>\n\t<meta property=\"og:image:type\" content=\"image\/jpeg\" \/>\n<meta name=\"author\" content=\"Adriana Costa\" \/>\n<meta name=\"twitter:card\" content=\"summary_large_image\" \/>\n<meta name=\"twitter:label1\" content=\"Written by\" \/>\n\t<meta name=\"twitter:data1\" content=\"Adriana Costa\" \/>\n\t<meta name=\"twitter:label2\" content=\"Est. reading time\" \/>\n\t<meta name=\"twitter:data2\" content=\"3 minutos\" \/>\n<script type=\"application\/ld+json\" class=\"yoast-schema-graph\">{\"@context\":\"https:\/\/schema.org\",\"@graph\":[{\"@type\":\"WebPage\",\"@id\":\"https:\/\/www.manaus.am.gov.br\/implurb\/prefeito-destaca-avanco-das-obras-do-parque-amazonino-mendes\/\",\"url\":\"https:\/\/www.manaus.am.gov.br\/implurb\/prefeito-destaca-avanco-das-obras-do-parque-amazonino-mendes\/\",\"name\":\"Prefeito destaca avan\u00e7o das obras do parque Amazonino Mendes\",\"isPartOf\":{\"@id\":\"https:\/\/www.manaus.am.gov.br\/implurb\/#website\"},\"primaryImageOfPage\":{\"@id\":\"https:\/\/www.manaus.am.gov.br\/implurb\/prefeito-destaca-avanco-das-obras-do-parque-amazonino-mendes\/#primaryimage\"},\"image\":{\"@id\":\"https:\/\/www.manaus.am.gov.br\/implurb\/prefeito-destaca-avanco-das-obras-do-parque-amazonino-mendes\/#primaryimage\"},\"thumbnailUrl\":\"https:\/\/www.manaus.am.gov.br\/implurb\/wp-content\/uploads\/sites\/13\/2023\/05\/52917394429_1eebfd72c7_c.jpg\",\"datePublished\":\"2023-05-22T16:44:54+00:00\",\"dateModified\":\"2023-05-22T16:44:55+00:00\",\"author\":{\"@id\":\"https:\/\/www.manaus.am.gov.br\/implurb\/#\/schema\/person\/4e49f4e267757a06ca072ec61b2b9968\"},\"description\":\"O prefeito de Manaus, David Almeida, vistoriou, na manh\u00e3 desta segunda-feira, 22\/5, o andamento das obras do parque Amazonino Mendes, antigo Gigantes da Floresta, localizado entre as avenidas Isa\u00edas Vieiralves e Ol\u00edvia de Menezes Vieiralves, nos bairros Novo Aleixo e Tancredo Neves, na divis\u00e3o entre as zonas mais populosas da cidade. O parque \u00e9 resultado de um conv\u00eanio firmado entre Prefeitura de Manaus e governo do Amazonas, e vai contar com mais de 2 quil\u00f4metros de extens\u00e3o com diversas atra\u00e7\u00f5es para o lazer e turismo, sendo uma \u201cmola\u201d impulsionadora para a economia da regi\u00e3o.\",\"breadcrumb\":{\"@id\":\"https:\/\/www.manaus.am.gov.br\/implurb\/prefeito-destaca-avanco-das-obras-do-parque-amazonino-mendes\/#breadcrumb\"},\"inLanguage\":\"pt-BR\",\"potentialAction\":[{\"@type\":\"ReadAction\",\"target\":[\"https:\/\/www.manaus.am.gov.br\/implurb\/prefeito-destaca-avanco-das-obras-do-parque-amazonino-mendes\/\"]}]},{\"@type\":\"ImageObject\",\"inLanguage\":\"pt-BR\",\"@id\":\"https:\/\/www.manaus.am.gov.br\/implurb\/prefeito-destaca-avanco-das-obras-do-parque-amazonino-mendes\/#primaryimage\",\"url\":\"https:\/\/www.manaus.am.gov.br\/implurb\/wp-content\/uploads\/sites\/13\/2023\/05\/52917394429_1eebfd72c7_c.jpg\",\"contentUrl\":\"https:\/\/www.manaus.am.gov.br\/implurb\/wp-content\/uploads\/sites\/13\/2023\/05\/52917394429_1eebfd72c7_c.jpg\",\"width\":799,\"height\":533},{\"@type\":\"BreadcrumbList\",\"@id\":\"https:\/\/www.manaus.am.gov.br\/implurb\/prefeito-destaca-avanco-das-obras-do-parque-amazonino-mendes\/#breadcrumb\",\"itemListElement\":[{\"@type\":\"ListItem\",\"position\":1,\"name\":\"Home\",\"item\":\"https:\/\/www.manaus.am.gov.br\/implurb\/\"},{\"@type\":\"ListItem\",\"position\":2,\"name\":\"Prefeito destaca avan\u00e7o das obras do parque Amazonino Mendes\"}]},{\"@type\":\"WebSite\",\"@id\":\"https:\/\/www.manaus.am.gov.br\/implurb\/#website\",\"url\":\"https:\/\/www.manaus.am.gov.br\/implurb\/\",\"name\":\"IMPLURB\",\"description\":\"Prefeitura de Manaus\",\"potentialAction\":[{\"@type\":\"SearchAction\",\"target\":{\"@type\":\"EntryPoint\",\"urlTemplate\":\"https:\/\/www.manaus.am.gov.br\/implurb\/?s={search_term_string}\"},\"query-input\":\"required name=search_term_string\"}],\"inLanguage\":\"pt-BR\"},{\"@type\":\"Person\",\"@id\":\"https:\/\/www.manaus.am.gov.br\/implurb\/#\/schema\/person\/4e49f4e267757a06ca072ec61b2b9968\",\"name\":\"Adriana Costa\",\"image\":{\"@type\":\"ImageObject\",\"inLanguage\":\"pt-BR\",\"@id\":\"https:\/\/www.manaus.am.gov.br\/implurb\/#\/schema\/person\/image\/\",\"url\":\"https:\/\/secure.gravatar.com\/avatar\/576258617ef7194f718179e766d57bd4?s=96&d=mm&r=g\",\"contentUrl\":\"https:\/\/secure.gravatar.com\/avatar\/576258617ef7194f718179e766d57bd4?s=96&d=mm&r=g\",\"caption\":\"Adriana Costa\"}}]}<\/script>\n<!-- \/ Yoast SEO plugin. -->","yoast_head_json":{"title":"Prefeito destaca avan\u00e7o das obras do parque Amazonino Mendes","description":"O prefeito de Manaus, David Almeida, vistoriou, na manh\u00e3 desta segunda-feira, 22\/5, o andamento das obras do parque Amazonino Mendes, antigo Gigantes da Floresta, localizado entre as avenidas Isa\u00edas Vieiralves e Ol\u00edvia de Menezes Vieiralves, nos bairros Novo Aleixo e Tancredo Neves, na divis\u00e3o entre as zonas mais populosas da cidade. O parque \u00e9 resultado de um conv\u00eanio firmado entre Prefeitura de Manaus e governo do Amazonas, e vai contar com mais de 2 quil\u00f4metros de extens\u00e3o com diversas atra\u00e7\u00f5es para o lazer e turismo, sendo uma \u201cmola\u201d impulsionadora para a economia da regi\u00e3o.","robots":{"index":"noindex","follow":"follow"},"og_locale":"pt_BR","og_type":"article","og_title":"Prefeito destaca avan\u00e7o das obras do parque Amazonino Mendes","og_description":"O prefeito de Manaus, David Almeida, vistoriou, na manh\u00e3 desta segunda-feira, 22\/5, o andamento das obras do parque Amazonino Mendes, antigo Gigantes da Floresta, localizado entre as avenidas Isa\u00edas Vieiralves e Ol\u00edvia de Menezes Vieiralves, nos bairros Novo Aleixo e Tancredo Neves, na divis\u00e3o entre as zonas mais populosas da cidade. O parque \u00e9 resultado de um conv\u00eanio firmado entre Prefeitura de Manaus e governo do Amazonas, e vai contar com mais de 2 quil\u00f4metros de extens\u00e3o com diversas atra\u00e7\u00f5es para o lazer e turismo, sendo uma \u201cmola\u201d impulsionadora para a economia da regi\u00e3o.","og_url":"https:\/\/www.manaus.am.gov.br\/implurb\/prefeito-destaca-avanco-das-obras-do-parque-amazonino-mendes\/","og_site_name":"IMPLURB","article_published_time":"2023-05-22T16:44:54+00:00","article_modified_time":"2023-05-22T16:44:55+00:00","og_image":[{"width":799,"height":533,"url":"https:\/\/www.manaus.am.gov.br\/implurb\/wp-content\/uploads\/sites\/13\/2023\/05\/52917394429_1eebfd72c7_c.jpg","type":"image\/jpeg"}],"author":"Adriana Costa","twitter_card":"summary_large_image","twitter_misc":{"Written by":"Adriana Costa","Est. reading time":"3 minutos"},"schema":{"@context":"https:\/\/schema.org","@graph":[{"@type":"WebPage","@id":"https:\/\/www.manaus.am.gov.br\/implurb\/prefeito-destaca-avanco-das-obras-do-parque-amazonino-mendes\/","url":"https:\/\/www.manaus.am.gov.br\/implurb\/prefeito-destaca-avanco-das-obras-do-parque-amazonino-mendes\/","name":"Prefeito destaca avan\u00e7o das obras do parque Amazonino Mendes","isPartOf":{"@id":"https:\/\/www.manaus.am.gov.br\/implurb\/#website"},"primaryImageOfPage":{"@id":"https:\/\/www.manaus.am.gov.br\/implurb\/prefeito-destaca-avanco-das-obras-do-parque-amazonino-mendes\/#primaryimage"},"image":{"@id":"https:\/\/www.manaus.am.gov.br\/implurb\/prefeito-destaca-avanco-das-obras-do-parque-amazonino-mendes\/#primaryimage"},"thumbnailUrl":"https:\/\/www.manaus.am.gov.br\/implurb\/wp-content\/uploads\/sites\/13\/2023\/05\/52917394429_1eebfd72c7_c.jpg","datePublished":"2023-05-22T16:44:54+00:00","dateModified":"2023-05-22T16:44:55+00:00","author":{"@id":"https:\/\/www.manaus.am.gov.br\/implurb\/#\/schema\/person\/4e49f4e267757a06ca072ec61b2b9968"},"description":"O prefeito de Manaus, David Almeida, vistoriou, na manh\u00e3 desta segunda-feira, 22\/5, o andamento das obras do parque Amazonino Mendes, antigo Gigantes da Floresta, localizado entre as avenidas Isa\u00edas Vieiralves e Ol\u00edvia de Menezes Vieiralves, nos bairros Novo Aleixo e Tancredo Neves, na divis\u00e3o entre as zonas mais populosas da cidade. O parque \u00e9 resultado de um conv\u00eanio firmado entre Prefeitura de Manaus e governo do Amazonas, e vai contar com mais de 2 quil\u00f4metros de extens\u00e3o com diversas atra\u00e7\u00f5es para o lazer e turismo, sendo uma \u201cmola\u201d impulsionadora para a economia da regi\u00e3o.","breadcrumb":{"@id":"https:\/\/www.manaus.am.gov.br\/implurb\/prefeito-destaca-avanco-das-obras-do-parque-amazonino-mendes\/#breadcrumb"},"inLanguage":"pt-BR","potentialAction":[{"@type":"ReadAction","target":["https:\/\/www.manaus.am.gov.br\/implurb\/prefeito-destaca-avanco-das-obras-do-parque-amazonino-mendes\/"]}]},{"@type":"ImageObject","inLanguage":"pt-BR","@id":"https:\/\/www.manaus.am.gov.br\/implurb\/prefeito-destaca-avanco-das-obras-do-parque-amazonino-mendes\/#primaryimage","url":"https:\/\/www.manaus.am.gov.br\/implurb\/wp-content\/uploads\/sites\/13\/2023\/05\/52917394429_1eebfd72c7_c.jpg","contentUrl":"https:\/\/www.manaus.am.gov.br\/implurb\/wp-content\/uploads\/sites\/13\/2023\/05\/52917394429_1eebfd72c7_c.jpg","width":799,"height":533},{"@type":"BreadcrumbList","@id":"https:\/\/www.manaus.am.gov.br\/implurb\/prefeito-destaca-avanco-das-obras-do-parque-amazonino-mendes\/#breadcrumb","itemListElement":[{"@type":"ListItem","position":1,"name":"Home","item":"https:\/\/www.manaus.am.gov.br\/implurb\/"},{"@type":"ListItem","position":2,"name":"Prefeito destaca avan\u00e7o das obras do parque Amazonino Mendes"}]},{"@type":"WebSite","@id":"https:\/\/www.manaus.am.gov.br\/implurb\/#website","url":"https:\/\/www.manaus.am.gov.br\/implurb\/","name":"IMPLURB","description":"Prefeitura de Manaus","potentialAction":[{"@type":"SearchAction","target":{"@type":"EntryPoint","urlTemplate":"https:\/\/www.manaus.am.gov.br\/implurb\/?s={search_term_string}"},"query-input":"required name=search_term_string"}],"inLanguage":"pt-BR"},{"@type":"Person","@id":"https:\/\/www.manaus.am.gov.br\/implurb\/#\/schema\/person\/4e49f4e267757a06ca072ec61b2b9968","name":"Adriana Costa","image":{"@type":"ImageObject","inLanguage":"pt-BR","@id":"https:\/\/www.manaus.am.gov.br\/implurb\/#\/schema\/person\/image\/","url":"https:\/\/secure.gravatar.com\/avatar\/576258617ef7194f718179e766d57bd4?s=96&d=mm&r=g","contentUrl":"https:\/\/secure.gravatar.com\/avatar\/576258617ef7194f718179e766d57bd4?s=96&d=mm&r=g","caption":"Adriana Costa"}}]}},"_links":{"self":[{"href":"https:\/\/www.manaus.am.gov.br\/implurb\/wp-json\/wp\/v2\/posts\/194"}],"collection":[{"href":"https:\/\/www.manaus.am.gov.br\/implurb\/wp-json\/wp\/v2\/posts"}],"about":[{"href":"https:\/\/www.manaus.am.gov.br\/implurb\/wp-json\/wp\/v2\/types\/post"}],"author":[{"embeddable":true,"href":"https:\/\/www.manaus.am.gov.br\/implurb\/wp-json\/wp\/v2\/users\/23"}],"replies":[{"embeddable":true,"href":"https:\/\/www.manaus.am.gov.br\/implurb\/wp-json\/wp\/v2\/comments?post=194"}],"version-history":[{"count":0,"href":"https:\/\/www.manaus.am.gov.br\/implurb\/wp-json\/wp\/v2\/posts\/194\/revisions"}],"wp:featuredmedia":[{"embeddable":true,"href":"https:\/\/www.manaus.am.gov.br\/implurb\/wp-json\/wp\/v2\/media\/195"}],"wp:attachment":[{"href":"https:\/\/www.manaus.am.gov.br\/implurb\/wp-json\/wp\/v2\/media?parent=194"}],"wp:term":[{"taxonomy":"category","embeddable":true,"href":"https:\/\/www.manaus.am.gov.br\/implurb\/wp-json\/wp\/v2\/categories?post=194"},{"taxonomy":"post_tag","embeddable":true,"href":"https:\/\/www.manaus.am.gov.br\/implurb\/wp-json\/wp\/v2\/tags?post=194"}],"curies":[{"name":"wp","href":"https:\/\/api.w.org\/{rel}","templated":true}]}}