{"id":1901,"date":"2023-08-02T12:15:01","date_gmt":"2023-08-02T16:15:01","guid":{"rendered":"https:\/\/www.manaus.am.gov.br\/implurb\/prefeitura-apresenta-estrutura-de-planejamento-urbano-aos-promotores-do-mp-am\/"},"modified":"2023-08-02T12:15:02","modified_gmt":"2023-08-02T16:15:02","slug":"prefeitura-apresenta-estrutura-de-planejamento-urbano-aos-promotores-do-mp-am","status":"publish","type":"post","link":"https:\/\/www.manaus.am.gov.br\/implurb\/prefeitura-apresenta-estrutura-de-planejamento-urbano-aos-promotores-do-mp-am\/","title":{"rendered":"<strong>Prefeitura apresenta estrutura de planejamento urbano aos promotores do MP-AM<\/strong>"},"content":{"rendered":"\n<p>Os promotores de Justi\u00e7a Lauro Tavares da Silva e Paulo St\u00e9lio Sabba Guimar\u00e3es, do Minist\u00e9rio P\u00fablico do Amazonas (MP-AM), conheceram&nbsp;<em>in loco<\/em>&nbsp;um pouco do funcionamento do sistema e estrutura do planejamento urban\u00edstico da Prefeitura de Manaus, durante visita institucional ao Instituto Municipal de Planejamento Urbano (Implurb), realizada, nesta ter\u00e7a-feira, 1\u00ba\/8, na sede do \u00f3rg\u00e3o, na avenida Brasil, bairro Compensa, zona Oeste.<\/p>\n\n\n\n<p>Eles foram recebidos pelo diretor-presidente da autarquia, Carlos Valente, pelo vice-presidente Claudemir Andrade, e pelo chefe da Procuradoria Jur\u00eddica, Saulo Frota, que ap\u00f3s reuni\u00e3o sobre temas institucionais, realizaram uma visita a dezenas de setores t\u00e9cnicos, de opera\u00e7\u00f5es e de fiscaliza\u00e7\u00e3o.<\/p>\n\n\n\n<p>Para Lauro Tavares, titular da 62\u00aa Promotoria de Justi\u00e7a Especializada na Prote\u00e7\u00e3o e Defesa da Ordem Urban\u00edstica (Prourb), a visita teve como ponto focal a futura revis\u00e3o do Plano Diretor de Manaus, que acontecer\u00e1 em 2024, e o conhecimento da estrutura do \u00f3rg\u00e3o, para ter uma vis\u00e3o de funcionamento cotidiano, quando se trata da ordem urban\u00edstica de uma cidade com mais de 2 milh\u00f5es de habitantes.<\/p>\n\n\n\n<p>\u201cPodemos ter a vis\u00e3o no dia a dia, de como se operacionaliza o Implurb e como se pode contribuir com essa atua\u00e7\u00e3o, que a gente sabe que \u00e9 imensa, que tem um alcance social muito grande\u201d, comentou o promotor.<\/p>\n\n\n\n<p>Quanto \u00e0 revis\u00e3o do Plano Diretor, Lauro Tavares lembrou que os desafios urban\u00edsticos s\u00e3o imensos e o Minist\u00e9rio P\u00fablico tem um papel muito importante nessa atua\u00e7\u00e3o, no sentido de que a legisla\u00e7\u00e3o esteja sempre em avan\u00e7o, sem retroagir. \u201c\u00c9 necess\u00e1rio saber o que a Prefeitura de Manaus, a partir do Implurb, est\u00e1 fazendo no sentido de planejar a renova\u00e7\u00e3o do Plano Diretor, principalmente nas \u00e1reas ambiental, de mobilidade urbana e urban\u00edstica. E se deve planejar uma estrutura que se adequa n\u00e3o apenas \u00e0s necessidades de hoje, mas que pense em uma cidade daqui a dez anos, 15, 20 anos\u201d, completou.<\/p>\n\n\n\n<p>Titular da 63\u00aa Promotoria de Justi\u00e7a Especializada na Prote\u00e7\u00e3o e Defesa da Ordem Urban\u00edstica (Prourb), Paulo St\u00e9lio lembrou a import\u00e2ncia da revis\u00e3o do Plano Diretor e tamb\u00e9m do alinhamento de pensamentos institucionais em rela\u00e7\u00e3o a melhorias para a capital. \u201c\u00c9 importante que conhe\u00e7amos a realidade do Implurb, para que possamos formar uma parceria visando o bem-estar de nossa cidade, ou seja, queremos somar for\u00e7as para dar \u00e0 sociedade o que ela espera de n\u00f3s\u201d, afirmou.<\/p>\n\n\n\n<p>O diretor-presidente Carlos Valente lembrou que a visita institucional serviu para apresentar um pouco do cotidiano da autarquia e de tratar de pautas do dia a dia do \u00f3rg\u00e3o e do sistema de planejamento e licenciamento urbano de Manaus.<\/p>\n\n\n\n<p>\u201cMostramos a eles nossa estrutura e o quadro funcional para que tenham ci\u00eancia do tamanho das demandas, atendimentos e processos de licenciamento.&nbsp; Tamb\u00e9m estreitamos algumas possibilidades, no sentido de terem acesso aos sistemas do instituto de forma on-line, para que se tenha maior agilidade dentro do tema controle externo da sociedade\u201d, comentou Valente.<\/p>\n\n\n\n<p>O compromisso com a transpar\u00eancia, a informa\u00e7\u00e3o e o uso adequado de recursos p\u00fablicos no desenvolvimento urbano s\u00e3o determina\u00e7\u00f5es da gest\u00e3o do prefeito David Almeida, frisou o diretor, acrescentando que o \u00f3rg\u00e3o n\u00e3o mede esfor\u00e7os para agilizar todas as quest\u00f5es pertinentes \u00e0 compet\u00eancia do MP.<\/p>\n\n\n\n<p>&#8212; &#8212; &#8212;<\/p>\n\n\n\n<p><strong>Texto &#8211;&nbsp;<\/strong>Claudia do Valle\/Implurb<\/p>\n\n\n\n<p><strong>Fotos<\/strong>&nbsp;&#8211;&nbsp;Phill&nbsp;Limma \/&nbsp;Semcom<\/p>\n\n\n\n<p><strong>Dispon\u00edveis em<\/strong>&nbsp;&#8211;&nbsp;<a href=\"https:\/\/flic.kr\/s\/aHBqjAPCoH\" target=\"_blank\" rel=\"noreferrer noopener\">https:\/\/flic.kr\/s\/aHBqjAPCoH<\/a><\/p>\n","protected":false},"excerpt":{"rendered":"","protected":false},"author":23,"featured_media":1902,"comment_status":"closed","ping_status":"closed","sticky":false,"template":"","format":"standard","meta":{"footnotes":""},"categories":[17],"tags":[11,371,62,15,372,368],"acf":[],"yoast_head":"<!-- This site is optimized with the Yoast SEO plugin v23.0 - https:\/\/yoast.com\/wordpress\/plugins\/seo\/ -->\n<title>Prefeitura apresenta estrutura de planejamento urbano aos promotores do MP-AM<\/title>\n<meta name=\"description\" content=\"Os promotores de Justi\u00e7a Lauro Tavares da Silva e Paulo St\u00e9lio Sabba Guimar\u00e3es, do Minist\u00e9rio P\u00fablico do Amazonas (MP-AM), conheceram in loco um pouco do funcionamento do sistema e estrutura do planejamento urban\u00edstico da Prefeitura de Manaus, durante visita institucional ao Instituto Municipal de Planejamento Urbano (Implurb), realizada, nesta ter\u00e7a-feira, 1\u00ba\/8, na sede do \u00f3rg\u00e3o, na avenida Brasil, bairro Compensa, zona Oeste.\" \/>\n<meta name=\"robots\" content=\"noindex, follow\" \/>\n<meta property=\"og:locale\" content=\"pt_BR\" \/>\n<meta property=\"og:type\" content=\"article\" \/>\n<meta property=\"og:title\" content=\"Prefeitura apresenta estrutura de planejamento urbano aos promotores do MP-AM\" \/>\n<meta property=\"og:description\" content=\"Os promotores de Justi\u00e7a Lauro Tavares da Silva e Paulo St\u00e9lio Sabba Guimar\u00e3es, do Minist\u00e9rio P\u00fablico do Amazonas (MP-AM), conheceram in loco um pouco do funcionamento do sistema e estrutura do planejamento urban\u00edstico da Prefeitura de Manaus, durante visita institucional ao Instituto Municipal de Planejamento Urbano (Implurb), realizada, nesta ter\u00e7a-feira, 1\u00ba\/8, na sede do \u00f3rg\u00e3o, na avenida Brasil, bairro Compensa, zona Oeste.\" \/>\n<meta property=\"og:url\" content=\"https:\/\/www.manaus.am.gov.br\/implurb\/prefeitura-apresenta-estrutura-de-planejamento-urbano-aos-promotores-do-mp-am\/\" \/>\n<meta property=\"og:site_name\" content=\"IMPLURB\" \/>\n<meta property=\"article:published_time\" content=\"2023-08-02T16:15:01+00:00\" \/>\n<meta property=\"article:modified_time\" content=\"2023-08-02T16:15:02+00:00\" \/>\n<meta property=\"og:image\" content=\"https:\/\/www.manaus.am.gov.br\/implurb\/wp-content\/uploads\/sites\/13\/2023\/08\/53088748756_cc31b27203_c.jpg\" \/>\n\t<meta property=\"og:image:width\" content=\"799\" \/>\n\t<meta property=\"og:image:height\" content=\"533\" \/>\n\t<meta property=\"og:image:type\" content=\"image\/jpeg\" \/>\n<meta name=\"author\" content=\"Adriana Costa\" \/>\n<meta name=\"twitter:card\" content=\"summary_large_image\" \/>\n<meta name=\"twitter:label1\" content=\"Written by\" \/>\n\t<meta name=\"twitter:data1\" content=\"Adriana Costa\" \/>\n\t<meta name=\"twitter:label2\" content=\"Est. reading time\" \/>\n\t<meta name=\"twitter:data2\" content=\"3 minutos\" \/>\n<script type=\"application\/ld+json\" class=\"yoast-schema-graph\">{\"@context\":\"https:\/\/schema.org\",\"@graph\":[{\"@type\":\"WebPage\",\"@id\":\"https:\/\/www.manaus.am.gov.br\/implurb\/prefeitura-apresenta-estrutura-de-planejamento-urbano-aos-promotores-do-mp-am\/\",\"url\":\"https:\/\/www.manaus.am.gov.br\/implurb\/prefeitura-apresenta-estrutura-de-planejamento-urbano-aos-promotores-do-mp-am\/\",\"name\":\"Prefeitura apresenta estrutura de planejamento urbano aos promotores do MP-AM\",\"isPartOf\":{\"@id\":\"https:\/\/www.manaus.am.gov.br\/implurb\/#website\"},\"primaryImageOfPage\":{\"@id\":\"https:\/\/www.manaus.am.gov.br\/implurb\/prefeitura-apresenta-estrutura-de-planejamento-urbano-aos-promotores-do-mp-am\/#primaryimage\"},\"image\":{\"@id\":\"https:\/\/www.manaus.am.gov.br\/implurb\/prefeitura-apresenta-estrutura-de-planejamento-urbano-aos-promotores-do-mp-am\/#primaryimage\"},\"thumbnailUrl\":\"https:\/\/www.manaus.am.gov.br\/implurb\/wp-content\/uploads\/sites\/13\/2023\/08\/53088748756_cc31b27203_c.jpg\",\"datePublished\":\"2023-08-02T16:15:01+00:00\",\"dateModified\":\"2023-08-02T16:15:02+00:00\",\"author\":{\"@id\":\"https:\/\/www.manaus.am.gov.br\/implurb\/#\/schema\/person\/4e49f4e267757a06ca072ec61b2b9968\"},\"description\":\"Os promotores de Justi\u00e7a Lauro Tavares da Silva e Paulo St\u00e9lio Sabba Guimar\u00e3es, do Minist\u00e9rio P\u00fablico do Amazonas (MP-AM), conheceram in loco um pouco do funcionamento do sistema e estrutura do planejamento urban\u00edstico da Prefeitura de Manaus, durante visita institucional ao Instituto Municipal de Planejamento Urbano (Implurb), realizada, nesta ter\u00e7a-feira, 1\u00ba\/8, na sede do \u00f3rg\u00e3o, na avenida Brasil, bairro Compensa, zona Oeste.\",\"breadcrumb\":{\"@id\":\"https:\/\/www.manaus.am.gov.br\/implurb\/prefeitura-apresenta-estrutura-de-planejamento-urbano-aos-promotores-do-mp-am\/#breadcrumb\"},\"inLanguage\":\"pt-BR\",\"potentialAction\":[{\"@type\":\"ReadAction\",\"target\":[\"https:\/\/www.manaus.am.gov.br\/implurb\/prefeitura-apresenta-estrutura-de-planejamento-urbano-aos-promotores-do-mp-am\/\"]}]},{\"@type\":\"ImageObject\",\"inLanguage\":\"pt-BR\",\"@id\":\"https:\/\/www.manaus.am.gov.br\/implurb\/prefeitura-apresenta-estrutura-de-planejamento-urbano-aos-promotores-do-mp-am\/#primaryimage\",\"url\":\"https:\/\/www.manaus.am.gov.br\/implurb\/wp-content\/uploads\/sites\/13\/2023\/08\/53088748756_cc31b27203_c.jpg\",\"contentUrl\":\"https:\/\/www.manaus.am.gov.br\/implurb\/wp-content\/uploads\/sites\/13\/2023\/08\/53088748756_cc31b27203_c.jpg\",\"width\":799,\"height\":533},{\"@type\":\"BreadcrumbList\",\"@id\":\"https:\/\/www.manaus.am.gov.br\/implurb\/prefeitura-apresenta-estrutura-de-planejamento-urbano-aos-promotores-do-mp-am\/#breadcrumb\",\"itemListElement\":[{\"@type\":\"ListItem\",\"position\":1,\"name\":\"Home\",\"item\":\"https:\/\/www.manaus.am.gov.br\/implurb\/\"},{\"@type\":\"ListItem\",\"position\":2,\"name\":\"Prefeitura apresenta estrutura de planejamento urbano aos promotores do MP-AM\"}]},{\"@type\":\"WebSite\",\"@id\":\"https:\/\/www.manaus.am.gov.br\/implurb\/#website\",\"url\":\"https:\/\/www.manaus.am.gov.br\/implurb\/\",\"name\":\"IMPLURB\",\"description\":\"Prefeitura de Manaus\",\"potentialAction\":[{\"@type\":\"SearchAction\",\"target\":{\"@type\":\"EntryPoint\",\"urlTemplate\":\"https:\/\/www.manaus.am.gov.br\/implurb\/?s={search_term_string}\"},\"query-input\":\"required name=search_term_string\"}],\"inLanguage\":\"pt-BR\"},{\"@type\":\"Person\",\"@id\":\"https:\/\/www.manaus.am.gov.br\/implurb\/#\/schema\/person\/4e49f4e267757a06ca072ec61b2b9968\",\"name\":\"Adriana Costa\",\"image\":{\"@type\":\"ImageObject\",\"inLanguage\":\"pt-BR\",\"@id\":\"https:\/\/www.manaus.am.gov.br\/implurb\/#\/schema\/person\/image\/\",\"url\":\"https:\/\/secure.gravatar.com\/avatar\/576258617ef7194f718179e766d57bd4?s=96&d=mm&r=g\",\"contentUrl\":\"https:\/\/secure.gravatar.com\/avatar\/576258617ef7194f718179e766d57bd4?s=96&d=mm&r=g\",\"caption\":\"Adriana Costa\"}}]}<\/script>\n<!-- \/ Yoast SEO plugin. -->","yoast_head_json":{"title":"Prefeitura apresenta estrutura de planejamento urbano aos promotores do MP-AM","description":"Os promotores de Justi\u00e7a Lauro Tavares da Silva e Paulo St\u00e9lio Sabba Guimar\u00e3es, do Minist\u00e9rio P\u00fablico do Amazonas (MP-AM), conheceram in loco um pouco do funcionamento do sistema e estrutura do planejamento urban\u00edstico da Prefeitura de Manaus, durante visita institucional ao Instituto Municipal de Planejamento Urbano (Implurb), realizada, nesta ter\u00e7a-feira, 1\u00ba\/8, na sede do \u00f3rg\u00e3o, na avenida Brasil, bairro Compensa, zona Oeste.","robots":{"index":"noindex","follow":"follow"},"og_locale":"pt_BR","og_type":"article","og_title":"Prefeitura apresenta estrutura de planejamento urbano aos promotores do MP-AM","og_description":"Os promotores de Justi\u00e7a Lauro Tavares da Silva e Paulo St\u00e9lio Sabba Guimar\u00e3es, do Minist\u00e9rio P\u00fablico do Amazonas (MP-AM), conheceram in loco um pouco do funcionamento do sistema e estrutura do planejamento urban\u00edstico da Prefeitura de Manaus, durante visita institucional ao Instituto Municipal de Planejamento Urbano (Implurb), realizada, nesta ter\u00e7a-feira, 1\u00ba\/8, na sede do \u00f3rg\u00e3o, na avenida Brasil, bairro Compensa, zona Oeste.","og_url":"https:\/\/www.manaus.am.gov.br\/implurb\/prefeitura-apresenta-estrutura-de-planejamento-urbano-aos-promotores-do-mp-am\/","og_site_name":"IMPLURB","article_published_time":"2023-08-02T16:15:01+00:00","article_modified_time":"2023-08-02T16:15:02+00:00","og_image":[{"width":799,"height":533,"url":"https:\/\/www.manaus.am.gov.br\/implurb\/wp-content\/uploads\/sites\/13\/2023\/08\/53088748756_cc31b27203_c.jpg","type":"image\/jpeg"}],"author":"Adriana Costa","twitter_card":"summary_large_image","twitter_misc":{"Written by":"Adriana Costa","Est. reading time":"3 minutos"},"schema":{"@context":"https:\/\/schema.org","@graph":[{"@type":"WebPage","@id":"https:\/\/www.manaus.am.gov.br\/implurb\/prefeitura-apresenta-estrutura-de-planejamento-urbano-aos-promotores-do-mp-am\/","url":"https:\/\/www.manaus.am.gov.br\/implurb\/prefeitura-apresenta-estrutura-de-planejamento-urbano-aos-promotores-do-mp-am\/","name":"Prefeitura apresenta estrutura de planejamento urbano aos promotores do MP-AM","isPartOf":{"@id":"https:\/\/www.manaus.am.gov.br\/implurb\/#website"},"primaryImageOfPage":{"@id":"https:\/\/www.manaus.am.gov.br\/implurb\/prefeitura-apresenta-estrutura-de-planejamento-urbano-aos-promotores-do-mp-am\/#primaryimage"},"image":{"@id":"https:\/\/www.manaus.am.gov.br\/implurb\/prefeitura-apresenta-estrutura-de-planejamento-urbano-aos-promotores-do-mp-am\/#primaryimage"},"thumbnailUrl":"https:\/\/www.manaus.am.gov.br\/implurb\/wp-content\/uploads\/sites\/13\/2023\/08\/53088748756_cc31b27203_c.jpg","datePublished":"2023-08-02T16:15:01+00:00","dateModified":"2023-08-02T16:15:02+00:00","author":{"@id":"https:\/\/www.manaus.am.gov.br\/implurb\/#\/schema\/person\/4e49f4e267757a06ca072ec61b2b9968"},"description":"Os promotores de Justi\u00e7a Lauro Tavares da Silva e Paulo St\u00e9lio Sabba Guimar\u00e3es, do Minist\u00e9rio P\u00fablico do Amazonas (MP-AM), conheceram in loco um pouco do funcionamento do sistema e estrutura do planejamento urban\u00edstico da Prefeitura de Manaus, durante visita institucional ao Instituto Municipal de Planejamento Urbano (Implurb), realizada, nesta ter\u00e7a-feira, 1\u00ba\/8, na sede do \u00f3rg\u00e3o, na avenida Brasil, bairro Compensa, zona Oeste.","breadcrumb":{"@id":"https:\/\/www.manaus.am.gov.br\/implurb\/prefeitura-apresenta-estrutura-de-planejamento-urbano-aos-promotores-do-mp-am\/#breadcrumb"},"inLanguage":"pt-BR","potentialAction":[{"@type":"ReadAction","target":["https:\/\/www.manaus.am.gov.br\/implurb\/prefeitura-apresenta-estrutura-de-planejamento-urbano-aos-promotores-do-mp-am\/"]}]},{"@type":"ImageObject","inLanguage":"pt-BR","@id":"https:\/\/www.manaus.am.gov.br\/implurb\/prefeitura-apresenta-estrutura-de-planejamento-urbano-aos-promotores-do-mp-am\/#primaryimage","url":"https:\/\/www.manaus.am.gov.br\/implurb\/wp-content\/uploads\/sites\/13\/2023\/08\/53088748756_cc31b27203_c.jpg","contentUrl":"https:\/\/www.manaus.am.gov.br\/implurb\/wp-content\/uploads\/sites\/13\/2023\/08\/53088748756_cc31b27203_c.jpg","width":799,"height":533},{"@type":"BreadcrumbList","@id":"https:\/\/www.manaus.am.gov.br\/implurb\/prefeitura-apresenta-estrutura-de-planejamento-urbano-aos-promotores-do-mp-am\/#breadcrumb","itemListElement":[{"@type":"ListItem","position":1,"name":"Home","item":"https:\/\/www.manaus.am.gov.br\/implurb\/"},{"@type":"ListItem","position":2,"name":"Prefeitura apresenta estrutura de planejamento urbano aos promotores do MP-AM"}]},{"@type":"WebSite","@id":"https:\/\/www.manaus.am.gov.br\/implurb\/#website","url":"https:\/\/www.manaus.am.gov.br\/implurb\/","name":"IMPLURB","description":"Prefeitura de Manaus","potentialAction":[{"@type":"SearchAction","target":{"@type":"EntryPoint","urlTemplate":"https:\/\/www.manaus.am.gov.br\/implurb\/?s={search_term_string}"},"query-input":"required name=search_term_string"}],"inLanguage":"pt-BR"},{"@type":"Person","@id":"https:\/\/www.manaus.am.gov.br\/implurb\/#\/schema\/person\/4e49f4e267757a06ca072ec61b2b9968","name":"Adriana Costa","image":{"@type":"ImageObject","inLanguage":"pt-BR","@id":"https:\/\/www.manaus.am.gov.br\/implurb\/#\/schema\/person\/image\/","url":"https:\/\/secure.gravatar.com\/avatar\/576258617ef7194f718179e766d57bd4?s=96&d=mm&r=g","contentUrl":"https:\/\/secure.gravatar.com\/avatar\/576258617ef7194f718179e766d57bd4?s=96&d=mm&r=g","caption":"Adriana Costa"}}]}},"_links":{"self":[{"href":"https:\/\/www.manaus.am.gov.br\/implurb\/wp-json\/wp\/v2\/posts\/1901"}],"collection":[{"href":"https:\/\/www.manaus.am.gov.br\/implurb\/wp-json\/wp\/v2\/posts"}],"about":[{"href":"https:\/\/www.manaus.am.gov.br\/implurb\/wp-json\/wp\/v2\/types\/post"}],"author":[{"embeddable":true,"href":"https:\/\/www.manaus.am.gov.br\/implurb\/wp-json\/wp\/v2\/users\/23"}],"replies":[{"embeddable":true,"href":"https:\/\/www.manaus.am.gov.br\/implurb\/wp-json\/wp\/v2\/comments?post=1901"}],"version-history":[{"count":0,"href":"https:\/\/www.manaus.am.gov.br\/implurb\/wp-json\/wp\/v2\/posts\/1901\/revisions"}],"wp:featuredmedia":[{"embeddable":true,"href":"https:\/\/www.manaus.am.gov.br\/implurb\/wp-json\/wp\/v2\/media\/1902"}],"wp:attachment":[{"href":"https:\/\/www.manaus.am.gov.br\/implurb\/wp-json\/wp\/v2\/media?parent=1901"}],"wp:term":[{"taxonomy":"category","embeddable":true,"href":"https:\/\/www.manaus.am.gov.br\/implurb\/wp-json\/wp\/v2\/categories?post=1901"},{"taxonomy":"post_tag","embeddable":true,"href":"https:\/\/www.manaus.am.gov.br\/implurb\/wp-json\/wp\/v2\/tags?post=1901"}],"curies":[{"name":"wp","href":"https:\/\/api.w.org\/{rel}","templated":true}]}}