{"id":190,"date":"2023-05-19T12:34:17","date_gmt":"2023-05-19T16:34:17","guid":{"rendered":"https:\/\/www.manaus.am.gov.br\/implurb\/casarao-thiago-de-mello\/"},"modified":"2023-05-19T12:34:17","modified_gmt":"2023-05-19T16:34:17","slug":"casarao-thiago-de-mello","status":"publish","type":"post","link":"https:\/\/www.manaus.am.gov.br\/implurb\/casarao-thiago-de-mello\/","title":{"rendered":"<strong>Casar\u00e3o Thiago de Mello ter\u00e1 viagem virtual at\u00e9 Barreirinha e sala de cinema<\/strong>"},"content":{"rendered":"\n<p>Uma viagem virtual de Manaus at\u00e9 Barreirinha, onde foram constru\u00eddas as casas do poeta, jornalista e diplomata Thiago de Mello, v\u00e3o compor um dos espa\u00e7os da exposi\u00e7\u00e3o permanente programada para o casario amarelo na rua Bernardo Ramos, que est\u00e1 em reforma pela Prefeitura de Manaus, dentro do programa \u201cNosso Centro\u201d, lan\u00e7ado pelo prefeito David Almeida.<\/p>\n\n\n\n<p>Em reuni\u00e3o com a filha do poeta, Isabella Thiago de Mello, com equipe do Instituto Municipal de Planejamento Urbano (Implurb), foi feito novo detalhamento de instala\u00e7\u00e3o e ocupa\u00e7\u00e3o do im\u00f3vel para acompanhar a obra de reforma e de restauro.<\/p>\n\n\n\n<p>O casar\u00e3o estar\u00e1 integrado ao Largo de S\u00e3o Vicente e ao Mirante L\u00facia Almeida, as primeiras interven\u00e7\u00f5es do \u201cNosso Centro\u201d, cujas obras t\u00eam prazo de 300 dias corridos.<\/p>\n\n\n\n<p>Com um acervo t\u00e3o grandioso do homenageado, o desafio ficar\u00e1 a cargo ainda dos trabalhos de curadoria da muse\u00f3loga Vera L\u00facia Souza, para usar o material de 70 anos de profiss\u00e3o. Thiago de Mello faleceu em 2022, aos 95 anos de idade.<\/p>\n\n\n\n<p>A exposi\u00e7\u00e3o permanente que ser\u00e1 abrigada no im\u00f3vel ter\u00e1 tecnologia para acesso ao mundo, com passeios virtuais pelo casar\u00e3o, expondo ao m\u00e1ximo poss\u00edvel todo o patrim\u00f4nio que o artista deixou.<\/p>\n\n\n\n<p>\u201cAlinhamos pontos e detalhes do projeto, de cada ambiente do casar\u00e3o ap\u00f3s a obra conclu\u00edda. E tamb\u00e9m para conhecer a ambi\u00eancia que o Instituto Thiago de Mello est\u00e1 imaginando para a ocupa\u00e7\u00e3o, as atividades que ser\u00e3o desenvolvidas, a sala multiuso, que pode ser uma futura sala de cinema. S\u00e3o detalhes que fazem parte do conjunto da interven\u00e7\u00e3o e precisam estar integrados com o andamento da obra\u201d, explicou o diretor de Planejamento do Implurb, arquiteto e urbanista Pedro Paulo Cordeiro.<\/p>\n\n\n\n<p>Com o casario integrado ao Largo de S\u00e3o Vicente e ao Mirante L\u00facia Almeida, seus equipamentos e atra\u00e7\u00f5es v\u00e3o potencializar a visita\u00e7\u00e3o e o conhecimento da vida e da hist\u00f3ria do poeta.<\/p>\n\n\n\n<p>\u201cTeremos a exposi\u00e7\u00e3o, a reprodu\u00e7\u00e3o das casas de Barreirinha, e um caf\u00e9, que se conecta ao largo, explorando o sombreamento das \u00e1rvores. Todas as \u00e1rvores no entorno do im\u00f3vel ser\u00e3o mantidas e esta ambi\u00eancia vai permitir que as pessoas caminhem pela sombra e permane\u00e7am mais tempo no espa\u00e7o\u201d, comentou o arquiteto.<\/p>\n\n\n\n<p>A filha Isabella vem trabalhando h\u00e1 anos na biografia do pai, estudos que renderam dois document\u00e1rios e dois livros. Ela \u00e9 presidente do Instituto Thiago de Mello e a parceria com a Prefeitura de Manaus vai dar espa\u00e7o \u00fanico \u00e0 mem\u00f3ria do autor de \u201cManaus, amor e mem\u00f3ria\u201d (1984), que retrata a capital que foi t\u00e3o importante na sua vida.<\/p>\n\n\n\n<p>\u201cA obra est\u00e1 adiantada e parece um milagre, do mundo da engenharia e da arquitetura. E a reuni\u00e3o foi para pontuar quest\u00f5es espec\u00edficas da futura exposi\u00e7\u00e3o, uma grande troca de ideias com o Pedro Paulo, que tem um lado t\u00e9cnico e tamb\u00e9m um lado artista. Al\u00e9m da biografia do poeta, temos a hist\u00f3ria de um casar\u00e3o valioso e fazemos quest\u00e3o de acompanhar o cen\u00e1rio do s\u00e9culo 19, com o mobili\u00e1rio, inclusive. Queremos que as pessoas conhe\u00e7am e mergulhem em como era um casar\u00e3o do s\u00e9culo 19, ter esse respeito por esta casa, dentro de uma rua tombada pelo patrim\u00f4nio hist\u00f3rico\u201d, disse a filha.<\/p>\n\n\n\n<figure class=\"wp-block-image size-full\"><img loading=\"lazy\" decoding=\"async\" width=\"799\" height=\"533\" src=\"https:\/\/www.manaus.am.gov.br\/implurb\/wp-content\/uploads\/sites\/13\/2023\/05\/Casarao-Thiago-de-Mello_Implurb_2.jpg\" alt=\"\" class=\"wp-image-191\" srcset=\"https:\/\/www.manaus.am.gov.br\/implurb\/wp-content\/uploads\/sites\/13\/2023\/05\/Casarao-Thiago-de-Mello_Implurb_2.jpg 799w, https:\/\/www.manaus.am.gov.br\/implurb\/wp-content\/uploads\/sites\/13\/2023\/05\/Casarao-Thiago-de-Mello_Implurb_2-300x200.jpg 300w, https:\/\/www.manaus.am.gov.br\/implurb\/wp-content\/uploads\/sites\/13\/2023\/05\/Casarao-Thiago-de-Mello_Implurb_2-768x512.jpg 768w\" sizes=\"(max-width: 799px) 100vw, 799px\" \/><\/figure>\n\n\n\n<p>Para Isabella, tem a hist\u00f3ria do curumim que nasceu no interior da floresta e que ganhou o mundo. E este mundo estar\u00e1 retratado em cartas trocadas com Pablo Neruda e outros escritores; no seu lado diplomata; na integra\u00e7\u00e3o cultural com os poetas da Am\u00e9rica Latina e na paix\u00e3o por Manaus. \u201cTeremos as maquetes do arquiteto L\u00facio Costa, das casas de Barreirinha, e de forma virtual se far\u00e1 a viagem de Manaus at\u00e9 l\u00e1, no Porantim, onde viveu este \u00edcone da literatura moderna brasileira. E a linha do tempo contar\u00e1 com a tecnologia integrada, dando acesso a essas paisagens, cenas e at\u00e9 para se ouvir os poemas declamados, dentro de uma linguagem museol\u00f3gica\u201d, completou.<\/p>\n\n\n\n<p><strong>Projeto<\/strong><\/p>\n\n\n\n<p>Com projeto arquitet\u00f4nico desenvolvido pelo Implurb, o casario est\u00e1 sendo reformado e restaurado, localizado na rua Bernardo Ramos, 66, Centro, com t\u00e9rreo e pavimento superior, que ter\u00e3o uma fun\u00e7\u00e3o de elo com a vida do poeta, reproduzindo, inclusive, cenas da sua viv\u00eancia na casa constru\u00edda em Barreirinha, sua terra natal na Amaz\u00f4nia.<\/p>\n\n\n\n<p>O projeto vai dar ao espa\u00e7o sala e sal\u00e3o de exposi\u00e7\u00e3o, biblioteca, um caf\u00e9, um quarto Thiago de Mello, sala multiuso, \u00e1rea de administra\u00e7\u00e3o, elevador e banheiros. O im\u00f3vel&nbsp;\u00e9 datado de 1908 e classificado&nbsp;como&nbsp;uma&nbsp;unidade de interesse de&nbsp;preserva\u00e7\u00e3o de segundo grau,&nbsp;de acordo com decreto 7.176\/2004. A casa chegou a&nbsp;abrigar o dep\u00f3sito da firma Sinfr\u00f4nio &amp; Cia.<\/p>\n\n\n\n<p>&#8212; &#8212; &#8212;<\/p>\n\n\n\n<p><strong>Texto &#8211;&nbsp;<\/strong>Claudia do Valle \/ Implurb<\/p>\n\n\n\n<p><strong>Fotos &#8211; <\/strong>Cl\u00f3vis Miranda e Aguilar Abecassis \/ Semcom<\/p>\n","protected":false},"excerpt":{"rendered":"","protected":false},"author":52,"featured_media":192,"comment_status":"closed","ping_status":"closed","sticky":false,"template":"","format":"standard","meta":{"footnotes":""},"categories":[41],"tags":[11,15,42,43,44],"acf":[],"yoast_head":"<!-- This site is optimized with the Yoast SEO plugin v23.0 - https:\/\/yoast.com\/wordpress\/plugins\/seo\/ -->\n<title>Casar\u00e3o Thiago de Mello ter\u00e1 viagem virtual at\u00e9 Barreirinha<\/title>\n<meta name=\"description\" content=\"Uma viagem virtual de Manaus at\u00e9 Barreirinha v\u00e3o compor um dos espa\u00e7os da exposi\u00e7\u00e3o permanente programada para o Casar\u00e3o Thiago de Mello.\" \/>\n<meta name=\"robots\" content=\"noindex, follow\" \/>\n<meta property=\"og:locale\" content=\"pt_BR\" \/>\n<meta property=\"og:type\" content=\"article\" \/>\n<meta property=\"og:title\" content=\"Casar\u00e3o Thiago de Mello ter\u00e1 viagem virtual at\u00e9 Barreirinha\" \/>\n<meta property=\"og:description\" content=\"Uma viagem virtual de Manaus at\u00e9 Barreirinha v\u00e3o compor um dos espa\u00e7os da exposi\u00e7\u00e3o permanente programada para o Casar\u00e3o Thiago de Mello.\" \/>\n<meta property=\"og:url\" content=\"https:\/\/www.manaus.am.gov.br\/implurb\/casarao-thiago-de-mello\/\" \/>\n<meta property=\"og:site_name\" content=\"IMPLURB\" \/>\n<meta property=\"article:published_time\" content=\"2023-05-19T16:34:17+00:00\" \/>\n<meta property=\"og:image\" content=\"https:\/\/www.manaus.am.gov.br\/implurb\/wp-content\/uploads\/sites\/13\/2023\/05\/Casarao-Thiago-de-Mello_Implurb_1.jpg\" \/>\n\t<meta property=\"og:image:width\" content=\"1600\" \/>\n\t<meta property=\"og:image:height\" content=\"1200\" \/>\n\t<meta property=\"og:image:type\" content=\"image\/jpeg\" \/>\n<meta name=\"author\" content=\"csilveira\" \/>\n<meta name=\"twitter:card\" content=\"summary_large_image\" \/>\n<meta name=\"twitter:label1\" content=\"Written by\" \/>\n\t<meta name=\"twitter:data1\" content=\"csilveira\" \/>\n\t<meta name=\"twitter:label2\" content=\"Est. reading time\" \/>\n\t<meta name=\"twitter:data2\" content=\"5 minutos\" \/>\n<script type=\"application\/ld+json\" class=\"yoast-schema-graph\">{\"@context\":\"https:\/\/schema.org\",\"@graph\":[{\"@type\":\"WebPage\",\"@id\":\"https:\/\/www.manaus.am.gov.br\/implurb\/casarao-thiago-de-mello\/\",\"url\":\"https:\/\/www.manaus.am.gov.br\/implurb\/casarao-thiago-de-mello\/\",\"name\":\"Casar\u00e3o Thiago de Mello ter\u00e1 viagem virtual at\u00e9 Barreirinha\",\"isPartOf\":{\"@id\":\"https:\/\/www.manaus.am.gov.br\/implurb\/#website\"},\"primaryImageOfPage\":{\"@id\":\"https:\/\/www.manaus.am.gov.br\/implurb\/casarao-thiago-de-mello\/#primaryimage\"},\"image\":{\"@id\":\"https:\/\/www.manaus.am.gov.br\/implurb\/casarao-thiago-de-mello\/#primaryimage\"},\"thumbnailUrl\":\"https:\/\/www.manaus.am.gov.br\/implurb\/wp-content\/uploads\/sites\/13\/2023\/05\/Casarao-Thiago-de-Mello_Implurb_1.jpg\",\"datePublished\":\"2023-05-19T16:34:17+00:00\",\"dateModified\":\"2023-05-19T16:34:17+00:00\",\"author\":{\"@id\":\"https:\/\/www.manaus.am.gov.br\/implurb\/#\/schema\/person\/bfafc779be2e19b3d3ef4a59d418b606\"},\"description\":\"Uma viagem virtual de Manaus at\u00e9 Barreirinha v\u00e3o compor um dos espa\u00e7os da exposi\u00e7\u00e3o permanente programada para o Casar\u00e3o Thiago de Mello.\",\"breadcrumb\":{\"@id\":\"https:\/\/www.manaus.am.gov.br\/implurb\/casarao-thiago-de-mello\/#breadcrumb\"},\"inLanguage\":\"pt-BR\",\"potentialAction\":[{\"@type\":\"ReadAction\",\"target\":[\"https:\/\/www.manaus.am.gov.br\/implurb\/casarao-thiago-de-mello\/\"]}]},{\"@type\":\"ImageObject\",\"inLanguage\":\"pt-BR\",\"@id\":\"https:\/\/www.manaus.am.gov.br\/implurb\/casarao-thiago-de-mello\/#primaryimage\",\"url\":\"https:\/\/www.manaus.am.gov.br\/implurb\/wp-content\/uploads\/sites\/13\/2023\/05\/Casarao-Thiago-de-Mello_Implurb_1.jpg\",\"contentUrl\":\"https:\/\/www.manaus.am.gov.br\/implurb\/wp-content\/uploads\/sites\/13\/2023\/05\/Casarao-Thiago-de-Mello_Implurb_1.jpg\",\"width\":1600,\"height\":1200},{\"@type\":\"BreadcrumbList\",\"@id\":\"https:\/\/www.manaus.am.gov.br\/implurb\/casarao-thiago-de-mello\/#breadcrumb\",\"itemListElement\":[{\"@type\":\"ListItem\",\"position\":1,\"name\":\"Home\",\"item\":\"https:\/\/www.manaus.am.gov.br\/implurb\/\"},{\"@type\":\"ListItem\",\"position\":2,\"name\":\"Casar\u00e3o Thiago de Mello ter\u00e1 viagem virtual at\u00e9 Barreirinha e sala de cinema\"}]},{\"@type\":\"WebSite\",\"@id\":\"https:\/\/www.manaus.am.gov.br\/implurb\/#website\",\"url\":\"https:\/\/www.manaus.am.gov.br\/implurb\/\",\"name\":\"IMPLURB\",\"description\":\"Prefeitura de Manaus\",\"potentialAction\":[{\"@type\":\"SearchAction\",\"target\":{\"@type\":\"EntryPoint\",\"urlTemplate\":\"https:\/\/www.manaus.am.gov.br\/implurb\/?s={search_term_string}\"},\"query-input\":\"required name=search_term_string\"}],\"inLanguage\":\"pt-BR\"},{\"@type\":\"Person\",\"@id\":\"https:\/\/www.manaus.am.gov.br\/implurb\/#\/schema\/person\/bfafc779be2e19b3d3ef4a59d418b606\",\"name\":\"csilveira\",\"image\":{\"@type\":\"ImageObject\",\"inLanguage\":\"pt-BR\",\"@id\":\"https:\/\/www.manaus.am.gov.br\/implurb\/#\/schema\/person\/image\/\",\"url\":\"https:\/\/secure.gravatar.com\/avatar\/9c2e2f00138fcd35401c748bd030d3b5?s=96&d=mm&r=g\",\"contentUrl\":\"https:\/\/secure.gravatar.com\/avatar\/9c2e2f00138fcd35401c748bd030d3b5?s=96&d=mm&r=g\",\"caption\":\"csilveira\"}}]}<\/script>\n<!-- \/ Yoast SEO plugin. -->","yoast_head_json":{"title":"Casar\u00e3o Thiago de Mello ter\u00e1 viagem virtual at\u00e9 Barreirinha","description":"Uma viagem virtual de Manaus at\u00e9 Barreirinha v\u00e3o compor um dos espa\u00e7os da exposi\u00e7\u00e3o permanente programada para o Casar\u00e3o Thiago de Mello.","robots":{"index":"noindex","follow":"follow"},"og_locale":"pt_BR","og_type":"article","og_title":"Casar\u00e3o Thiago de Mello ter\u00e1 viagem virtual at\u00e9 Barreirinha","og_description":"Uma viagem virtual de Manaus at\u00e9 Barreirinha v\u00e3o compor um dos espa\u00e7os da exposi\u00e7\u00e3o permanente programada para o Casar\u00e3o Thiago de Mello.","og_url":"https:\/\/www.manaus.am.gov.br\/implurb\/casarao-thiago-de-mello\/","og_site_name":"IMPLURB","article_published_time":"2023-05-19T16:34:17+00:00","og_image":[{"width":1600,"height":1200,"url":"https:\/\/www.manaus.am.gov.br\/implurb\/wp-content\/uploads\/sites\/13\/2023\/05\/Casarao-Thiago-de-Mello_Implurb_1.jpg","type":"image\/jpeg"}],"author":"csilveira","twitter_card":"summary_large_image","twitter_misc":{"Written by":"csilveira","Est. reading time":"5 minutos"},"schema":{"@context":"https:\/\/schema.org","@graph":[{"@type":"WebPage","@id":"https:\/\/www.manaus.am.gov.br\/implurb\/casarao-thiago-de-mello\/","url":"https:\/\/www.manaus.am.gov.br\/implurb\/casarao-thiago-de-mello\/","name":"Casar\u00e3o Thiago de Mello ter\u00e1 viagem virtual at\u00e9 Barreirinha","isPartOf":{"@id":"https:\/\/www.manaus.am.gov.br\/implurb\/#website"},"primaryImageOfPage":{"@id":"https:\/\/www.manaus.am.gov.br\/implurb\/casarao-thiago-de-mello\/#primaryimage"},"image":{"@id":"https:\/\/www.manaus.am.gov.br\/implurb\/casarao-thiago-de-mello\/#primaryimage"},"thumbnailUrl":"https:\/\/www.manaus.am.gov.br\/implurb\/wp-content\/uploads\/sites\/13\/2023\/05\/Casarao-Thiago-de-Mello_Implurb_1.jpg","datePublished":"2023-05-19T16:34:17+00:00","dateModified":"2023-05-19T16:34:17+00:00","author":{"@id":"https:\/\/www.manaus.am.gov.br\/implurb\/#\/schema\/person\/bfafc779be2e19b3d3ef4a59d418b606"},"description":"Uma viagem virtual de Manaus at\u00e9 Barreirinha v\u00e3o compor um dos espa\u00e7os da exposi\u00e7\u00e3o permanente programada para o Casar\u00e3o Thiago de Mello.","breadcrumb":{"@id":"https:\/\/www.manaus.am.gov.br\/implurb\/casarao-thiago-de-mello\/#breadcrumb"},"inLanguage":"pt-BR","potentialAction":[{"@type":"ReadAction","target":["https:\/\/www.manaus.am.gov.br\/implurb\/casarao-thiago-de-mello\/"]}]},{"@type":"ImageObject","inLanguage":"pt-BR","@id":"https:\/\/www.manaus.am.gov.br\/implurb\/casarao-thiago-de-mello\/#primaryimage","url":"https:\/\/www.manaus.am.gov.br\/implurb\/wp-content\/uploads\/sites\/13\/2023\/05\/Casarao-Thiago-de-Mello_Implurb_1.jpg","contentUrl":"https:\/\/www.manaus.am.gov.br\/implurb\/wp-content\/uploads\/sites\/13\/2023\/05\/Casarao-Thiago-de-Mello_Implurb_1.jpg","width":1600,"height":1200},{"@type":"BreadcrumbList","@id":"https:\/\/www.manaus.am.gov.br\/implurb\/casarao-thiago-de-mello\/#breadcrumb","itemListElement":[{"@type":"ListItem","position":1,"name":"Home","item":"https:\/\/www.manaus.am.gov.br\/implurb\/"},{"@type":"ListItem","position":2,"name":"Casar\u00e3o Thiago de Mello ter\u00e1 viagem virtual at\u00e9 Barreirinha e sala de cinema"}]},{"@type":"WebSite","@id":"https:\/\/www.manaus.am.gov.br\/implurb\/#website","url":"https:\/\/www.manaus.am.gov.br\/implurb\/","name":"IMPLURB","description":"Prefeitura de Manaus","potentialAction":[{"@type":"SearchAction","target":{"@type":"EntryPoint","urlTemplate":"https:\/\/www.manaus.am.gov.br\/implurb\/?s={search_term_string}"},"query-input":"required name=search_term_string"}],"inLanguage":"pt-BR"},{"@type":"Person","@id":"https:\/\/www.manaus.am.gov.br\/implurb\/#\/schema\/person\/bfafc779be2e19b3d3ef4a59d418b606","name":"csilveira","image":{"@type":"ImageObject","inLanguage":"pt-BR","@id":"https:\/\/www.manaus.am.gov.br\/implurb\/#\/schema\/person\/image\/","url":"https:\/\/secure.gravatar.com\/avatar\/9c2e2f00138fcd35401c748bd030d3b5?s=96&d=mm&r=g","contentUrl":"https:\/\/secure.gravatar.com\/avatar\/9c2e2f00138fcd35401c748bd030d3b5?s=96&d=mm&r=g","caption":"csilveira"}}]}},"_links":{"self":[{"href":"https:\/\/www.manaus.am.gov.br\/implurb\/wp-json\/wp\/v2\/posts\/190"}],"collection":[{"href":"https:\/\/www.manaus.am.gov.br\/implurb\/wp-json\/wp\/v2\/posts"}],"about":[{"href":"https:\/\/www.manaus.am.gov.br\/implurb\/wp-json\/wp\/v2\/types\/post"}],"author":[{"embeddable":true,"href":"https:\/\/www.manaus.am.gov.br\/implurb\/wp-json\/wp\/v2\/users\/52"}],"replies":[{"embeddable":true,"href":"https:\/\/www.manaus.am.gov.br\/implurb\/wp-json\/wp\/v2\/comments?post=190"}],"version-history":[{"count":1,"href":"https:\/\/www.manaus.am.gov.br\/implurb\/wp-json\/wp\/v2\/posts\/190\/revisions"}],"predecessor-version":[{"id":193,"href":"https:\/\/www.manaus.am.gov.br\/implurb\/wp-json\/wp\/v2\/posts\/190\/revisions\/193"}],"wp:featuredmedia":[{"embeddable":true,"href":"https:\/\/www.manaus.am.gov.br\/implurb\/wp-json\/wp\/v2\/media\/192"}],"wp:attachment":[{"href":"https:\/\/www.manaus.am.gov.br\/implurb\/wp-json\/wp\/v2\/media?parent=190"}],"wp:term":[{"taxonomy":"category","embeddable":true,"href":"https:\/\/www.manaus.am.gov.br\/implurb\/wp-json\/wp\/v2\/categories?post=190"},{"taxonomy":"post_tag","embeddable":true,"href":"https:\/\/www.manaus.am.gov.br\/implurb\/wp-json\/wp\/v2\/tags?post=190"}],"curies":[{"name":"wp","href":"https:\/\/api.w.org\/{rel}","templated":true}]}}