{"id":1821,"date":"2023-07-27T19:46:58","date_gmt":"2023-07-27T23:46:58","guid":{"rendered":"https:\/\/www.manaus.am.gov.br\/implurb\/prefeitura-reforca-iluminacao-publica-na-ponta-negra-com-instalacao-de-postes-com-led-no-canteiro-central\/"},"modified":"2023-07-27T19:46:58","modified_gmt":"2023-07-27T23:46:58","slug":"prefeitura-reforca-iluminacao-publica-na-ponta-negra-com-instalacao-de-postes-com-led-no-canteiro-central","status":"publish","type":"post","link":"https:\/\/www.manaus.am.gov.br\/implurb\/prefeitura-reforca-iluminacao-publica-na-ponta-negra-com-instalacao-de-postes-com-led-no-canteiro-central\/","title":{"rendered":"<strong>Prefeitura refor\u00e7a ilumina\u00e7\u00e3o p\u00fablica na Ponta Negra com instala\u00e7\u00e3o de postes com LED no canteiro central<\/strong>"},"content":{"rendered":"\n<p>O canteiro central do complexo tur\u00edstico Ponta Negra, na zona Oeste, est\u00e1 recebendo servi\u00e7os de revitaliza\u00e7\u00e3o na ilumina\u00e7\u00e3o p\u00fablica pela Prefeitura de Manaus, ampliando o conforto e a seguran\u00e7a dos usu\u00e1rios e frequentadores do parque.<\/p>\n\n\n\n<p>Est\u00e3o sendo instalados 29 postes do tipo p\u00e9tala, com tr\u00eas folhas, com lumin\u00e1ria de LED 145 megawatt, que v\u00e3o refor\u00e7ar a ilumina\u00e7\u00e3o para pedestres e transeuntes, al\u00e9m de motoristas, beneficiando principalmente a popula\u00e7\u00e3o que faz uso da faixa liberada nos dias de quarta-feira, quando a atividade \u00e9 realizada \u00e0 noite.<\/p>\n\n\n\n<p>\u201cE tamb\u00e9m em raz\u00e3o do maior fluxo de pessoas frequentando o espa\u00e7o ap\u00f3s a inaugura\u00e7\u00e3o da Casa de Praia Zezinho Corr\u00eaa, estamos executando o projeto para dar maior conforto&nbsp;e iluminar. E ainda temos uma arboriza\u00e7\u00e3o t\u00e3o bonita do espa\u00e7o. Os postes t\u00eam 14 metros de altura e 200 de di\u00e2metro\u201d, explicou o superintendente da&nbsp;Unidade Gestora de Abastecimento de Energia El\u00e9trica (UGPM), Helder Silveira.<\/p>\n\n\n\n<figure class=\"wp-block-image size-full\"><img loading=\"lazy\" decoding=\"async\" width=\"799\" height=\"533\" src=\"https:\/\/www.manaus.am.gov.br\/implurb\/wp-content\/uploads\/sites\/13\/2023\/07\/53076147169_b78e902a05_c.jpg\" alt=\"\" class=\"wp-image-1822\" srcset=\"https:\/\/www.manaus.am.gov.br\/implurb\/wp-content\/uploads\/sites\/13\/2023\/07\/53076147169_b78e902a05_c.jpg 799w, https:\/\/www.manaus.am.gov.br\/implurb\/wp-content\/uploads\/sites\/13\/2023\/07\/53076147169_b78e902a05_c-300x200.jpg 300w, https:\/\/www.manaus.am.gov.br\/implurb\/wp-content\/uploads\/sites\/13\/2023\/07\/53076147169_b78e902a05_c-768x512.jpg 768w\" sizes=\"(max-width: 799px) 100vw, 799px\" \/><\/figure>\n\n\n\n<p>Antes da instala\u00e7\u00e3o, foram feitos os testes de luminesc\u00eancia e toda a viabilidade no espa\u00e7o. Os postes est\u00e3o sendo instalados no canteiro central entre as duas rotat\u00f3rias da avenida Coronel Teixeira, na Ponta Negra.<\/p>\n\n\n\n<p>Para a instala\u00e7\u00e3o, a concession\u00e1ria Manausluz est\u00e1 utilizando 87 lumin\u00e1rias Unicoba LED e aproximadamente 1.000 metros de cabo quadruplex 3X10. A previs\u00e3o \u00e9 de que os trabalhos sejam conclu\u00eddos nesta sexta-feira, 28.<\/p>\n\n\n\n<p>As lumin\u00e1rias t\u00eam fotosensores, m\u00e9todo moderno que permite o uso sustent\u00e1vel da energia, quando ao escurecer e reduzir a claridade, eles acionam automaticamente.<\/p>\n\n\n\n<p>&nbsp;&#8212; &#8212; &#8212;<\/p>\n\n\n\n<p><strong>Texto &#8211;&nbsp;<\/strong>Claudia do Valle \/ Semcom<\/p>\n\n\n\n<p><strong>Fotos \u2013<\/strong>&nbsp;Jo\u00e3o Viana e Cl\u00f3vis Miranda \/ Semcom<\/p>\n\n\n\n<p><strong>Dispon\u00edveis em &#8211; <\/strong><a href=\"https:\/\/flic.kr\/s\/aHBqjAP2sH\">https:\/\/flic.kr\/s\/aHBqjAP2sH<\/a><\/p>\n","protected":false},"excerpt":{"rendered":"","protected":false},"author":31,"featured_media":1823,"comment_status":"closed","ping_status":"closed","sticky":false,"template":"","format":"standard","meta":{"footnotes":""},"categories":[50],"tags":[361,362,363,112],"acf":[],"yoast_head":"<!-- This site is optimized with the Yoast SEO plugin v23.0 - https:\/\/yoast.com\/wordpress\/plugins\/seo\/ -->\n<title>Prefeitura refor\u00e7a ilumina\u00e7\u00e3o p\u00fablica na Ponta Negra com instala\u00e7\u00e3o de postes com LED no canteiro central - IMPLURB<\/title>\n<meta name=\"robots\" content=\"noindex, follow\" \/>\n<meta property=\"og:locale\" content=\"pt_BR\" \/>\n<meta property=\"og:type\" content=\"article\" \/>\n<meta property=\"og:title\" content=\"Prefeitura refor\u00e7a ilumina\u00e7\u00e3o p\u00fablica na Ponta Negra com instala\u00e7\u00e3o de postes com LED no canteiro central - IMPLURB\" \/>\n<meta property=\"og:url\" content=\"https:\/\/www.manaus.am.gov.br\/implurb\/prefeitura-reforca-iluminacao-publica-na-ponta-negra-com-instalacao-de-postes-com-led-no-canteiro-central\/\" \/>\n<meta property=\"og:site_name\" content=\"IMPLURB\" \/>\n<meta property=\"article:published_time\" content=\"2023-07-27T23:46:58+00:00\" \/>\n<meta property=\"og:image\" content=\"https:\/\/www.manaus.am.gov.br\/implurb\/wp-content\/uploads\/sites\/13\/2023\/07\/53076143814_027533fc5c_c.jpg\" \/>\n\t<meta property=\"og:image:width\" content=\"799\" \/>\n\t<meta property=\"og:image:height\" content=\"533\" \/>\n\t<meta property=\"og:image:type\" content=\"image\/jpeg\" \/>\n<meta name=\"author\" content=\"Renata Felix\" \/>\n<meta name=\"twitter:card\" content=\"summary_large_image\" \/>\n<meta name=\"twitter:label1\" content=\"Written by\" \/>\n\t<meta name=\"twitter:data1\" content=\"Renata Felix\" \/>\n\t<meta name=\"twitter:label2\" content=\"Est. reading time\" \/>\n\t<meta name=\"twitter:data2\" content=\"2 minutos\" \/>\n<script type=\"application\/ld+json\" class=\"yoast-schema-graph\">{\"@context\":\"https:\/\/schema.org\",\"@graph\":[{\"@type\":\"WebPage\",\"@id\":\"https:\/\/www.manaus.am.gov.br\/implurb\/prefeitura-reforca-iluminacao-publica-na-ponta-negra-com-instalacao-de-postes-com-led-no-canteiro-central\/\",\"url\":\"https:\/\/www.manaus.am.gov.br\/implurb\/prefeitura-reforca-iluminacao-publica-na-ponta-negra-com-instalacao-de-postes-com-led-no-canteiro-central\/\",\"name\":\"Prefeitura refor\u00e7a ilumina\u00e7\u00e3o p\u00fablica na Ponta Negra com instala\u00e7\u00e3o de postes com LED no canteiro central - IMPLURB\",\"isPartOf\":{\"@id\":\"https:\/\/www.manaus.am.gov.br\/implurb\/#website\"},\"primaryImageOfPage\":{\"@id\":\"https:\/\/www.manaus.am.gov.br\/implurb\/prefeitura-reforca-iluminacao-publica-na-ponta-negra-com-instalacao-de-postes-com-led-no-canteiro-central\/#primaryimage\"},\"image\":{\"@id\":\"https:\/\/www.manaus.am.gov.br\/implurb\/prefeitura-reforca-iluminacao-publica-na-ponta-negra-com-instalacao-de-postes-com-led-no-canteiro-central\/#primaryimage\"},\"thumbnailUrl\":\"https:\/\/www.manaus.am.gov.br\/implurb\/wp-content\/uploads\/sites\/13\/2023\/07\/53076143814_027533fc5c_c.jpg\",\"datePublished\":\"2023-07-27T23:46:58+00:00\",\"dateModified\":\"2023-07-27T23:46:58+00:00\",\"author\":{\"@id\":\"https:\/\/www.manaus.am.gov.br\/implurb\/#\/schema\/person\/4eea2a8f78dc853097abb026f728aa06\"},\"breadcrumb\":{\"@id\":\"https:\/\/www.manaus.am.gov.br\/implurb\/prefeitura-reforca-iluminacao-publica-na-ponta-negra-com-instalacao-de-postes-com-led-no-canteiro-central\/#breadcrumb\"},\"inLanguage\":\"pt-BR\",\"potentialAction\":[{\"@type\":\"ReadAction\",\"target\":[\"https:\/\/www.manaus.am.gov.br\/implurb\/prefeitura-reforca-iluminacao-publica-na-ponta-negra-com-instalacao-de-postes-com-led-no-canteiro-central\/\"]}]},{\"@type\":\"ImageObject\",\"inLanguage\":\"pt-BR\",\"@id\":\"https:\/\/www.manaus.am.gov.br\/implurb\/prefeitura-reforca-iluminacao-publica-na-ponta-negra-com-instalacao-de-postes-com-led-no-canteiro-central\/#primaryimage\",\"url\":\"https:\/\/www.manaus.am.gov.br\/implurb\/wp-content\/uploads\/sites\/13\/2023\/07\/53076143814_027533fc5c_c.jpg\",\"contentUrl\":\"https:\/\/www.manaus.am.gov.br\/implurb\/wp-content\/uploads\/sites\/13\/2023\/07\/53076143814_027533fc5c_c.jpg\",\"width\":799,\"height\":533},{\"@type\":\"BreadcrumbList\",\"@id\":\"https:\/\/www.manaus.am.gov.br\/implurb\/prefeitura-reforca-iluminacao-publica-na-ponta-negra-com-instalacao-de-postes-com-led-no-canteiro-central\/#breadcrumb\",\"itemListElement\":[{\"@type\":\"ListItem\",\"position\":1,\"name\":\"Home\",\"item\":\"https:\/\/www.manaus.am.gov.br\/implurb\/\"},{\"@type\":\"ListItem\",\"position\":2,\"name\":\"Prefeitura refor\u00e7a ilumina\u00e7\u00e3o p\u00fablica na Ponta Negra com instala\u00e7\u00e3o de postes com LED no canteiro central\"}]},{\"@type\":\"WebSite\",\"@id\":\"https:\/\/www.manaus.am.gov.br\/implurb\/#website\",\"url\":\"https:\/\/www.manaus.am.gov.br\/implurb\/\",\"name\":\"IMPLURB\",\"description\":\"Prefeitura de Manaus\",\"potentialAction\":[{\"@type\":\"SearchAction\",\"target\":{\"@type\":\"EntryPoint\",\"urlTemplate\":\"https:\/\/www.manaus.am.gov.br\/implurb\/?s={search_term_string}\"},\"query-input\":\"required name=search_term_string\"}],\"inLanguage\":\"pt-BR\"},{\"@type\":\"Person\",\"@id\":\"https:\/\/www.manaus.am.gov.br\/implurb\/#\/schema\/person\/4eea2a8f78dc853097abb026f728aa06\",\"name\":\"Renata Felix\",\"image\":{\"@type\":\"ImageObject\",\"inLanguage\":\"pt-BR\",\"@id\":\"https:\/\/www.manaus.am.gov.br\/implurb\/#\/schema\/person\/image\/\",\"url\":\"https:\/\/secure.gravatar.com\/avatar\/3c196cf9d3b837b24c8edb2c50fd8f29?s=96&d=mm&r=g\",\"contentUrl\":\"https:\/\/secure.gravatar.com\/avatar\/3c196cf9d3b837b24c8edb2c50fd8f29?s=96&d=mm&r=g\",\"caption\":\"Renata Felix\"}}]}<\/script>\n<!-- \/ Yoast SEO plugin. -->","yoast_head_json":{"title":"Prefeitura refor\u00e7a ilumina\u00e7\u00e3o p\u00fablica na Ponta Negra com instala\u00e7\u00e3o de postes com LED no canteiro central - IMPLURB","robots":{"index":"noindex","follow":"follow"},"og_locale":"pt_BR","og_type":"article","og_title":"Prefeitura refor\u00e7a ilumina\u00e7\u00e3o p\u00fablica na Ponta Negra com instala\u00e7\u00e3o de postes com LED no canteiro central - IMPLURB","og_url":"https:\/\/www.manaus.am.gov.br\/implurb\/prefeitura-reforca-iluminacao-publica-na-ponta-negra-com-instalacao-de-postes-com-led-no-canteiro-central\/","og_site_name":"IMPLURB","article_published_time":"2023-07-27T23:46:58+00:00","og_image":[{"width":799,"height":533,"url":"https:\/\/www.manaus.am.gov.br\/implurb\/wp-content\/uploads\/sites\/13\/2023\/07\/53076143814_027533fc5c_c.jpg","type":"image\/jpeg"}],"author":"Renata Felix","twitter_card":"summary_large_image","twitter_misc":{"Written by":"Renata Felix","Est. reading time":"2 minutos"},"schema":{"@context":"https:\/\/schema.org","@graph":[{"@type":"WebPage","@id":"https:\/\/www.manaus.am.gov.br\/implurb\/prefeitura-reforca-iluminacao-publica-na-ponta-negra-com-instalacao-de-postes-com-led-no-canteiro-central\/","url":"https:\/\/www.manaus.am.gov.br\/implurb\/prefeitura-reforca-iluminacao-publica-na-ponta-negra-com-instalacao-de-postes-com-led-no-canteiro-central\/","name":"Prefeitura refor\u00e7a ilumina\u00e7\u00e3o p\u00fablica na Ponta Negra com instala\u00e7\u00e3o de postes com LED no canteiro central - IMPLURB","isPartOf":{"@id":"https:\/\/www.manaus.am.gov.br\/implurb\/#website"},"primaryImageOfPage":{"@id":"https:\/\/www.manaus.am.gov.br\/implurb\/prefeitura-reforca-iluminacao-publica-na-ponta-negra-com-instalacao-de-postes-com-led-no-canteiro-central\/#primaryimage"},"image":{"@id":"https:\/\/www.manaus.am.gov.br\/implurb\/prefeitura-reforca-iluminacao-publica-na-ponta-negra-com-instalacao-de-postes-com-led-no-canteiro-central\/#primaryimage"},"thumbnailUrl":"https:\/\/www.manaus.am.gov.br\/implurb\/wp-content\/uploads\/sites\/13\/2023\/07\/53076143814_027533fc5c_c.jpg","datePublished":"2023-07-27T23:46:58+00:00","dateModified":"2023-07-27T23:46:58+00:00","author":{"@id":"https:\/\/www.manaus.am.gov.br\/implurb\/#\/schema\/person\/4eea2a8f78dc853097abb026f728aa06"},"breadcrumb":{"@id":"https:\/\/www.manaus.am.gov.br\/implurb\/prefeitura-reforca-iluminacao-publica-na-ponta-negra-com-instalacao-de-postes-com-led-no-canteiro-central\/#breadcrumb"},"inLanguage":"pt-BR","potentialAction":[{"@type":"ReadAction","target":["https:\/\/www.manaus.am.gov.br\/implurb\/prefeitura-reforca-iluminacao-publica-na-ponta-negra-com-instalacao-de-postes-com-led-no-canteiro-central\/"]}]},{"@type":"ImageObject","inLanguage":"pt-BR","@id":"https:\/\/www.manaus.am.gov.br\/implurb\/prefeitura-reforca-iluminacao-publica-na-ponta-negra-com-instalacao-de-postes-com-led-no-canteiro-central\/#primaryimage","url":"https:\/\/www.manaus.am.gov.br\/implurb\/wp-content\/uploads\/sites\/13\/2023\/07\/53076143814_027533fc5c_c.jpg","contentUrl":"https:\/\/www.manaus.am.gov.br\/implurb\/wp-content\/uploads\/sites\/13\/2023\/07\/53076143814_027533fc5c_c.jpg","width":799,"height":533},{"@type":"BreadcrumbList","@id":"https:\/\/www.manaus.am.gov.br\/implurb\/prefeitura-reforca-iluminacao-publica-na-ponta-negra-com-instalacao-de-postes-com-led-no-canteiro-central\/#breadcrumb","itemListElement":[{"@type":"ListItem","position":1,"name":"Home","item":"https:\/\/www.manaus.am.gov.br\/implurb\/"},{"@type":"ListItem","position":2,"name":"Prefeitura refor\u00e7a ilumina\u00e7\u00e3o p\u00fablica na Ponta Negra com instala\u00e7\u00e3o de postes com LED no canteiro central"}]},{"@type":"WebSite","@id":"https:\/\/www.manaus.am.gov.br\/implurb\/#website","url":"https:\/\/www.manaus.am.gov.br\/implurb\/","name":"IMPLURB","description":"Prefeitura de Manaus","potentialAction":[{"@type":"SearchAction","target":{"@type":"EntryPoint","urlTemplate":"https:\/\/www.manaus.am.gov.br\/implurb\/?s={search_term_string}"},"query-input":"required name=search_term_string"}],"inLanguage":"pt-BR"},{"@type":"Person","@id":"https:\/\/www.manaus.am.gov.br\/implurb\/#\/schema\/person\/4eea2a8f78dc853097abb026f728aa06","name":"Renata Felix","image":{"@type":"ImageObject","inLanguage":"pt-BR","@id":"https:\/\/www.manaus.am.gov.br\/implurb\/#\/schema\/person\/image\/","url":"https:\/\/secure.gravatar.com\/avatar\/3c196cf9d3b837b24c8edb2c50fd8f29?s=96&d=mm&r=g","contentUrl":"https:\/\/secure.gravatar.com\/avatar\/3c196cf9d3b837b24c8edb2c50fd8f29?s=96&d=mm&r=g","caption":"Renata Felix"}}]}},"_links":{"self":[{"href":"https:\/\/www.manaus.am.gov.br\/implurb\/wp-json\/wp\/v2\/posts\/1821"}],"collection":[{"href":"https:\/\/www.manaus.am.gov.br\/implurb\/wp-json\/wp\/v2\/posts"}],"about":[{"href":"https:\/\/www.manaus.am.gov.br\/implurb\/wp-json\/wp\/v2\/types\/post"}],"author":[{"embeddable":true,"href":"https:\/\/www.manaus.am.gov.br\/implurb\/wp-json\/wp\/v2\/users\/31"}],"replies":[{"embeddable":true,"href":"https:\/\/www.manaus.am.gov.br\/implurb\/wp-json\/wp\/v2\/comments?post=1821"}],"version-history":[{"count":1,"href":"https:\/\/www.manaus.am.gov.br\/implurb\/wp-json\/wp\/v2\/posts\/1821\/revisions"}],"predecessor-version":[{"id":1824,"href":"https:\/\/www.manaus.am.gov.br\/implurb\/wp-json\/wp\/v2\/posts\/1821\/revisions\/1824"}],"wp:featuredmedia":[{"embeddable":true,"href":"https:\/\/www.manaus.am.gov.br\/implurb\/wp-json\/wp\/v2\/media\/1823"}],"wp:attachment":[{"href":"https:\/\/www.manaus.am.gov.br\/implurb\/wp-json\/wp\/v2\/media?parent=1821"}],"wp:term":[{"taxonomy":"category","embeddable":true,"href":"https:\/\/www.manaus.am.gov.br\/implurb\/wp-json\/wp\/v2\/categories?post=1821"},{"taxonomy":"post_tag","embeddable":true,"href":"https:\/\/www.manaus.am.gov.br\/implurb\/wp-json\/wp\/v2\/tags?post=1821"}],"curies":[{"name":"wp","href":"https:\/\/api.w.org\/{rel}","templated":true}]}}